{"id":24927,"date":"2017-11-30T08:51:00","date_gmt":"2017-11-30T07:51:00","guid":{"rendered":"https:\/\/weisetech.dev\/fc-barcelona-noticias\/en\/list-of-summoned-of-valverde-for-the-barcelona-celtic_207147_102\/"},"modified":"2026-04-16T09:33:06","modified_gmt":"2026-04-16T07:33:06","slug":"list-of-summoned-of-valverde-for-the-barcelona-celtic_207147_102","status":"publish","type":"post","link":"https:\/\/www.fcbarcelonanoticias.com\/en\/fc-barcelona\/list-of-summoned-of-valverde-for-the-barcelona-celtic_207147_102.html","title":{"rendered":"List of summoned of Valverde for the Barcelona-Celtic"},"content":{"rendered":"<h2 class=\"wp-block-heading\">The FC Barcelona has given to know the list of summoned of face to the fourteenth day of the League 2017-18 against the Celtic of Vigo in the Camp Nou. These are the footballers that have gone in in the announcement of Ernesto Valverde<\/h2>  \r\n<div class=\"article-addons\">\r\n    <a href=\"https:\/\/www.fcbarcelonanoticias.com\/en\/calendar-fc-barcelona.html\"\r\n       target=\"_self\"\r\n       title=\"Calendar of FC Barcelona\"\r\n       class=\"blue-gredient-btn\">\r\n       \r\n        Calendar of FC Barcelona    <\/a>\r\n<\/div>   <p>The <strong>FC Barcelona&nbsp;<\/strong>will contest <strong>this Saturday 2 December, from the 13:00 hours<\/strong>, the fourteenth day of the League 2017-18<strong> against the Celtic of Vigo in the Camp Nou.<\/strong>&nbsp;The team <strong>of Ernesto Valverde<\/strong> looks for to keep the advantage with <strong>Valencia<\/strong>, that follows to four points of the Barcelona with <a href=\"https:\/\/www.fcbarcelonanoticias.com\/fc-barcelona\/jordi-alba-salva-al-barca-de-un-desproposito-arbitral-en-mestalla_206973_102.html\"><strong>the tie between both in Mestalla.<\/strong><\/a><\/p> <p>The list of lesionados defines in this occasion the descartes,<strong> with Ousmane Demb\u00e9l\u00e9, Rafinha Alc\u00e1ntara, Burn Turan and Javier Mascherano of drop by diverse physical problems. <\/strong>However<strong>, Ernesto Valverde recovers to players like Sergi Roberto or Andr\u00e9 Gomes, <\/strong>entirely healthy of his respective injuries.<\/p> <p>The <strong>big <strong> absent by technical decision<\/strong>, in spite of not being lesionados, are <strong>Gerard Deulofeu and Nelson Semedo.<\/strong> Both are the elected for rotar in the party of the Camp Nou in front of the Celtic of Vigo<\/strong><\/p> <h2><span style=\"font-size: 1.5em;\">Announcement of the Bar\u00e7a in front of the Celtic of Vigo:<\/span><\/h2> <p>Ter Stegen, Cillessen, Hammered, Rakitic, Sergio Busquets, Denis Su\u00e1rez, Iniesta, Luis Su\u00e1rez, Messi, Paulinho, Paco Alc\u00e1cer, Jordi Alba, Digne, Sergi Roberto, Andr\u00e9 Gomes, Aleix Vidal, Umtiti and Vermaelen.<\/p> <p>With <strong><a href=\"https:\/\/www.fcbarcelonanoticias.com\/calendario-fcbarcelona.html\">a calendar more than loaded<\/a>&nbsp;<\/strong>and a list of drops more populated of the normal, Ernesto Valverde will try to present an eleven of guarantees with the aim to <strong>keep a distance of four points with&nbsp;Valencia and of eight with the Real Madrid and the Athletic.<\/strong> Once surpassed a week complicated, the Bar\u00e7a faces important challenges until Navidad.<\/p> <p>Further of which was the alignment title, from &#8216;FCBN&#8217; take advantage of to remember you that <strong>you can buy the entrances for this commitment<\/strong>, as well as for the rest of meetings of the season 2017-2018, <a href=\"https:\/\/www.fcbarcelonanoticias.com\/entradas-fcbarcelona.html\"><strong>through this link<\/strong><\/a>.<\/p> ","protected":false},"excerpt":{"rendered":"<p>The FC Barcelona has given to know the list of summoned of face to the fourteenth day of the League 2017-18 against the Celtic of Vigo in the Camp Nou. These are the footballers that have gone in in the announcement of Ernesto Valverde The FC Barcelona&nbsp;will contest this Saturday 2 December, from the 13:00 [&hellip;]<\/p>\n","protected":false},"author":364,"featured_media":24930,"comment_status":"closed","ping_status":"open","sticky":false,"template":"","format":"standard","meta":{"_acf_changed":false,"inline_featured_image":false,"_nextfly_llmd_date_locked":false,"footnotes":""},"categories":[111],"tags":[71,218,184],"class_list":["post-24927","post","type-post","status-publish","format-standard","has-post-thumbnail","hentry","category-fc-barcelona","tag-celtic-of-vigo","tag-ernesto-valverde","tag-fc-barcelona-squad-lists"],"acf":[],"yoast_head":"<!-- This site is optimized with the Yoast SEO plugin v27.3 - https:\/\/yoast.com\/product\/yoast-seo-wordpress\/ -->\n<title>List of summoned of Valverde for the Barcelona-Celtic<\/title>\n<meta name=\"description\" content=\"The FC Barcelona has given to know the list of summoned of face to the fourteenth day of the League 2017-18 against the Celtic of Vigo in the Camp Nou...\" \/>\n<meta name=\"robots\" content=\"index, follow, max-snippet:-1, max-image-preview:large, max-video-preview:-1\" \/>\n<link rel=\"canonical\" href=\"https:\/\/www.fcbarcelonanoticias.com\/en\/fc-barcelona\/list-of-summoned-of-valverde-for-the-barcelona-celtic_207147_102.html\" \/>\n<meta property=\"og:locale\" content=\"en_US\" \/>\n<meta property=\"og:type\" content=\"article\" \/>\n<meta property=\"og:title\" content=\"List of summoned of Valverde for the Barcelona-Celtic\" \/>\n<meta property=\"og:description\" content=\"The FC Barcelona has given to know the list of summoned of face to the fourteenth day of the League 2017-18 against the Celtic of Vigo in the Camp Nou...\" \/>\n<meta property=\"og:url\" content=\"https:\/\/www.fcbarcelonanoticias.com\/en\/fc-barcelona\/list-of-summoned-of-valverde-for-the-barcelona-celtic_207147_102.html\" \/>\n<meta property=\"og:site_name\" content=\"EN - FC Barcelona Noticias\" \/>\n<meta property=\"article:published_time\" content=\"2017-11-30T07:51:00+00:00\" \/>\n<meta property=\"article:modified_time\" content=\"2026-04-16T07:33:06+00:00\" \/>\n<meta property=\"og:image\" content=\"https:\/\/www.fcbarcelonanoticias.com\/en\/wp-content\/uploads\/sites\/2\/2017\/11\/convocados-235952-1.jpeg\" \/>\n\t<meta property=\"og:image:width\" content=\"760\" \/>\n\t<meta property=\"og:image:height\" content=\"428\" \/>\n\t<meta property=\"og:image:type\" content=\"image\/jpeg\" \/>\n<meta name=\"author\" content=\"Albert Ram\u00edrez\" \/>\n<meta name=\"twitter:card\" content=\"summary_large_image\" \/>\n<meta name=\"twitter:label1\" content=\"Written by\" \/>\n\t<meta name=\"twitter:data1\" content=\"Albert Ram\u00edrez\" \/>\n\t<meta name=\"twitter:label2\" content=\"Est. reading time\" \/>\n\t<meta name=\"twitter:data2\" content=\"2 minutes\" \/>\n<script type=\"application\/ld+json\" class=\"yoast-schema-graph\">{\"@context\":\"https:\\\/\\\/schema.org\",\"@graph\":[{\"@type\":\"Article\",\"@id\":\"https:\\\/\\\/www.fcbarcelonanoticias.com\\\/en\\\/fc-barcelona\\\/list-of-summoned-of-valverde-for-the-barcelona-celtic_207147_102.html#article\",\"isPartOf\":{\"@id\":\"https:\\\/\\\/www.fcbarcelonanoticias.com\\\/en\\\/fc-barcelona\\\/list-of-summoned-of-valverde-for-the-barcelona-celtic_207147_102.html\"},\"author\":{\"name\":\"Albert Ram\u00edrez\",\"@id\":\"https:\\\/\\\/www.fcbarcelonanoticias.com\\\/en\\\/#\\\/schema\\\/person\\\/1d0eb8457abc625a793c7a9f8f67612d\"},\"headline\":\"List of summoned of Valverde for the Barcelona-Celtic\",\"datePublished\":\"2017-11-30T07:51:00+00:00\",\"dateModified\":\"2026-04-16T07:33:06+00:00\",\"mainEntityOfPage\":{\"@id\":\"https:\\\/\\\/www.fcbarcelonanoticias.com\\\/en\\\/fc-barcelona\\\/list-of-summoned-of-valverde-for-the-barcelona-celtic_207147_102.html\"},\"wordCount\":338,\"image\":{\"@id\":\"https:\\\/\\\/www.fcbarcelonanoticias.com\\\/en\\\/fc-barcelona\\\/list-of-summoned-of-valverde-for-the-barcelona-celtic_207147_102.html#primaryimage\"},\"thumbnailUrl\":\"https:\\\/\\\/www.fcbarcelonanoticias.com\\\/en\\\/wp-content\\\/uploads\\\/sites\\\/2\\\/2017\\\/11\\\/convocados-235952-1.jpeg\",\"keywords\":[\"Celtic of Vigo\",\"Ernesto Valverde\",\"FC Barcelona Squad Lists\"],\"articleSection\":[\"FC Barcelona\"],\"inLanguage\":\"en-US\"},{\"@type\":\"WebPage\",\"@id\":\"https:\\\/\\\/www.fcbarcelonanoticias.com\\\/en\\\/fc-barcelona\\\/list-of-summoned-of-valverde-for-the-barcelona-celtic_207147_102.html\",\"url\":\"https:\\\/\\\/www.fcbarcelonanoticias.com\\\/en\\\/fc-barcelona\\\/list-of-summoned-of-valverde-for-the-barcelona-celtic_207147_102.html\",\"name\":\"List of summoned of Valverde for the Barcelona-Celtic\",\"isPartOf\":{\"@id\":\"https:\\\/\\\/www.fcbarcelonanoticias.com\\\/en\\\/#website\"},\"primaryImageOfPage\":{\"@id\":\"https:\\\/\\\/www.fcbarcelonanoticias.com\\\/en\\\/fc-barcelona\\\/list-of-summoned-of-valverde-for-the-barcelona-celtic_207147_102.html#primaryimage\"},\"image\":{\"@id\":\"https:\\\/\\\/www.fcbarcelonanoticias.com\\\/en\\\/fc-barcelona\\\/list-of-summoned-of-valverde-for-the-barcelona-celtic_207147_102.html#primaryimage\"},\"thumbnailUrl\":\"https:\\\/\\\/www.fcbarcelonanoticias.com\\\/en\\\/wp-content\\\/uploads\\\/sites\\\/2\\\/2017\\\/11\\\/convocados-235952-1.jpeg\",\"datePublished\":\"2017-11-30T07:51:00+00:00\",\"dateModified\":\"2026-04-16T07:33:06+00:00\",\"author\":{\"@id\":\"https:\\\/\\\/www.fcbarcelonanoticias.com\\\/en\\\/#\\\/schema\\\/person\\\/1d0eb8457abc625a793c7a9f8f67612d\"},\"description\":\"The FC Barcelona has given to know the list of summoned of face to the fourteenth day of the League 2017-18 against the Celtic of Vigo in the Camp Nou...\",\"breadcrumb\":{\"@id\":\"https:\\\/\\\/www.fcbarcelonanoticias.com\\\/en\\\/fc-barcelona\\\/list-of-summoned-of-valverde-for-the-barcelona-celtic_207147_102.html#breadcrumb\"},\"inLanguage\":\"en-US\",\"potentialAction\":[{\"@type\":\"ReadAction\",\"target\":[\"https:\\\/\\\/www.fcbarcelonanoticias.com\\\/en\\\/fc-barcelona\\\/list-of-summoned-of-valverde-for-the-barcelona-celtic_207147_102.html\"]}]},{\"@type\":\"ImageObject\",\"inLanguage\":\"en-US\",\"@id\":\"https:\\\/\\\/www.fcbarcelonanoticias.com\\\/en\\\/fc-barcelona\\\/list-of-summoned-of-valverde-for-the-barcelona-celtic_207147_102.html#primaryimage\",\"url\":\"https:\\\/\\\/www.fcbarcelonanoticias.com\\\/en\\\/wp-content\\\/uploads\\\/sites\\\/2\\\/2017\\\/11\\\/convocados-235952-1.jpeg\",\"contentUrl\":\"https:\\\/\\\/www.fcbarcelonanoticias.com\\\/en\\\/wp-content\\\/uploads\\\/sites\\\/2\\\/2017\\\/11\\\/convocados-235952-1.jpeg\",\"width\":760,\"height\":428},{\"@type\":\"BreadcrumbList\",\"@id\":\"https:\\\/\\\/www.fcbarcelonanoticias.com\\\/en\\\/fc-barcelona\\\/list-of-summoned-of-valverde-for-the-barcelona-celtic_207147_102.html#breadcrumb\",\"itemListElement\":[{\"@type\":\"ListItem\",\"position\":1,\"name\":\"Portada\",\"item\":\"https:\\\/\\\/www.fcbarcelonanoticias.com\\\/en\\\/\"},{\"@type\":\"ListItem\",\"position\":2,\"name\":\"List of summoned of Valverde for the Barcelona-Celtic\"}]},{\"@type\":\"WebSite\",\"@id\":\"https:\\\/\\\/www.fcbarcelonanoticias.com\\\/en\\\/#website\",\"url\":\"https:\\\/\\\/www.fcbarcelonanoticias.com\\\/en\\\/\",\"name\":\"EN - FC Barcelona Noticias\",\"description\":\"\",\"potentialAction\":[{\"@type\":\"SearchAction\",\"target\":{\"@type\":\"EntryPoint\",\"urlTemplate\":\"https:\\\/\\\/www.fcbarcelonanoticias.com\\\/en\\\/?s={search_term_string}\"},\"query-input\":{\"@type\":\"PropertyValueSpecification\",\"valueRequired\":true,\"valueName\":\"search_term_string\"}}],\"inLanguage\":\"en-US\"},{\"@type\":\"Person\",\"@id\":\"https:\\\/\\\/www.fcbarcelonanoticias.com\\\/en\\\/#\\\/schema\\\/person\\\/1d0eb8457abc625a793c7a9f8f67612d\",\"name\":\"Albert Ram\u00edrez\",\"image\":{\"@type\":\"ImageObject\",\"inLanguage\":\"en-US\",\"@id\":\"https:\\\/\\\/secure.gravatar.com\\\/avatar\\\/?s=96&d=mm&r=g\",\"url\":\"https:\\\/\\\/secure.gravatar.com\\\/avatar\\\/?s=96&d=mm&r=g\",\"contentUrl\":\"https:\\\/\\\/secure.gravatar.com\\\/avatar\\\/?s=96&d=mm&r=g\",\"caption\":\"Albert Ram\u00edrez\"},\"url\":\"https:\\\/\\\/www.fcbarcelonanoticias.com\\\/en\\\/albert-ramirez_5_115.html\"}]}<\/script>\n<!-- \/ Yoast SEO plugin. -->","yoast_head_json":{"title":"List of summoned of Valverde for the Barcelona-Celtic","description":"The FC Barcelona has given to know the list of summoned of face to the fourteenth day of the League 2017-18 against the Celtic of Vigo in the Camp Nou...","robots":{"index":"index","follow":"follow","max-snippet":"max-snippet:-1","max-image-preview":"max-image-preview:large","max-video-preview":"max-video-preview:-1"},"canonical":"https:\/\/www.fcbarcelonanoticias.com\/en\/fc-barcelona\/list-of-summoned-of-valverde-for-the-barcelona-celtic_207147_102.html","og_locale":"en_US","og_type":"article","og_title":"List of summoned of Valverde for the Barcelona-Celtic","og_description":"The FC Barcelona has given to know the list of summoned of face to the fourteenth day of the League 2017-18 against the Celtic of Vigo in the Camp Nou...","og_url":"https:\/\/www.fcbarcelonanoticias.com\/en\/fc-barcelona\/list-of-summoned-of-valverde-for-the-barcelona-celtic_207147_102.html","og_site_name":"EN - FC Barcelona Noticias","article_published_time":"2017-11-30T07:51:00+00:00","article_modified_time":"2026-04-16T07:33:06+00:00","og_image":[{"width":760,"height":428,"url":"https:\/\/www.fcbarcelonanoticias.com\/en\/wp-content\/uploads\/sites\/2\/2017\/11\/convocados-235952-1.jpeg","type":"image\/jpeg"}],"author":"Albert Ram\u00edrez","twitter_card":"summary_large_image","twitter_misc":{"Written by":"Albert Ram\u00edrez","Est. reading time":"2 minutes"},"schema":{"@context":"https:\/\/schema.org","@graph":[{"@type":"Article","@id":"https:\/\/www.fcbarcelonanoticias.com\/en\/fc-barcelona\/list-of-summoned-of-valverde-for-the-barcelona-celtic_207147_102.html#article","isPartOf":{"@id":"https:\/\/www.fcbarcelonanoticias.com\/en\/fc-barcelona\/list-of-summoned-of-valverde-for-the-barcelona-celtic_207147_102.html"},"author":{"name":"Albert Ram\u00edrez","@id":"https:\/\/www.fcbarcelonanoticias.com\/en\/#\/schema\/person\/1d0eb8457abc625a793c7a9f8f67612d"},"headline":"List of summoned of Valverde for the Barcelona-Celtic","datePublished":"2017-11-30T07:51:00+00:00","dateModified":"2026-04-16T07:33:06+00:00","mainEntityOfPage":{"@id":"https:\/\/www.fcbarcelonanoticias.com\/en\/fc-barcelona\/list-of-summoned-of-valverde-for-the-barcelona-celtic_207147_102.html"},"wordCount":338,"image":{"@id":"https:\/\/www.fcbarcelonanoticias.com\/en\/fc-barcelona\/list-of-summoned-of-valverde-for-the-barcelona-celtic_207147_102.html#primaryimage"},"thumbnailUrl":"https:\/\/www.fcbarcelonanoticias.com\/en\/wp-content\/uploads\/sites\/2\/2017\/11\/convocados-235952-1.jpeg","keywords":["Celtic of Vigo","Ernesto Valverde","FC Barcelona Squad Lists"],"articleSection":["FC Barcelona"],"inLanguage":"en-US"},{"@type":"WebPage","@id":"https:\/\/www.fcbarcelonanoticias.com\/en\/fc-barcelona\/list-of-summoned-of-valverde-for-the-barcelona-celtic_207147_102.html","url":"https:\/\/www.fcbarcelonanoticias.com\/en\/fc-barcelona\/list-of-summoned-of-valverde-for-the-barcelona-celtic_207147_102.html","name":"List of summoned of Valverde for the Barcelona-Celtic","isPartOf":{"@id":"https:\/\/www.fcbarcelonanoticias.com\/en\/#website"},"primaryImageOfPage":{"@id":"https:\/\/www.fcbarcelonanoticias.com\/en\/fc-barcelona\/list-of-summoned-of-valverde-for-the-barcelona-celtic_207147_102.html#primaryimage"},"image":{"@id":"https:\/\/www.fcbarcelonanoticias.com\/en\/fc-barcelona\/list-of-summoned-of-valverde-for-the-barcelona-celtic_207147_102.html#primaryimage"},"thumbnailUrl":"https:\/\/www.fcbarcelonanoticias.com\/en\/wp-content\/uploads\/sites\/2\/2017\/11\/convocados-235952-1.jpeg","datePublished":"2017-11-30T07:51:00+00:00","dateModified":"2026-04-16T07:33:06+00:00","author":{"@id":"https:\/\/www.fcbarcelonanoticias.com\/en\/#\/schema\/person\/1d0eb8457abc625a793c7a9f8f67612d"},"description":"The FC Barcelona has given to know the list of summoned of face to the fourteenth day of the League 2017-18 against the Celtic of Vigo in the Camp Nou...","breadcrumb":{"@id":"https:\/\/www.fcbarcelonanoticias.com\/en\/fc-barcelona\/list-of-summoned-of-valverde-for-the-barcelona-celtic_207147_102.html#breadcrumb"},"inLanguage":"en-US","potentialAction":[{"@type":"ReadAction","target":["https:\/\/www.fcbarcelonanoticias.com\/en\/fc-barcelona\/list-of-summoned-of-valverde-for-the-barcelona-celtic_207147_102.html"]}]},{"@type":"ImageObject","inLanguage":"en-US","@id":"https:\/\/www.fcbarcelonanoticias.com\/en\/fc-barcelona\/list-of-summoned-of-valverde-for-the-barcelona-celtic_207147_102.html#primaryimage","url":"https:\/\/www.fcbarcelonanoticias.com\/en\/wp-content\/uploads\/sites\/2\/2017\/11\/convocados-235952-1.jpeg","contentUrl":"https:\/\/www.fcbarcelonanoticias.com\/en\/wp-content\/uploads\/sites\/2\/2017\/11\/convocados-235952-1.jpeg","width":760,"height":428},{"@type":"BreadcrumbList","@id":"https:\/\/www.fcbarcelonanoticias.com\/en\/fc-barcelona\/list-of-summoned-of-valverde-for-the-barcelona-celtic_207147_102.html#breadcrumb","itemListElement":[{"@type":"ListItem","position":1,"name":"Portada","item":"https:\/\/www.fcbarcelonanoticias.com\/en\/"},{"@type":"ListItem","position":2,"name":"List of summoned of Valverde for the Barcelona-Celtic"}]},{"@type":"WebSite","@id":"https:\/\/www.fcbarcelonanoticias.com\/en\/#website","url":"https:\/\/www.fcbarcelonanoticias.com\/en\/","name":"EN - FC Barcelona Noticias","description":"","potentialAction":[{"@type":"SearchAction","target":{"@type":"EntryPoint","urlTemplate":"https:\/\/www.fcbarcelonanoticias.com\/en\/?s={search_term_string}"},"query-input":{"@type":"PropertyValueSpecification","valueRequired":true,"valueName":"search_term_string"}}],"inLanguage":"en-US"},{"@type":"Person","@id":"https:\/\/www.fcbarcelonanoticias.com\/en\/#\/schema\/person\/1d0eb8457abc625a793c7a9f8f67612d","name":"Albert Ram\u00edrez","image":{"@type":"ImageObject","inLanguage":"en-US","@id":"https:\/\/secure.gravatar.com\/avatar\/?s=96&d=mm&r=g","url":"https:\/\/secure.gravatar.com\/avatar\/?s=96&d=mm&r=g","contentUrl":"https:\/\/secure.gravatar.com\/avatar\/?s=96&d=mm&r=g","caption":"Albert Ram\u00edrez"},"url":"https:\/\/www.fcbarcelonanoticias.com\/en\/albert-ramirez_5_115.html"}]}},"_links":{"self":[{"href":"https:\/\/www.fcbarcelonanoticias.com\/en\/wp-json\/wp\/v2\/posts\/24927","targetHints":{"allow":["GET"]}}],"collection":[{"href":"https:\/\/www.fcbarcelonanoticias.com\/en\/wp-json\/wp\/v2\/posts"}],"about":[{"href":"https:\/\/www.fcbarcelonanoticias.com\/en\/wp-json\/wp\/v2\/types\/post"}],"author":[{"embeddable":true,"href":"https:\/\/www.fcbarcelonanoticias.com\/en\/wp-json\/wp\/v2\/users\/364"}],"replies":[{"embeddable":true,"href":"https:\/\/www.fcbarcelonanoticias.com\/en\/wp-json\/wp\/v2\/comments?post=24927"}],"version-history":[{"count":4,"href":"https:\/\/www.fcbarcelonanoticias.com\/en\/wp-json\/wp\/v2\/posts\/24927\/revisions"}],"predecessor-version":[{"id":176429,"href":"https:\/\/www.fcbarcelonanoticias.com\/en\/wp-json\/wp\/v2\/posts\/24927\/revisions\/176429"}],"wp:featuredmedia":[{"embeddable":true,"href":"https:\/\/www.fcbarcelonanoticias.com\/en\/wp-json\/wp\/v2\/media\/24930"}],"wp:attachment":[{"href":"https:\/\/www.fcbarcelonanoticias.com\/en\/wp-json\/wp\/v2\/media?parent=24927"}],"wp:term":[{"taxonomy":"category","embeddable":true,"href":"https:\/\/www.fcbarcelonanoticias.com\/en\/wp-json\/wp\/v2\/categories?post=24927"},{"taxonomy":"post_tag","embeddable":true,"href":"https:\/\/www.fcbarcelonanoticias.com\/en\/wp-json\/wp\/v2\/tags?post=24927"}],"curies":[{"name":"wp","href":"https:\/\/api.w.org\/{rel}","templated":true}]}}