{"id":25154,"date":"2017-09-13T16:22:00","date_gmt":"2017-09-13T14:22:00","guid":{"rendered":"https:\/\/weisetech.dev\/fc-barcelona-noticias\/en\/luis-suarez-needs-to-infect-of-the-rest-of-the-fc-barcelona_204344_102\/"},"modified":"2026-04-16T09:07:48","modified_gmt":"2026-04-16T07:07:48","slug":"luis-suarez-needs-to-infect-of-the-rest-of-the-fc-barcelona_204344_102","status":"publish","type":"post","link":"https:\/\/www.fcbarcelonanoticias.com\/en\/fc-barcelona\/luis-suarez-needs-to-infect-of-the-rest-of-the-fc-barcelona_204344_102.html","title":{"rendered":"Luis Su\u00e1rez needs to infect of the rest of the FC Barcelona"},"content":{"rendered":"<h2 class=\"wp-block-heading\">The Uruguayan forward of the FC Barcelona, Luis Su\u00e1rez, no desenton\u00f3 but neither was to the level of game expected against the Juventus of Tur\u00edn in the Camp Nou, this Tuesday in the premi\u00e8re of the Champions League 2017-18. To the charr\u00faa still is missing him rhythm<\/h2>  \r\n<div class=\"article-addons\">\r\n    <a href=\"https:\/\/www.fcbarcelonanoticias.com\/en\/calendar-fc-barcelona.html\"\r\n       target=\"_self\"\r\n       title=\"Calendar of FC Barcelona\"\r\n       class=\"blue-gredient-btn\">\r\n       \r\n        Calendar of FC Barcelona    <\/a>\r\n<\/div>   <p><strong>The FC Barcelona begins to work little by little like an orchestra<\/strong>, and this past Tuesday one of the few that desenton\u00f3 was Luis Su\u00e1rez. The Uruguayan forward still is not to the best possible level of game after <strong>having  recovered of way &#8216;forced&#8217; of his last injury<\/strong>, and to having played two parties with Uruguay and two more with the group cul\u00e9.<\/p> <p>It will have now of some days to rest that they will come him very well until the Saturday, when <a href=\"https:\/\/www.fcbarcelonanoticias.com\/calendario-fcbarcelona.html\"><strong>the FC Barcelona will measure  to the Getafe in the fourth day<\/strong><\/a>  <a href=\"https:\/\/www.fcbarcelonanoticias.com\/en\/laliga-calendario.html\"><strong>of LaLiga Santander 2017-18<\/strong><\/a>. And it is that <strong>Luis Su\u00e1rez went back to struggle like a jabato by each balloon<\/strong> against the Juventus of Tur\u00edn, but further of the brega that always keeps was not able to combine with tarpaulin with his mates neither to define with precision.<\/p> <p><strong>It marked a goal that was cancelled previously<\/strong> by offside of Jordi Alba, the author of the pass of goal, and had also of some that another occasion like a far shot to unemployed balloon that Gianluigi Buffon achieved to refuse to corner.<\/p> <p>Further of this, however, <strong>saw him  something lost on the lawn of the Camp Nou<\/strong>, and will need to find to himself same in the next commitments for like this contribute with his football to the big moment of collective form that crosses the Barcelona team.<\/p> <h2>Luis Su\u00e1rez, a piece for fitting in the gear<\/h2> <p><strong>Luis Su\u00e1rez already has &#8216;wetted&#8217; this season<\/strong> when marking the last goal to the Espanyol the Saturday, and from here the most likely is that the goals follow falling like crullers for a &#8216;killer&#8217; that lives of the goal and, of course, of the series. With him and Leo Messi enchufados, will be very complicated for the contrary teams stop them, and even more if <strong><a href=\"https:\/\/www.fcbarcelonanoticias.com\/en\/tags\/dembele-567\">Demb\u00e9l\u00e9<\/a>, Deulofeu and company  empe\u00f1an in looking for them<\/strong> at all costs in each played.<\/p> <p>It foresees  that Luis Su\u00e1rez and Messi are headlines next Saturday against the Getafe, as well as a Demb\u00e9l\u00e9 that, after having  premi\u00e8red this Tuesday with the Bar\u00e7a in the eleven headline against the Juventus, <strong>could do it again in the domestic competition<\/strong>. The most important, in definite, is that the smile is returning to the barcelonismo. Now, that do not erase .<\/p> ","protected":false},"excerpt":{"rendered":"<p>The Uruguayan forward of the FC Barcelona, Luis Su\u00e1rez, no desenton\u00f3 but neither was to the level of game expected against the Juventus of Tur\u00edn in the Camp Nou, this Tuesday in the premi\u00e8re of the Champions League 2017-18. To the charr\u00faa still is missing him rhythm The FC Barcelona begins to work little by [&hellip;]<\/p>\n","protected":false},"author":366,"featured_media":25156,"comment_status":"closed","ping_status":"open","sticky":false,"template":"","format":"standard","meta":{"_acf_changed":false,"inline_featured_image":false,"_nextfly_llmd_date_locked":false,"footnotes":""},"categories":[111],"tags":[105,135],"class_list":["post-25154","post","type-post","status-publish","format-standard","has-post-thumbnail","hentry","category-fc-barcelona","tag-juventus","tag-luis-suarez"],"acf":[],"yoast_head":"<!-- This site is optimized with the Yoast SEO plugin v27.3 - https:\/\/yoast.com\/product\/yoast-seo-wordpress\/ -->\n<title>Luis Su\u00e1rez needs to infect of the rest of the FC Barcelona<\/title>\n<meta name=\"description\" content=\"The Uruguayan forward of the FC Barcelona, Luis Su\u00e1rez, no desenton\u00f3 but neither was to the level of game expected against the Juventus of Tur\u00edn in the...\" \/>\n<meta name=\"robots\" content=\"index, follow, max-snippet:-1, max-image-preview:large, max-video-preview:-1\" \/>\n<link rel=\"canonical\" href=\"https:\/\/www.fcbarcelonanoticias.com\/en\/fc-barcelona\/luis-suarez-needs-to-infect-of-the-rest-of-the-fc-barcelona_204344_102.html\" \/>\n<meta property=\"og:locale\" content=\"en_US\" \/>\n<meta property=\"og:type\" content=\"article\" \/>\n<meta property=\"og:title\" content=\"Luis Su\u00e1rez needs to infect of the rest of the FC Barcelona\" \/>\n<meta property=\"og:description\" content=\"The Uruguayan forward of the FC Barcelona, Luis Su\u00e1rez, no desenton\u00f3 but neither was to the level of game expected against the Juventus of Tur\u00edn in the...\" \/>\n<meta property=\"og:url\" content=\"https:\/\/www.fcbarcelonanoticias.com\/en\/fc-barcelona\/luis-suarez-needs-to-infect-of-the-rest-of-the-fc-barcelona_204344_102.html\" \/>\n<meta property=\"og:site_name\" content=\"EN - FC Barcelona Noticias\" \/>\n<meta property=\"article:published_time\" content=\"2017-09-13T14:22:00+00:00\" \/>\n<meta property=\"article:modified_time\" content=\"2026-04-16T07:07:48+00:00\" \/>\n<meta property=\"og:image\" content=\"https:\/\/www.fcbarcelonanoticias.com\/en\/wp-content\/uploads\/sites\/2\/2017\/09\/suarez-227952.jpeg\" \/>\n\t<meta property=\"og:image:width\" content=\"760\" \/>\n\t<meta property=\"og:image:height\" content=\"428\" \/>\n\t<meta property=\"og:image:type\" content=\"image\/jpeg\" \/>\n<meta name=\"author\" content=\"Carlos Dom\u00ednguez\" \/>\n<meta name=\"twitter:card\" content=\"summary_large_image\" \/>\n<meta name=\"twitter:label1\" content=\"Written by\" \/>\n\t<meta name=\"twitter:data1\" content=\"Carlos Dom\u00ednguez\" \/>\n\t<meta name=\"twitter:label2\" content=\"Est. reading time\" \/>\n\t<meta name=\"twitter:data2\" content=\"2 minutes\" \/>\n<script type=\"application\/ld+json\" class=\"yoast-schema-graph\">{\"@context\":\"https:\\\/\\\/schema.org\",\"@graph\":[{\"@type\":\"Article\",\"@id\":\"https:\\\/\\\/www.fcbarcelonanoticias.com\\\/en\\\/fc-barcelona\\\/luis-suarez-needs-to-infect-of-the-rest-of-the-fc-barcelona_204344_102.html#article\",\"isPartOf\":{\"@id\":\"https:\\\/\\\/www.fcbarcelonanoticias.com\\\/en\\\/fc-barcelona\\\/luis-suarez-needs-to-infect-of-the-rest-of-the-fc-barcelona_204344_102.html\"},\"author\":{\"name\":\"Carlos Dom\u00ednguez\",\"@id\":\"https:\\\/\\\/www.fcbarcelonanoticias.com\\\/en\\\/#\\\/schema\\\/person\\\/888e29b17b79c70d1c617d8a7bc9b8c6\"},\"headline\":\"Luis Su\u00e1rez needs to infect of the rest of the FC Barcelona\",\"datePublished\":\"2017-09-13T14:22:00+00:00\",\"dateModified\":\"2026-04-16T07:07:48+00:00\",\"mainEntityOfPage\":{\"@id\":\"https:\\\/\\\/www.fcbarcelonanoticias.com\\\/en\\\/fc-barcelona\\\/luis-suarez-needs-to-infect-of-the-rest-of-the-fc-barcelona_204344_102.html\"},\"wordCount\":458,\"image\":{\"@id\":\"https:\\\/\\\/www.fcbarcelonanoticias.com\\\/en\\\/fc-barcelona\\\/luis-suarez-needs-to-infect-of-the-rest-of-the-fc-barcelona_204344_102.html#primaryimage\"},\"thumbnailUrl\":\"https:\\\/\\\/www.fcbarcelonanoticias.com\\\/en\\\/wp-content\\\/uploads\\\/sites\\\/2\\\/2017\\\/09\\\/suarez-227952.jpeg\",\"keywords\":[\"Juventus\",\"Luis Su\u00e1rez\"],\"articleSection\":[\"FC Barcelona\"],\"inLanguage\":\"en-US\"},{\"@type\":\"WebPage\",\"@id\":\"https:\\\/\\\/www.fcbarcelonanoticias.com\\\/en\\\/fc-barcelona\\\/luis-suarez-needs-to-infect-of-the-rest-of-the-fc-barcelona_204344_102.html\",\"url\":\"https:\\\/\\\/www.fcbarcelonanoticias.com\\\/en\\\/fc-barcelona\\\/luis-suarez-needs-to-infect-of-the-rest-of-the-fc-barcelona_204344_102.html\",\"name\":\"Luis Su\u00e1rez needs to infect of the rest of the FC Barcelona\",\"isPartOf\":{\"@id\":\"https:\\\/\\\/www.fcbarcelonanoticias.com\\\/en\\\/#website\"},\"primaryImageOfPage\":{\"@id\":\"https:\\\/\\\/www.fcbarcelonanoticias.com\\\/en\\\/fc-barcelona\\\/luis-suarez-needs-to-infect-of-the-rest-of-the-fc-barcelona_204344_102.html#primaryimage\"},\"image\":{\"@id\":\"https:\\\/\\\/www.fcbarcelonanoticias.com\\\/en\\\/fc-barcelona\\\/luis-suarez-needs-to-infect-of-the-rest-of-the-fc-barcelona_204344_102.html#primaryimage\"},\"thumbnailUrl\":\"https:\\\/\\\/www.fcbarcelonanoticias.com\\\/en\\\/wp-content\\\/uploads\\\/sites\\\/2\\\/2017\\\/09\\\/suarez-227952.jpeg\",\"datePublished\":\"2017-09-13T14:22:00+00:00\",\"dateModified\":\"2026-04-16T07:07:48+00:00\",\"author\":{\"@id\":\"https:\\\/\\\/www.fcbarcelonanoticias.com\\\/en\\\/#\\\/schema\\\/person\\\/888e29b17b79c70d1c617d8a7bc9b8c6\"},\"description\":\"The Uruguayan forward of the FC Barcelona, Luis Su\u00e1rez, no desenton\u00f3 but neither was to the level of game expected against the Juventus of Tur\u00edn in the...\",\"breadcrumb\":{\"@id\":\"https:\\\/\\\/www.fcbarcelonanoticias.com\\\/en\\\/fc-barcelona\\\/luis-suarez-needs-to-infect-of-the-rest-of-the-fc-barcelona_204344_102.html#breadcrumb\"},\"inLanguage\":\"en-US\",\"potentialAction\":[{\"@type\":\"ReadAction\",\"target\":[\"https:\\\/\\\/www.fcbarcelonanoticias.com\\\/en\\\/fc-barcelona\\\/luis-suarez-needs-to-infect-of-the-rest-of-the-fc-barcelona_204344_102.html\"]}]},{\"@type\":\"ImageObject\",\"inLanguage\":\"en-US\",\"@id\":\"https:\\\/\\\/www.fcbarcelonanoticias.com\\\/en\\\/fc-barcelona\\\/luis-suarez-needs-to-infect-of-the-rest-of-the-fc-barcelona_204344_102.html#primaryimage\",\"url\":\"https:\\\/\\\/www.fcbarcelonanoticias.com\\\/en\\\/wp-content\\\/uploads\\\/sites\\\/2\\\/2017\\\/09\\\/suarez-227952.jpeg\",\"contentUrl\":\"https:\\\/\\\/www.fcbarcelonanoticias.com\\\/en\\\/wp-content\\\/uploads\\\/sites\\\/2\\\/2017\\\/09\\\/suarez-227952.jpeg\",\"width\":760,\"height\":428},{\"@type\":\"BreadcrumbList\",\"@id\":\"https:\\\/\\\/www.fcbarcelonanoticias.com\\\/en\\\/fc-barcelona\\\/luis-suarez-needs-to-infect-of-the-rest-of-the-fc-barcelona_204344_102.html#breadcrumb\",\"itemListElement\":[{\"@type\":\"ListItem\",\"position\":1,\"name\":\"Portada\",\"item\":\"https:\\\/\\\/www.fcbarcelonanoticias.com\\\/en\\\/\"},{\"@type\":\"ListItem\",\"position\":2,\"name\":\"Luis Su\u00e1rez needs to infect of the rest of the FC Barcelona\"}]},{\"@type\":\"WebSite\",\"@id\":\"https:\\\/\\\/www.fcbarcelonanoticias.com\\\/en\\\/#website\",\"url\":\"https:\\\/\\\/www.fcbarcelonanoticias.com\\\/en\\\/\",\"name\":\"EN - FC Barcelona Noticias\",\"description\":\"\",\"potentialAction\":[{\"@type\":\"SearchAction\",\"target\":{\"@type\":\"EntryPoint\",\"urlTemplate\":\"https:\\\/\\\/www.fcbarcelonanoticias.com\\\/en\\\/?s={search_term_string}\"},\"query-input\":{\"@type\":\"PropertyValueSpecification\",\"valueRequired\":true,\"valueName\":\"search_term_string\"}}],\"inLanguage\":\"en-US\"},{\"@type\":\"Person\",\"@id\":\"https:\\\/\\\/www.fcbarcelonanoticias.com\\\/en\\\/#\\\/schema\\\/person\\\/888e29b17b79c70d1c617d8a7bc9b8c6\",\"name\":\"Carlos Dom\u00ednguez\",\"image\":{\"@type\":\"ImageObject\",\"inLanguage\":\"en-US\",\"@id\":\"https:\\\/\\\/secure.gravatar.com\\\/avatar\\\/?s=96&d=mm&r=g\",\"url\":\"https:\\\/\\\/secure.gravatar.com\\\/avatar\\\/?s=96&d=mm&r=g\",\"contentUrl\":\"https:\\\/\\\/secure.gravatar.com\\\/avatar\\\/?s=96&d=mm&r=g\",\"caption\":\"Carlos Dom\u00ednguez\"},\"url\":\"https:\\\/\\\/www.fcbarcelonanoticias.com\\\/en\\\/carlos-dominguez_2_115.html\"}]}<\/script>\n<!-- \/ Yoast SEO plugin. -->","yoast_head_json":{"title":"Luis Su\u00e1rez needs to infect of the rest of the FC Barcelona","description":"The Uruguayan forward of the FC Barcelona, Luis Su\u00e1rez, no desenton\u00f3 but neither was to the level of game expected against the Juventus of Tur\u00edn in the...","robots":{"index":"index","follow":"follow","max-snippet":"max-snippet:-1","max-image-preview":"max-image-preview:large","max-video-preview":"max-video-preview:-1"},"canonical":"https:\/\/www.fcbarcelonanoticias.com\/en\/fc-barcelona\/luis-suarez-needs-to-infect-of-the-rest-of-the-fc-barcelona_204344_102.html","og_locale":"en_US","og_type":"article","og_title":"Luis Su\u00e1rez needs to infect of the rest of the FC Barcelona","og_description":"The Uruguayan forward of the FC Barcelona, Luis Su\u00e1rez, no desenton\u00f3 but neither was to the level of game expected against the Juventus of Tur\u00edn in the...","og_url":"https:\/\/www.fcbarcelonanoticias.com\/en\/fc-barcelona\/luis-suarez-needs-to-infect-of-the-rest-of-the-fc-barcelona_204344_102.html","og_site_name":"EN - FC Barcelona Noticias","article_published_time":"2017-09-13T14:22:00+00:00","article_modified_time":"2026-04-16T07:07:48+00:00","og_image":[{"width":760,"height":428,"url":"https:\/\/www.fcbarcelonanoticias.com\/en\/wp-content\/uploads\/sites\/2\/2017\/09\/suarez-227952.jpeg","type":"image\/jpeg"}],"author":"Carlos Dom\u00ednguez","twitter_card":"summary_large_image","twitter_misc":{"Written by":"Carlos Dom\u00ednguez","Est. reading time":"2 minutes"},"schema":{"@context":"https:\/\/schema.org","@graph":[{"@type":"Article","@id":"https:\/\/www.fcbarcelonanoticias.com\/en\/fc-barcelona\/luis-suarez-needs-to-infect-of-the-rest-of-the-fc-barcelona_204344_102.html#article","isPartOf":{"@id":"https:\/\/www.fcbarcelonanoticias.com\/en\/fc-barcelona\/luis-suarez-needs-to-infect-of-the-rest-of-the-fc-barcelona_204344_102.html"},"author":{"name":"Carlos Dom\u00ednguez","@id":"https:\/\/www.fcbarcelonanoticias.com\/en\/#\/schema\/person\/888e29b17b79c70d1c617d8a7bc9b8c6"},"headline":"Luis Su\u00e1rez needs to infect of the rest of the FC Barcelona","datePublished":"2017-09-13T14:22:00+00:00","dateModified":"2026-04-16T07:07:48+00:00","mainEntityOfPage":{"@id":"https:\/\/www.fcbarcelonanoticias.com\/en\/fc-barcelona\/luis-suarez-needs-to-infect-of-the-rest-of-the-fc-barcelona_204344_102.html"},"wordCount":458,"image":{"@id":"https:\/\/www.fcbarcelonanoticias.com\/en\/fc-barcelona\/luis-suarez-needs-to-infect-of-the-rest-of-the-fc-barcelona_204344_102.html#primaryimage"},"thumbnailUrl":"https:\/\/www.fcbarcelonanoticias.com\/en\/wp-content\/uploads\/sites\/2\/2017\/09\/suarez-227952.jpeg","keywords":["Juventus","Luis Su\u00e1rez"],"articleSection":["FC Barcelona"],"inLanguage":"en-US"},{"@type":"WebPage","@id":"https:\/\/www.fcbarcelonanoticias.com\/en\/fc-barcelona\/luis-suarez-needs-to-infect-of-the-rest-of-the-fc-barcelona_204344_102.html","url":"https:\/\/www.fcbarcelonanoticias.com\/en\/fc-barcelona\/luis-suarez-needs-to-infect-of-the-rest-of-the-fc-barcelona_204344_102.html","name":"Luis Su\u00e1rez needs to infect of the rest of the FC Barcelona","isPartOf":{"@id":"https:\/\/www.fcbarcelonanoticias.com\/en\/#website"},"primaryImageOfPage":{"@id":"https:\/\/www.fcbarcelonanoticias.com\/en\/fc-barcelona\/luis-suarez-needs-to-infect-of-the-rest-of-the-fc-barcelona_204344_102.html#primaryimage"},"image":{"@id":"https:\/\/www.fcbarcelonanoticias.com\/en\/fc-barcelona\/luis-suarez-needs-to-infect-of-the-rest-of-the-fc-barcelona_204344_102.html#primaryimage"},"thumbnailUrl":"https:\/\/www.fcbarcelonanoticias.com\/en\/wp-content\/uploads\/sites\/2\/2017\/09\/suarez-227952.jpeg","datePublished":"2017-09-13T14:22:00+00:00","dateModified":"2026-04-16T07:07:48+00:00","author":{"@id":"https:\/\/www.fcbarcelonanoticias.com\/en\/#\/schema\/person\/888e29b17b79c70d1c617d8a7bc9b8c6"},"description":"The Uruguayan forward of the FC Barcelona, Luis Su\u00e1rez, no desenton\u00f3 but neither was to the level of game expected against the Juventus of Tur\u00edn in the...","breadcrumb":{"@id":"https:\/\/www.fcbarcelonanoticias.com\/en\/fc-barcelona\/luis-suarez-needs-to-infect-of-the-rest-of-the-fc-barcelona_204344_102.html#breadcrumb"},"inLanguage":"en-US","potentialAction":[{"@type":"ReadAction","target":["https:\/\/www.fcbarcelonanoticias.com\/en\/fc-barcelona\/luis-suarez-needs-to-infect-of-the-rest-of-the-fc-barcelona_204344_102.html"]}]},{"@type":"ImageObject","inLanguage":"en-US","@id":"https:\/\/www.fcbarcelonanoticias.com\/en\/fc-barcelona\/luis-suarez-needs-to-infect-of-the-rest-of-the-fc-barcelona_204344_102.html#primaryimage","url":"https:\/\/www.fcbarcelonanoticias.com\/en\/wp-content\/uploads\/sites\/2\/2017\/09\/suarez-227952.jpeg","contentUrl":"https:\/\/www.fcbarcelonanoticias.com\/en\/wp-content\/uploads\/sites\/2\/2017\/09\/suarez-227952.jpeg","width":760,"height":428},{"@type":"BreadcrumbList","@id":"https:\/\/www.fcbarcelonanoticias.com\/en\/fc-barcelona\/luis-suarez-needs-to-infect-of-the-rest-of-the-fc-barcelona_204344_102.html#breadcrumb","itemListElement":[{"@type":"ListItem","position":1,"name":"Portada","item":"https:\/\/www.fcbarcelonanoticias.com\/en\/"},{"@type":"ListItem","position":2,"name":"Luis Su\u00e1rez needs to infect of the rest of the FC Barcelona"}]},{"@type":"WebSite","@id":"https:\/\/www.fcbarcelonanoticias.com\/en\/#website","url":"https:\/\/www.fcbarcelonanoticias.com\/en\/","name":"EN - FC Barcelona Noticias","description":"","potentialAction":[{"@type":"SearchAction","target":{"@type":"EntryPoint","urlTemplate":"https:\/\/www.fcbarcelonanoticias.com\/en\/?s={search_term_string}"},"query-input":{"@type":"PropertyValueSpecification","valueRequired":true,"valueName":"search_term_string"}}],"inLanguage":"en-US"},{"@type":"Person","@id":"https:\/\/www.fcbarcelonanoticias.com\/en\/#\/schema\/person\/888e29b17b79c70d1c617d8a7bc9b8c6","name":"Carlos Dom\u00ednguez","image":{"@type":"ImageObject","inLanguage":"en-US","@id":"https:\/\/secure.gravatar.com\/avatar\/?s=96&d=mm&r=g","url":"https:\/\/secure.gravatar.com\/avatar\/?s=96&d=mm&r=g","contentUrl":"https:\/\/secure.gravatar.com\/avatar\/?s=96&d=mm&r=g","caption":"Carlos Dom\u00ednguez"},"url":"https:\/\/www.fcbarcelonanoticias.com\/en\/carlos-dominguez_2_115.html"}]}},"_links":{"self":[{"href":"https:\/\/www.fcbarcelonanoticias.com\/en\/wp-json\/wp\/v2\/posts\/25154","targetHints":{"allow":["GET"]}}],"collection":[{"href":"https:\/\/www.fcbarcelonanoticias.com\/en\/wp-json\/wp\/v2\/posts"}],"about":[{"href":"https:\/\/www.fcbarcelonanoticias.com\/en\/wp-json\/wp\/v2\/types\/post"}],"author":[{"embeddable":true,"href":"https:\/\/www.fcbarcelonanoticias.com\/en\/wp-json\/wp\/v2\/users\/366"}],"replies":[{"embeddable":true,"href":"https:\/\/www.fcbarcelonanoticias.com\/en\/wp-json\/wp\/v2\/comments?post=25154"}],"version-history":[{"count":2,"href":"https:\/\/www.fcbarcelonanoticias.com\/en\/wp-json\/wp\/v2\/posts\/25154\/revisions"}],"predecessor-version":[{"id":166008,"href":"https:\/\/www.fcbarcelonanoticias.com\/en\/wp-json\/wp\/v2\/posts\/25154\/revisions\/166008"}],"wp:featuredmedia":[{"embeddable":true,"href":"https:\/\/www.fcbarcelonanoticias.com\/en\/wp-json\/wp\/v2\/media\/25156"}],"wp:attachment":[{"href":"https:\/\/www.fcbarcelonanoticias.com\/en\/wp-json\/wp\/v2\/media?parent=25154"}],"wp:term":[{"taxonomy":"category","embeddable":true,"href":"https:\/\/www.fcbarcelonanoticias.com\/en\/wp-json\/wp\/v2\/categories?post=25154"},{"taxonomy":"post_tag","embeddable":true,"href":"https:\/\/www.fcbarcelonanoticias.com\/en\/wp-json\/wp\/v2\/tags?post=25154"}],"curies":[{"name":"wp","href":"https:\/\/api.w.org\/{rel}","templated":true}]}}