{"id":25238,"date":"2021-12-15T09:49:00","date_gmt":"2021-12-15T08:49:00","guid":{"rendered":"https:\/\/weisetech.dev\/fc-barcelona-noticias\/en\/luis-suarez-gets-wet-with-crisis-barcelona-xavi_275957_102\/"},"modified":"2022-01-01T23:05:00","modified_gmt":"2022-01-01T22:05:00","slug":"luis-suarez-gets-wet-with-crisis-barcelona-xavi_275957_102","status":"publish","type":"post","link":"https:\/\/www.fcbarcelonanoticias.com\/en\/fc-barcelona\/luis-suarez-gets-wet-with-crisis-barcelona-xavi_275957_102.html","title":{"rendered":"Luis Su\u00e1rez gets &#8216;wet&#8217; with Xavi&#8217;s Bar\u00e7a crisis"},"content":{"rendered":"<h2 class=\"wp-block-heading\">Luis Su\u00e1rez received the &#8216;AS Sports Award&#8217; for winning the league title with Atl\u00e9tico de Madrid. In addition, the former FC Barcelona took advantage and dedicated a few words to his old team<\/h2>  \r\n<div class=\"article-addons\">\r\n    <a href=\"https:\/\/www.fcbarcelonanoticias.com\/en\/calendar-fc-barcelona.html\"\r\n       target=\"_self\"\r\n       title=\"Calendar of FC Barcelona\"\r\n       class=\"blue-gredient-btn\">\r\n       \r\n        Calendar of FC Barcelona    <\/a>\r\n<\/div>   <p><strong><a data-external=\"0\" data-intl-links-en=\"https:\/\/www.fcbarcelonanoticias.com\/en\/tags\/luis-suarez\" data-intl-links-es=\"https:\/\/www.fcbarcelonanoticias.com\/tags\/luis-suarez\" href=\"https:\/\/www.fcbarcelonanoticias.com\/en\/tags\/luis-suarez.html\" rel=\"follow\" target=\"_self\" title=\"Luis Su\u00e1rez\">Luis Su\u00e1rez<\/a><\/strong> still keeps &#8216;feelings found&#8217; to <strong><a data-external=\"0\" data-intl-links-en=\"https:\/\/www.fcbarcelonanoticias.com\/en\/fc-barcelona\" data-intl-links-es=\"https:\/\/www.fcbarcelonanoticias.com\/fc-barcelona\" href=\"https:\/\/www.fcbarcelonanoticias.com\/en\/football-soccer\/fc-barcelona.html\" rel=\"follow\" target=\"_self\" title=\"FC Barcelona\">the FC Barcelona<\/a><\/strong>. The Uruguayan happened a spectacular period inside the Camp Nou, conquering a lot of titles <strong>and turning into one of the big referents in the forward of the club.<\/strong> It is by this that when speaking on the sportive and economic situation current of the maximum institution of the balompi\u00e9 Catalan, notices him with some penalty and disillusionment.<\/p>  <p>Like this it declared it in the &#8216;prizes ACE&#8217; as the newspaper &#8216;SPORT&#8217;, in where the &#8216;charr\u00faa&#8217; showed clearly disappointed and ensured to not to like him for nothing the crisis by which happens the group blaugrana. <strong>&#8220;Obviously by the affection and by the feelings that have to the club does not like me that it was in this situation&#8221;<\/strong>, affirmed the attacker. &#8216;I struggle&#8217; it comes to achieve the title suspender belt with the rojiblancos and be a key factor for the group of Diego Simeone,<\/p>  <p>However, the &#8216;killer&#8217; thinks that the cul\u00e9s will be able of &#8216;enderezar the ship&#8217; and trusts the work of Xavi Hern\u00e1ndez to create a winning project in Barcelona. <strong>&#8220;I am convinced that the Bar\u00e7a has a trainer qualified to give him the turn to the situation with the quality of the players that has&#8221;<\/strong>, said the &#8216;9&#8217; of the Athletic of Madrid. Su\u00e1rez shared vestidor with Xavi in his first year like Catalan player, in where it would achieve to raise his first Champions.<\/p>  <p><strong>The exit of the Barcelona served him like revulsivo to do a big season, in where it marked 21 goals for the colchoneros.<\/strong> The &#8216;oriental&#8217; arrived to the gala accompanied of his wife, Sofia, and was one of the most requested footballers by all the present media. It received the &#8216;Prize America ACE of the Sport&#8217;, and also formed part of the &#8216;Reward ACE of the Sport&#8217; for achieving the title of league 2020\/21.<\/p>  <h3>The Bar\u00e7a him odd<\/h3>  <p>The grave sportive crisis and economic that faces the Catalan entity has not been more than the consequence of bad decisions. The past management thought that the attacker sudamericano already had fulfilled his cycle inside the institution, and opened the doors of exit. <strong>Nowadays, it is one of the most controversial sentences and that have affected in greater proportion to the attack cul\u00e9.<\/strong> And it will remain showed in the next market of signings, where the Barcelona group will look for to incorporate some player of similar characteristics to the ones of the footballer that left to go.<\/p> ","protected":false},"excerpt":{"rendered":"<p>Luis Su\u00e1rez received the &#8216;AS Sports Award&#8217; for winning the league title with Atl\u00e9tico de Madrid. In addition, the former FC Barcelona took advantage and dedicated a few words to his old team Luis Su\u00e1rez still keeps &#8216;feelings found&#8217; to the FC Barcelona. The Uruguayan happened a spectacular period inside the Camp Nou, conquering a [&hellip;]<\/p>\n","protected":false},"author":373,"featured_media":25239,"comment_status":"closed","ping_status":"open","sticky":false,"template":"","format":"standard","meta":{"_acf_changed":false,"inline_featured_image":false,"_nextfly_llmd_date_locked":false,"footnotes":""},"categories":[111],"tags":[59,135],"class_list":["post-25238","post","type-post","status-publish","format-standard","has-post-thumbnail","hentry","category-fc-barcelona","tag-atletico-de-madrid","tag-luis-suarez"],"acf":[],"yoast_head":"<!-- This site is optimized with the Yoast SEO plugin v27.3 - https:\/\/yoast.com\/product\/yoast-seo-wordpress\/ -->\n<title>Luis Su\u00e1rez gets &#039;wet&#039; with Xavi&#039;s Bar\u00e7a crisis<\/title>\n<meta name=\"description\" content=\"Luis Su\u00e1rez received the &#039;AS Sports Award&#039; for winning the league title with Atl\u00e9tico de Madrid. In addition, the former FC Barcelona took advantage and dedicated a few words to his old team\" \/>\n<meta name=\"robots\" content=\"index, follow, max-snippet:-1, max-image-preview:large, max-video-preview:-1\" \/>\n<link rel=\"canonical\" href=\"https:\/\/www.fcbarcelonanoticias.com\/en\/fc-barcelona\/luis-suarez-gets-wet-with-crisis-barcelona-xavi_275957_102.html\" \/>\n<meta property=\"og:locale\" content=\"en_US\" \/>\n<meta property=\"og:type\" content=\"article\" \/>\n<meta property=\"og:title\" content=\"Luis Su\u00e1rez gets &#039;wet&#039; with Xavi&#039;s Bar\u00e7a crisis\" \/>\n<meta property=\"og:description\" content=\"Luis Su\u00e1rez received the &#039;AS Sports Award&#039; for winning the league title with Atl\u00e9tico de Madrid. In addition, the former FC Barcelona took advantage and dedicated a few words to his old team\" \/>\n<meta property=\"og:url\" content=\"https:\/\/www.fcbarcelonanoticias.com\/en\/fc-barcelona\/luis-suarez-gets-wet-with-crisis-barcelona-xavi_275957_102.html\" \/>\n<meta property=\"og:site_name\" content=\"EN - FC Barcelona Noticias\" \/>\n<meta property=\"article:published_time\" content=\"2021-12-15T08:49:00+00:00\" \/>\n<meta property=\"article:modified_time\" content=\"2022-01-01T22:05:00+00:00\" \/>\n<meta property=\"og:image\" content=\"https:\/\/www.fcbarcelonanoticias.com\/en\/wp-content\/uploads\/sites\/2\/2021\/12\/luis-suarez-sobre-koeman.jpeg\" \/>\n\t<meta property=\"og:image:width\" content=\"1200\" \/>\n\t<meta property=\"og:image:height\" content=\"700\" \/>\n\t<meta property=\"og:image:type\" content=\"image\/jpeg\" \/>\n<meta name=\"author\" content=\"user_4029\" \/>\n<meta name=\"twitter:card\" content=\"summary_large_image\" \/>\n<meta name=\"twitter:label1\" content=\"Written by\" \/>\n\t<meta name=\"twitter:data1\" content=\"user_4029\" \/>\n\t<meta name=\"twitter:label2\" content=\"Est. reading time\" \/>\n\t<meta name=\"twitter:data2\" content=\"2 minutes\" \/>\n<script type=\"application\/ld+json\" class=\"yoast-schema-graph\">{\"@context\":\"https:\\\/\\\/schema.org\",\"@graph\":[{\"@type\":\"Article\",\"@id\":\"https:\\\/\\\/www.fcbarcelonanoticias.com\\\/en\\\/fc-barcelona\\\/luis-suarez-gets-wet-with-crisis-barcelona-xavi_275957_102.html#article\",\"isPartOf\":{\"@id\":\"https:\\\/\\\/www.fcbarcelonanoticias.com\\\/en\\\/fc-barcelona\\\/luis-suarez-gets-wet-with-crisis-barcelona-xavi_275957_102.html\"},\"author\":{\"name\":\"user_4029\",\"@id\":\"https:\\\/\\\/www.fcbarcelonanoticias.com\\\/en\\\/#\\\/schema\\\/person\\\/f97222962be11bcd88654b5590bd661d\"},\"headline\":\"Luis Su\u00e1rez gets &#8216;wet&#8217; with Xavi&#8217;s Bar\u00e7a crisis\",\"datePublished\":\"2021-12-15T08:49:00+00:00\",\"dateModified\":\"2022-01-01T22:05:00+00:00\",\"mainEntityOfPage\":{\"@id\":\"https:\\\/\\\/www.fcbarcelonanoticias.com\\\/en\\\/fc-barcelona\\\/luis-suarez-gets-wet-with-crisis-barcelona-xavi_275957_102.html\"},\"wordCount\":465,\"image\":{\"@id\":\"https:\\\/\\\/www.fcbarcelonanoticias.com\\\/en\\\/fc-barcelona\\\/luis-suarez-gets-wet-with-crisis-barcelona-xavi_275957_102.html#primaryimage\"},\"thumbnailUrl\":\"https:\\\/\\\/www.fcbarcelonanoticias.com\\\/en\\\/wp-content\\\/uploads\\\/sites\\\/2\\\/2021\\\/12\\\/luis-suarez-sobre-koeman.jpeg\",\"keywords\":[\"Atl\u00e9tico de Madrid\",\"Luis Su\u00e1rez\"],\"articleSection\":[\"FC Barcelona\"],\"inLanguage\":\"en-US\"},{\"@type\":\"WebPage\",\"@id\":\"https:\\\/\\\/www.fcbarcelonanoticias.com\\\/en\\\/fc-barcelona\\\/luis-suarez-gets-wet-with-crisis-barcelona-xavi_275957_102.html\",\"url\":\"https:\\\/\\\/www.fcbarcelonanoticias.com\\\/en\\\/fc-barcelona\\\/luis-suarez-gets-wet-with-crisis-barcelona-xavi_275957_102.html\",\"name\":\"Luis Su\u00e1rez gets 'wet' with Xavi's Bar\u00e7a crisis\",\"isPartOf\":{\"@id\":\"https:\\\/\\\/www.fcbarcelonanoticias.com\\\/en\\\/#website\"},\"primaryImageOfPage\":{\"@id\":\"https:\\\/\\\/www.fcbarcelonanoticias.com\\\/en\\\/fc-barcelona\\\/luis-suarez-gets-wet-with-crisis-barcelona-xavi_275957_102.html#primaryimage\"},\"image\":{\"@id\":\"https:\\\/\\\/www.fcbarcelonanoticias.com\\\/en\\\/fc-barcelona\\\/luis-suarez-gets-wet-with-crisis-barcelona-xavi_275957_102.html#primaryimage\"},\"thumbnailUrl\":\"https:\\\/\\\/www.fcbarcelonanoticias.com\\\/en\\\/wp-content\\\/uploads\\\/sites\\\/2\\\/2021\\\/12\\\/luis-suarez-sobre-koeman.jpeg\",\"datePublished\":\"2021-12-15T08:49:00+00:00\",\"dateModified\":\"2022-01-01T22:05:00+00:00\",\"author\":{\"@id\":\"https:\\\/\\\/www.fcbarcelonanoticias.com\\\/en\\\/#\\\/schema\\\/person\\\/f97222962be11bcd88654b5590bd661d\"},\"description\":\"Luis Su\u00e1rez received the 'AS Sports Award' for winning the league title with Atl\u00e9tico de Madrid. In addition, the former FC Barcelona took advantage and dedicated a few words to his old team\",\"breadcrumb\":{\"@id\":\"https:\\\/\\\/www.fcbarcelonanoticias.com\\\/en\\\/fc-barcelona\\\/luis-suarez-gets-wet-with-crisis-barcelona-xavi_275957_102.html#breadcrumb\"},\"inLanguage\":\"en-US\",\"potentialAction\":[{\"@type\":\"ReadAction\",\"target\":[\"https:\\\/\\\/www.fcbarcelonanoticias.com\\\/en\\\/fc-barcelona\\\/luis-suarez-gets-wet-with-crisis-barcelona-xavi_275957_102.html\"]}]},{\"@type\":\"ImageObject\",\"inLanguage\":\"en-US\",\"@id\":\"https:\\\/\\\/www.fcbarcelonanoticias.com\\\/en\\\/fc-barcelona\\\/luis-suarez-gets-wet-with-crisis-barcelona-xavi_275957_102.html#primaryimage\",\"url\":\"https:\\\/\\\/www.fcbarcelonanoticias.com\\\/en\\\/wp-content\\\/uploads\\\/sites\\\/2\\\/2021\\\/12\\\/luis-suarez-sobre-koeman.jpeg\",\"contentUrl\":\"https:\\\/\\\/www.fcbarcelonanoticias.com\\\/en\\\/wp-content\\\/uploads\\\/sites\\\/2\\\/2021\\\/12\\\/luis-suarez-sobre-koeman.jpeg\",\"width\":1200,\"height\":700},{\"@type\":\"BreadcrumbList\",\"@id\":\"https:\\\/\\\/www.fcbarcelonanoticias.com\\\/en\\\/fc-barcelona\\\/luis-suarez-gets-wet-with-crisis-barcelona-xavi_275957_102.html#breadcrumb\",\"itemListElement\":[{\"@type\":\"ListItem\",\"position\":1,\"name\":\"Portada\",\"item\":\"https:\\\/\\\/www.fcbarcelonanoticias.com\\\/en\\\/\"},{\"@type\":\"ListItem\",\"position\":2,\"name\":\"Luis Su\u00e1rez gets &#8216;wet&#8217; with Xavi&#8217;s Bar\u00e7a crisis\"}]},{\"@type\":\"WebSite\",\"@id\":\"https:\\\/\\\/www.fcbarcelonanoticias.com\\\/en\\\/#website\",\"url\":\"https:\\\/\\\/www.fcbarcelonanoticias.com\\\/en\\\/\",\"name\":\"EN - FC Barcelona Noticias\",\"description\":\"\",\"potentialAction\":[{\"@type\":\"SearchAction\",\"target\":{\"@type\":\"EntryPoint\",\"urlTemplate\":\"https:\\\/\\\/www.fcbarcelonanoticias.com\\\/en\\\/?s={search_term_string}\"},\"query-input\":{\"@type\":\"PropertyValueSpecification\",\"valueRequired\":true,\"valueName\":\"search_term_string\"}}],\"inLanguage\":\"en-US\"},{\"@type\":\"Person\",\"@id\":\"https:\\\/\\\/www.fcbarcelonanoticias.com\\\/en\\\/#\\\/schema\\\/person\\\/f97222962be11bcd88654b5590bd661d\",\"name\":\"user_4029\",\"image\":{\"@type\":\"ImageObject\",\"inLanguage\":\"en-US\",\"@id\":\"https:\\\/\\\/secure.gravatar.com\\\/avatar\\\/?s=96&d=mm&r=g\",\"url\":\"https:\\\/\\\/secure.gravatar.com\\\/avatar\\\/?s=96&d=mm&r=g\",\"contentUrl\":\"https:\\\/\\\/secure.gravatar.com\\\/avatar\\\/?s=96&d=mm&r=g\",\"caption\":\"user_4029\"},\"url\":\"https:\\\/\\\/www.fcbarcelonanoticias.com\\\/en\\\/user_4029.html\"}]}<\/script>\n<!-- \/ Yoast SEO plugin. -->","yoast_head_json":{"title":"Luis Su\u00e1rez gets 'wet' with Xavi's Bar\u00e7a crisis","description":"Luis Su\u00e1rez received the 'AS Sports Award' for winning the league title with Atl\u00e9tico de Madrid. In addition, the former FC Barcelona took advantage and dedicated a few words to his old team","robots":{"index":"index","follow":"follow","max-snippet":"max-snippet:-1","max-image-preview":"max-image-preview:large","max-video-preview":"max-video-preview:-1"},"canonical":"https:\/\/www.fcbarcelonanoticias.com\/en\/fc-barcelona\/luis-suarez-gets-wet-with-crisis-barcelona-xavi_275957_102.html","og_locale":"en_US","og_type":"article","og_title":"Luis Su\u00e1rez gets 'wet' with Xavi's Bar\u00e7a crisis","og_description":"Luis Su\u00e1rez received the 'AS Sports Award' for winning the league title with Atl\u00e9tico de Madrid. In addition, the former FC Barcelona took advantage and dedicated a few words to his old team","og_url":"https:\/\/www.fcbarcelonanoticias.com\/en\/fc-barcelona\/luis-suarez-gets-wet-with-crisis-barcelona-xavi_275957_102.html","og_site_name":"EN - FC Barcelona Noticias","article_published_time":"2021-12-15T08:49:00+00:00","article_modified_time":"2022-01-01T22:05:00+00:00","og_image":[{"width":1200,"height":700,"url":"https:\/\/www.fcbarcelonanoticias.com\/en\/wp-content\/uploads\/sites\/2\/2021\/12\/luis-suarez-sobre-koeman.jpeg","type":"image\/jpeg"}],"author":"user_4029","twitter_card":"summary_large_image","twitter_misc":{"Written by":"user_4029","Est. reading time":"2 minutes"},"schema":{"@context":"https:\/\/schema.org","@graph":[{"@type":"Article","@id":"https:\/\/www.fcbarcelonanoticias.com\/en\/fc-barcelona\/luis-suarez-gets-wet-with-crisis-barcelona-xavi_275957_102.html#article","isPartOf":{"@id":"https:\/\/www.fcbarcelonanoticias.com\/en\/fc-barcelona\/luis-suarez-gets-wet-with-crisis-barcelona-xavi_275957_102.html"},"author":{"name":"user_4029","@id":"https:\/\/www.fcbarcelonanoticias.com\/en\/#\/schema\/person\/f97222962be11bcd88654b5590bd661d"},"headline":"Luis Su\u00e1rez gets &#8216;wet&#8217; with Xavi&#8217;s Bar\u00e7a crisis","datePublished":"2021-12-15T08:49:00+00:00","dateModified":"2022-01-01T22:05:00+00:00","mainEntityOfPage":{"@id":"https:\/\/www.fcbarcelonanoticias.com\/en\/fc-barcelona\/luis-suarez-gets-wet-with-crisis-barcelona-xavi_275957_102.html"},"wordCount":465,"image":{"@id":"https:\/\/www.fcbarcelonanoticias.com\/en\/fc-barcelona\/luis-suarez-gets-wet-with-crisis-barcelona-xavi_275957_102.html#primaryimage"},"thumbnailUrl":"https:\/\/www.fcbarcelonanoticias.com\/en\/wp-content\/uploads\/sites\/2\/2021\/12\/luis-suarez-sobre-koeman.jpeg","keywords":["Atl\u00e9tico de Madrid","Luis Su\u00e1rez"],"articleSection":["FC Barcelona"],"inLanguage":"en-US"},{"@type":"WebPage","@id":"https:\/\/www.fcbarcelonanoticias.com\/en\/fc-barcelona\/luis-suarez-gets-wet-with-crisis-barcelona-xavi_275957_102.html","url":"https:\/\/www.fcbarcelonanoticias.com\/en\/fc-barcelona\/luis-suarez-gets-wet-with-crisis-barcelona-xavi_275957_102.html","name":"Luis Su\u00e1rez gets 'wet' with Xavi's Bar\u00e7a crisis","isPartOf":{"@id":"https:\/\/www.fcbarcelonanoticias.com\/en\/#website"},"primaryImageOfPage":{"@id":"https:\/\/www.fcbarcelonanoticias.com\/en\/fc-barcelona\/luis-suarez-gets-wet-with-crisis-barcelona-xavi_275957_102.html#primaryimage"},"image":{"@id":"https:\/\/www.fcbarcelonanoticias.com\/en\/fc-barcelona\/luis-suarez-gets-wet-with-crisis-barcelona-xavi_275957_102.html#primaryimage"},"thumbnailUrl":"https:\/\/www.fcbarcelonanoticias.com\/en\/wp-content\/uploads\/sites\/2\/2021\/12\/luis-suarez-sobre-koeman.jpeg","datePublished":"2021-12-15T08:49:00+00:00","dateModified":"2022-01-01T22:05:00+00:00","author":{"@id":"https:\/\/www.fcbarcelonanoticias.com\/en\/#\/schema\/person\/f97222962be11bcd88654b5590bd661d"},"description":"Luis Su\u00e1rez received the 'AS Sports Award' for winning the league title with Atl\u00e9tico de Madrid. In addition, the former FC Barcelona took advantage and dedicated a few words to his old team","breadcrumb":{"@id":"https:\/\/www.fcbarcelonanoticias.com\/en\/fc-barcelona\/luis-suarez-gets-wet-with-crisis-barcelona-xavi_275957_102.html#breadcrumb"},"inLanguage":"en-US","potentialAction":[{"@type":"ReadAction","target":["https:\/\/www.fcbarcelonanoticias.com\/en\/fc-barcelona\/luis-suarez-gets-wet-with-crisis-barcelona-xavi_275957_102.html"]}]},{"@type":"ImageObject","inLanguage":"en-US","@id":"https:\/\/www.fcbarcelonanoticias.com\/en\/fc-barcelona\/luis-suarez-gets-wet-with-crisis-barcelona-xavi_275957_102.html#primaryimage","url":"https:\/\/www.fcbarcelonanoticias.com\/en\/wp-content\/uploads\/sites\/2\/2021\/12\/luis-suarez-sobre-koeman.jpeg","contentUrl":"https:\/\/www.fcbarcelonanoticias.com\/en\/wp-content\/uploads\/sites\/2\/2021\/12\/luis-suarez-sobre-koeman.jpeg","width":1200,"height":700},{"@type":"BreadcrumbList","@id":"https:\/\/www.fcbarcelonanoticias.com\/en\/fc-barcelona\/luis-suarez-gets-wet-with-crisis-barcelona-xavi_275957_102.html#breadcrumb","itemListElement":[{"@type":"ListItem","position":1,"name":"Portada","item":"https:\/\/www.fcbarcelonanoticias.com\/en\/"},{"@type":"ListItem","position":2,"name":"Luis Su\u00e1rez gets &#8216;wet&#8217; with Xavi&#8217;s Bar\u00e7a crisis"}]},{"@type":"WebSite","@id":"https:\/\/www.fcbarcelonanoticias.com\/en\/#website","url":"https:\/\/www.fcbarcelonanoticias.com\/en\/","name":"EN - FC Barcelona Noticias","description":"","potentialAction":[{"@type":"SearchAction","target":{"@type":"EntryPoint","urlTemplate":"https:\/\/www.fcbarcelonanoticias.com\/en\/?s={search_term_string}"},"query-input":{"@type":"PropertyValueSpecification","valueRequired":true,"valueName":"search_term_string"}}],"inLanguage":"en-US"},{"@type":"Person","@id":"https:\/\/www.fcbarcelonanoticias.com\/en\/#\/schema\/person\/f97222962be11bcd88654b5590bd661d","name":"user_4029","image":{"@type":"ImageObject","inLanguage":"en-US","@id":"https:\/\/secure.gravatar.com\/avatar\/?s=96&d=mm&r=g","url":"https:\/\/secure.gravatar.com\/avatar\/?s=96&d=mm&r=g","contentUrl":"https:\/\/secure.gravatar.com\/avatar\/?s=96&d=mm&r=g","caption":"user_4029"},"url":"https:\/\/www.fcbarcelonanoticias.com\/en\/user_4029.html"}]}},"_links":{"self":[{"href":"https:\/\/www.fcbarcelonanoticias.com\/en\/wp-json\/wp\/v2\/posts\/25238","targetHints":{"allow":["GET"]}}],"collection":[{"href":"https:\/\/www.fcbarcelonanoticias.com\/en\/wp-json\/wp\/v2\/posts"}],"about":[{"href":"https:\/\/www.fcbarcelonanoticias.com\/en\/wp-json\/wp\/v2\/types\/post"}],"author":[{"embeddable":true,"href":"https:\/\/www.fcbarcelonanoticias.com\/en\/wp-json\/wp\/v2\/users\/373"}],"replies":[{"embeddable":true,"href":"https:\/\/www.fcbarcelonanoticias.com\/en\/wp-json\/wp\/v2\/comments?post=25238"}],"version-history":[{"count":1,"href":"https:\/\/www.fcbarcelonanoticias.com\/en\/wp-json\/wp\/v2\/posts\/25238\/revisions"}],"predecessor-version":[{"id":106830,"href":"https:\/\/www.fcbarcelonanoticias.com\/en\/wp-json\/wp\/v2\/posts\/25238\/revisions\/106830"}],"wp:featuredmedia":[{"embeddable":true,"href":"https:\/\/www.fcbarcelonanoticias.com\/en\/wp-json\/wp\/v2\/media\/25239"}],"wp:attachment":[{"href":"https:\/\/www.fcbarcelonanoticias.com\/en\/wp-json\/wp\/v2\/media?parent=25238"}],"wp:term":[{"taxonomy":"category","embeddable":true,"href":"https:\/\/www.fcbarcelonanoticias.com\/en\/wp-json\/wp\/v2\/categories?post=25238"},{"taxonomy":"post_tag","embeddable":true,"href":"https:\/\/www.fcbarcelonanoticias.com\/en\/wp-json\/wp\/v2\/tags?post=25238"}],"curies":[{"name":"wp","href":"https:\/\/api.w.org\/{rel}","templated":true}]}}