{"id":25305,"date":"2022-09-05T19:06:00","date_gmt":"2022-09-05T17:06:00","guid":{"rendered":"https:\/\/weisetech.dev\/fc-barcelona-noticias\/en\/madness-with-the-sales-of-the-first-equipacion-of-the-barca_284015_102\/"},"modified":"2022-09-05T19:17:00","modified_gmt":"2022-09-05T17:17:00","slug":"madness-with-the-sales-of-the-first-equipacion-of-the-barca_284015_102","status":"publish","type":"post","link":"https:\/\/www.fcbarcelonanoticias.com\/en\/fc-barcelona\/madness-with-the-sales-of-the-first-equipacion-of-the-barca_284015_102.html","title":{"rendered":"Madness with the sales of the first Bar\u00e7a kit"},"content":{"rendered":"<h2 class=\"wp-block-heading\">Stocks of the shirt that Bar\u00e7a will wear at home in the 2022-23 season have sold out in its medium and large sizes. Currently only the small versions are available, as well as the second and third kits<\/h2>  \r\n<div class=\"article-addons\">\r\n    <a href=\"https:\/\/www.fcbarcelonanoticias.com\/en\/calendar-fc-barcelona.html\"\r\n       target=\"_self\"\r\n       title=\"Calendar of FC Barcelona\"\r\n       class=\"blue-gredient-btn\">\r\n       \r\n        Calendar of FC Barcelona    <\/a>\r\n<\/div>   <p>The arrival of new signings and the set up of the sportive project of Xavi Hern\u00e1ndez in his first season from the start like trainer of the <a data-external=\"0\" data-intl-links-en=\"https:\/\/www.fcbarcelonanoticias.com\/en\/fc-barcelona\/the-barca-looks-for-to-rescue-his-spotless-mark-in-the-estren_284008_102.html\" data-intl-links-es=\"https:\/\/www.fcbarcelonanoticias.com\/fc-barcelona\/barcelona-busca-rescatar-su-inmaculada-marca-en-estrenos-champions_284008_102.html\" href=\"https:\/\/www.fcbarcelonanoticias.com\/en\/fc-barcelona\/the-barca-looks-for-to-rescue-his-spotless-mark-in-the-estren_284008_102.html\" rel=\"follow\" target=\"_self\" title=\"El Bar\u00e7a busca rescatar su inmaculada marca en los estrenos de Champions\">FC Barcelona<\/a> have woken up the illusion of the fans cul\u00e9s and the interest of the collectors that have done with the Barcelona T-shirts that the club will use along the season 2022-23 in his parties like venue, <strong>to the point to leave practically exhausted the inventory<\/strong>.<\/p>  <p>The first equipaciones, <strong>between which includes the version that use the footballers with a value of 139,99 euros<\/strong>, have sold very quickly, doing that the stock of the official shop of the Spotify Camp Nou, as well as in the rest of establishments authorised have remained without existences. In accordance with &#8216;Sportive World&#8217;, the preparation of the new &#8216;skin&#8217; of the Bar\u00e7a with the support of Nike took place months backwards, having the sufficient time so that the followers have decided to buy them.<\/p>  <p>In such sense, <strong>the directive has initiated the necessary management to replace the inventory and satisfy the high demand that is having the Barcelona T-shirt in the official shops<\/strong>. Of this way, the interested in purchasing one of these pieces could expect between one and two weeks to make his shopping, although the process also could see demorado until October.<\/p>  <h3>The available versions of the T-shirt of the Bar\u00e7a<\/h3>  <p>Although it is not possible in this moment do with the T-shirt that have dressed the new signings of the club, as Robert Lewandowski, Raphinha, Franck Kessi\u00e9, Andreas Christensen or Jules Kound\u00e9 and that soon will premi\u00e8re <a data-external=\"0\" data-intl-links-en=\"https:\/\/www.fcbarcelonanoticias.com\/en\/players\/the-barca-works-in-the-presentations-of-hector-bellerin-and-marcos-alonso_283991_102.html\" data-intl-links-es=\"https:\/\/www.fcbarcelonanoticias.com\/jugadores\/barcelona-trabaja-en-presentaciones-hector-bellerin-marcos-alonso_283991_102.html\" href=\"https:\/\/www.fcbarcelonanoticias.com\/en\/players\/the-barca-works-in-the-presentations-of-hector-bellerin-and-marcos-alonso_283991_102.html\" rel=\"follow\" target=\"_self\" title=\"El Bar\u00e7a trabaja en las presentaciones de H\u00e9ctor Beller\u00edn y Marcos Alonso\">H\u00e9ctor Beller\u00edn and Marcos Alonso<\/a>, <strong>still are available the second equipaci\u00f3n, of golden colour, and the third, grey with the cross of Sant Jordi in his frontal part<\/strong>.<\/p>  <p>Of the first equipaci\u00f3n <strong>only subtract sizes S and XS, to the equal that the childish versions<\/strong>, available in the three designs that will use the Barcelona in the course 2022-23 to a cost of 69,99 euros. The announcements and presentations of new players, the victories of the club and the special events in the Camp Nou, like the Gamper and the friendly in front of the City have shot significantly the sales.<\/p> ","protected":false},"excerpt":{"rendered":"<p>Stocks of the shirt that Bar\u00e7a will wear at home in the 2022-23 season have sold out in its medium and large sizes. Currently only the small versions are available, as well as the second and third kits The arrival of new signings and the set up of the sportive project of Xavi Hern\u00e1ndez in [&hellip;]<\/p>\n","protected":false},"author":378,"featured_media":25306,"comment_status":"closed","ping_status":"open","sticky":false,"template":"","format":"standard","meta":{"_acf_changed":false,"inline_featured_image":false,"_nextfly_llmd_date_locked":false,"footnotes":""},"categories":[111],"tags":[251],"class_list":["post-25305","post","type-post","status-publish","format-standard","has-post-thumbnail","hentry","category-fc-barcelona","tag-t-shirt-fc-barcelona"],"acf":[],"yoast_head":"<!-- This site is optimized with the Yoast SEO plugin v27.3 - https:\/\/yoast.com\/product\/yoast-seo-wordpress\/ -->\n<title>Madness with the sales of the first equipaci\u00f3n of the Bar\u00e7a<\/title>\n<meta name=\"description\" content=\"The existences of the T-shirt that will use the Bar\u00e7a like venue in the season 2022-23 have exhausted in his average and big sizes. At present only it is...\" \/>\n<meta name=\"robots\" content=\"index, follow, max-snippet:-1, max-image-preview:large, max-video-preview:-1\" \/>\n<link rel=\"canonical\" href=\"https:\/\/www.fcbarcelonanoticias.com\/en\/fc-barcelona\/madness-with-the-sales-of-the-first-equipacion-of-the-barca_284015_102.html\" \/>\n<meta property=\"og:locale\" content=\"en_US\" \/>\n<meta property=\"og:type\" content=\"article\" \/>\n<meta property=\"og:title\" content=\"Madness with the sales of the first equipaci\u00f3n of the Bar\u00e7a\" \/>\n<meta property=\"og:description\" content=\"The existences of the T-shirt that will use the Bar\u00e7a like venue in the season 2022-23 have exhausted in his average and big sizes. At present only it is...\" \/>\n<meta property=\"og:url\" content=\"https:\/\/www.fcbarcelonanoticias.com\/en\/fc-barcelona\/madness-with-the-sales-of-the-first-equipacion-of-the-barca_284015_102.html\" \/>\n<meta property=\"og:site_name\" content=\"EN - FC Barcelona Noticias\" \/>\n<meta property=\"article:published_time\" content=\"2022-09-05T17:06:00+00:00\" \/>\n<meta property=\"article:modified_time\" content=\"2022-09-05T17:17:00+00:00\" \/>\n<meta property=\"og:image\" content=\"https:\/\/www.fcbarcelonanoticias.com\/en\/wp-content\/uploads\/sites\/2\/2022\/09\/nueva-camiseta-del-barca.jpeg\" \/>\n\t<meta property=\"og:image:width\" content=\"1300\" \/>\n\t<meta property=\"og:image:height\" content=\"738\" \/>\n\t<meta property=\"og:image:type\" content=\"image\/jpeg\" \/>\n<meta name=\"author\" content=\"user_4034\" \/>\n<meta name=\"twitter:card\" content=\"summary_large_image\" \/>\n<meta name=\"twitter:label1\" content=\"Written by\" \/>\n\t<meta name=\"twitter:data1\" content=\"user_4034\" \/>\n\t<meta name=\"twitter:label2\" content=\"Est. reading time\" \/>\n\t<meta name=\"twitter:data2\" content=\"2 minutes\" \/>\n<script type=\"application\/ld+json\" class=\"yoast-schema-graph\">{\"@context\":\"https:\\\/\\\/schema.org\",\"@graph\":[{\"@type\":\"Article\",\"@id\":\"https:\\\/\\\/www.fcbarcelonanoticias.com\\\/en\\\/fc-barcelona\\\/madness-with-the-sales-of-the-first-equipacion-of-the-barca_284015_102.html#article\",\"isPartOf\":{\"@id\":\"https:\\\/\\\/www.fcbarcelonanoticias.com\\\/en\\\/fc-barcelona\\\/madness-with-the-sales-of-the-first-equipacion-of-the-barca_284015_102.html\"},\"author\":{\"name\":\"user_4034\",\"@id\":\"https:\\\/\\\/www.fcbarcelonanoticias.com\\\/en\\\/#\\\/schema\\\/person\\\/af5ca539abaaa1bd2753d05ef7a706d0\"},\"headline\":\"Madness with the sales of the first Bar\u00e7a kit\",\"datePublished\":\"2022-09-05T17:06:00+00:00\",\"dateModified\":\"2022-09-05T17:17:00+00:00\",\"mainEntityOfPage\":{\"@id\":\"https:\\\/\\\/www.fcbarcelonanoticias.com\\\/en\\\/fc-barcelona\\\/madness-with-the-sales-of-the-first-equipacion-of-the-barca_284015_102.html\"},\"wordCount\":421,\"image\":{\"@id\":\"https:\\\/\\\/www.fcbarcelonanoticias.com\\\/en\\\/fc-barcelona\\\/madness-with-the-sales-of-the-first-equipacion-of-the-barca_284015_102.html#primaryimage\"},\"thumbnailUrl\":\"https:\\\/\\\/www.fcbarcelonanoticias.com\\\/en\\\/wp-content\\\/uploads\\\/sites\\\/2\\\/2022\\\/09\\\/nueva-camiseta-del-barca.jpeg\",\"keywords\":[\"T-shirt FC Barcelona\"],\"articleSection\":[\"FC Barcelona\"],\"inLanguage\":\"en-US\"},{\"@type\":\"WebPage\",\"@id\":\"https:\\\/\\\/www.fcbarcelonanoticias.com\\\/en\\\/fc-barcelona\\\/madness-with-the-sales-of-the-first-equipacion-of-the-barca_284015_102.html\",\"url\":\"https:\\\/\\\/www.fcbarcelonanoticias.com\\\/en\\\/fc-barcelona\\\/madness-with-the-sales-of-the-first-equipacion-of-the-barca_284015_102.html\",\"name\":\"Madness with the sales of the first equipaci\u00f3n of the Bar\u00e7a\",\"isPartOf\":{\"@id\":\"https:\\\/\\\/www.fcbarcelonanoticias.com\\\/en\\\/#website\"},\"primaryImageOfPage\":{\"@id\":\"https:\\\/\\\/www.fcbarcelonanoticias.com\\\/en\\\/fc-barcelona\\\/madness-with-the-sales-of-the-first-equipacion-of-the-barca_284015_102.html#primaryimage\"},\"image\":{\"@id\":\"https:\\\/\\\/www.fcbarcelonanoticias.com\\\/en\\\/fc-barcelona\\\/madness-with-the-sales-of-the-first-equipacion-of-the-barca_284015_102.html#primaryimage\"},\"thumbnailUrl\":\"https:\\\/\\\/www.fcbarcelonanoticias.com\\\/en\\\/wp-content\\\/uploads\\\/sites\\\/2\\\/2022\\\/09\\\/nueva-camiseta-del-barca.jpeg\",\"datePublished\":\"2022-09-05T17:06:00+00:00\",\"dateModified\":\"2022-09-05T17:17:00+00:00\",\"author\":{\"@id\":\"https:\\\/\\\/www.fcbarcelonanoticias.com\\\/en\\\/#\\\/schema\\\/person\\\/af5ca539abaaa1bd2753d05ef7a706d0\"},\"description\":\"The existences of the T-shirt that will use the Bar\u00e7a like venue in the season 2022-23 have exhausted in his average and big sizes. At present only it is...\",\"breadcrumb\":{\"@id\":\"https:\\\/\\\/www.fcbarcelonanoticias.com\\\/en\\\/fc-barcelona\\\/madness-with-the-sales-of-the-first-equipacion-of-the-barca_284015_102.html#breadcrumb\"},\"inLanguage\":\"en-US\",\"potentialAction\":[{\"@type\":\"ReadAction\",\"target\":[\"https:\\\/\\\/www.fcbarcelonanoticias.com\\\/en\\\/fc-barcelona\\\/madness-with-the-sales-of-the-first-equipacion-of-the-barca_284015_102.html\"]}]},{\"@type\":\"ImageObject\",\"inLanguage\":\"en-US\",\"@id\":\"https:\\\/\\\/www.fcbarcelonanoticias.com\\\/en\\\/fc-barcelona\\\/madness-with-the-sales-of-the-first-equipacion-of-the-barca_284015_102.html#primaryimage\",\"url\":\"https:\\\/\\\/www.fcbarcelonanoticias.com\\\/en\\\/wp-content\\\/uploads\\\/sites\\\/2\\\/2022\\\/09\\\/nueva-camiseta-del-barca.jpeg\",\"contentUrl\":\"https:\\\/\\\/www.fcbarcelonanoticias.com\\\/en\\\/wp-content\\\/uploads\\\/sites\\\/2\\\/2022\\\/09\\\/nueva-camiseta-del-barca.jpeg\",\"width\":1300,\"height\":738},{\"@type\":\"BreadcrumbList\",\"@id\":\"https:\\\/\\\/www.fcbarcelonanoticias.com\\\/en\\\/fc-barcelona\\\/madness-with-the-sales-of-the-first-equipacion-of-the-barca_284015_102.html#breadcrumb\",\"itemListElement\":[{\"@type\":\"ListItem\",\"position\":1,\"name\":\"Portada\",\"item\":\"https:\\\/\\\/www.fcbarcelonanoticias.com\\\/en\\\/\"},{\"@type\":\"ListItem\",\"position\":2,\"name\":\"Madness with the sales of the first Bar\u00e7a kit\"}]},{\"@type\":\"WebSite\",\"@id\":\"https:\\\/\\\/www.fcbarcelonanoticias.com\\\/en\\\/#website\",\"url\":\"https:\\\/\\\/www.fcbarcelonanoticias.com\\\/en\\\/\",\"name\":\"EN - FC Barcelona Noticias\",\"description\":\"\",\"potentialAction\":[{\"@type\":\"SearchAction\",\"target\":{\"@type\":\"EntryPoint\",\"urlTemplate\":\"https:\\\/\\\/www.fcbarcelonanoticias.com\\\/en\\\/?s={search_term_string}\"},\"query-input\":{\"@type\":\"PropertyValueSpecification\",\"valueRequired\":true,\"valueName\":\"search_term_string\"}}],\"inLanguage\":\"en-US\"},{\"@type\":\"Person\",\"@id\":\"https:\\\/\\\/www.fcbarcelonanoticias.com\\\/en\\\/#\\\/schema\\\/person\\\/af5ca539abaaa1bd2753d05ef7a706d0\",\"name\":\"user_4034\",\"image\":{\"@type\":\"ImageObject\",\"inLanguage\":\"en-US\",\"@id\":\"https:\\\/\\\/secure.gravatar.com\\\/avatar\\\/?s=96&d=mm&r=g\",\"url\":\"https:\\\/\\\/secure.gravatar.com\\\/avatar\\\/?s=96&d=mm&r=g\",\"contentUrl\":\"https:\\\/\\\/secure.gravatar.com\\\/avatar\\\/?s=96&d=mm&r=g\",\"caption\":\"user_4034\"},\"url\":\"https:\\\/\\\/www.fcbarcelonanoticias.com\\\/en\\\/user_4034.html\"}]}<\/script>\n<!-- \/ Yoast SEO plugin. -->","yoast_head_json":{"title":"Madness with the sales of the first equipaci\u00f3n of the Bar\u00e7a","description":"The existences of the T-shirt that will use the Bar\u00e7a like venue in the season 2022-23 have exhausted in his average and big sizes. At present only it is...","robots":{"index":"index","follow":"follow","max-snippet":"max-snippet:-1","max-image-preview":"max-image-preview:large","max-video-preview":"max-video-preview:-1"},"canonical":"https:\/\/www.fcbarcelonanoticias.com\/en\/fc-barcelona\/madness-with-the-sales-of-the-first-equipacion-of-the-barca_284015_102.html","og_locale":"en_US","og_type":"article","og_title":"Madness with the sales of the first equipaci\u00f3n of the Bar\u00e7a","og_description":"The existences of the T-shirt that will use the Bar\u00e7a like venue in the season 2022-23 have exhausted in his average and big sizes. At present only it is...","og_url":"https:\/\/www.fcbarcelonanoticias.com\/en\/fc-barcelona\/madness-with-the-sales-of-the-first-equipacion-of-the-barca_284015_102.html","og_site_name":"EN - FC Barcelona Noticias","article_published_time":"2022-09-05T17:06:00+00:00","article_modified_time":"2022-09-05T17:17:00+00:00","og_image":[{"width":1300,"height":738,"url":"https:\/\/www.fcbarcelonanoticias.com\/en\/wp-content\/uploads\/sites\/2\/2022\/09\/nueva-camiseta-del-barca.jpeg","type":"image\/jpeg"}],"author":"user_4034","twitter_card":"summary_large_image","twitter_misc":{"Written by":"user_4034","Est. reading time":"2 minutes"},"schema":{"@context":"https:\/\/schema.org","@graph":[{"@type":"Article","@id":"https:\/\/www.fcbarcelonanoticias.com\/en\/fc-barcelona\/madness-with-the-sales-of-the-first-equipacion-of-the-barca_284015_102.html#article","isPartOf":{"@id":"https:\/\/www.fcbarcelonanoticias.com\/en\/fc-barcelona\/madness-with-the-sales-of-the-first-equipacion-of-the-barca_284015_102.html"},"author":{"name":"user_4034","@id":"https:\/\/www.fcbarcelonanoticias.com\/en\/#\/schema\/person\/af5ca539abaaa1bd2753d05ef7a706d0"},"headline":"Madness with the sales of the first Bar\u00e7a kit","datePublished":"2022-09-05T17:06:00+00:00","dateModified":"2022-09-05T17:17:00+00:00","mainEntityOfPage":{"@id":"https:\/\/www.fcbarcelonanoticias.com\/en\/fc-barcelona\/madness-with-the-sales-of-the-first-equipacion-of-the-barca_284015_102.html"},"wordCount":421,"image":{"@id":"https:\/\/www.fcbarcelonanoticias.com\/en\/fc-barcelona\/madness-with-the-sales-of-the-first-equipacion-of-the-barca_284015_102.html#primaryimage"},"thumbnailUrl":"https:\/\/www.fcbarcelonanoticias.com\/en\/wp-content\/uploads\/sites\/2\/2022\/09\/nueva-camiseta-del-barca.jpeg","keywords":["T-shirt FC Barcelona"],"articleSection":["FC Barcelona"],"inLanguage":"en-US"},{"@type":"WebPage","@id":"https:\/\/www.fcbarcelonanoticias.com\/en\/fc-barcelona\/madness-with-the-sales-of-the-first-equipacion-of-the-barca_284015_102.html","url":"https:\/\/www.fcbarcelonanoticias.com\/en\/fc-barcelona\/madness-with-the-sales-of-the-first-equipacion-of-the-barca_284015_102.html","name":"Madness with the sales of the first equipaci\u00f3n of the Bar\u00e7a","isPartOf":{"@id":"https:\/\/www.fcbarcelonanoticias.com\/en\/#website"},"primaryImageOfPage":{"@id":"https:\/\/www.fcbarcelonanoticias.com\/en\/fc-barcelona\/madness-with-the-sales-of-the-first-equipacion-of-the-barca_284015_102.html#primaryimage"},"image":{"@id":"https:\/\/www.fcbarcelonanoticias.com\/en\/fc-barcelona\/madness-with-the-sales-of-the-first-equipacion-of-the-barca_284015_102.html#primaryimage"},"thumbnailUrl":"https:\/\/www.fcbarcelonanoticias.com\/en\/wp-content\/uploads\/sites\/2\/2022\/09\/nueva-camiseta-del-barca.jpeg","datePublished":"2022-09-05T17:06:00+00:00","dateModified":"2022-09-05T17:17:00+00:00","author":{"@id":"https:\/\/www.fcbarcelonanoticias.com\/en\/#\/schema\/person\/af5ca539abaaa1bd2753d05ef7a706d0"},"description":"The existences of the T-shirt that will use the Bar\u00e7a like venue in the season 2022-23 have exhausted in his average and big sizes. At present only it is...","breadcrumb":{"@id":"https:\/\/www.fcbarcelonanoticias.com\/en\/fc-barcelona\/madness-with-the-sales-of-the-first-equipacion-of-the-barca_284015_102.html#breadcrumb"},"inLanguage":"en-US","potentialAction":[{"@type":"ReadAction","target":["https:\/\/www.fcbarcelonanoticias.com\/en\/fc-barcelona\/madness-with-the-sales-of-the-first-equipacion-of-the-barca_284015_102.html"]}]},{"@type":"ImageObject","inLanguage":"en-US","@id":"https:\/\/www.fcbarcelonanoticias.com\/en\/fc-barcelona\/madness-with-the-sales-of-the-first-equipacion-of-the-barca_284015_102.html#primaryimage","url":"https:\/\/www.fcbarcelonanoticias.com\/en\/wp-content\/uploads\/sites\/2\/2022\/09\/nueva-camiseta-del-barca.jpeg","contentUrl":"https:\/\/www.fcbarcelonanoticias.com\/en\/wp-content\/uploads\/sites\/2\/2022\/09\/nueva-camiseta-del-barca.jpeg","width":1300,"height":738},{"@type":"BreadcrumbList","@id":"https:\/\/www.fcbarcelonanoticias.com\/en\/fc-barcelona\/madness-with-the-sales-of-the-first-equipacion-of-the-barca_284015_102.html#breadcrumb","itemListElement":[{"@type":"ListItem","position":1,"name":"Portada","item":"https:\/\/www.fcbarcelonanoticias.com\/en\/"},{"@type":"ListItem","position":2,"name":"Madness with the sales of the first Bar\u00e7a kit"}]},{"@type":"WebSite","@id":"https:\/\/www.fcbarcelonanoticias.com\/en\/#website","url":"https:\/\/www.fcbarcelonanoticias.com\/en\/","name":"EN - FC Barcelona Noticias","description":"","potentialAction":[{"@type":"SearchAction","target":{"@type":"EntryPoint","urlTemplate":"https:\/\/www.fcbarcelonanoticias.com\/en\/?s={search_term_string}"},"query-input":{"@type":"PropertyValueSpecification","valueRequired":true,"valueName":"search_term_string"}}],"inLanguage":"en-US"},{"@type":"Person","@id":"https:\/\/www.fcbarcelonanoticias.com\/en\/#\/schema\/person\/af5ca539abaaa1bd2753d05ef7a706d0","name":"user_4034","image":{"@type":"ImageObject","inLanguage":"en-US","@id":"https:\/\/secure.gravatar.com\/avatar\/?s=96&d=mm&r=g","url":"https:\/\/secure.gravatar.com\/avatar\/?s=96&d=mm&r=g","contentUrl":"https:\/\/secure.gravatar.com\/avatar\/?s=96&d=mm&r=g","caption":"user_4034"},"url":"https:\/\/www.fcbarcelonanoticias.com\/en\/user_4034.html"}]}},"_links":{"self":[{"href":"https:\/\/www.fcbarcelonanoticias.com\/en\/wp-json\/wp\/v2\/posts\/25305","targetHints":{"allow":["GET"]}}],"collection":[{"href":"https:\/\/www.fcbarcelonanoticias.com\/en\/wp-json\/wp\/v2\/posts"}],"about":[{"href":"https:\/\/www.fcbarcelonanoticias.com\/en\/wp-json\/wp\/v2\/types\/post"}],"author":[{"embeddable":true,"href":"https:\/\/www.fcbarcelonanoticias.com\/en\/wp-json\/wp\/v2\/users\/378"}],"replies":[{"embeddable":true,"href":"https:\/\/www.fcbarcelonanoticias.com\/en\/wp-json\/wp\/v2\/comments?post=25305"}],"version-history":[{"count":1,"href":"https:\/\/www.fcbarcelonanoticias.com\/en\/wp-json\/wp\/v2\/posts\/25305\/revisions"}],"predecessor-version":[{"id":106929,"href":"https:\/\/www.fcbarcelonanoticias.com\/en\/wp-json\/wp\/v2\/posts\/25305\/revisions\/106929"}],"wp:featuredmedia":[{"embeddable":true,"href":"https:\/\/www.fcbarcelonanoticias.com\/en\/wp-json\/wp\/v2\/media\/25306"}],"wp:attachment":[{"href":"https:\/\/www.fcbarcelonanoticias.com\/en\/wp-json\/wp\/v2\/media?parent=25305"}],"wp:term":[{"taxonomy":"category","embeddable":true,"href":"https:\/\/www.fcbarcelonanoticias.com\/en\/wp-json\/wp\/v2\/categories?post=25305"},{"taxonomy":"post_tag","embeddable":true,"href":"https:\/\/www.fcbarcelonanoticias.com\/en\/wp-json\/wp\/v2\/tags?post=25305"}],"curies":[{"name":"wp","href":"https:\/\/api.w.org\/{rel}","templated":true}]}}