{"id":25323,"date":"2023-12-31T08:41:00","date_gmt":"2023-12-31T07:41:00","guid":{"rendered":"https:\/\/weisetech.dev\/fc-barcelona-noticias\/en\/mandatory-mission-pedri-cara-2024_299501_102\/"},"modified":"2023-12-31T08:41:00","modified_gmt":"2023-12-31T07:41:00","slug":"mandatory-mission-pedri-cara-2024_299501_102","status":"publish","type":"post","link":"https:\/\/www.fcbarcelonanoticias.com\/en\/fc-barcelona\/mandatory-mission-pedri-cara-2024_299501_102.html","title":{"rendered":"Pedri&#8217;s mandatory mission for 2024"},"content":{"rendered":"<h2 class=\"wp-block-heading\">Pedri faces a transcendental year for his future at FC Barcelona in 2024. The one from Tegueste will start the month of January injured and, yes or yes, he must put an end to the physical problems that have reduced his performance in 2022 and 2023<\/h2>  \r\n<div class=\"article-addons\">\r\n    <a href=\"https:\/\/www.fcbarcelonanoticias.com\/en\/calendar-fc-barcelona.html\"\r\n       target=\"_self\"\r\n       title=\"Calendar of FC Barcelona\"\r\n       class=\"blue-gredient-btn\">\r\n       \r\n        Calendar of FC Barcelona    <\/a>\r\n<\/div>   <p>The 2024 no only will be a transcendental year for the future of the sportive project that lead Joan Laporta and Xavi Hern\u00e1ndez in the FC Barcelona. Also it will be it for Pedri, <strong>one of the footballers by those who the club has done a put important on a long-term basis when considering him one of his referents<\/strong>, but to <a data-external=\"0\" data-intl-links-en=\"https:\/\/www.fcbarcelonanoticias.com\/en\/players\/xavi-hernandez-still-no-podra-have-pedri-and-inigo-martinez_299462_102.html\" data-intl-links-es=\"https:\/\/www.fcbarcelonanoticias.com\/jugadores\/xavi-hernandez-todavia-no-podra-contar-con-pedri-inigo-martinez_299462_102.html\" href=\"https:\/\/www.fcbarcelonanoticias.com\/en\/players\/xavi-hernandez-still-no-podra-have-pedri-and-inigo-martinez_299462_102.html\" rel=\"follow\" target=\"_self\" title=\"Xavi Hern\u00e1ndez todav\u00eda no podra contar con Pedri e I\u00f1igo Mart\u00ednez\">the one who the injuries have pursued him<\/a> during the last two years, preventing him have continuity.<\/p>  <p>From September of 2021, the year in which it played it everything with the Bar\u00e7a and Spain (Eurocopa, Olympic games), the one of Tegueste great seven muscular injuries, five of them in the back of the right thigh, specifically in the sinew of the corva. <strong>In total, the Canarian has lost 67 parties by muscular problems in the two last years<\/strong>, contesting only the 65 % of the official parties with the Bar\u00e7a from his debut in 2020.<\/p>  <h2>Pedri Needs to recover the regularity to surrender to tope<\/h2>  <p>In spite of his constant relapses, <strong>the &#8216;8&#8217; great 21 goals and 16 assistances in 157 apparitions with the cul\u00e9s<\/strong>, good numbers, but underneath of the average that a player with so much quality can achieve. This yes, when it attains to be to tope, the footballer marks difference and there is little to reproach him. This season, however, Pedri only has seen action in 11 parties, losing a dozen of meetings from August until November with the ones of Xavi Hern\u00e1ndez.<\/p>  <p><strong>In the 2022\/23 also was in the dry dam two months<\/strong>, from mediated of February until mediated of April, ausent\u00e1ndose in 11 key duels for a Bar\u00e7a that only could remain with LaLiga after a disappointing final stretch of season that included painful eliminations in the Europe League and the Glass of Rey. With Pedri available and to tope physically, the cul\u00e9s surely would have had better luck in both tournaments.<\/p>  <p>In this sense, the Canarian knows better that anybody that, to go back to his best level, needs to accumulate shooting without interruptions in the infirmary.<strong> From September of 2021, the mediocentro has not been able to chain more than three months followed of competition without injuries with the Bar\u00e7a<\/strong>, a very alarming data for a so young player (21 years). With the precedent of Ansu Fati, the &#8216;8&#8217; has very clear that, to continue his ordeal of injuries, hardly will be able to make history as Barcelona.<\/p>  <h2>The Bar\u00e7a does not want to commit errors with Pedri<\/h2>  <p>Knowingly of the continuous relapses of the Canarian, the Bar\u00e7a will do the possible for giving him rest until it recover to the 100 %, by which <a data-external=\"0\" data-intl-links-en=\"https:\/\/www.fcbarcelonanoticias.com\/en\/supercopa-of-spain\/the-barca-resist-to-descartar-to-pedri-for-the-supercopa-of-spain_299494_102.html\" data-intl-links-es=\"https:\/\/www.fcbarcelonanoticias.com\/supercopa-de-espana\/barca-se-resiste-descartar-pedri-supercopa-espana_299494_102.html\" href=\"https:\/\/www.fcbarcelonanoticias.com\/en\/supercopa-of-spain\/the-barca-resist-to-descartar-to-pedri-for-the-supercopa-of-spain_299494_102.html\" rel=\"follow\" target=\"_self\" title=\"El Bar\u00e7a se 'resiste' a descartar a Pedri para la Supercopa de Espa\u00f1a\">will not try force his return for the Supercopa Spanish<\/a>. <strong>If it is well, Pedri will travel to Riad and will be of the game for the semifinals in front of the Osasuna or a hypothetical final<\/strong>. Of the contrary, the footballer will follow resting until having the high medical. The own sucedi\u00f3 in the initial stretch of the season, when his turn was foreseen for mediated of October and finally was necessary to expect until November for his return.<\/p> ","protected":false},"excerpt":{"rendered":"<p>Pedri faces a transcendental year for his future at FC Barcelona in 2024. The one from Tegueste will start the month of January injured and, yes or yes, he must put an end to the physical problems that have reduced his performance in 2022 and 2023 The 2024 no only will be a transcendental year [&hellip;]<\/p>\n","protected":false},"author":347,"featured_media":25324,"comment_status":"closed","ping_status":"open","sticky":false,"template":"","format":"standard","meta":{"_acf_changed":false,"inline_featured_image":false,"_nextfly_llmd_date_locked":false,"footnotes":""},"categories":[111],"tags":[],"class_list":["post-25323","post","type-post","status-publish","format-standard","has-post-thumbnail","hentry","category-fc-barcelona"],"acf":[],"yoast_head":"<!-- This site is optimized with the Yoast SEO plugin v27.3 - https:\/\/yoast.com\/product\/yoast-seo-wordpress\/ -->\n<title>Pedri&#039;s mandatory mission for 2024<\/title>\n<meta name=\"description\" content=\"Pedri faces a transcendental year for his future at FC Barcelona in 2024. The one from Tegueste will start the month of January injured and, yes or yes, he must put an end to the physical problems that have reduced his performance in 2022 and 2023\" \/>\n<meta name=\"robots\" content=\"index, follow, max-snippet:-1, max-image-preview:large, max-video-preview:-1\" \/>\n<link rel=\"canonical\" href=\"https:\/\/www.fcbarcelonanoticias.com\/en\/fc-barcelona\/mandatory-mission-pedri-cara-2024_299501_102.html\" \/>\n<meta property=\"og:locale\" content=\"en_US\" \/>\n<meta property=\"og:type\" content=\"article\" \/>\n<meta property=\"og:title\" content=\"Pedri&#039;s mandatory mission for 2024\" \/>\n<meta property=\"og:description\" content=\"Pedri faces a transcendental year for his future at FC Barcelona in 2024. The one from Tegueste will start the month of January injured and, yes or yes, he must put an end to the physical problems that have reduced his performance in 2022 and 2023\" \/>\n<meta property=\"og:url\" content=\"https:\/\/www.fcbarcelonanoticias.com\/en\/fc-barcelona\/mandatory-mission-pedri-cara-2024_299501_102.html\" \/>\n<meta property=\"og:site_name\" content=\"EN - FC Barcelona Noticias\" \/>\n<meta property=\"article:published_time\" content=\"2023-12-31T07:41:00+00:00\" \/>\n<meta property=\"og:image\" content=\"https:\/\/www.fcbarcelonanoticias.com\/en\/wp-content\/uploads\/sites\/2\/2023\/12\/pedri-y-ronald-araujo-en-la-previa-del-duelo-entre-el-rayo-vallecano-y-el-barca-en-laliga.png\" \/>\n\t<meta property=\"og:image:width\" content=\"1300\" \/>\n\t<meta property=\"og:image:height\" content=\"732\" \/>\n\t<meta property=\"og:image:type\" content=\"image\/png\" \/>\n<meta name=\"author\" content=\"Andr\u00e9s Quiroz\" \/>\n<meta name=\"twitter:card\" content=\"summary_large_image\" \/>\n<meta name=\"twitter:label1\" content=\"Written by\" \/>\n\t<meta name=\"twitter:data1\" content=\"Andr\u00e9s Quiroz\" \/>\n\t<meta name=\"twitter:label2\" content=\"Est. reading time\" \/>\n\t<meta name=\"twitter:data2\" content=\"3 minutes\" \/>\n<script type=\"application\/ld+json\" class=\"yoast-schema-graph\">{\"@context\":\"https:\\\/\\\/schema.org\",\"@graph\":[{\"@type\":\"Article\",\"@id\":\"https:\\\/\\\/www.fcbarcelonanoticias.com\\\/en\\\/fc-barcelona\\\/mandatory-mission-pedri-cara-2024_299501_102.html#article\",\"isPartOf\":{\"@id\":\"https:\\\/\\\/www.fcbarcelonanoticias.com\\\/en\\\/fc-barcelona\\\/mandatory-mission-pedri-cara-2024_299501_102.html\"},\"author\":{\"name\":\"Andr\u00e9s Quiroz\",\"@id\":\"https:\\\/\\\/www.fcbarcelonanoticias.com\\\/en\\\/#\\\/schema\\\/person\\\/c2cd9f6fa1af5c0d0eccd0fefa575c88\"},\"headline\":\"Pedri&#8217;s mandatory mission for 2024\",\"datePublished\":\"2023-12-31T07:41:00+00:00\",\"mainEntityOfPage\":{\"@id\":\"https:\\\/\\\/www.fcbarcelonanoticias.com\\\/en\\\/fc-barcelona\\\/mandatory-mission-pedri-cara-2024_299501_102.html\"},\"wordCount\":565,\"image\":{\"@id\":\"https:\\\/\\\/www.fcbarcelonanoticias.com\\\/en\\\/fc-barcelona\\\/mandatory-mission-pedri-cara-2024_299501_102.html#primaryimage\"},\"thumbnailUrl\":\"https:\\\/\\\/www.fcbarcelonanoticias.com\\\/en\\\/wp-content\\\/uploads\\\/sites\\\/2\\\/2023\\\/12\\\/pedri-y-ronald-araujo-en-la-previa-del-duelo-entre-el-rayo-vallecano-y-el-barca-en-laliga.png\",\"articleSection\":[\"FC Barcelona\"],\"inLanguage\":\"en-US\"},{\"@type\":\"WebPage\",\"@id\":\"https:\\\/\\\/www.fcbarcelonanoticias.com\\\/en\\\/fc-barcelona\\\/mandatory-mission-pedri-cara-2024_299501_102.html\",\"url\":\"https:\\\/\\\/www.fcbarcelonanoticias.com\\\/en\\\/fc-barcelona\\\/mandatory-mission-pedri-cara-2024_299501_102.html\",\"name\":\"Pedri's mandatory mission for 2024\",\"isPartOf\":{\"@id\":\"https:\\\/\\\/www.fcbarcelonanoticias.com\\\/en\\\/#website\"},\"primaryImageOfPage\":{\"@id\":\"https:\\\/\\\/www.fcbarcelonanoticias.com\\\/en\\\/fc-barcelona\\\/mandatory-mission-pedri-cara-2024_299501_102.html#primaryimage\"},\"image\":{\"@id\":\"https:\\\/\\\/www.fcbarcelonanoticias.com\\\/en\\\/fc-barcelona\\\/mandatory-mission-pedri-cara-2024_299501_102.html#primaryimage\"},\"thumbnailUrl\":\"https:\\\/\\\/www.fcbarcelonanoticias.com\\\/en\\\/wp-content\\\/uploads\\\/sites\\\/2\\\/2023\\\/12\\\/pedri-y-ronald-araujo-en-la-previa-del-duelo-entre-el-rayo-vallecano-y-el-barca-en-laliga.png\",\"datePublished\":\"2023-12-31T07:41:00+00:00\",\"author\":{\"@id\":\"https:\\\/\\\/www.fcbarcelonanoticias.com\\\/en\\\/#\\\/schema\\\/person\\\/c2cd9f6fa1af5c0d0eccd0fefa575c88\"},\"description\":\"Pedri faces a transcendental year for his future at FC Barcelona in 2024. The one from Tegueste will start the month of January injured and, yes or yes, he must put an end to the physical problems that have reduced his performance in 2022 and 2023\",\"breadcrumb\":{\"@id\":\"https:\\\/\\\/www.fcbarcelonanoticias.com\\\/en\\\/fc-barcelona\\\/mandatory-mission-pedri-cara-2024_299501_102.html#breadcrumb\"},\"inLanguage\":\"en-US\",\"potentialAction\":[{\"@type\":\"ReadAction\",\"target\":[\"https:\\\/\\\/www.fcbarcelonanoticias.com\\\/en\\\/fc-barcelona\\\/mandatory-mission-pedri-cara-2024_299501_102.html\"]}]},{\"@type\":\"ImageObject\",\"inLanguage\":\"en-US\",\"@id\":\"https:\\\/\\\/www.fcbarcelonanoticias.com\\\/en\\\/fc-barcelona\\\/mandatory-mission-pedri-cara-2024_299501_102.html#primaryimage\",\"url\":\"https:\\\/\\\/www.fcbarcelonanoticias.com\\\/en\\\/wp-content\\\/uploads\\\/sites\\\/2\\\/2023\\\/12\\\/pedri-y-ronald-araujo-en-la-previa-del-duelo-entre-el-rayo-vallecano-y-el-barca-en-laliga.png\",\"contentUrl\":\"https:\\\/\\\/www.fcbarcelonanoticias.com\\\/en\\\/wp-content\\\/uploads\\\/sites\\\/2\\\/2023\\\/12\\\/pedri-y-ronald-araujo-en-la-previa-del-duelo-entre-el-rayo-vallecano-y-el-barca-en-laliga.png\",\"width\":1300,\"height\":732},{\"@type\":\"BreadcrumbList\",\"@id\":\"https:\\\/\\\/www.fcbarcelonanoticias.com\\\/en\\\/fc-barcelona\\\/mandatory-mission-pedri-cara-2024_299501_102.html#breadcrumb\",\"itemListElement\":[{\"@type\":\"ListItem\",\"position\":1,\"name\":\"Portada\",\"item\":\"https:\\\/\\\/www.fcbarcelonanoticias.com\\\/en\\\/\"},{\"@type\":\"ListItem\",\"position\":2,\"name\":\"Pedri&#8217;s mandatory mission for 2024\"}]},{\"@type\":\"WebSite\",\"@id\":\"https:\\\/\\\/www.fcbarcelonanoticias.com\\\/en\\\/#website\",\"url\":\"https:\\\/\\\/www.fcbarcelonanoticias.com\\\/en\\\/\",\"name\":\"EN - FC Barcelona Noticias\",\"description\":\"\",\"potentialAction\":[{\"@type\":\"SearchAction\",\"target\":{\"@type\":\"EntryPoint\",\"urlTemplate\":\"https:\\\/\\\/www.fcbarcelonanoticias.com\\\/en\\\/?s={search_term_string}\"},\"query-input\":{\"@type\":\"PropertyValueSpecification\",\"valueRequired\":true,\"valueName\":\"search_term_string\"}}],\"inLanguage\":\"en-US\"},{\"@type\":\"Person\",\"@id\":\"https:\\\/\\\/www.fcbarcelonanoticias.com\\\/en\\\/#\\\/schema\\\/person\\\/c2cd9f6fa1af5c0d0eccd0fefa575c88\",\"name\":\"Andr\u00e9s Quiroz\",\"image\":{\"@type\":\"ImageObject\",\"inLanguage\":\"en-US\",\"@id\":\"https:\\\/\\\/secure.gravatar.com\\\/avatar\\\/?s=96&d=mm&r=g\",\"url\":\"https:\\\/\\\/secure.gravatar.com\\\/avatar\\\/?s=96&d=mm&r=g\",\"contentUrl\":\"https:\\\/\\\/secure.gravatar.com\\\/avatar\\\/?s=96&d=mm&r=g\",\"caption\":\"Andr\u00e9s Quiroz\"},\"description\":\"Licenciado en Periodismo por la Universidad de los Andes. Me encargo de analizar y compartir los contenidos m\u00e1s destacados de la\u00a0actualidad del F\u00fatbol Club Barcelona, Mercado de Fichajes y F\u00fatbol Internacional en FCBN. La informaci\u00f3n es poder, pero tambi\u00e9n conocimiento.\",\"url\":\"https:\\\/\\\/www.fcbarcelonanoticias.com\\\/en\\\/fc-barcelona\\\/andres-quiroz_17_115.html\"}]}<\/script>\n<!-- \/ Yoast SEO plugin. -->","yoast_head_json":{"title":"Pedri's mandatory mission for 2024","description":"Pedri faces a transcendental year for his future at FC Barcelona in 2024. The one from Tegueste will start the month of January injured and, yes or yes, he must put an end to the physical problems that have reduced his performance in 2022 and 2023","robots":{"index":"index","follow":"follow","max-snippet":"max-snippet:-1","max-image-preview":"max-image-preview:large","max-video-preview":"max-video-preview:-1"},"canonical":"https:\/\/www.fcbarcelonanoticias.com\/en\/fc-barcelona\/mandatory-mission-pedri-cara-2024_299501_102.html","og_locale":"en_US","og_type":"article","og_title":"Pedri's mandatory mission for 2024","og_description":"Pedri faces a transcendental year for his future at FC Barcelona in 2024. The one from Tegueste will start the month of January injured and, yes or yes, he must put an end to the physical problems that have reduced his performance in 2022 and 2023","og_url":"https:\/\/www.fcbarcelonanoticias.com\/en\/fc-barcelona\/mandatory-mission-pedri-cara-2024_299501_102.html","og_site_name":"EN - FC Barcelona Noticias","article_published_time":"2023-12-31T07:41:00+00:00","og_image":[{"width":1300,"height":732,"url":"https:\/\/www.fcbarcelonanoticias.com\/en\/wp-content\/uploads\/sites\/2\/2023\/12\/pedri-y-ronald-araujo-en-la-previa-del-duelo-entre-el-rayo-vallecano-y-el-barca-en-laliga.png","type":"image\/png"}],"author":"Andr\u00e9s Quiroz","twitter_card":"summary_large_image","twitter_misc":{"Written by":"Andr\u00e9s Quiroz","Est. reading time":"3 minutes"},"schema":{"@context":"https:\/\/schema.org","@graph":[{"@type":"Article","@id":"https:\/\/www.fcbarcelonanoticias.com\/en\/fc-barcelona\/mandatory-mission-pedri-cara-2024_299501_102.html#article","isPartOf":{"@id":"https:\/\/www.fcbarcelonanoticias.com\/en\/fc-barcelona\/mandatory-mission-pedri-cara-2024_299501_102.html"},"author":{"name":"Andr\u00e9s Quiroz","@id":"https:\/\/www.fcbarcelonanoticias.com\/en\/#\/schema\/person\/c2cd9f6fa1af5c0d0eccd0fefa575c88"},"headline":"Pedri&#8217;s mandatory mission for 2024","datePublished":"2023-12-31T07:41:00+00:00","mainEntityOfPage":{"@id":"https:\/\/www.fcbarcelonanoticias.com\/en\/fc-barcelona\/mandatory-mission-pedri-cara-2024_299501_102.html"},"wordCount":565,"image":{"@id":"https:\/\/www.fcbarcelonanoticias.com\/en\/fc-barcelona\/mandatory-mission-pedri-cara-2024_299501_102.html#primaryimage"},"thumbnailUrl":"https:\/\/www.fcbarcelonanoticias.com\/en\/wp-content\/uploads\/sites\/2\/2023\/12\/pedri-y-ronald-araujo-en-la-previa-del-duelo-entre-el-rayo-vallecano-y-el-barca-en-laliga.png","articleSection":["FC Barcelona"],"inLanguage":"en-US"},{"@type":"WebPage","@id":"https:\/\/www.fcbarcelonanoticias.com\/en\/fc-barcelona\/mandatory-mission-pedri-cara-2024_299501_102.html","url":"https:\/\/www.fcbarcelonanoticias.com\/en\/fc-barcelona\/mandatory-mission-pedri-cara-2024_299501_102.html","name":"Pedri's mandatory mission for 2024","isPartOf":{"@id":"https:\/\/www.fcbarcelonanoticias.com\/en\/#website"},"primaryImageOfPage":{"@id":"https:\/\/www.fcbarcelonanoticias.com\/en\/fc-barcelona\/mandatory-mission-pedri-cara-2024_299501_102.html#primaryimage"},"image":{"@id":"https:\/\/www.fcbarcelonanoticias.com\/en\/fc-barcelona\/mandatory-mission-pedri-cara-2024_299501_102.html#primaryimage"},"thumbnailUrl":"https:\/\/www.fcbarcelonanoticias.com\/en\/wp-content\/uploads\/sites\/2\/2023\/12\/pedri-y-ronald-araujo-en-la-previa-del-duelo-entre-el-rayo-vallecano-y-el-barca-en-laliga.png","datePublished":"2023-12-31T07:41:00+00:00","author":{"@id":"https:\/\/www.fcbarcelonanoticias.com\/en\/#\/schema\/person\/c2cd9f6fa1af5c0d0eccd0fefa575c88"},"description":"Pedri faces a transcendental year for his future at FC Barcelona in 2024. The one from Tegueste will start the month of January injured and, yes or yes, he must put an end to the physical problems that have reduced his performance in 2022 and 2023","breadcrumb":{"@id":"https:\/\/www.fcbarcelonanoticias.com\/en\/fc-barcelona\/mandatory-mission-pedri-cara-2024_299501_102.html#breadcrumb"},"inLanguage":"en-US","potentialAction":[{"@type":"ReadAction","target":["https:\/\/www.fcbarcelonanoticias.com\/en\/fc-barcelona\/mandatory-mission-pedri-cara-2024_299501_102.html"]}]},{"@type":"ImageObject","inLanguage":"en-US","@id":"https:\/\/www.fcbarcelonanoticias.com\/en\/fc-barcelona\/mandatory-mission-pedri-cara-2024_299501_102.html#primaryimage","url":"https:\/\/www.fcbarcelonanoticias.com\/en\/wp-content\/uploads\/sites\/2\/2023\/12\/pedri-y-ronald-araujo-en-la-previa-del-duelo-entre-el-rayo-vallecano-y-el-barca-en-laliga.png","contentUrl":"https:\/\/www.fcbarcelonanoticias.com\/en\/wp-content\/uploads\/sites\/2\/2023\/12\/pedri-y-ronald-araujo-en-la-previa-del-duelo-entre-el-rayo-vallecano-y-el-barca-en-laliga.png","width":1300,"height":732},{"@type":"BreadcrumbList","@id":"https:\/\/www.fcbarcelonanoticias.com\/en\/fc-barcelona\/mandatory-mission-pedri-cara-2024_299501_102.html#breadcrumb","itemListElement":[{"@type":"ListItem","position":1,"name":"Portada","item":"https:\/\/www.fcbarcelonanoticias.com\/en\/"},{"@type":"ListItem","position":2,"name":"Pedri&#8217;s mandatory mission for 2024"}]},{"@type":"WebSite","@id":"https:\/\/www.fcbarcelonanoticias.com\/en\/#website","url":"https:\/\/www.fcbarcelonanoticias.com\/en\/","name":"EN - FC Barcelona Noticias","description":"","potentialAction":[{"@type":"SearchAction","target":{"@type":"EntryPoint","urlTemplate":"https:\/\/www.fcbarcelonanoticias.com\/en\/?s={search_term_string}"},"query-input":{"@type":"PropertyValueSpecification","valueRequired":true,"valueName":"search_term_string"}}],"inLanguage":"en-US"},{"@type":"Person","@id":"https:\/\/www.fcbarcelonanoticias.com\/en\/#\/schema\/person\/c2cd9f6fa1af5c0d0eccd0fefa575c88","name":"Andr\u00e9s Quiroz","image":{"@type":"ImageObject","inLanguage":"en-US","@id":"https:\/\/secure.gravatar.com\/avatar\/?s=96&d=mm&r=g","url":"https:\/\/secure.gravatar.com\/avatar\/?s=96&d=mm&r=g","contentUrl":"https:\/\/secure.gravatar.com\/avatar\/?s=96&d=mm&r=g","caption":"Andr\u00e9s Quiroz"},"description":"Licenciado en Periodismo por la Universidad de los Andes. Me encargo de analizar y compartir los contenidos m\u00e1s destacados de la\u00a0actualidad del F\u00fatbol Club Barcelona, Mercado de Fichajes y F\u00fatbol Internacional en FCBN. La informaci\u00f3n es poder, pero tambi\u00e9n conocimiento.","url":"https:\/\/www.fcbarcelonanoticias.com\/en\/fc-barcelona\/andres-quiroz_17_115.html"}]}},"_links":{"self":[{"href":"https:\/\/www.fcbarcelonanoticias.com\/en\/wp-json\/wp\/v2\/posts\/25323","targetHints":{"allow":["GET"]}}],"collection":[{"href":"https:\/\/www.fcbarcelonanoticias.com\/en\/wp-json\/wp\/v2\/posts"}],"about":[{"href":"https:\/\/www.fcbarcelonanoticias.com\/en\/wp-json\/wp\/v2\/types\/post"}],"author":[{"embeddable":true,"href":"https:\/\/www.fcbarcelonanoticias.com\/en\/wp-json\/wp\/v2\/users\/347"}],"replies":[{"embeddable":true,"href":"https:\/\/www.fcbarcelonanoticias.com\/en\/wp-json\/wp\/v2\/comments?post=25323"}],"version-history":[{"count":1,"href":"https:\/\/www.fcbarcelonanoticias.com\/en\/wp-json\/wp\/v2\/posts\/25323\/revisions"}],"predecessor-version":[{"id":106917,"href":"https:\/\/www.fcbarcelonanoticias.com\/en\/wp-json\/wp\/v2\/posts\/25323\/revisions\/106917"}],"wp:featuredmedia":[{"embeddable":true,"href":"https:\/\/www.fcbarcelonanoticias.com\/en\/wp-json\/wp\/v2\/media\/25324"}],"wp:attachment":[{"href":"https:\/\/www.fcbarcelonanoticias.com\/en\/wp-json\/wp\/v2\/media?parent=25323"}],"wp:term":[{"taxonomy":"category","embeddable":true,"href":"https:\/\/www.fcbarcelonanoticias.com\/en\/wp-json\/wp\/v2\/categories?post=25323"},{"taxonomy":"post_tag","embeddable":true,"href":"https:\/\/www.fcbarcelonanoticias.com\/en\/wp-json\/wp\/v2\/tags?post=25323"}],"curies":[{"name":"wp","href":"https:\/\/api.w.org\/{rel}","templated":true}]}}