{"id":25401,"date":"2025-08-17T18:44:00","date_gmt":"2025-08-17T16:44:00","guid":{"rendered":"https:\/\/weisetech.dev\/fc-barcelona-noticias\/en\/marc-bernal-was-not-available-in-mallorca-when-will-he-return_314179_102\/"},"modified":"2025-08-17T18:44:00","modified_gmt":"2025-08-17T16:44:00","slug":"marc-bernal-was-not-available-in-mallorca-when-will-he-return_314179_102","status":"publish","type":"post","link":"https:\/\/www.fcbarcelonanoticias.com\/en\/fc-barcelona\/marc-bernal-was-not-available-in-mallorca-when-will-he-return_314179_102.html","title":{"rendered":"Marc Bernal was not available in Mallorca: When will he return?"},"content":{"rendered":"<h2 class=\"wp-block-heading\">Marc Bernal was not called up in the league debut against Mallorca. The player has already been medically cleared, but Flick is not giving him minutes yet.<\/h2>  \r\n<div class=\"article-addons\">\r\n    <a href=\"https:\/\/www.fcbarcelonanoticias.com\/en\/calendar-fc-barcelona.html\"\r\n       target=\"_self\"\r\n       title=\"Calendar of FC Barcelona\"\r\n       class=\"blue-gredient-btn\">\r\n       \r\n        Calendar of FC Barcelona    <\/a>\r\n<\/div>   <p><strong>Mar Bernal<\/strong>, one of the young promises of <strong>FC Barcelona<\/strong>, is finalizing his recovery after overcoming a rupture of the anterior cruciate ligament of his left knee and an associated injury to the external meniscus. Although <a data-external=\"0\" data-intl-links-en=\"https:\/\/www.fcbarcelonanoticias.com\/en\/fc-barcelona\/good-news-marc-bernal-receives-medical-discharge-with-barcelona_314028_102.html\" data-intl-links-es=\"https:\/\/www.fcbarcelonanoticias.com\/fc-barcelona\/buenas-noticias-marc-bernal-recibe-alta-medica-con-barcelona_314028_102.html\" href=\"https:\/\/www.fcbarcelonanoticias.com\/en\/fc-barcelona\/good-news-marc-bernal-receives-medical-discharge-with-barcelona_314028_102.html\" rel=\"follow\" target=\"_self\" title=\"Good news! Marc Bernal receives medical discharge with Bar\u00e7a\">the player has been medically cleared<\/a>, Hansi Flick did not take him into account in the first call-up of the season.<\/p>  <p>The medical staff of <strong>Bar\u00e7a<\/strong> has cataloged <strong>the recovery of the \u201828\u2019 as satisfactory, having optimal physical conditions.<\/strong> From the medical side, they consider that the period of one year after his operation should be respected.<\/p>  <h2>Marc Bernal&#8217;s return, scheduled for September<\/h2>  <p>August 27 marks one year since Marc Bernal played <a data-external=\"0\" data-intl-links-en=\"https:\/\/www.fcbarcelonanoticias.com\/en\/fc-barcelona\/injured-this-is-how-the-barcelona-infirmary-looks-after-marc-bernal-injury_306872_102.html\" data-intl-links-es=\"https:\/\/www.fcbarcelonanoticias.com\/fc-barcelona\/lesionados-esta-enfermeria-barcelona-despues-lesion-de-marc-bernal_306872_102.html\" href=\"https:\/\/www.fcbarcelonanoticias.com\/en\/fc-barcelona\/injured-this-is-how-the-barcelona-infirmary-looks-after-marc-bernal-injury_306872_102.html\" rel=\"follow\" target=\"_self\" title=\"INJURED: This is how the Barcelona infirmary is after Marc Bernal's injury\">his last official match with FC Barcelona, it was against Rayo Vallecano in Vallecas<\/a> for matchday 3 of LaLiga EA Sports 24\/25.<\/p>  <p>Despite the fact that the Berga native <strong>received medical discharge on the morning of August 10, prior to the game against Como for the Joan Gamper Trophy<\/strong>, he did not receive a call from the German coach for the friendly that closed the cul\u00e9 pre-season.<\/p>  <p>September 9 will mark one year since Bernal&#8217;s surgery and Bar\u00e7a&#8217;s next match will be the weekend <strong>between September 13 and 14 when they host Valencia<\/strong> at the Spotify Camp Nou, as planned by the club.<\/p>  <p>On that date, the cul\u00e9 midfielder could be called up for the first time, understanding that, having not played any minutes so far this summer, he will have little chance of being on the list against <strong>Levante<\/strong> and <strong>Rayo<\/strong>, the next two rivals of the blaugrana team. Then there will be an international break at the beginning of September.<\/p>  <h2>Marc Bernal would have a recovery similar to Gavi&#8217;s<\/h2>  <p><strong>Marc Bernal<\/strong> is not the only player in the blaugrana squad to have suffered an injury in recent times. <strong>Gavi<\/strong>, another of the fundamental pillars in the center of the field, was affected by a complete rupture of the anterior cruciate ligament of his right knee and an associated injury to the lateral meniscus in 2023.<\/p>  <p><strong>The \u20186\u2019&#8217;s recovery time was 348 days<\/strong>, a recovery similar to the one planned with the \u201828\u2019. <strong>FC Barcelona<\/strong> has consulted experts in knee injuries, who have recommended that young players should finish their recovery without haste, since they are in the age of growth.<\/p>  <p>Bernal is 18 years old, so he must complete a slower and more careful process than in players with a fully developed physique. Thus, patience will be the key to the return of the midfielder, who will alternate minutes with <strong>Marc Casad\u00f3<\/strong> and Gavi himself to relieve <strong>Frenkie de Jong<\/strong> in the midfield.<\/p> ","protected":false},"excerpt":{"rendered":"<p>Marc Bernal was not called up in the league debut against Mallorca. The player has already been medically cleared, but Flick is not giving him minutes yet. Mar Bernal, one of the young promises of FC Barcelona, is finalizing his recovery after overcoming a rupture of the anterior cruciate ligament of his left knee and [&hellip;]<\/p>\n","protected":false},"author":362,"featured_media":25404,"comment_status":"closed","ping_status":"open","sticky":false,"template":"","format":"standard","meta":{"_acf_changed":false,"inline_featured_image":false,"_nextfly_llmd_date_locked":false,"footnotes":""},"categories":[111],"tags":[136,459,388],"class_list":["post-25401","post","type-post","status-publish","format-standard","has-post-thumbnail","hentry","category-fc-barcelona","tag-injured","tag-marc-bernal-2","tag-marc-bernal"],"acf":[],"yoast_head":"<!-- This site is optimized with the Yoast SEO plugin v27.3 - https:\/\/yoast.com\/product\/yoast-seo-wordpress\/ -->\n<title>Marc Bernal was not available in Mallorca: When will he return?<\/title>\n<meta name=\"description\" content=\"Marc Bernal was not called up in the league debut against Mallorca. The player has already been medically cleared, but Flick is not giving him minutes yet. Discover the reasons\" \/>\n<meta name=\"robots\" content=\"index, follow, max-snippet:-1, max-image-preview:large, max-video-preview:-1\" \/>\n<link rel=\"canonical\" href=\"https:\/\/www.fcbarcelonanoticias.com\/en\/fc-barcelona\/marc-bernal-was-not-available-in-mallorca-when-will-he-return_314179_102.html\" \/>\n<meta property=\"og:locale\" content=\"en_US\" \/>\n<meta property=\"og:type\" content=\"article\" \/>\n<meta property=\"og:title\" content=\"Marc Bernal was not available in Mallorca: When will he return?\" \/>\n<meta property=\"og:description\" content=\"Marc Bernal was not called up in the league debut against Mallorca. The player has already been medically cleared, but Flick is not giving him minutes yet. Discover the reasons\" \/>\n<meta property=\"og:url\" content=\"https:\/\/www.fcbarcelonanoticias.com\/en\/fc-barcelona\/marc-bernal-was-not-available-in-mallorca-when-will-he-return_314179_102.html\" \/>\n<meta property=\"og:site_name\" content=\"EN - FC Barcelona Noticias\" \/>\n<meta property=\"article:published_time\" content=\"2025-08-17T16:44:00+00:00\" \/>\n<meta property=\"og:image\" content=\"https:\/\/www.fcbarcelonanoticias.com\/en\/wp-content\/uploads\/sites\/2\/2025\/08\/gp24888-1.webp\" \/>\n\t<meta property=\"og:image:width\" content=\"1200\" \/>\n\t<meta property=\"og:image:height\" content=\"675\" \/>\n\t<meta property=\"og:image:type\" content=\"image\/webp\" \/>\n<meta name=\"author\" content=\"Reinaldo David\" \/>\n<meta name=\"twitter:card\" content=\"summary_large_image\" \/>\n<meta name=\"twitter:label1\" content=\"Written by\" \/>\n\t<meta name=\"twitter:data1\" content=\"Reinaldo David\" \/>\n\t<meta name=\"twitter:label2\" content=\"Est. reading time\" \/>\n\t<meta name=\"twitter:data2\" content=\"2 minutes\" \/>\n<script type=\"application\/ld+json\" class=\"yoast-schema-graph\">{\"@context\":\"https:\\\/\\\/schema.org\",\"@graph\":[{\"@type\":\"Article\",\"@id\":\"https:\\\/\\\/www.fcbarcelonanoticias.com\\\/en\\\/fc-barcelona\\\/marc-bernal-was-not-available-in-mallorca-when-will-he-return_314179_102.html#article\",\"isPartOf\":{\"@id\":\"https:\\\/\\\/www.fcbarcelonanoticias.com\\\/en\\\/fc-barcelona\\\/marc-bernal-was-not-available-in-mallorca-when-will-he-return_314179_102.html\"},\"author\":{\"name\":\"Reinaldo David\",\"@id\":\"https:\\\/\\\/www.fcbarcelonanoticias.com\\\/en\\\/#\\\/schema\\\/person\\\/f7c2a90edfe1134cfd813911ba5c0178\"},\"headline\":\"Marc Bernal was not available in Mallorca: When will he return?\",\"datePublished\":\"2025-08-17T16:44:00+00:00\",\"mainEntityOfPage\":{\"@id\":\"https:\\\/\\\/www.fcbarcelonanoticias.com\\\/en\\\/fc-barcelona\\\/marc-bernal-was-not-available-in-mallorca-when-will-he-return_314179_102.html\"},\"wordCount\":465,\"image\":{\"@id\":\"https:\\\/\\\/www.fcbarcelonanoticias.com\\\/en\\\/fc-barcelona\\\/marc-bernal-was-not-available-in-mallorca-when-will-he-return_314179_102.html#primaryimage\"},\"thumbnailUrl\":\"https:\\\/\\\/www.fcbarcelonanoticias.com\\\/en\\\/wp-content\\\/uploads\\\/sites\\\/2\\\/2025\\\/08\\\/gp24888-1.webp\",\"keywords\":[\"injured\",\"Marc Bernal\",\"Marc Bernal\"],\"articleSection\":[\"FC Barcelona\"],\"inLanguage\":\"en-US\"},{\"@type\":\"WebPage\",\"@id\":\"https:\\\/\\\/www.fcbarcelonanoticias.com\\\/en\\\/fc-barcelona\\\/marc-bernal-was-not-available-in-mallorca-when-will-he-return_314179_102.html\",\"url\":\"https:\\\/\\\/www.fcbarcelonanoticias.com\\\/en\\\/fc-barcelona\\\/marc-bernal-was-not-available-in-mallorca-when-will-he-return_314179_102.html\",\"name\":\"Marc Bernal was not available in Mallorca: When will he return?\",\"isPartOf\":{\"@id\":\"https:\\\/\\\/www.fcbarcelonanoticias.com\\\/en\\\/#website\"},\"primaryImageOfPage\":{\"@id\":\"https:\\\/\\\/www.fcbarcelonanoticias.com\\\/en\\\/fc-barcelona\\\/marc-bernal-was-not-available-in-mallorca-when-will-he-return_314179_102.html#primaryimage\"},\"image\":{\"@id\":\"https:\\\/\\\/www.fcbarcelonanoticias.com\\\/en\\\/fc-barcelona\\\/marc-bernal-was-not-available-in-mallorca-when-will-he-return_314179_102.html#primaryimage\"},\"thumbnailUrl\":\"https:\\\/\\\/www.fcbarcelonanoticias.com\\\/en\\\/wp-content\\\/uploads\\\/sites\\\/2\\\/2025\\\/08\\\/gp24888-1.webp\",\"datePublished\":\"2025-08-17T16:44:00+00:00\",\"author\":{\"@id\":\"https:\\\/\\\/www.fcbarcelonanoticias.com\\\/en\\\/#\\\/schema\\\/person\\\/f7c2a90edfe1134cfd813911ba5c0178\"},\"description\":\"Marc Bernal was not called up in the league debut against Mallorca. The player has already been medically cleared, but Flick is not giving him minutes yet. Discover the reasons\",\"breadcrumb\":{\"@id\":\"https:\\\/\\\/www.fcbarcelonanoticias.com\\\/en\\\/fc-barcelona\\\/marc-bernal-was-not-available-in-mallorca-when-will-he-return_314179_102.html#breadcrumb\"},\"inLanguage\":\"en-US\",\"potentialAction\":[{\"@type\":\"ReadAction\",\"target\":[\"https:\\\/\\\/www.fcbarcelonanoticias.com\\\/en\\\/fc-barcelona\\\/marc-bernal-was-not-available-in-mallorca-when-will-he-return_314179_102.html\"]}]},{\"@type\":\"ImageObject\",\"inLanguage\":\"en-US\",\"@id\":\"https:\\\/\\\/www.fcbarcelonanoticias.com\\\/en\\\/fc-barcelona\\\/marc-bernal-was-not-available-in-mallorca-when-will-he-return_314179_102.html#primaryimage\",\"url\":\"https:\\\/\\\/www.fcbarcelonanoticias.com\\\/en\\\/wp-content\\\/uploads\\\/sites\\\/2\\\/2025\\\/08\\\/gp24888-1.webp\",\"contentUrl\":\"https:\\\/\\\/www.fcbarcelonanoticias.com\\\/en\\\/wp-content\\\/uploads\\\/sites\\\/2\\\/2025\\\/08\\\/gp24888-1.webp\",\"width\":1200,\"height\":675},{\"@type\":\"BreadcrumbList\",\"@id\":\"https:\\\/\\\/www.fcbarcelonanoticias.com\\\/en\\\/fc-barcelona\\\/marc-bernal-was-not-available-in-mallorca-when-will-he-return_314179_102.html#breadcrumb\",\"itemListElement\":[{\"@type\":\"ListItem\",\"position\":1,\"name\":\"Portada\",\"item\":\"https:\\\/\\\/www.fcbarcelonanoticias.com\\\/en\\\/\"},{\"@type\":\"ListItem\",\"position\":2,\"name\":\"Marc Bernal was not available in Mallorca: When will he return?\"}]},{\"@type\":\"WebSite\",\"@id\":\"https:\\\/\\\/www.fcbarcelonanoticias.com\\\/en\\\/#website\",\"url\":\"https:\\\/\\\/www.fcbarcelonanoticias.com\\\/en\\\/\",\"name\":\"EN - FC Barcelona Noticias\",\"description\":\"\",\"potentialAction\":[{\"@type\":\"SearchAction\",\"target\":{\"@type\":\"EntryPoint\",\"urlTemplate\":\"https:\\\/\\\/www.fcbarcelonanoticias.com\\\/en\\\/?s={search_term_string}\"},\"query-input\":{\"@type\":\"PropertyValueSpecification\",\"valueRequired\":true,\"valueName\":\"search_term_string\"}}],\"inLanguage\":\"en-US\"},{\"@type\":\"Person\",\"@id\":\"https:\\\/\\\/www.fcbarcelonanoticias.com\\\/en\\\/#\\\/schema\\\/person\\\/f7c2a90edfe1134cfd813911ba5c0178\",\"name\":\"Reinaldo David\",\"image\":{\"@type\":\"ImageObject\",\"inLanguage\":\"en-US\",\"@id\":\"https:\\\/\\\/secure.gravatar.com\\\/avatar\\\/?s=96&d=mm&r=g\",\"url\":\"https:\\\/\\\/secure.gravatar.com\\\/avatar\\\/?s=96&d=mm&r=g\",\"contentUrl\":\"https:\\\/\\\/secure.gravatar.com\\\/avatar\\\/?s=96&d=mm&r=g\",\"caption\":\"Reinaldo David\"},\"description\":\"Licenciado en Periodismo y redactor en\u00a0FCBN. Encargado de traerte todos los d\u00edas\u00a0la \u00faltima hora del Bar\u00e7a y del mercado de traspasos. Analista de LaLiga, la Champions, la Copa del Rey tambi\u00e9n de las principales ligas y competiciones europeas.\",\"url\":\"https:\\\/\\\/www.fcbarcelonanoticias.com\\\/en\\\/reinaldo-david_37_115.html\"}]}<\/script>\n<!-- \/ Yoast SEO plugin. -->","yoast_head_json":{"title":"Marc Bernal was not available in Mallorca: When will he return?","description":"Marc Bernal was not called up in the league debut against Mallorca. The player has already been medically cleared, but Flick is not giving him minutes yet. Discover the reasons","robots":{"index":"index","follow":"follow","max-snippet":"max-snippet:-1","max-image-preview":"max-image-preview:large","max-video-preview":"max-video-preview:-1"},"canonical":"https:\/\/www.fcbarcelonanoticias.com\/en\/fc-barcelona\/marc-bernal-was-not-available-in-mallorca-when-will-he-return_314179_102.html","og_locale":"en_US","og_type":"article","og_title":"Marc Bernal was not available in Mallorca: When will he return?","og_description":"Marc Bernal was not called up in the league debut against Mallorca. The player has already been medically cleared, but Flick is not giving him minutes yet. Discover the reasons","og_url":"https:\/\/www.fcbarcelonanoticias.com\/en\/fc-barcelona\/marc-bernal-was-not-available-in-mallorca-when-will-he-return_314179_102.html","og_site_name":"EN - FC Barcelona Noticias","article_published_time":"2025-08-17T16:44:00+00:00","og_image":[{"width":1200,"height":675,"url":"https:\/\/www.fcbarcelonanoticias.com\/en\/wp-content\/uploads\/sites\/2\/2025\/08\/gp24888-1.webp","type":"image\/webp"}],"author":"Reinaldo David","twitter_card":"summary_large_image","twitter_misc":{"Written by":"Reinaldo David","Est. reading time":"2 minutes"},"schema":{"@context":"https:\/\/schema.org","@graph":[{"@type":"Article","@id":"https:\/\/www.fcbarcelonanoticias.com\/en\/fc-barcelona\/marc-bernal-was-not-available-in-mallorca-when-will-he-return_314179_102.html#article","isPartOf":{"@id":"https:\/\/www.fcbarcelonanoticias.com\/en\/fc-barcelona\/marc-bernal-was-not-available-in-mallorca-when-will-he-return_314179_102.html"},"author":{"name":"Reinaldo David","@id":"https:\/\/www.fcbarcelonanoticias.com\/en\/#\/schema\/person\/f7c2a90edfe1134cfd813911ba5c0178"},"headline":"Marc Bernal was not available in Mallorca: When will he return?","datePublished":"2025-08-17T16:44:00+00:00","mainEntityOfPage":{"@id":"https:\/\/www.fcbarcelonanoticias.com\/en\/fc-barcelona\/marc-bernal-was-not-available-in-mallorca-when-will-he-return_314179_102.html"},"wordCount":465,"image":{"@id":"https:\/\/www.fcbarcelonanoticias.com\/en\/fc-barcelona\/marc-bernal-was-not-available-in-mallorca-when-will-he-return_314179_102.html#primaryimage"},"thumbnailUrl":"https:\/\/www.fcbarcelonanoticias.com\/en\/wp-content\/uploads\/sites\/2\/2025\/08\/gp24888-1.webp","keywords":["injured","Marc Bernal","Marc Bernal"],"articleSection":["FC Barcelona"],"inLanguage":"en-US"},{"@type":"WebPage","@id":"https:\/\/www.fcbarcelonanoticias.com\/en\/fc-barcelona\/marc-bernal-was-not-available-in-mallorca-when-will-he-return_314179_102.html","url":"https:\/\/www.fcbarcelonanoticias.com\/en\/fc-barcelona\/marc-bernal-was-not-available-in-mallorca-when-will-he-return_314179_102.html","name":"Marc Bernal was not available in Mallorca: When will he return?","isPartOf":{"@id":"https:\/\/www.fcbarcelonanoticias.com\/en\/#website"},"primaryImageOfPage":{"@id":"https:\/\/www.fcbarcelonanoticias.com\/en\/fc-barcelona\/marc-bernal-was-not-available-in-mallorca-when-will-he-return_314179_102.html#primaryimage"},"image":{"@id":"https:\/\/www.fcbarcelonanoticias.com\/en\/fc-barcelona\/marc-bernal-was-not-available-in-mallorca-when-will-he-return_314179_102.html#primaryimage"},"thumbnailUrl":"https:\/\/www.fcbarcelonanoticias.com\/en\/wp-content\/uploads\/sites\/2\/2025\/08\/gp24888-1.webp","datePublished":"2025-08-17T16:44:00+00:00","author":{"@id":"https:\/\/www.fcbarcelonanoticias.com\/en\/#\/schema\/person\/f7c2a90edfe1134cfd813911ba5c0178"},"description":"Marc Bernal was not called up in the league debut against Mallorca. The player has already been medically cleared, but Flick is not giving him minutes yet. Discover the reasons","breadcrumb":{"@id":"https:\/\/www.fcbarcelonanoticias.com\/en\/fc-barcelona\/marc-bernal-was-not-available-in-mallorca-when-will-he-return_314179_102.html#breadcrumb"},"inLanguage":"en-US","potentialAction":[{"@type":"ReadAction","target":["https:\/\/www.fcbarcelonanoticias.com\/en\/fc-barcelona\/marc-bernal-was-not-available-in-mallorca-when-will-he-return_314179_102.html"]}]},{"@type":"ImageObject","inLanguage":"en-US","@id":"https:\/\/www.fcbarcelonanoticias.com\/en\/fc-barcelona\/marc-bernal-was-not-available-in-mallorca-when-will-he-return_314179_102.html#primaryimage","url":"https:\/\/www.fcbarcelonanoticias.com\/en\/wp-content\/uploads\/sites\/2\/2025\/08\/gp24888-1.webp","contentUrl":"https:\/\/www.fcbarcelonanoticias.com\/en\/wp-content\/uploads\/sites\/2\/2025\/08\/gp24888-1.webp","width":1200,"height":675},{"@type":"BreadcrumbList","@id":"https:\/\/www.fcbarcelonanoticias.com\/en\/fc-barcelona\/marc-bernal-was-not-available-in-mallorca-when-will-he-return_314179_102.html#breadcrumb","itemListElement":[{"@type":"ListItem","position":1,"name":"Portada","item":"https:\/\/www.fcbarcelonanoticias.com\/en\/"},{"@type":"ListItem","position":2,"name":"Marc Bernal was not available in Mallorca: When will he return?"}]},{"@type":"WebSite","@id":"https:\/\/www.fcbarcelonanoticias.com\/en\/#website","url":"https:\/\/www.fcbarcelonanoticias.com\/en\/","name":"EN - FC Barcelona Noticias","description":"","potentialAction":[{"@type":"SearchAction","target":{"@type":"EntryPoint","urlTemplate":"https:\/\/www.fcbarcelonanoticias.com\/en\/?s={search_term_string}"},"query-input":{"@type":"PropertyValueSpecification","valueRequired":true,"valueName":"search_term_string"}}],"inLanguage":"en-US"},{"@type":"Person","@id":"https:\/\/www.fcbarcelonanoticias.com\/en\/#\/schema\/person\/f7c2a90edfe1134cfd813911ba5c0178","name":"Reinaldo David","image":{"@type":"ImageObject","inLanguage":"en-US","@id":"https:\/\/secure.gravatar.com\/avatar\/?s=96&d=mm&r=g","url":"https:\/\/secure.gravatar.com\/avatar\/?s=96&d=mm&r=g","contentUrl":"https:\/\/secure.gravatar.com\/avatar\/?s=96&d=mm&r=g","caption":"Reinaldo David"},"description":"Licenciado en Periodismo y redactor en\u00a0FCBN. Encargado de traerte todos los d\u00edas\u00a0la \u00faltima hora del Bar\u00e7a y del mercado de traspasos. Analista de LaLiga, la Champions, la Copa del Rey tambi\u00e9n de las principales ligas y competiciones europeas.","url":"https:\/\/www.fcbarcelonanoticias.com\/en\/reinaldo-david_37_115.html"}]}},"_links":{"self":[{"href":"https:\/\/www.fcbarcelonanoticias.com\/en\/wp-json\/wp\/v2\/posts\/25401","targetHints":{"allow":["GET"]}}],"collection":[{"href":"https:\/\/www.fcbarcelonanoticias.com\/en\/wp-json\/wp\/v2\/posts"}],"about":[{"href":"https:\/\/www.fcbarcelonanoticias.com\/en\/wp-json\/wp\/v2\/types\/post"}],"author":[{"embeddable":true,"href":"https:\/\/www.fcbarcelonanoticias.com\/en\/wp-json\/wp\/v2\/users\/362"}],"replies":[{"embeddable":true,"href":"https:\/\/www.fcbarcelonanoticias.com\/en\/wp-json\/wp\/v2\/comments?post=25401"}],"version-history":[{"count":1,"href":"https:\/\/www.fcbarcelonanoticias.com\/en\/wp-json\/wp\/v2\/posts\/25401\/revisions"}],"predecessor-version":[{"id":25402,"href":"https:\/\/www.fcbarcelonanoticias.com\/en\/wp-json\/wp\/v2\/posts\/25401\/revisions\/25402"}],"wp:featuredmedia":[{"embeddable":true,"href":"https:\/\/www.fcbarcelonanoticias.com\/en\/wp-json\/wp\/v2\/media\/25404"}],"wp:attachment":[{"href":"https:\/\/www.fcbarcelonanoticias.com\/en\/wp-json\/wp\/v2\/media?parent=25401"}],"wp:term":[{"taxonomy":"category","embeddable":true,"href":"https:\/\/www.fcbarcelonanoticias.com\/en\/wp-json\/wp\/v2\/categories?post=25401"},{"taxonomy":"post_tag","embeddable":true,"href":"https:\/\/www.fcbarcelonanoticias.com\/en\/wp-json\/wp\/v2\/tags?post=25401"}],"curies":[{"name":"wp","href":"https:\/\/api.w.org\/{rel}","templated":true}]}}