{"id":25469,"date":"2025-11-10T18:50:00","date_gmt":"2025-11-10T17:50:00","guid":{"rendered":"https:\/\/weisetech.dev\/fc-barcelona-noticias\/en\/marc-casado-scare-before-celta-barca-but-no-injury_315237_102\/"},"modified":"2026-04-06T19:01:43","modified_gmt":"2026-04-06T17:01:43","slug":"marc-casado-scare-before-celta-barca-but-no-injury_315237_102","status":"publish","type":"post","link":"https:\/\/www.fcbarcelonanoticias.com\/en\/fc-barcelona\/marc-casado-scare-before-celta-barca-but-no-injury_315237_102.html","title":{"rendered":"Marc Casad\u00f3: scare before Celta-Bar\u00e7a, but no injury"},"content":{"rendered":"<h2 class=\"wp-block-heading\">Marc Casad\u00f3 was a last-minute absentee for Bar\u00e7a against Celta due to a groin strain. Tests carried out on Monday confirmed a minor injury, with no major complications<\/h2>  \r\n<div class=\"article-addons\">\r\n    <a href=\"https:\/\/www.fcbarcelonanoticias.com\/en\/calendar-fc-barcelona.html\"\r\n       target=\"_self\"\r\n       title=\"Calendar of FC Barcelona\"\r\n       class=\"blue-gredient-btn\">\r\n       \r\n        Calendar of FC Barcelona    <\/a>\r\n<\/div>   <p><strong>Hansi Flick<\/strong> was forced to make a last-minute change to his <a data-external=\"0\" data-intl-links-en=\"https:\/\/www.fcbarcelonanoticias.com\/en\/laliga\/celta-vs-barcelona-confirmed-lineups-laliga-25-26_315227_102.html\" data-intl-links-es=\"https:\/\/www.fcbarcelonanoticias.com\/laliga\/celta-vigo-vs-fc-barcelona-alineaciones-confirmadas-laliga-2025-26_315227_102.html\" href=\"https:\/\/www.fcbarcelonanoticias.com\/en\/laliga\/celta-vs-barcelona-confirmed-lineups-laliga-25-26_315227_102.html\" rel=\"follow\" target=\"_self\" title=\"Celta de Vigo vs FC Barcelona: alineaciones confirmadas - LaLiga 2025\/26\">lineup for the Celta-Barcelona<\/a> match on matchday 12 of LaLiga. <strong>Marc Casad\u00f3<\/strong>, who was once again set to partner <strong>Frenkie de Jong <\/strong>in midfield, had to leave for the locker room due to a twinge in his adductor.&nbsp;<\/p>  <p>After being evaluated by Bar\u00e7a&#8217;s doctors, the midfielder was ultimately ruled out of the match. <strong>Dani Olmo<\/strong> came in for him, forcing <strong>Ferm\u00edn L\u00f3pez<\/strong> to drop back several meters to play as an inside midfielder.&nbsp;<\/p>  <p>Finally, Casad\u00f3 returned to the Ciutat Esportiva on Monday to undergo medical tests that would confirm the extent of his ailment. Fortunately, <strong>it is a minor injury in the adductor area<\/strong>, which is why Bar\u00e7a decided against issuing an official statement<\/p>  <p>The player from Sant Pere de Vilamajor will undergo specific exercises in the coming days to overcome the discomfort in the area. <strong>The international break, in that sense, is a godsend for him<\/strong> to rest and get back into physical shape for the upcoming league and Champions League matches.<\/p>  <h2>When will Marc Casad\u00f3 play for Bar\u00e7a again?<\/h2>  <p>In principle, Marc will have no problem reappearing in the match against Athletic, on November 22 for matchday 13 of LaLiga. The &#8217;17&#8217; has accumulated 566 minutes spread across 12 games (7 as a starter), with one assist in the thrashing of Valencia (6-0)<\/p>  <p>With Pedri Gonz\u00e1lez out, Casad\u00f3 has returned to the starting XI regularly, while <strong>Marc Bernal<\/strong> is regaining his competitive rhythm. The player from Berga has barely accumulated 32 minutes of action in 5 appearances this season, so he is still far from becoming a reliable alternative for Hansi Flick in midfield.<\/p>  <p>Frenkie de Jong will not be available against Athletic due to suspension (he was sent off against Celta for a double yellow), which means Marc Casad\u00f3&#8217;s recovery will be key for matchday 13 of La Liga.Pedri is not expected back until the end of the month after his left thigh injury, while the Dutchman would return to action for the Champions League visit to Chelsea. Therefore, Ferm\u00edn and Olmo must also remain in the starting XI against the Basques<\/p>  <h2>Bar\u00e7a hopes to avoid further injuries during the international break<\/h2>  <p>Jules Kound\u00e9 also did not play against Celta, as a precaution, having already missed part of the last training session due to discomfort from a knock received against Bruges.<\/p>  <p>The defender is included in the France squad for the matches against Ukraine and Azerbaijan, the last in the World Cup qualifiers.This is why Bar\u00e7a is keeping a close eye on the physical condition of the defender and the rest of the players called up for the November FIFA international break.<\/p>  <p>Currently, five players are in the Bar\u00e7a infirmary, but **Joan Garc\u00eda** and **Raphinha** are expected to be medically cleared next week. **Gavi** and **Ter Stegen** are, for now, the only long-term absentees<\/p>  <ul> <li>At <strong>FC Barcelona News<\/strong>, we tell you every detail of the Blaugrana current events and the <strong><a data-external=\"0\" data-intl-links-en=\"https:\/\/www.fcbarcelonanoticias.com\/en\/tags\/injured\" data-intl-links-es=\"https:\/\/www.fcbarcelonanoticias.com\/tags\/lesionados\" href=\"https:\/\/www.fcbarcelonanoticias.com\/en\/tags\/injured.html\" rel=\"follow\" target=\"_self\" title=\"Lesionados\">evolution of all the injured players<\/a><\/strong> <\/li> <\/ul> ","protected":false},"excerpt":{"rendered":"<p>Marc Casad\u00f3 was a last-minute absentee for Bar\u00e7a against Celta due to a groin strain. Tests carried out on Monday confirmed a minor injury, with no major complications Hansi Flick was forced to make a last-minute change to his lineup for the Celta-Barcelona match on matchday 12 of LaLiga. Marc Casad\u00f3, who was once again [&hellip;]<\/p>\n","protected":false},"author":347,"featured_media":25470,"comment_status":"closed","ping_status":"open","sticky":false,"template":"","format":"standard","meta":{"_acf_changed":false,"inline_featured_image":false,"_nextfly_llmd_date_locked":false,"footnotes":""},"categories":[111,441],"tags":[136,186],"class_list":["post-25469","post","type-post","status-publish","format-standard","has-post-thumbnail","hentry","category-fc-barcelona","category-marc-casado","tag-injured","tag-marc-casado"],"acf":[],"yoast_head":"<!-- This site is optimized with the Yoast SEO plugin v27.3 - https:\/\/yoast.com\/product\/yoast-seo-wordpress\/ -->\n<title>Marc Casad\u00f3: scare before Celta-Bar\u00e7a, but no injury<\/title>\n<meta name=\"description\" content=\"Marc Casad\u00f3 was a last-minute absentee for Bar\u00e7a against Celta due to a groin twinge. Find out how the Catalan midfielder is progressing\" \/>\n<meta name=\"robots\" content=\"index, follow, max-snippet:-1, max-image-preview:large, max-video-preview:-1\" \/>\n<link rel=\"canonical\" href=\"https:\/\/www.fcbarcelonanoticias.com\/en\/fc-barcelona\/marc-casado-scare-before-celta-barca-but-no-injury_315237_102.html\" \/>\n<meta property=\"og:locale\" content=\"en_US\" \/>\n<meta property=\"og:type\" content=\"article\" \/>\n<meta property=\"og:title\" content=\"Marc Casad\u00f3: scare before Celta-Bar\u00e7a, but no injury\" \/>\n<meta property=\"og:description\" content=\"Marc Casad\u00f3 was a last-minute absentee for Bar\u00e7a against Celta due to a groin twinge. Find out how the Catalan midfielder is progressing\" \/>\n<meta property=\"og:url\" content=\"https:\/\/www.fcbarcelonanoticias.com\/en\/fc-barcelona\/marc-casado-scare-before-celta-barca-but-no-injury_315237_102.html\" \/>\n<meta property=\"og:site_name\" content=\"EN - FC Barcelona Noticias\" \/>\n<meta property=\"article:published_time\" content=\"2025-11-10T17:50:00+00:00\" \/>\n<meta property=\"article:modified_time\" content=\"2026-04-06T17:01:43+00:00\" \/>\n<meta property=\"og:image\" content=\"https:\/\/www.fcbarcelonanoticias.com\/en\/wp-content\/uploads\/sites\/2\/2025\/11\/marc-casado-fc-barcelona-laliga-25-26.webp\" \/>\n\t<meta property=\"og:image:width\" content=\"1200\" \/>\n\t<meta property=\"og:image:height\" content=\"675\" \/>\n\t<meta property=\"og:image:type\" content=\"image\/webp\" \/>\n<meta name=\"author\" content=\"Andr\u00e9s Quiroz\" \/>\n<meta name=\"twitter:card\" content=\"summary_large_image\" \/>\n<meta name=\"twitter:label1\" content=\"Written by\" \/>\n\t<meta name=\"twitter:data1\" content=\"Andr\u00e9s Quiroz\" \/>\n\t<meta name=\"twitter:label2\" content=\"Est. reading time\" \/>\n\t<meta name=\"twitter:data2\" content=\"3 minutes\" \/>\n<script type=\"application\/ld+json\" class=\"yoast-schema-graph\">{\"@context\":\"https:\\\/\\\/schema.org\",\"@graph\":[{\"@type\":\"Article\",\"@id\":\"https:\\\/\\\/www.fcbarcelonanoticias.com\\\/en\\\/fc-barcelona\\\/marc-casado-scare-before-celta-barca-but-no-injury_315237_102.html#article\",\"isPartOf\":{\"@id\":\"https:\\\/\\\/www.fcbarcelonanoticias.com\\\/en\\\/fc-barcelona\\\/marc-casado-scare-before-celta-barca-but-no-injury_315237_102.html\"},\"author\":{\"name\":\"Andr\u00e9s Quiroz\",\"@id\":\"https:\\\/\\\/www.fcbarcelonanoticias.com\\\/en\\\/#\\\/schema\\\/person\\\/c2cd9f6fa1af5c0d0eccd0fefa575c88\"},\"headline\":\"Marc Casad\u00f3: scare before Celta-Bar\u00e7a, but no injury\",\"datePublished\":\"2025-11-10T17:50:00+00:00\",\"dateModified\":\"2026-04-06T17:01:43+00:00\",\"mainEntityOfPage\":{\"@id\":\"https:\\\/\\\/www.fcbarcelonanoticias.com\\\/en\\\/fc-barcelona\\\/marc-casado-scare-before-celta-barca-but-no-injury_315237_102.html\"},\"wordCount\":545,\"image\":{\"@id\":\"https:\\\/\\\/www.fcbarcelonanoticias.com\\\/en\\\/fc-barcelona\\\/marc-casado-scare-before-celta-barca-but-no-injury_315237_102.html#primaryimage\"},\"thumbnailUrl\":\"https:\\\/\\\/www.fcbarcelonanoticias.com\\\/en\\\/wp-content\\\/uploads\\\/sites\\\/2\\\/2025\\\/11\\\/marc-casado-fc-barcelona-laliga-25-26.webp\",\"keywords\":[\"injured\",\"Marc Casad\u00f3\"],\"articleSection\":[\"FC Barcelona\",\"Marc Casad\u00f3\"],\"inLanguage\":\"en-US\"},{\"@type\":\"WebPage\",\"@id\":\"https:\\\/\\\/www.fcbarcelonanoticias.com\\\/en\\\/fc-barcelona\\\/marc-casado-scare-before-celta-barca-but-no-injury_315237_102.html\",\"url\":\"https:\\\/\\\/www.fcbarcelonanoticias.com\\\/en\\\/fc-barcelona\\\/marc-casado-scare-before-celta-barca-but-no-injury_315237_102.html\",\"name\":\"Marc Casad\u00f3: scare before Celta-Bar\u00e7a, but no injury\",\"isPartOf\":{\"@id\":\"https:\\\/\\\/www.fcbarcelonanoticias.com\\\/en\\\/#website\"},\"primaryImageOfPage\":{\"@id\":\"https:\\\/\\\/www.fcbarcelonanoticias.com\\\/en\\\/fc-barcelona\\\/marc-casado-scare-before-celta-barca-but-no-injury_315237_102.html#primaryimage\"},\"image\":{\"@id\":\"https:\\\/\\\/www.fcbarcelonanoticias.com\\\/en\\\/fc-barcelona\\\/marc-casado-scare-before-celta-barca-but-no-injury_315237_102.html#primaryimage\"},\"thumbnailUrl\":\"https:\\\/\\\/www.fcbarcelonanoticias.com\\\/en\\\/wp-content\\\/uploads\\\/sites\\\/2\\\/2025\\\/11\\\/marc-casado-fc-barcelona-laliga-25-26.webp\",\"datePublished\":\"2025-11-10T17:50:00+00:00\",\"dateModified\":\"2026-04-06T17:01:43+00:00\",\"author\":{\"@id\":\"https:\\\/\\\/www.fcbarcelonanoticias.com\\\/en\\\/#\\\/schema\\\/person\\\/c2cd9f6fa1af5c0d0eccd0fefa575c88\"},\"description\":\"Marc Casad\u00f3 was a last-minute absentee for Bar\u00e7a against Celta due to a groin twinge. Find out how the Catalan midfielder is progressing\",\"breadcrumb\":{\"@id\":\"https:\\\/\\\/www.fcbarcelonanoticias.com\\\/en\\\/fc-barcelona\\\/marc-casado-scare-before-celta-barca-but-no-injury_315237_102.html#breadcrumb\"},\"inLanguage\":\"en-US\",\"potentialAction\":[{\"@type\":\"ReadAction\",\"target\":[\"https:\\\/\\\/www.fcbarcelonanoticias.com\\\/en\\\/fc-barcelona\\\/marc-casado-scare-before-celta-barca-but-no-injury_315237_102.html\"]}]},{\"@type\":\"ImageObject\",\"inLanguage\":\"en-US\",\"@id\":\"https:\\\/\\\/www.fcbarcelonanoticias.com\\\/en\\\/fc-barcelona\\\/marc-casado-scare-before-celta-barca-but-no-injury_315237_102.html#primaryimage\",\"url\":\"https:\\\/\\\/www.fcbarcelonanoticias.com\\\/en\\\/wp-content\\\/uploads\\\/sites\\\/2\\\/2025\\\/11\\\/marc-casado-fc-barcelona-laliga-25-26.webp\",\"contentUrl\":\"https:\\\/\\\/www.fcbarcelonanoticias.com\\\/en\\\/wp-content\\\/uploads\\\/sites\\\/2\\\/2025\\\/11\\\/marc-casado-fc-barcelona-laliga-25-26.webp\",\"width\":1200,\"height\":675},{\"@type\":\"BreadcrumbList\",\"@id\":\"https:\\\/\\\/www.fcbarcelonanoticias.com\\\/en\\\/fc-barcelona\\\/marc-casado-scare-before-celta-barca-but-no-injury_315237_102.html#breadcrumb\",\"itemListElement\":[{\"@type\":\"ListItem\",\"position\":1,\"name\":\"Portada\",\"item\":\"https:\\\/\\\/www.fcbarcelonanoticias.com\\\/en\\\/\"},{\"@type\":\"ListItem\",\"position\":2,\"name\":\"Marc Casad\u00f3: scare before Celta-Bar\u00e7a, but no injury\"}]},{\"@type\":\"WebSite\",\"@id\":\"https:\\\/\\\/www.fcbarcelonanoticias.com\\\/en\\\/#website\",\"url\":\"https:\\\/\\\/www.fcbarcelonanoticias.com\\\/en\\\/\",\"name\":\"EN - FC Barcelona Noticias\",\"description\":\"\",\"potentialAction\":[{\"@type\":\"SearchAction\",\"target\":{\"@type\":\"EntryPoint\",\"urlTemplate\":\"https:\\\/\\\/www.fcbarcelonanoticias.com\\\/en\\\/?s={search_term_string}\"},\"query-input\":{\"@type\":\"PropertyValueSpecification\",\"valueRequired\":true,\"valueName\":\"search_term_string\"}}],\"inLanguage\":\"en-US\"},{\"@type\":\"Person\",\"@id\":\"https:\\\/\\\/www.fcbarcelonanoticias.com\\\/en\\\/#\\\/schema\\\/person\\\/c2cd9f6fa1af5c0d0eccd0fefa575c88\",\"name\":\"Andr\u00e9s Quiroz\",\"image\":{\"@type\":\"ImageObject\",\"inLanguage\":\"en-US\",\"@id\":\"https:\\\/\\\/secure.gravatar.com\\\/avatar\\\/?s=96&d=mm&r=g\",\"url\":\"https:\\\/\\\/secure.gravatar.com\\\/avatar\\\/?s=96&d=mm&r=g\",\"contentUrl\":\"https:\\\/\\\/secure.gravatar.com\\\/avatar\\\/?s=96&d=mm&r=g\",\"caption\":\"Andr\u00e9s Quiroz\"},\"description\":\"Licenciado en Periodismo por la Universidad de los Andes. Me encargo de analizar y compartir los contenidos m\u00e1s destacados de la\u00a0actualidad del F\u00fatbol Club Barcelona, Mercado de Fichajes y F\u00fatbol Internacional en FCBN. La informaci\u00f3n es poder, pero tambi\u00e9n conocimiento.\",\"url\":\"https:\\\/\\\/www.fcbarcelonanoticias.com\\\/en\\\/fc-barcelona\\\/andres-quiroz_17_115.html\"}]}<\/script>\n<!-- \/ Yoast SEO plugin. -->","yoast_head_json":{"title":"Marc Casad\u00f3: scare before Celta-Bar\u00e7a, but no injury","description":"Marc Casad\u00f3 was a last-minute absentee for Bar\u00e7a against Celta due to a groin twinge. Find out how the Catalan midfielder is progressing","robots":{"index":"index","follow":"follow","max-snippet":"max-snippet:-1","max-image-preview":"max-image-preview:large","max-video-preview":"max-video-preview:-1"},"canonical":"https:\/\/www.fcbarcelonanoticias.com\/en\/fc-barcelona\/marc-casado-scare-before-celta-barca-but-no-injury_315237_102.html","og_locale":"en_US","og_type":"article","og_title":"Marc Casad\u00f3: scare before Celta-Bar\u00e7a, but no injury","og_description":"Marc Casad\u00f3 was a last-minute absentee for Bar\u00e7a against Celta due to a groin twinge. Find out how the Catalan midfielder is progressing","og_url":"https:\/\/www.fcbarcelonanoticias.com\/en\/fc-barcelona\/marc-casado-scare-before-celta-barca-but-no-injury_315237_102.html","og_site_name":"EN - FC Barcelona Noticias","article_published_time":"2025-11-10T17:50:00+00:00","article_modified_time":"2026-04-06T17:01:43+00:00","og_image":[{"width":1200,"height":675,"url":"https:\/\/www.fcbarcelonanoticias.com\/en\/wp-content\/uploads\/sites\/2\/2025\/11\/marc-casado-fc-barcelona-laliga-25-26.webp","type":"image\/webp"}],"author":"Andr\u00e9s Quiroz","twitter_card":"summary_large_image","twitter_misc":{"Written by":"Andr\u00e9s Quiroz","Est. reading time":"3 minutes"},"schema":{"@context":"https:\/\/schema.org","@graph":[{"@type":"Article","@id":"https:\/\/www.fcbarcelonanoticias.com\/en\/fc-barcelona\/marc-casado-scare-before-celta-barca-but-no-injury_315237_102.html#article","isPartOf":{"@id":"https:\/\/www.fcbarcelonanoticias.com\/en\/fc-barcelona\/marc-casado-scare-before-celta-barca-but-no-injury_315237_102.html"},"author":{"name":"Andr\u00e9s Quiroz","@id":"https:\/\/www.fcbarcelonanoticias.com\/en\/#\/schema\/person\/c2cd9f6fa1af5c0d0eccd0fefa575c88"},"headline":"Marc Casad\u00f3: scare before Celta-Bar\u00e7a, but no injury","datePublished":"2025-11-10T17:50:00+00:00","dateModified":"2026-04-06T17:01:43+00:00","mainEntityOfPage":{"@id":"https:\/\/www.fcbarcelonanoticias.com\/en\/fc-barcelona\/marc-casado-scare-before-celta-barca-but-no-injury_315237_102.html"},"wordCount":545,"image":{"@id":"https:\/\/www.fcbarcelonanoticias.com\/en\/fc-barcelona\/marc-casado-scare-before-celta-barca-but-no-injury_315237_102.html#primaryimage"},"thumbnailUrl":"https:\/\/www.fcbarcelonanoticias.com\/en\/wp-content\/uploads\/sites\/2\/2025\/11\/marc-casado-fc-barcelona-laliga-25-26.webp","keywords":["injured","Marc Casad\u00f3"],"articleSection":["FC Barcelona","Marc Casad\u00f3"],"inLanguage":"en-US"},{"@type":"WebPage","@id":"https:\/\/www.fcbarcelonanoticias.com\/en\/fc-barcelona\/marc-casado-scare-before-celta-barca-but-no-injury_315237_102.html","url":"https:\/\/www.fcbarcelonanoticias.com\/en\/fc-barcelona\/marc-casado-scare-before-celta-barca-but-no-injury_315237_102.html","name":"Marc Casad\u00f3: scare before Celta-Bar\u00e7a, but no injury","isPartOf":{"@id":"https:\/\/www.fcbarcelonanoticias.com\/en\/#website"},"primaryImageOfPage":{"@id":"https:\/\/www.fcbarcelonanoticias.com\/en\/fc-barcelona\/marc-casado-scare-before-celta-barca-but-no-injury_315237_102.html#primaryimage"},"image":{"@id":"https:\/\/www.fcbarcelonanoticias.com\/en\/fc-barcelona\/marc-casado-scare-before-celta-barca-but-no-injury_315237_102.html#primaryimage"},"thumbnailUrl":"https:\/\/www.fcbarcelonanoticias.com\/en\/wp-content\/uploads\/sites\/2\/2025\/11\/marc-casado-fc-barcelona-laliga-25-26.webp","datePublished":"2025-11-10T17:50:00+00:00","dateModified":"2026-04-06T17:01:43+00:00","author":{"@id":"https:\/\/www.fcbarcelonanoticias.com\/en\/#\/schema\/person\/c2cd9f6fa1af5c0d0eccd0fefa575c88"},"description":"Marc Casad\u00f3 was a last-minute absentee for Bar\u00e7a against Celta due to a groin twinge. Find out how the Catalan midfielder is progressing","breadcrumb":{"@id":"https:\/\/www.fcbarcelonanoticias.com\/en\/fc-barcelona\/marc-casado-scare-before-celta-barca-but-no-injury_315237_102.html#breadcrumb"},"inLanguage":"en-US","potentialAction":[{"@type":"ReadAction","target":["https:\/\/www.fcbarcelonanoticias.com\/en\/fc-barcelona\/marc-casado-scare-before-celta-barca-but-no-injury_315237_102.html"]}]},{"@type":"ImageObject","inLanguage":"en-US","@id":"https:\/\/www.fcbarcelonanoticias.com\/en\/fc-barcelona\/marc-casado-scare-before-celta-barca-but-no-injury_315237_102.html#primaryimage","url":"https:\/\/www.fcbarcelonanoticias.com\/en\/wp-content\/uploads\/sites\/2\/2025\/11\/marc-casado-fc-barcelona-laliga-25-26.webp","contentUrl":"https:\/\/www.fcbarcelonanoticias.com\/en\/wp-content\/uploads\/sites\/2\/2025\/11\/marc-casado-fc-barcelona-laliga-25-26.webp","width":1200,"height":675},{"@type":"BreadcrumbList","@id":"https:\/\/www.fcbarcelonanoticias.com\/en\/fc-barcelona\/marc-casado-scare-before-celta-barca-but-no-injury_315237_102.html#breadcrumb","itemListElement":[{"@type":"ListItem","position":1,"name":"Portada","item":"https:\/\/www.fcbarcelonanoticias.com\/en\/"},{"@type":"ListItem","position":2,"name":"Marc Casad\u00f3: scare before Celta-Bar\u00e7a, but no injury"}]},{"@type":"WebSite","@id":"https:\/\/www.fcbarcelonanoticias.com\/en\/#website","url":"https:\/\/www.fcbarcelonanoticias.com\/en\/","name":"EN - FC Barcelona Noticias","description":"","potentialAction":[{"@type":"SearchAction","target":{"@type":"EntryPoint","urlTemplate":"https:\/\/www.fcbarcelonanoticias.com\/en\/?s={search_term_string}"},"query-input":{"@type":"PropertyValueSpecification","valueRequired":true,"valueName":"search_term_string"}}],"inLanguage":"en-US"},{"@type":"Person","@id":"https:\/\/www.fcbarcelonanoticias.com\/en\/#\/schema\/person\/c2cd9f6fa1af5c0d0eccd0fefa575c88","name":"Andr\u00e9s Quiroz","image":{"@type":"ImageObject","inLanguage":"en-US","@id":"https:\/\/secure.gravatar.com\/avatar\/?s=96&d=mm&r=g","url":"https:\/\/secure.gravatar.com\/avatar\/?s=96&d=mm&r=g","contentUrl":"https:\/\/secure.gravatar.com\/avatar\/?s=96&d=mm&r=g","caption":"Andr\u00e9s Quiroz"},"description":"Licenciado en Periodismo por la Universidad de los Andes. Me encargo de analizar y compartir los contenidos m\u00e1s destacados de la\u00a0actualidad del F\u00fatbol Club Barcelona, Mercado de Fichajes y F\u00fatbol Internacional en FCBN. La informaci\u00f3n es poder, pero tambi\u00e9n conocimiento.","url":"https:\/\/www.fcbarcelonanoticias.com\/en\/fc-barcelona\/andres-quiroz_17_115.html"}]}},"_links":{"self":[{"href":"https:\/\/www.fcbarcelonanoticias.com\/en\/wp-json\/wp\/v2\/posts\/25469","targetHints":{"allow":["GET"]}}],"collection":[{"href":"https:\/\/www.fcbarcelonanoticias.com\/en\/wp-json\/wp\/v2\/posts"}],"about":[{"href":"https:\/\/www.fcbarcelonanoticias.com\/en\/wp-json\/wp\/v2\/types\/post"}],"author":[{"embeddable":true,"href":"https:\/\/www.fcbarcelonanoticias.com\/en\/wp-json\/wp\/v2\/users\/347"}],"replies":[{"embeddable":true,"href":"https:\/\/www.fcbarcelonanoticias.com\/en\/wp-json\/wp\/v2\/comments?post=25469"}],"version-history":[{"count":1,"href":"https:\/\/www.fcbarcelonanoticias.com\/en\/wp-json\/wp\/v2\/posts\/25469\/revisions"}],"predecessor-version":[{"id":106990,"href":"https:\/\/www.fcbarcelonanoticias.com\/en\/wp-json\/wp\/v2\/posts\/25469\/revisions\/106990"}],"wp:featuredmedia":[{"embeddable":true,"href":"https:\/\/www.fcbarcelonanoticias.com\/en\/wp-json\/wp\/v2\/media\/25470"}],"wp:attachment":[{"href":"https:\/\/www.fcbarcelonanoticias.com\/en\/wp-json\/wp\/v2\/media?parent=25469"}],"wp:term":[{"taxonomy":"category","embeddable":true,"href":"https:\/\/www.fcbarcelonanoticias.com\/en\/wp-json\/wp\/v2\/categories?post=25469"},{"taxonomy":"post_tag","embeddable":true,"href":"https:\/\/www.fcbarcelonanoticias.com\/en\/wp-json\/wp\/v2\/tags?post=25469"}],"curies":[{"name":"wp","href":"https:\/\/api.w.org\/{rel}","templated":true}]}}