{"id":25471,"date":"2023-11-12T08:48:00","date_gmt":"2023-11-12T07:48:00","guid":{"rendered":"https:\/\/weisetech.dev\/fc-barcelona-noticias\/en\/marc-guiu-is-running-as-great-alternative-endrick-cara-january_297998_102\/"},"modified":"2023-11-12T11:28:00","modified_gmt":"2023-11-12T10:28:00","slug":"marc-guiu-is-running-as-great-alternative-endrick-cara-january_297998_102","status":"publish","type":"post","link":"https:\/\/www.fcbarcelonanoticias.com\/en\/fc-barcelona\/marc-guiu-is-running-as-great-alternative-endrick-cara-january_297998_102.html","title":{"rendered":"Marc Guiu is running as the great alternative to Vitor Roque for January"},"content":{"rendered":"<h2 class=\"wp-block-heading\">Marc Guiu&#8217;s performance with Spain in his debut at the U-17 World Cup confirms the enormous projection of the cul\u00e9 striker. In that sense, the club sees the youth player as a reinforcement capable of &#8216;replacing&#8217; Vitor Roque in January if the Brazilian&#8217;s arrival could not be brought forward<\/h2>  \r\n<div class=\"article-addons\">\r\n    <a href=\"https:\/\/www.fcbarcelonanoticias.com\/en\/calendar-fc-barcelona.html\"\r\n       target=\"_self\"\r\n       title=\"Calendar of FC Barcelona\"\r\n       class=\"blue-gredient-btn\">\r\n       \r\n        Calendar of FC Barcelona    <\/a>\r\n<\/div>   <p>The FC Barcelona can have in Marc Guiu <strong>to the ideal reinforcement for the second half of the 2023\/24<\/strong>. Although the directive does not lose the hopes to <a data-external=\"0\" data-intl-links-en=\"https:\/\/www.fcbarcelonanoticias.com\/en\/transfers\/vitor-roque-or-pivote-the-barca-does-not-surrender-of-face-to-the-wintry-market_297921_102.html\" data-intl-links-es=\"https:\/\/www.fcbarcelonanoticias.com\/fichajes\/vitor-roque-pivote-barca-no-se-rinde-cara-mercado-invernal_297921_102.html\" href=\"https:\/\/www.fcbarcelonanoticias.com\/en\/transfers\/vitor-roque-or-pivote-the-barca-does-not-surrender-of-face-to-the-wintry-market_297921_102.html\" rel=\"follow\" target=\"_self\" title=\"\u00bfVitor Roque o un pivote? El Bar\u00e7a no se rinde de cara al mercado invernal\">advance the arrival of Vitor Roque for the wintry market<\/a>, the true is that the big present of the of Granollers with the filial and the Sub-17 Spaniard, added to his historical debut goleador with the first team cul\u00e9, give sufficient reasons for ilusionarse.<\/p>  <p>In this sense, in Can Bar\u00e7a see in Guiu an able figure of &#8216;relieve&#8217; the impact that would have the still attacker of the Paranaense if finally it could not advance his arrival. <strong>The Brazilian still is still in full recovery after the injury that suffered does some months and wait that the Barcelona can concretise his signing for winter, but the reality is that the Fair Play hampers a lot of all this.<\/strong><\/p>  <h2>The plans of the Bar\u00e7a with Marc Guiu for the 2\u00aa half of season<\/h2>  <p>For the Bar\u00e7a, the have a &#8216;9&#8217; acting of Robert Lewandowski is fundamental for the second half of the 2023\/24. <a data-external=\"0\" data-intl-links-en=\"https:\/\/www.fcbarcelonanoticias.com\/en\/fc-barcelona\/the-data-that-confirm-the-fault-of-goal-of-lewandowski-in-the-barca_297936_102.html\" data-intl-links-es=\"https:\/\/www.fcbarcelonanoticias.com\/fc-barcelona\/datos-confirman-falta-gol-lewandowski-en-barca_297936_102.html\" href=\"https:\/\/www.fcbarcelonanoticias.com\/en\/fc-barcelona\/the-data-that-confirm-the-fault-of-goal-of-lewandowski-in-the-barca_297936_102.html\" rel=\"follow\" target=\"_self\" title=\"Los datos que 'confirman' la falta de gol de Lewandowski en el Bar\u00e7a\">The problems of the Pole to recover his usual forcefulness<\/a> have carried to the club to do an extra effort for advancing the arrival of Vitor Roque, a factor that would condition the minutes of Marc Guiu with the first team. However, in case of not being able to have to &#8216;Tigrinho&#8217;, is more than likely that Xavi &#8216;throw&#8217; of the canterano like alternative for Lewy.<\/p>  <p>In this sense, the priority of the Bar\u00e7a is to give the greater possible shooting to the juvenile, so much with the ones of Xavi as with the filial. <strong>The forward of 17 years already premi\u00e8red like goleador so much in the First RFEF as in the UEFA Youth League<\/strong>, by which if it does not arrive Roque minutes will not be missing him once conclude his performance with Spain in the World-wide Sub-17. In the meantime, the value of the of Granollers follows increasing and will do it even more in case that it become an usual member of the first team from January.<\/p> ","protected":false},"excerpt":{"rendered":"<p>Marc Guiu&#8217;s performance with Spain in his debut at the U-17 World Cup confirms the enormous projection of the cul\u00e9 striker. In that sense, the club sees the youth player as a reinforcement capable of &#8216;replacing&#8217; Vitor Roque in January if the Brazilian&#8217;s arrival could not be brought forward The FC Barcelona can have in [&hellip;]<\/p>\n","protected":false},"author":347,"featured_media":17329,"comment_status":"closed","ping_status":"open","sticky":false,"template":"","format":"standard","meta":{"_acf_changed":false,"inline_featured_image":false,"_nextfly_llmd_date_locked":false,"footnotes":""},"categories":[111],"tags":[310,327],"class_list":["post-25471","post","type-post","status-publish","format-standard","has-post-thumbnail","hentry","category-fc-barcelona","tag-marc-guiu","tag-vitor-roque"],"acf":[],"yoast_head":"<!-- This site is optimized with the Yoast SEO plugin v27.3 - https:\/\/yoast.com\/product\/yoast-seo-wordpress\/ -->\n<title>Marc Guiu is running as the great alternative to Vitor Roque for January<\/title>\n<meta name=\"description\" content=\"Marc Guiu&#039;s performance with Spain in his debut at the U-17 World Cup confirms the enormous projection of the cul\u00e9 striker. In that sense, the club sees the youth player as a reinforcement capable of &#039;replacing&#039; Vitor Roque in January if the Brazilian&#039;s arrival could not be brought forward\" \/>\n<meta name=\"robots\" content=\"index, follow, max-snippet:-1, max-image-preview:large, max-video-preview:-1\" \/>\n<link rel=\"canonical\" href=\"https:\/\/www.fcbarcelonanoticias.com\/en\/fc-barcelona\/marc-guiu-is-running-as-great-alternative-endrick-cara-january_297998_102.html\" \/>\n<meta property=\"og:locale\" content=\"en_US\" \/>\n<meta property=\"og:type\" content=\"article\" \/>\n<meta property=\"og:title\" content=\"Marc Guiu is running as the great alternative to Vitor Roque for January\" \/>\n<meta property=\"og:description\" content=\"Marc Guiu&#039;s performance with Spain in his debut at the U-17 World Cup confirms the enormous projection of the cul\u00e9 striker. In that sense, the club sees the youth player as a reinforcement capable of &#039;replacing&#039; Vitor Roque in January if the Brazilian&#039;s arrival could not be brought forward\" \/>\n<meta property=\"og:url\" content=\"https:\/\/www.fcbarcelonanoticias.com\/en\/fc-barcelona\/marc-guiu-is-running-as-great-alternative-endrick-cara-january_297998_102.html\" \/>\n<meta property=\"og:site_name\" content=\"EN - FC Barcelona Noticias\" \/>\n<meta property=\"article:published_time\" content=\"2023-11-12T07:48:00+00:00\" \/>\n<meta property=\"article:modified_time\" content=\"2023-11-12T10:28:00+00:00\" \/>\n<meta property=\"og:image\" content=\"https:\/\/www.fcbarcelonanoticias.com\/en\/wp-content\/uploads\/sites\/2\/2023\/10\/guiu-gol-barca.jpeg\" \/>\n\t<meta property=\"og:image:width\" content=\"1300\" \/>\n\t<meta property=\"og:image:height\" content=\"732\" \/>\n\t<meta property=\"og:image:type\" content=\"image\/jpeg\" \/>\n<meta name=\"author\" content=\"Andr\u00e9s Quiroz\" \/>\n<meta name=\"twitter:card\" content=\"summary_large_image\" \/>\n<meta name=\"twitter:label1\" content=\"Written by\" \/>\n\t<meta name=\"twitter:data1\" content=\"Andr\u00e9s Quiroz\" \/>\n\t<meta name=\"twitter:label2\" content=\"Est. reading time\" \/>\n\t<meta name=\"twitter:data2\" content=\"2 minutes\" \/>\n<script type=\"application\/ld+json\" class=\"yoast-schema-graph\">{\"@context\":\"https:\\\/\\\/schema.org\",\"@graph\":[{\"@type\":\"Article\",\"@id\":\"https:\\\/\\\/www.fcbarcelonanoticias.com\\\/en\\\/fc-barcelona\\\/marc-guiu-is-running-as-great-alternative-endrick-cara-january_297998_102.html#article\",\"isPartOf\":{\"@id\":\"https:\\\/\\\/www.fcbarcelonanoticias.com\\\/en\\\/fc-barcelona\\\/marc-guiu-is-running-as-great-alternative-endrick-cara-january_297998_102.html\"},\"author\":{\"name\":\"Andr\u00e9s Quiroz\",\"@id\":\"https:\\\/\\\/www.fcbarcelonanoticias.com\\\/en\\\/#\\\/schema\\\/person\\\/c2cd9f6fa1af5c0d0eccd0fefa575c88\"},\"headline\":\"Marc Guiu is running as the great alternative to Vitor Roque for January\",\"datePublished\":\"2023-11-12T07:48:00+00:00\",\"dateModified\":\"2023-11-12T10:28:00+00:00\",\"mainEntityOfPage\":{\"@id\":\"https:\\\/\\\/www.fcbarcelonanoticias.com\\\/en\\\/fc-barcelona\\\/marc-guiu-is-running-as-great-alternative-endrick-cara-january_297998_102.html\"},\"wordCount\":415,\"image\":{\"@id\":\"https:\\\/\\\/www.fcbarcelonanoticias.com\\\/en\\\/fc-barcelona\\\/marc-guiu-is-running-as-great-alternative-endrick-cara-january_297998_102.html#primaryimage\"},\"thumbnailUrl\":\"https:\\\/\\\/www.fcbarcelonanoticias.com\\\/en\\\/wp-content\\\/uploads\\\/sites\\\/2\\\/2023\\\/10\\\/guiu-gol-barca.jpeg\",\"keywords\":[\"Marc Guiu\",\"Vitor Roque\"],\"articleSection\":[\"FC Barcelona\"],\"inLanguage\":\"en-US\"},{\"@type\":\"WebPage\",\"@id\":\"https:\\\/\\\/www.fcbarcelonanoticias.com\\\/en\\\/fc-barcelona\\\/marc-guiu-is-running-as-great-alternative-endrick-cara-january_297998_102.html\",\"url\":\"https:\\\/\\\/www.fcbarcelonanoticias.com\\\/en\\\/fc-barcelona\\\/marc-guiu-is-running-as-great-alternative-endrick-cara-january_297998_102.html\",\"name\":\"Marc Guiu is running as the great alternative to Vitor Roque for January\",\"isPartOf\":{\"@id\":\"https:\\\/\\\/www.fcbarcelonanoticias.com\\\/en\\\/#website\"},\"primaryImageOfPage\":{\"@id\":\"https:\\\/\\\/www.fcbarcelonanoticias.com\\\/en\\\/fc-barcelona\\\/marc-guiu-is-running-as-great-alternative-endrick-cara-january_297998_102.html#primaryimage\"},\"image\":{\"@id\":\"https:\\\/\\\/www.fcbarcelonanoticias.com\\\/en\\\/fc-barcelona\\\/marc-guiu-is-running-as-great-alternative-endrick-cara-january_297998_102.html#primaryimage\"},\"thumbnailUrl\":\"https:\\\/\\\/www.fcbarcelonanoticias.com\\\/en\\\/wp-content\\\/uploads\\\/sites\\\/2\\\/2023\\\/10\\\/guiu-gol-barca.jpeg\",\"datePublished\":\"2023-11-12T07:48:00+00:00\",\"dateModified\":\"2023-11-12T10:28:00+00:00\",\"author\":{\"@id\":\"https:\\\/\\\/www.fcbarcelonanoticias.com\\\/en\\\/#\\\/schema\\\/person\\\/c2cd9f6fa1af5c0d0eccd0fefa575c88\"},\"description\":\"Marc Guiu's performance with Spain in his debut at the U-17 World Cup confirms the enormous projection of the cul\u00e9 striker. In that sense, the club sees the youth player as a reinforcement capable of 'replacing' Vitor Roque in January if the Brazilian's arrival could not be brought forward\",\"breadcrumb\":{\"@id\":\"https:\\\/\\\/www.fcbarcelonanoticias.com\\\/en\\\/fc-barcelona\\\/marc-guiu-is-running-as-great-alternative-endrick-cara-january_297998_102.html#breadcrumb\"},\"inLanguage\":\"en-US\",\"potentialAction\":[{\"@type\":\"ReadAction\",\"target\":[\"https:\\\/\\\/www.fcbarcelonanoticias.com\\\/en\\\/fc-barcelona\\\/marc-guiu-is-running-as-great-alternative-endrick-cara-january_297998_102.html\"]}]},{\"@type\":\"ImageObject\",\"inLanguage\":\"en-US\",\"@id\":\"https:\\\/\\\/www.fcbarcelonanoticias.com\\\/en\\\/fc-barcelona\\\/marc-guiu-is-running-as-great-alternative-endrick-cara-january_297998_102.html#primaryimage\",\"url\":\"https:\\\/\\\/www.fcbarcelonanoticias.com\\\/en\\\/wp-content\\\/uploads\\\/sites\\\/2\\\/2023\\\/10\\\/guiu-gol-barca.jpeg\",\"contentUrl\":\"https:\\\/\\\/www.fcbarcelonanoticias.com\\\/en\\\/wp-content\\\/uploads\\\/sites\\\/2\\\/2023\\\/10\\\/guiu-gol-barca.jpeg\",\"width\":1300,\"height\":732},{\"@type\":\"BreadcrumbList\",\"@id\":\"https:\\\/\\\/www.fcbarcelonanoticias.com\\\/en\\\/fc-barcelona\\\/marc-guiu-is-running-as-great-alternative-endrick-cara-january_297998_102.html#breadcrumb\",\"itemListElement\":[{\"@type\":\"ListItem\",\"position\":1,\"name\":\"Portada\",\"item\":\"https:\\\/\\\/www.fcbarcelonanoticias.com\\\/en\\\/\"},{\"@type\":\"ListItem\",\"position\":2,\"name\":\"Marc Guiu is running as the great alternative to Vitor Roque for January\"}]},{\"@type\":\"WebSite\",\"@id\":\"https:\\\/\\\/www.fcbarcelonanoticias.com\\\/en\\\/#website\",\"url\":\"https:\\\/\\\/www.fcbarcelonanoticias.com\\\/en\\\/\",\"name\":\"EN - FC Barcelona Noticias\",\"description\":\"\",\"potentialAction\":[{\"@type\":\"SearchAction\",\"target\":{\"@type\":\"EntryPoint\",\"urlTemplate\":\"https:\\\/\\\/www.fcbarcelonanoticias.com\\\/en\\\/?s={search_term_string}\"},\"query-input\":{\"@type\":\"PropertyValueSpecification\",\"valueRequired\":true,\"valueName\":\"search_term_string\"}}],\"inLanguage\":\"en-US\"},{\"@type\":\"Person\",\"@id\":\"https:\\\/\\\/www.fcbarcelonanoticias.com\\\/en\\\/#\\\/schema\\\/person\\\/c2cd9f6fa1af5c0d0eccd0fefa575c88\",\"name\":\"Andr\u00e9s Quiroz\",\"image\":{\"@type\":\"ImageObject\",\"inLanguage\":\"en-US\",\"@id\":\"https:\\\/\\\/secure.gravatar.com\\\/avatar\\\/?s=96&d=mm&r=g\",\"url\":\"https:\\\/\\\/secure.gravatar.com\\\/avatar\\\/?s=96&d=mm&r=g\",\"contentUrl\":\"https:\\\/\\\/secure.gravatar.com\\\/avatar\\\/?s=96&d=mm&r=g\",\"caption\":\"Andr\u00e9s Quiroz\"},\"description\":\"Licenciado en Periodismo por la Universidad de los Andes. Me encargo de analizar y compartir los contenidos m\u00e1s destacados de la\u00a0actualidad del F\u00fatbol Club Barcelona, Mercado de Fichajes y F\u00fatbol Internacional en FCBN. La informaci\u00f3n es poder, pero tambi\u00e9n conocimiento.\",\"url\":\"https:\\\/\\\/www.fcbarcelonanoticias.com\\\/en\\\/fc-barcelona\\\/andres-quiroz_17_115.html\"}]}<\/script>\n<!-- \/ Yoast SEO plugin. -->","yoast_head_json":{"title":"Marc Guiu is running as the great alternative to Vitor Roque for January","description":"Marc Guiu's performance with Spain in his debut at the U-17 World Cup confirms the enormous projection of the cul\u00e9 striker. In that sense, the club sees the youth player as a reinforcement capable of 'replacing' Vitor Roque in January if the Brazilian's arrival could not be brought forward","robots":{"index":"index","follow":"follow","max-snippet":"max-snippet:-1","max-image-preview":"max-image-preview:large","max-video-preview":"max-video-preview:-1"},"canonical":"https:\/\/www.fcbarcelonanoticias.com\/en\/fc-barcelona\/marc-guiu-is-running-as-great-alternative-endrick-cara-january_297998_102.html","og_locale":"en_US","og_type":"article","og_title":"Marc Guiu is running as the great alternative to Vitor Roque for January","og_description":"Marc Guiu's performance with Spain in his debut at the U-17 World Cup confirms the enormous projection of the cul\u00e9 striker. In that sense, the club sees the youth player as a reinforcement capable of 'replacing' Vitor Roque in January if the Brazilian's arrival could not be brought forward","og_url":"https:\/\/www.fcbarcelonanoticias.com\/en\/fc-barcelona\/marc-guiu-is-running-as-great-alternative-endrick-cara-january_297998_102.html","og_site_name":"EN - FC Barcelona Noticias","article_published_time":"2023-11-12T07:48:00+00:00","article_modified_time":"2023-11-12T10:28:00+00:00","og_image":[{"width":1300,"height":732,"url":"https:\/\/www.fcbarcelonanoticias.com\/en\/wp-content\/uploads\/sites\/2\/2023\/10\/guiu-gol-barca.jpeg","type":"image\/jpeg"}],"author":"Andr\u00e9s Quiroz","twitter_card":"summary_large_image","twitter_misc":{"Written by":"Andr\u00e9s Quiroz","Est. reading time":"2 minutes"},"schema":{"@context":"https:\/\/schema.org","@graph":[{"@type":"Article","@id":"https:\/\/www.fcbarcelonanoticias.com\/en\/fc-barcelona\/marc-guiu-is-running-as-great-alternative-endrick-cara-january_297998_102.html#article","isPartOf":{"@id":"https:\/\/www.fcbarcelonanoticias.com\/en\/fc-barcelona\/marc-guiu-is-running-as-great-alternative-endrick-cara-january_297998_102.html"},"author":{"name":"Andr\u00e9s Quiroz","@id":"https:\/\/www.fcbarcelonanoticias.com\/en\/#\/schema\/person\/c2cd9f6fa1af5c0d0eccd0fefa575c88"},"headline":"Marc Guiu is running as the great alternative to Vitor Roque for January","datePublished":"2023-11-12T07:48:00+00:00","dateModified":"2023-11-12T10:28:00+00:00","mainEntityOfPage":{"@id":"https:\/\/www.fcbarcelonanoticias.com\/en\/fc-barcelona\/marc-guiu-is-running-as-great-alternative-endrick-cara-january_297998_102.html"},"wordCount":415,"image":{"@id":"https:\/\/www.fcbarcelonanoticias.com\/en\/fc-barcelona\/marc-guiu-is-running-as-great-alternative-endrick-cara-january_297998_102.html#primaryimage"},"thumbnailUrl":"https:\/\/www.fcbarcelonanoticias.com\/en\/wp-content\/uploads\/sites\/2\/2023\/10\/guiu-gol-barca.jpeg","keywords":["Marc Guiu","Vitor Roque"],"articleSection":["FC Barcelona"],"inLanguage":"en-US"},{"@type":"WebPage","@id":"https:\/\/www.fcbarcelonanoticias.com\/en\/fc-barcelona\/marc-guiu-is-running-as-great-alternative-endrick-cara-january_297998_102.html","url":"https:\/\/www.fcbarcelonanoticias.com\/en\/fc-barcelona\/marc-guiu-is-running-as-great-alternative-endrick-cara-january_297998_102.html","name":"Marc Guiu is running as the great alternative to Vitor Roque for January","isPartOf":{"@id":"https:\/\/www.fcbarcelonanoticias.com\/en\/#website"},"primaryImageOfPage":{"@id":"https:\/\/www.fcbarcelonanoticias.com\/en\/fc-barcelona\/marc-guiu-is-running-as-great-alternative-endrick-cara-january_297998_102.html#primaryimage"},"image":{"@id":"https:\/\/www.fcbarcelonanoticias.com\/en\/fc-barcelona\/marc-guiu-is-running-as-great-alternative-endrick-cara-january_297998_102.html#primaryimage"},"thumbnailUrl":"https:\/\/www.fcbarcelonanoticias.com\/en\/wp-content\/uploads\/sites\/2\/2023\/10\/guiu-gol-barca.jpeg","datePublished":"2023-11-12T07:48:00+00:00","dateModified":"2023-11-12T10:28:00+00:00","author":{"@id":"https:\/\/www.fcbarcelonanoticias.com\/en\/#\/schema\/person\/c2cd9f6fa1af5c0d0eccd0fefa575c88"},"description":"Marc Guiu's performance with Spain in his debut at the U-17 World Cup confirms the enormous projection of the cul\u00e9 striker. In that sense, the club sees the youth player as a reinforcement capable of 'replacing' Vitor Roque in January if the Brazilian's arrival could not be brought forward","breadcrumb":{"@id":"https:\/\/www.fcbarcelonanoticias.com\/en\/fc-barcelona\/marc-guiu-is-running-as-great-alternative-endrick-cara-january_297998_102.html#breadcrumb"},"inLanguage":"en-US","potentialAction":[{"@type":"ReadAction","target":["https:\/\/www.fcbarcelonanoticias.com\/en\/fc-barcelona\/marc-guiu-is-running-as-great-alternative-endrick-cara-january_297998_102.html"]}]},{"@type":"ImageObject","inLanguage":"en-US","@id":"https:\/\/www.fcbarcelonanoticias.com\/en\/fc-barcelona\/marc-guiu-is-running-as-great-alternative-endrick-cara-january_297998_102.html#primaryimage","url":"https:\/\/www.fcbarcelonanoticias.com\/en\/wp-content\/uploads\/sites\/2\/2023\/10\/guiu-gol-barca.jpeg","contentUrl":"https:\/\/www.fcbarcelonanoticias.com\/en\/wp-content\/uploads\/sites\/2\/2023\/10\/guiu-gol-barca.jpeg","width":1300,"height":732},{"@type":"BreadcrumbList","@id":"https:\/\/www.fcbarcelonanoticias.com\/en\/fc-barcelona\/marc-guiu-is-running-as-great-alternative-endrick-cara-january_297998_102.html#breadcrumb","itemListElement":[{"@type":"ListItem","position":1,"name":"Portada","item":"https:\/\/www.fcbarcelonanoticias.com\/en\/"},{"@type":"ListItem","position":2,"name":"Marc Guiu is running as the great alternative to Vitor Roque for January"}]},{"@type":"WebSite","@id":"https:\/\/www.fcbarcelonanoticias.com\/en\/#website","url":"https:\/\/www.fcbarcelonanoticias.com\/en\/","name":"EN - FC Barcelona Noticias","description":"","potentialAction":[{"@type":"SearchAction","target":{"@type":"EntryPoint","urlTemplate":"https:\/\/www.fcbarcelonanoticias.com\/en\/?s={search_term_string}"},"query-input":{"@type":"PropertyValueSpecification","valueRequired":true,"valueName":"search_term_string"}}],"inLanguage":"en-US"},{"@type":"Person","@id":"https:\/\/www.fcbarcelonanoticias.com\/en\/#\/schema\/person\/c2cd9f6fa1af5c0d0eccd0fefa575c88","name":"Andr\u00e9s Quiroz","image":{"@type":"ImageObject","inLanguage":"en-US","@id":"https:\/\/secure.gravatar.com\/avatar\/?s=96&d=mm&r=g","url":"https:\/\/secure.gravatar.com\/avatar\/?s=96&d=mm&r=g","contentUrl":"https:\/\/secure.gravatar.com\/avatar\/?s=96&d=mm&r=g","caption":"Andr\u00e9s Quiroz"},"description":"Licenciado en Periodismo por la Universidad de los Andes. Me encargo de analizar y compartir los contenidos m\u00e1s destacados de la\u00a0actualidad del F\u00fatbol Club Barcelona, Mercado de Fichajes y F\u00fatbol Internacional en FCBN. La informaci\u00f3n es poder, pero tambi\u00e9n conocimiento.","url":"https:\/\/www.fcbarcelonanoticias.com\/en\/fc-barcelona\/andres-quiroz_17_115.html"}]}},"_links":{"self":[{"href":"https:\/\/www.fcbarcelonanoticias.com\/en\/wp-json\/wp\/v2\/posts\/25471","targetHints":{"allow":["GET"]}}],"collection":[{"href":"https:\/\/www.fcbarcelonanoticias.com\/en\/wp-json\/wp\/v2\/posts"}],"about":[{"href":"https:\/\/www.fcbarcelonanoticias.com\/en\/wp-json\/wp\/v2\/types\/post"}],"author":[{"embeddable":true,"href":"https:\/\/www.fcbarcelonanoticias.com\/en\/wp-json\/wp\/v2\/users\/347"}],"replies":[{"embeddable":true,"href":"https:\/\/www.fcbarcelonanoticias.com\/en\/wp-json\/wp\/v2\/comments?post=25471"}],"version-history":[{"count":1,"href":"https:\/\/www.fcbarcelonanoticias.com\/en\/wp-json\/wp\/v2\/posts\/25471\/revisions"}],"predecessor-version":[{"id":107004,"href":"https:\/\/www.fcbarcelonanoticias.com\/en\/wp-json\/wp\/v2\/posts\/25471\/revisions\/107004"}],"wp:featuredmedia":[{"embeddable":true,"href":"https:\/\/www.fcbarcelonanoticias.com\/en\/wp-json\/wp\/v2\/media\/17329"}],"wp:attachment":[{"href":"https:\/\/www.fcbarcelonanoticias.com\/en\/wp-json\/wp\/v2\/media?parent=25471"}],"wp:term":[{"taxonomy":"category","embeddable":true,"href":"https:\/\/www.fcbarcelonanoticias.com\/en\/wp-json\/wp\/v2\/categories?post=25471"},{"taxonomy":"post_tag","embeddable":true,"href":"https:\/\/www.fcbarcelonanoticias.com\/en\/wp-json\/wp\/v2\/tags?post=25471"}],"curies":[{"name":"wp","href":"https:\/\/api.w.org\/{rel}","templated":true}]}}