{"id":25568,"date":"2025-03-25T20:03:00","date_gmt":"2025-03-25T19:03:00","guid":{"rendered":"https:\/\/weisetech.dev\/fc-barcelona-noticias\/en\/masia-has-the-replacement-for-araujo-and-cubarsi-the-surprise-in-flick-plans_311728_102\/"},"modified":"2025-03-25T20:09:00","modified_gmt":"2025-03-25T19:09:00","slug":"masia-has-the-replacement-for-araujo-and-cubarsi-the-surprise-in-flick-plans_311728_102","status":"publish","type":"post","link":"https:\/\/www.fcbarcelonanoticias.com\/en\/fc-barcelona\/masia-has-the-replacement-for-araujo-and-cubarsi-the-surprise-in-flick-plans_311728_102.html","title":{"rendered":"La Masia has the replacement for Araujo and Cubars\u00ed: the surprise in Flick&#8217;s plans"},"content":{"rendered":"<h2 class=\"wp-block-heading\">Hansi Flick has found in La Masia the substitute for Pau Cubars\u00ed and Ronald Araujo for the match against Osasuna. The youth player Alexis Olmedo is set to be included in the squad to cover for both center-backs<\/h2>  \r\n<div class=\"article-addons\">\r\n    <a href=\"https:\/\/www.fcbarcelonanoticias.com\/en\/calendar-fc-barcelona.html\"\r\n       target=\"_self\"\r\n       title=\"Calendar of FC Barcelona\"\r\n       class=\"blue-gredient-btn\">\r\n       \r\n        Calendar of FC Barcelona    <\/a>\r\n<\/div>   <p><a data-external=\"0\" data-intl-links-en=\"https:\/\/www.fcbarcelonanoticias.com\/en\/fc-barcelona\/fc-barcelona-new-training-session-before-the-match-against-osasuna-is-cubarsi-ready-to-play_311719_102.html\" data-intl-links-es=\"https:\/\/www.fcbarcelonanoticias.com\/fc-barcelona\/fc-barcelona-nueva-sesion-entrenamiento-antes-duelo-con-osasuna-cubarsi-listo-jugar_311719_102.html\" href=\"https:\/\/www.fcbarcelonanoticias.com\/en\/fc-barcelona\/fc-barcelona-new-training-session-before-the-match-against-osasuna-is-cubarsi-ready-to-play_311719_102.html\" rel=\"follow\" target=\"_self\" title=\"FC Barcelona: New training session before the match against Osasuna: Is Cubars\u00ed ready to play?\">FC Barcelona continued their preparation for the match against Osasuna<\/a> on Thursday, March 27. A match that the cul\u00e9s will approach with a weakened defense due to injuries to <strong>Andreas Christensen<\/strong> and <strong>Pau Cubars\u00ed<\/strong> and the absence of <strong>Ronald Araujo<\/strong>, who will join the squad late due to the international commitment between <strong>Uruguay<\/strong> and <strong>Bolivia<\/strong> this Tuesday.<\/p>  <p>For this reason, <strong>Hansi Flick<\/strong> has called up the 19-year-old youth player <strong>Alexis Olmedo<\/strong> for the second consecutive day to participate in the first team&#8217;s training. The defender had been a key player for <strong>Bar\u00e7a Atl\u00e8tic<\/strong> at the beginning of the season, but a stress fracture in his right femur prevented him from playing for the first two and a half months of 2025. However, the player returned against <strong>Bilbao Athletic<\/strong> last Saturday and is set to be crucial for <strong>Sergi Mil\u00e0<\/strong>&#8216;s team for the remainder of the season.<\/p>  <p><strong>Olmedo<\/strong> already knows what it is like to be part of the first team, as he was part of the azulgrana expedition during the pre-season tour in the United States. Although he did not see minutes in any of the friendlies on American soil, he could have his chance to debut in the match against the rojillos, as <strong>he is expected to be called up by the German coach to cover for the absences of the Catalan and the Uruguayan<\/strong>.<\/p>  <h2>Uncertainty surrounding Cubars\u00ed&#8217;s physical condition<\/h2>  <p>And despite the fact that <strong>Bar\u00e7a<\/strong> hoped to have <strong>Cubars\u00ed<\/strong> available for Thursday&#8217;s match, uncertainty still surrounds the player and his physical condition. <strong>In Tuesday&#8217;s session, the &#8216;2&#8217; participated on the sidelines of the group<\/strong>, so his participation in the match against Vicente Moreno&#8217;s team seems unlikely due to the limited time available and the necessary caution for his recovery.<\/p>  <p><strong>Flick<\/strong> is very clear that, although he must solve the &#8216;puzzle&#8217; he has in the center of defense, <strong>he will not take any risks with Pau<\/strong> if there is a possibility of worsening the injury, as the defender is a key piece in his team and he cannot afford to lose him for the long term as they enter the decisive stretch of the season.<\/p>  <p>The good news for the club is that <strong>I\u00f1igo Mart\u00ednez<\/strong>, who rejoined the azulgrana discipline in training last Monday, is fit to play and is likely to form a central duo with <strong>Eric Garc\u00eda<\/strong> in the match that will take place in <strong>Montju\u00efc<\/strong>, awaiting a <strong><a data-external=\"0\" data-intl-links-en=\"https:\/\/www.fcbarcelonanoticias.com\/en\/football\/uruguay-and-bielsa-create-headache-for-barca-over-ronald-araujo_311678_102.html\" data-intl-links-es=\"https:\/\/www.fcbarcelonanoticias.com\/futbol\/uruguay-bielsa-generan-dolor-cabeza-barca-por-ronald-araujo_311678_102.html\" href=\"https:\/\/www.fcbarcelonanoticias.com\/en\/football\/uruguay-and-bielsa-create-headache-for-barca-over-ronald-araujo_311678_102.html\" rel=\"follow\" target=\"_self\" title=\"Uruguay and Bielsa create a headache for Bar\u00e7a over Ronald Araujo\">Ronald Araujo<\/a><\/strong> who will join the group on Wednesday and could be a solution for the team from the bench.<\/p> ","protected":false},"excerpt":{"rendered":"<p>Hansi Flick has found in La Masia the substitute for Pau Cubars\u00ed and Ronald Araujo for the match against Osasuna. The youth player Alexis Olmedo is set to be included in the squad to cover for both center-backs FC Barcelona continued their preparation for the match against Osasuna on Thursday, March 27. A match that [&hellip;]<\/p>\n","protected":false},"author":358,"featured_media":25569,"comment_status":"closed","ping_status":"open","sticky":false,"template":"","format":"standard","meta":{"_acf_changed":false,"inline_featured_image":false,"_nextfly_llmd_date_locked":false,"footnotes":""},"categories":[111],"tags":[44,87],"class_list":["post-25568","post","type-post","status-publish","format-standard","has-post-thumbnail","hentry","category-fc-barcelona","tag-barcelona-vs-osasuna","tag-hansi-flick"],"acf":[],"yoast_head":"<!-- This site is optimized with the Yoast SEO plugin v27.3 - https:\/\/yoast.com\/product\/yoast-seo-wordpress\/ -->\n<title>La Masia has the replacement for Araujo and Cubars\u00ed: the surprise in Flick&#039;s plans<\/title>\n<meta name=\"description\" content=\"Hansi Flick has found in La Masia the substitute for Pau Cubars\u00ed and Ronald Araujo for the match against Osasuna. The youth player Alexis Olmedo is set to be included in...\" \/>\n<meta name=\"robots\" content=\"index, follow, max-snippet:-1, max-image-preview:large, max-video-preview:-1\" \/>\n<link rel=\"canonical\" href=\"https:\/\/www.fcbarcelonanoticias.com\/en\/fc-barcelona\/masia-has-the-replacement-for-araujo-and-cubarsi-the-surprise-in-flick-plans_311728_102.html\" \/>\n<meta property=\"og:locale\" content=\"en_US\" \/>\n<meta property=\"og:type\" content=\"article\" \/>\n<meta property=\"og:title\" content=\"La Masia has the replacement for Araujo and Cubars\u00ed: the surprise in Flick&#039;s plans\" \/>\n<meta property=\"og:description\" content=\"Hansi Flick has found in La Masia the substitute for Pau Cubars\u00ed and Ronald Araujo for the match against Osasuna. The youth player Alexis Olmedo is set to be included in...\" \/>\n<meta property=\"og:url\" content=\"https:\/\/www.fcbarcelonanoticias.com\/en\/fc-barcelona\/masia-has-the-replacement-for-araujo-and-cubarsi-the-surprise-in-flick-plans_311728_102.html\" \/>\n<meta property=\"og:site_name\" content=\"EN - FC Barcelona Noticias\" \/>\n<meta property=\"article:published_time\" content=\"2025-03-25T19:03:00+00:00\" \/>\n<meta property=\"article:modified_time\" content=\"2025-03-25T19:09:00+00:00\" \/>\n<meta property=\"og:image\" content=\"https:\/\/www.fcbarcelonanoticias.com\/en\/wp-content\/uploads\/sites\/2\/2025\/03\/real-madrid-cf-v-fc-barcelona-laliga-ea-sports-4-1.webp\" \/>\n\t<meta property=\"og:image:width\" content=\"1200\" \/>\n\t<meta property=\"og:image:height\" content=\"675\" \/>\n\t<meta property=\"og:image:type\" content=\"image\/webp\" \/>\n<meta name=\"author\" content=\"Juan Pablo Berdugo\" \/>\n<meta name=\"twitter:card\" content=\"summary_large_image\" \/>\n<meta name=\"twitter:label1\" content=\"Written by\" \/>\n\t<meta name=\"twitter:data1\" content=\"Juan Pablo Berdugo\" \/>\n\t<meta name=\"twitter:label2\" content=\"Est. reading time\" \/>\n\t<meta name=\"twitter:data2\" content=\"2 minutes\" \/>\n<script type=\"application\/ld+json\" class=\"yoast-schema-graph\">{\"@context\":\"https:\\\/\\\/schema.org\",\"@graph\":[{\"@type\":\"Article\",\"@id\":\"https:\\\/\\\/www.fcbarcelonanoticias.com\\\/en\\\/fc-barcelona\\\/masia-has-the-replacement-for-araujo-and-cubarsi-the-surprise-in-flick-plans_311728_102.html#article\",\"isPartOf\":{\"@id\":\"https:\\\/\\\/www.fcbarcelonanoticias.com\\\/en\\\/fc-barcelona\\\/masia-has-the-replacement-for-araujo-and-cubarsi-the-surprise-in-flick-plans_311728_102.html\"},\"author\":{\"name\":\"Juan Pablo Berdugo\",\"@id\":\"https:\\\/\\\/www.fcbarcelonanoticias.com\\\/en\\\/#\\\/schema\\\/person\\\/88d756918a0a1ae9fa593b5edddd1815\"},\"headline\":\"La Masia has the replacement for Araujo and Cubars\u00ed: the surprise in Flick&#8217;s plans\",\"datePublished\":\"2025-03-25T19:03:00+00:00\",\"dateModified\":\"2025-03-25T19:09:00+00:00\",\"mainEntityOfPage\":{\"@id\":\"https:\\\/\\\/www.fcbarcelonanoticias.com\\\/en\\\/fc-barcelona\\\/masia-has-the-replacement-for-araujo-and-cubarsi-the-surprise-in-flick-plans_311728_102.html\"},\"wordCount\":485,\"image\":{\"@id\":\"https:\\\/\\\/www.fcbarcelonanoticias.com\\\/en\\\/fc-barcelona\\\/masia-has-the-replacement-for-araujo-and-cubarsi-the-surprise-in-flick-plans_311728_102.html#primaryimage\"},\"thumbnailUrl\":\"https:\\\/\\\/www.fcbarcelonanoticias.com\\\/en\\\/wp-content\\\/uploads\\\/sites\\\/2\\\/2025\\\/03\\\/real-madrid-cf-v-fc-barcelona-laliga-ea-sports-4-1.webp\",\"keywords\":[\"FC Barcelona vs Osasuna\",\"Hansi Flick\"],\"articleSection\":[\"FC Barcelona\"],\"inLanguage\":\"en-US\"},{\"@type\":\"WebPage\",\"@id\":\"https:\\\/\\\/www.fcbarcelonanoticias.com\\\/en\\\/fc-barcelona\\\/masia-has-the-replacement-for-araujo-and-cubarsi-the-surprise-in-flick-plans_311728_102.html\",\"url\":\"https:\\\/\\\/www.fcbarcelonanoticias.com\\\/en\\\/fc-barcelona\\\/masia-has-the-replacement-for-araujo-and-cubarsi-the-surprise-in-flick-plans_311728_102.html\",\"name\":\"La Masia has the replacement for Araujo and Cubars\u00ed: the surprise in Flick's plans\",\"isPartOf\":{\"@id\":\"https:\\\/\\\/www.fcbarcelonanoticias.com\\\/en\\\/#website\"},\"primaryImageOfPage\":{\"@id\":\"https:\\\/\\\/www.fcbarcelonanoticias.com\\\/en\\\/fc-barcelona\\\/masia-has-the-replacement-for-araujo-and-cubarsi-the-surprise-in-flick-plans_311728_102.html#primaryimage\"},\"image\":{\"@id\":\"https:\\\/\\\/www.fcbarcelonanoticias.com\\\/en\\\/fc-barcelona\\\/masia-has-the-replacement-for-araujo-and-cubarsi-the-surprise-in-flick-plans_311728_102.html#primaryimage\"},\"thumbnailUrl\":\"https:\\\/\\\/www.fcbarcelonanoticias.com\\\/en\\\/wp-content\\\/uploads\\\/sites\\\/2\\\/2025\\\/03\\\/real-madrid-cf-v-fc-barcelona-laliga-ea-sports-4-1.webp\",\"datePublished\":\"2025-03-25T19:03:00+00:00\",\"dateModified\":\"2025-03-25T19:09:00+00:00\",\"author\":{\"@id\":\"https:\\\/\\\/www.fcbarcelonanoticias.com\\\/en\\\/#\\\/schema\\\/person\\\/88d756918a0a1ae9fa593b5edddd1815\"},\"description\":\"Hansi Flick has found in La Masia the substitute for Pau Cubars\u00ed and Ronald Araujo for the match against Osasuna. The youth player Alexis Olmedo is set to be included in...\",\"breadcrumb\":{\"@id\":\"https:\\\/\\\/www.fcbarcelonanoticias.com\\\/en\\\/fc-barcelona\\\/masia-has-the-replacement-for-araujo-and-cubarsi-the-surprise-in-flick-plans_311728_102.html#breadcrumb\"},\"inLanguage\":\"en-US\",\"potentialAction\":[{\"@type\":\"ReadAction\",\"target\":[\"https:\\\/\\\/www.fcbarcelonanoticias.com\\\/en\\\/fc-barcelona\\\/masia-has-the-replacement-for-araujo-and-cubarsi-the-surprise-in-flick-plans_311728_102.html\"]}]},{\"@type\":\"ImageObject\",\"inLanguage\":\"en-US\",\"@id\":\"https:\\\/\\\/www.fcbarcelonanoticias.com\\\/en\\\/fc-barcelona\\\/masia-has-the-replacement-for-araujo-and-cubarsi-the-surprise-in-flick-plans_311728_102.html#primaryimage\",\"url\":\"https:\\\/\\\/www.fcbarcelonanoticias.com\\\/en\\\/wp-content\\\/uploads\\\/sites\\\/2\\\/2025\\\/03\\\/real-madrid-cf-v-fc-barcelona-laliga-ea-sports-4-1.webp\",\"contentUrl\":\"https:\\\/\\\/www.fcbarcelonanoticias.com\\\/en\\\/wp-content\\\/uploads\\\/sites\\\/2\\\/2025\\\/03\\\/real-madrid-cf-v-fc-barcelona-laliga-ea-sports-4-1.webp\",\"width\":1200,\"height\":675},{\"@type\":\"BreadcrumbList\",\"@id\":\"https:\\\/\\\/www.fcbarcelonanoticias.com\\\/en\\\/fc-barcelona\\\/masia-has-the-replacement-for-araujo-and-cubarsi-the-surprise-in-flick-plans_311728_102.html#breadcrumb\",\"itemListElement\":[{\"@type\":\"ListItem\",\"position\":1,\"name\":\"Portada\",\"item\":\"https:\\\/\\\/www.fcbarcelonanoticias.com\\\/en\\\/\"},{\"@type\":\"ListItem\",\"position\":2,\"name\":\"La Masia has the replacement for Araujo and Cubars\u00ed: the surprise in Flick&#8217;s plans\"}]},{\"@type\":\"WebSite\",\"@id\":\"https:\\\/\\\/www.fcbarcelonanoticias.com\\\/en\\\/#website\",\"url\":\"https:\\\/\\\/www.fcbarcelonanoticias.com\\\/en\\\/\",\"name\":\"EN - FC Barcelona Noticias\",\"description\":\"\",\"potentialAction\":[{\"@type\":\"SearchAction\",\"target\":{\"@type\":\"EntryPoint\",\"urlTemplate\":\"https:\\\/\\\/www.fcbarcelonanoticias.com\\\/en\\\/?s={search_term_string}\"},\"query-input\":{\"@type\":\"PropertyValueSpecification\",\"valueRequired\":true,\"valueName\":\"search_term_string\"}}],\"inLanguage\":\"en-US\"},{\"@type\":\"Person\",\"@id\":\"https:\\\/\\\/www.fcbarcelonanoticias.com\\\/en\\\/#\\\/schema\\\/person\\\/88d756918a0a1ae9fa593b5edddd1815\",\"name\":\"Juan Pablo Berdugo\",\"image\":{\"@type\":\"ImageObject\",\"inLanguage\":\"en-US\",\"@id\":\"https:\\\/\\\/secure.gravatar.com\\\/avatar\\\/?s=96&d=mm&r=g\",\"url\":\"https:\\\/\\\/secure.gravatar.com\\\/avatar\\\/?s=96&d=mm&r=g\",\"contentUrl\":\"https:\\\/\\\/secure.gravatar.com\\\/avatar\\\/?s=96&d=mm&r=g\",\"caption\":\"Juan Pablo Berdugo\"},\"description\":\"Juan Pablo Berdugo es graduado en Periodismo. Colabora con FCBN como especialista en informaci\u00f3n del primer equipo del FC Barcelona, f\u00fatbol internacional y mercado de fichajes. Destaca por su enfoque anal\u00edtico, su rigor informativo y su capacidad para detectar tendencias emergentes en el f\u00fatbol global.\",\"url\":\"https:\\\/\\\/www.fcbarcelonanoticias.com\\\/en\\\/fc-barcelona\\\/juan-pablo-berdugo_18_115.html\"}]}<\/script>\n<!-- \/ Yoast SEO plugin. -->","yoast_head_json":{"title":"La Masia has the replacement for Araujo and Cubars\u00ed: the surprise in Flick's plans","description":"Hansi Flick has found in La Masia the substitute for Pau Cubars\u00ed and Ronald Araujo for the match against Osasuna. The youth player Alexis Olmedo is set to be included in...","robots":{"index":"index","follow":"follow","max-snippet":"max-snippet:-1","max-image-preview":"max-image-preview:large","max-video-preview":"max-video-preview:-1"},"canonical":"https:\/\/www.fcbarcelonanoticias.com\/en\/fc-barcelona\/masia-has-the-replacement-for-araujo-and-cubarsi-the-surprise-in-flick-plans_311728_102.html","og_locale":"en_US","og_type":"article","og_title":"La Masia has the replacement for Araujo and Cubars\u00ed: the surprise in Flick's plans","og_description":"Hansi Flick has found in La Masia the substitute for Pau Cubars\u00ed and Ronald Araujo for the match against Osasuna. The youth player Alexis Olmedo is set to be included in...","og_url":"https:\/\/www.fcbarcelonanoticias.com\/en\/fc-barcelona\/masia-has-the-replacement-for-araujo-and-cubarsi-the-surprise-in-flick-plans_311728_102.html","og_site_name":"EN - FC Barcelona Noticias","article_published_time":"2025-03-25T19:03:00+00:00","article_modified_time":"2025-03-25T19:09:00+00:00","og_image":[{"width":1200,"height":675,"url":"https:\/\/www.fcbarcelonanoticias.com\/en\/wp-content\/uploads\/sites\/2\/2025\/03\/real-madrid-cf-v-fc-barcelona-laliga-ea-sports-4-1.webp","type":"image\/webp"}],"author":"Juan Pablo Berdugo","twitter_card":"summary_large_image","twitter_misc":{"Written by":"Juan Pablo Berdugo","Est. reading time":"2 minutes"},"schema":{"@context":"https:\/\/schema.org","@graph":[{"@type":"Article","@id":"https:\/\/www.fcbarcelonanoticias.com\/en\/fc-barcelona\/masia-has-the-replacement-for-araujo-and-cubarsi-the-surprise-in-flick-plans_311728_102.html#article","isPartOf":{"@id":"https:\/\/www.fcbarcelonanoticias.com\/en\/fc-barcelona\/masia-has-the-replacement-for-araujo-and-cubarsi-the-surprise-in-flick-plans_311728_102.html"},"author":{"name":"Juan Pablo Berdugo","@id":"https:\/\/www.fcbarcelonanoticias.com\/en\/#\/schema\/person\/88d756918a0a1ae9fa593b5edddd1815"},"headline":"La Masia has the replacement for Araujo and Cubars\u00ed: the surprise in Flick&#8217;s plans","datePublished":"2025-03-25T19:03:00+00:00","dateModified":"2025-03-25T19:09:00+00:00","mainEntityOfPage":{"@id":"https:\/\/www.fcbarcelonanoticias.com\/en\/fc-barcelona\/masia-has-the-replacement-for-araujo-and-cubarsi-the-surprise-in-flick-plans_311728_102.html"},"wordCount":485,"image":{"@id":"https:\/\/www.fcbarcelonanoticias.com\/en\/fc-barcelona\/masia-has-the-replacement-for-araujo-and-cubarsi-the-surprise-in-flick-plans_311728_102.html#primaryimage"},"thumbnailUrl":"https:\/\/www.fcbarcelonanoticias.com\/en\/wp-content\/uploads\/sites\/2\/2025\/03\/real-madrid-cf-v-fc-barcelona-laliga-ea-sports-4-1.webp","keywords":["FC Barcelona vs Osasuna","Hansi Flick"],"articleSection":["FC Barcelona"],"inLanguage":"en-US"},{"@type":"WebPage","@id":"https:\/\/www.fcbarcelonanoticias.com\/en\/fc-barcelona\/masia-has-the-replacement-for-araujo-and-cubarsi-the-surprise-in-flick-plans_311728_102.html","url":"https:\/\/www.fcbarcelonanoticias.com\/en\/fc-barcelona\/masia-has-the-replacement-for-araujo-and-cubarsi-the-surprise-in-flick-plans_311728_102.html","name":"La Masia has the replacement for Araujo and Cubars\u00ed: the surprise in Flick's plans","isPartOf":{"@id":"https:\/\/www.fcbarcelonanoticias.com\/en\/#website"},"primaryImageOfPage":{"@id":"https:\/\/www.fcbarcelonanoticias.com\/en\/fc-barcelona\/masia-has-the-replacement-for-araujo-and-cubarsi-the-surprise-in-flick-plans_311728_102.html#primaryimage"},"image":{"@id":"https:\/\/www.fcbarcelonanoticias.com\/en\/fc-barcelona\/masia-has-the-replacement-for-araujo-and-cubarsi-the-surprise-in-flick-plans_311728_102.html#primaryimage"},"thumbnailUrl":"https:\/\/www.fcbarcelonanoticias.com\/en\/wp-content\/uploads\/sites\/2\/2025\/03\/real-madrid-cf-v-fc-barcelona-laliga-ea-sports-4-1.webp","datePublished":"2025-03-25T19:03:00+00:00","dateModified":"2025-03-25T19:09:00+00:00","author":{"@id":"https:\/\/www.fcbarcelonanoticias.com\/en\/#\/schema\/person\/88d756918a0a1ae9fa593b5edddd1815"},"description":"Hansi Flick has found in La Masia the substitute for Pau Cubars\u00ed and Ronald Araujo for the match against Osasuna. The youth player Alexis Olmedo is set to be included in...","breadcrumb":{"@id":"https:\/\/www.fcbarcelonanoticias.com\/en\/fc-barcelona\/masia-has-the-replacement-for-araujo-and-cubarsi-the-surprise-in-flick-plans_311728_102.html#breadcrumb"},"inLanguage":"en-US","potentialAction":[{"@type":"ReadAction","target":["https:\/\/www.fcbarcelonanoticias.com\/en\/fc-barcelona\/masia-has-the-replacement-for-araujo-and-cubarsi-the-surprise-in-flick-plans_311728_102.html"]}]},{"@type":"ImageObject","inLanguage":"en-US","@id":"https:\/\/www.fcbarcelonanoticias.com\/en\/fc-barcelona\/masia-has-the-replacement-for-araujo-and-cubarsi-the-surprise-in-flick-plans_311728_102.html#primaryimage","url":"https:\/\/www.fcbarcelonanoticias.com\/en\/wp-content\/uploads\/sites\/2\/2025\/03\/real-madrid-cf-v-fc-barcelona-laliga-ea-sports-4-1.webp","contentUrl":"https:\/\/www.fcbarcelonanoticias.com\/en\/wp-content\/uploads\/sites\/2\/2025\/03\/real-madrid-cf-v-fc-barcelona-laliga-ea-sports-4-1.webp","width":1200,"height":675},{"@type":"BreadcrumbList","@id":"https:\/\/www.fcbarcelonanoticias.com\/en\/fc-barcelona\/masia-has-the-replacement-for-araujo-and-cubarsi-the-surprise-in-flick-plans_311728_102.html#breadcrumb","itemListElement":[{"@type":"ListItem","position":1,"name":"Portada","item":"https:\/\/www.fcbarcelonanoticias.com\/en\/"},{"@type":"ListItem","position":2,"name":"La Masia has the replacement for Araujo and Cubars\u00ed: the surprise in Flick&#8217;s plans"}]},{"@type":"WebSite","@id":"https:\/\/www.fcbarcelonanoticias.com\/en\/#website","url":"https:\/\/www.fcbarcelonanoticias.com\/en\/","name":"EN - FC Barcelona Noticias","description":"","potentialAction":[{"@type":"SearchAction","target":{"@type":"EntryPoint","urlTemplate":"https:\/\/www.fcbarcelonanoticias.com\/en\/?s={search_term_string}"},"query-input":{"@type":"PropertyValueSpecification","valueRequired":true,"valueName":"search_term_string"}}],"inLanguage":"en-US"},{"@type":"Person","@id":"https:\/\/www.fcbarcelonanoticias.com\/en\/#\/schema\/person\/88d756918a0a1ae9fa593b5edddd1815","name":"Juan Pablo Berdugo","image":{"@type":"ImageObject","inLanguage":"en-US","@id":"https:\/\/secure.gravatar.com\/avatar\/?s=96&d=mm&r=g","url":"https:\/\/secure.gravatar.com\/avatar\/?s=96&d=mm&r=g","contentUrl":"https:\/\/secure.gravatar.com\/avatar\/?s=96&d=mm&r=g","caption":"Juan Pablo Berdugo"},"description":"Juan Pablo Berdugo es graduado en Periodismo. Colabora con FCBN como especialista en informaci\u00f3n del primer equipo del FC Barcelona, f\u00fatbol internacional y mercado de fichajes. Destaca por su enfoque anal\u00edtico, su rigor informativo y su capacidad para detectar tendencias emergentes en el f\u00fatbol global.","url":"https:\/\/www.fcbarcelonanoticias.com\/en\/fc-barcelona\/juan-pablo-berdugo_18_115.html"}]}},"_links":{"self":[{"href":"https:\/\/www.fcbarcelonanoticias.com\/en\/wp-json\/wp\/v2\/posts\/25568","targetHints":{"allow":["GET"]}}],"collection":[{"href":"https:\/\/www.fcbarcelonanoticias.com\/en\/wp-json\/wp\/v2\/posts"}],"about":[{"href":"https:\/\/www.fcbarcelonanoticias.com\/en\/wp-json\/wp\/v2\/types\/post"}],"author":[{"embeddable":true,"href":"https:\/\/www.fcbarcelonanoticias.com\/en\/wp-json\/wp\/v2\/users\/358"}],"replies":[{"embeddable":true,"href":"https:\/\/www.fcbarcelonanoticias.com\/en\/wp-json\/wp\/v2\/comments?post=25568"}],"version-history":[{"count":1,"href":"https:\/\/www.fcbarcelonanoticias.com\/en\/wp-json\/wp\/v2\/posts\/25568\/revisions"}],"predecessor-version":[{"id":107054,"href":"https:\/\/www.fcbarcelonanoticias.com\/en\/wp-json\/wp\/v2\/posts\/25568\/revisions\/107054"}],"wp:featuredmedia":[{"embeddable":true,"href":"https:\/\/www.fcbarcelonanoticias.com\/en\/wp-json\/wp\/v2\/media\/25569"}],"wp:attachment":[{"href":"https:\/\/www.fcbarcelonanoticias.com\/en\/wp-json\/wp\/v2\/media?parent=25568"}],"wp:term":[{"taxonomy":"category","embeddable":true,"href":"https:\/\/www.fcbarcelonanoticias.com\/en\/wp-json\/wp\/v2\/categories?post=25568"},{"taxonomy":"post_tag","embeddable":true,"href":"https:\/\/www.fcbarcelonanoticias.com\/en\/wp-json\/wp\/v2\/tags?post=25568"}],"curies":[{"name":"wp","href":"https:\/\/api.w.org\/{rel}","templated":true}]}}