{"id":25805,"date":"2025-10-13T17:47:00","date_gmt":"2025-10-13T15:47:00","guid":{"rendered":"https:\/\/weisetech.dev\/fc-barcelona-noticias\/en\/raphinha-could-reappear-in-barca-olympiacos-champions-league-match_315014_102\/"},"modified":"2026-03-27T11:30:44","modified_gmt":"2026-03-27T10:30:44","slug":"raphinha-could-reappear-in-barca-olympiacos-champions-league-match_315014_102","status":"publish","type":"post","link":"https:\/\/www.fcbarcelonanoticias.com\/en\/fc-barcelona\/raphinha-could-reappear-in-barca-olympiacos-champions-league-match_315014_102.html","title":{"rendered":"Raphinha&#8217;s return could take another week: will he be ready for Olympiacos?"},"content":{"rendered":"<h2 class=\"wp-block-heading\">Bar\u00e7a returned to work at the Ciutat Esportiva this Monday, still without news about Raphinha. The Brazilian is unlikely to be medically cleared in time against Girona<\/h2>  \r\n<div class=\"article-addons\">\r\n    <a href=\"https:\/\/www.fcbarcelonanoticias.com\/en\/calendar-fc-barcelona.html\"\r\n       target=\"_self\"\r\n       title=\"Calendar of FC Barcelona\"\r\n       class=\"blue-gredient-btn\">\r\n       \r\n        Calendar of FC Barcelona    <\/a>\r\n<\/div>   <p><strong>Raphinha <\/strong>could be out for at least another week with <strong>FC Barcelona<\/strong>. The Brazilian is still away from the squad due to his <a data-external=\"0\" data-intl-links-en=\"https:\/\/www.fcbarcelonanoticias.com\/en\/fc-barcelona\/raphinha-out-for-three-weeks-due-to-injury-at-barca_314839_102.html\" data-intl-links-es=\"https:\/\/www.fcbarcelonanoticias.com\/fc-barcelona\/raphinha-lesion-biceps-femoral-baja-barca_314839_102.html\" href=\"https:\/\/www.fcbarcelonanoticias.com\/en\/fc-barcelona\/raphinha-out-for-three-weeks-due-to-injury-at-barca_314839_102.html\" rel=\"follow\" target=\"_self\" title=\"Raphinha estar\u00e1 tres semanas de baja por lesi\u00f3n en el b\u00edceps femoral\">injury to his right femoral biceps<\/a> and, although his time out was estimated at three weeks, there is still no news about his possible return on matchday 9 of LaLiga, <strong>against Girona<\/strong> (Saturday 18th at 16:15 CEST).<\/p>  <p>The &#8217;11&#8217; was sent to the &#8216;Azulgrana&#8217; infirmary after the visit <a data-external=\"0\" data-intl-links-en=\"https:\/\/www.fcbarcelonanoticias.com\/en\/laliga\/real-oviedo-1-3-fc-barcelona-highlights-laliga-25-26_314832_102.html\" data-intl-links-es=\"https:\/\/www.fcbarcelonanoticias.com\/laliga\/resumen-real-oviedo-1-3-fc-barcelona-laliga-25-26_314832_102.html\" href=\"https:\/\/www.fcbarcelonanoticias.com\/en\/laliga\/real-oviedo-1-3-fc-barcelona-highlights-laliga-25-26_314832_102.html\" rel=\"follow\" target=\"_self\" title=\"Resumen del Real Oviedo 1-3 FC Barcelona - LaLiga 25\/26\">to Real Oviedo (1-3)<\/a>, as a result of a muscular injury that made him miss the last three Bar\u00e7a matches and the double day of friendlies in Asia with Brazil. The 28-year-old winger will complete three weeks of rest this Friday, just one day before the derby against the &#8216;Albirrojos&#8217;.<\/p>  <p>In that sense, it is unlikely that Hansi Flick will risk calling him up if the Porto Alegre native, as is the case with <a data-external=\"0\" data-intl-links-en=\"https:\/\/www.fcbarcelonanoticias.com\/en\/fc-barcelona\/lamine-and-fermin-big-news-from-monday-at-can-barca_315013_102.html\" data-intl-links-es=\"https:\/\/www.fcbarcelonanoticias.com\/fc-barcelona\/lamine-fermin-vuelven-entrenar-junto-plantilla-barcelona_315013_102.html\" href=\"https:\/\/www.fcbarcelonanoticias.com\/en\/fc-barcelona\/lamine-and-fermin-big-news-from-monday-at-can-barca_315013_102.html\" rel=\"follow\" target=\"_self\" title=\"Lamine y Ferm\u00edn vuelven a entrenar junto a la plantilla del Bar\u00e7a\">Lamine Yamal and Ferm\u00edn L\u00f3pez<\/a>, does not return to training with the group by the middle of this week.&nbsp;<\/p>  <h2>Raphinha&#8217;s Return Points to the Bar\u00e7a-Olympiacos Match<\/h2>  <p>Even if Rafa returns to training during the week, <strong>his presence in the lineup against Girona is practically ruled out<\/strong>. Flick does not usually put players who return from injuries with more than two weeks off as starters, unless they accumulate a significant load of prior training.<\/p>  <p>Therefore, the most likely scenario is that Raphinha&#8217;s return will occur next Tuesday the 21st, <a data-external=\"0\" data-intl-links-en=\"https:\/\/www.fcbarcelonanoticias.com\/en\/fc-barcelona\/barcelona-olympiacos-to-be-played-in-montjuic-official-announcement_314921_102.html\" data-intl-links-es=\"https:\/\/www.fcbarcelonanoticias.com\/fc-barcelona\/comunicado-oficial-barca-olympiacos-champions-montjuic_314921_102.html\" href=\"https:\/\/www.fcbarcelonanoticias.com\/en\/fc-barcelona\/barcelona-olympiacos-to-be-played-in-montjuic-official-announcement_314921_102.html\" rel=\"follow\" target=\"_self\" title=\"Comunicado FC Barcelona: el Bar\u00e7a-Olympiacos de Champions se jugar\u00e1 en Montju\u00efc\">against Olympiacos for matchday 3 of the Champions League<\/a>. Bar\u00e7a is obligated to clearly overcome the Greeks to once again approach the TOP-8 of the standings, after the painful defeat against PSG in MD2 (1-2).<\/p>  <p>The latter being a match where the *cul\u00e9s* couldn&#8217;t count on the &#8217;11&#8217;. Before his injury, <strong>the South American winger contributed 3 goals and 2 assists in 7 matches<\/strong>, more modest figures compared to his start to the season in 24\/25 (he scored 5 goals and 3 assists in the first 6 league games), but always valuable for the *azulgrana* attack.<\/p>  <h2>Getting the best Raphinha back, key to boosting Bar\u00e7a&#8217;s performance<\/h2>  <p>&#8220;`html<\/p>  <div class=\"media media-image\" data-ck-asset-wrapper=\"\"> <div class=\"media-item\"> <img loading=\"lazy\" decoding=\"async\" alt=\"Raphinha celebrates a goal in the Barc\u0327a 6-0 Valencia LaLiga 25\/26 match\" data-id=\"1521126\" data-resize=\"9\" height=\"563\" src=\"https:\/\/www.fcbarcelonanoticias.com\/wp-content\/uploads\/sites\/2\/2025\/10\/fcbn-ee6a86d622afab10f7997ecfcc4d4ca1.webp\" title=\"Raphinha celebrates a goal in the Barc\u0327a 6-0 Valencia LaLiga 25\/26 match\" width=\"1000\"><div class=\"media-title\">Raphinha celebrates a goal in the Barc\u0327a 6-0 Valencia LaLiga 25\/26 match<\/div> <\/div> <\/div>  <p>&#8220;`<\/p>  <p>And it is that, in the 24\/25 season, Raphinha was the player with the best offensive output for Barcelona (<strong>34 goals and 23 assists<\/strong>), numbers that led him to <a data-external=\"0\" data-intl-links-en=\"https:\/\/www.fcbarcelonanoticias.com\/en\/golden-ball\/2025-ballon-or-ranking-raphinha-5th-in-voting_314800_102.html\" data-intl-links-es=\"https:\/\/www.fcbarcelonanoticias.com\/balon-de-oro\/clasificacion-balon-oro-2025-raphinha-fue-quinto-mejor-24-25_314800_102.html\" href=\"https:\/\/www.fcbarcelonanoticias.com\/en\/golden-ball\/2025-ballon-or-ranking-raphinha-5th-in-voting_314800_102.html\" rel=\"follow\" target=\"_self\" title=\"Clasificaci\u00f3n Bal\u00f3n de Oro 2025: Raphinha fue el quinto mejor de la 24\/25\">fifth place in the 2025 Ballon d&#8217;Or<\/a>. The 28-year-old forward was also MVP in LaLiga and Pichichi in the Champions League, so the Catalan team needs to recover its best version to get out of the slump it has fallen into in its latest performances.<\/p>  <p>Flick&#8217;s team missed Rafa&#8217;s contribution in attack against <strong>PSG and Sevilla, two matches where the team lacked effectiveness in the opponent&#8217;s box<\/strong>, as well as physical solidity to reach the final minutes at full strength.<\/p>  <p>In his seven appearances in the 25\/26 season, Raphinha was only a substitute against Getafe (he scored twice in the second half). The &#8217;11&#8217;s main goal is to be fit enough to start against <a data-external=\"0\" data-intl-links-en=\"https:\/\/www.fcbarcelonanoticias.com\/en\/calendar\/real-madrid-barcelona-schedule-and-tv-laliga-2025-26-md10_314821_102.html\" data-intl-links-es=\"https:\/\/www.fcbarcelonanoticias.com\/calendario\/horario-tv-real-madrid-barcelona-laliga-2025-26-j10_314821_102.html\" href=\"https:\/\/www.fcbarcelonanoticias.com\/en\/calendar\/real-madrid-barcelona-schedule-and-tv-laliga-2025-26-md10_314821_102.html\" rel=\"follow\" target=\"_self\" title=\"Horario y TV del Real Madrid - Barcelona: LaLiga 2025\/26\">Real Madrid<\/a> on October 26, <strong>an opponent against whom he scored 5 times<\/strong> last season, in addition to providing a couple of assists.<\/p>  <ul> <li>In&nbsp;<strong>FC Barcelona Noticias<\/strong>&nbsp;we tell you every detail of the Bar\u00e7a news and the&nbsp;<strong><a data-external=\"0\" data-intl-links-en=\"https:\/\/www.fcbarcelonanoticias.com\/en\/tags\/injured\" data-intl-links-es=\"https:\/\/www.fcbarcelonanoticias.com\/tags\/lesionados\" href=\"https:\/\/www.fcbarcelonanoticias.com\/en\/tags\/injured.html\" rel=\"follow\" target=\"_self\" title=\"Lesionados\">evolution of all the injured players<\/a><\/strong> <\/li> <\/ul> ","protected":false},"excerpt":{"rendered":"<p>Bar\u00e7a returned to work at the Ciutat Esportiva this Monday, still without news about Raphinha. The Brazilian is unlikely to be medically cleared in time against Girona Raphinha could be out for at least another week with FC Barcelona. The Brazilian is still away from the squad due to his injury to his right femoral [&hellip;]<\/p>\n","protected":false},"author":347,"featured_media":25807,"comment_status":"closed","ping_status":"open","sticky":false,"template":"","format":"standard","meta":{"_acf_changed":false,"inline_featured_image":false,"_nextfly_llmd_date_locked":false,"footnotes":""},"categories":[111],"tags":[136,233,144,463],"class_list":["post-25805","post","type-post","status-publish","format-standard","has-post-thumbnail","hentry","category-fc-barcelona","tag-injured","tag-olympiacos-fc","tag-raphinha","tag-raphinha-2"],"acf":[],"yoast_head":"<!-- This site is optimized with the Yoast SEO plugin v27.3 - https:\/\/yoast.com\/product\/yoast-seo-wordpress\/ -->\n<title>Raphinha Could Reappear in Bar\u00e7a-Olympiacos Champions League Match<\/title>\n<meta name=\"description\" content=\"Raphinha&#039;s medical clearance in time for the match against Girona is complicated, as he is still not training with the team. Find out how his injury is progressing\" \/>\n<meta name=\"robots\" content=\"index, follow, max-snippet:-1, max-image-preview:large, max-video-preview:-1\" \/>\n<link rel=\"canonical\" href=\"https:\/\/www.fcbarcelonanoticias.com\/en\/fc-barcelona\/raphinha-could-reappear-in-barca-olympiacos-champions-league-match_315014_102.html\" \/>\n<meta property=\"og:locale\" content=\"en_US\" \/>\n<meta property=\"og:type\" content=\"article\" \/>\n<meta property=\"og:title\" content=\"Raphinha Could Reappear in Bar\u00e7a-Olympiacos Champions League Match\" \/>\n<meta property=\"og:description\" content=\"Raphinha&#039;s medical clearance in time for the match against Girona is complicated, as he is still not training with the team. Find out how his injury is progressing\" \/>\n<meta property=\"og:url\" content=\"https:\/\/www.fcbarcelonanoticias.com\/en\/fc-barcelona\/raphinha-could-reappear-in-barca-olympiacos-champions-league-match_315014_102.html\" \/>\n<meta property=\"og:site_name\" content=\"EN - FC Barcelona Noticias\" \/>\n<meta property=\"article:published_time\" content=\"2025-10-13T15:47:00+00:00\" \/>\n<meta property=\"article:modified_time\" content=\"2026-03-27T10:30:44+00:00\" \/>\n<meta property=\"og:image\" content=\"https:\/\/www.fcbarcelonanoticias.com\/en\/wp-content\/uploads\/sites\/2\/2025\/10\/jugadores-fc-barcelona-entrenamiento-newcastle.webp\" \/>\n\t<meta property=\"og:image:width\" content=\"1200\" \/>\n\t<meta property=\"og:image:height\" content=\"675\" \/>\n\t<meta property=\"og:image:type\" content=\"image\/webp\" \/>\n<meta name=\"author\" content=\"Andr\u00e9s Quiroz\" \/>\n<meta name=\"twitter:card\" content=\"summary_large_image\" \/>\n<meta name=\"twitter:label1\" content=\"Written by\" \/>\n\t<meta name=\"twitter:data1\" content=\"Andr\u00e9s Quiroz\" \/>\n\t<meta name=\"twitter:label2\" content=\"Est. reading time\" \/>\n\t<meta name=\"twitter:data2\" content=\"3 minutes\" \/>\n<script type=\"application\/ld+json\" class=\"yoast-schema-graph\">{\"@context\":\"https:\\\/\\\/schema.org\",\"@graph\":[{\"@type\":\"Article\",\"@id\":\"https:\\\/\\\/www.fcbarcelonanoticias.com\\\/en\\\/fc-barcelona\\\/raphinha-could-reappear-in-barca-olympiacos-champions-league-match_315014_102.html#article\",\"isPartOf\":{\"@id\":\"https:\\\/\\\/www.fcbarcelonanoticias.com\\\/en\\\/fc-barcelona\\\/raphinha-could-reappear-in-barca-olympiacos-champions-league-match_315014_102.html\"},\"author\":{\"name\":\"Andr\u00e9s Quiroz\",\"@id\":\"https:\\\/\\\/www.fcbarcelonanoticias.com\\\/en\\\/#\\\/schema\\\/person\\\/c2cd9f6fa1af5c0d0eccd0fefa575c88\"},\"headline\":\"Raphinha&#8217;s return could take another week: will he be ready for Olympiacos?\",\"datePublished\":\"2025-10-13T15:47:00+00:00\",\"dateModified\":\"2026-03-27T10:30:44+00:00\",\"mainEntityOfPage\":{\"@id\":\"https:\\\/\\\/www.fcbarcelonanoticias.com\\\/en\\\/fc-barcelona\\\/raphinha-could-reappear-in-barca-olympiacos-champions-league-match_315014_102.html\"},\"wordCount\":581,\"image\":{\"@id\":\"https:\\\/\\\/www.fcbarcelonanoticias.com\\\/en\\\/fc-barcelona\\\/raphinha-could-reappear-in-barca-olympiacos-champions-league-match_315014_102.html#primaryimage\"},\"thumbnailUrl\":\"https:\\\/\\\/www.fcbarcelonanoticias.com\\\/en\\\/wp-content\\\/uploads\\\/sites\\\/2\\\/2025\\\/10\\\/jugadores-fc-barcelona-entrenamiento-newcastle.webp\",\"keywords\":[\"injured\",\"Olympiacos FC\",\"Raphinha\",\"Raphinha\"],\"articleSection\":[\"FC Barcelona\"],\"inLanguage\":\"en-US\"},{\"@type\":\"WebPage\",\"@id\":\"https:\\\/\\\/www.fcbarcelonanoticias.com\\\/en\\\/fc-barcelona\\\/raphinha-could-reappear-in-barca-olympiacos-champions-league-match_315014_102.html\",\"url\":\"https:\\\/\\\/www.fcbarcelonanoticias.com\\\/en\\\/fc-barcelona\\\/raphinha-could-reappear-in-barca-olympiacos-champions-league-match_315014_102.html\",\"name\":\"Raphinha Could Reappear in Bar\u00e7a-Olympiacos Champions League Match\",\"isPartOf\":{\"@id\":\"https:\\\/\\\/www.fcbarcelonanoticias.com\\\/en\\\/#website\"},\"primaryImageOfPage\":{\"@id\":\"https:\\\/\\\/www.fcbarcelonanoticias.com\\\/en\\\/fc-barcelona\\\/raphinha-could-reappear-in-barca-olympiacos-champions-league-match_315014_102.html#primaryimage\"},\"image\":{\"@id\":\"https:\\\/\\\/www.fcbarcelonanoticias.com\\\/en\\\/fc-barcelona\\\/raphinha-could-reappear-in-barca-olympiacos-champions-league-match_315014_102.html#primaryimage\"},\"thumbnailUrl\":\"https:\\\/\\\/www.fcbarcelonanoticias.com\\\/en\\\/wp-content\\\/uploads\\\/sites\\\/2\\\/2025\\\/10\\\/jugadores-fc-barcelona-entrenamiento-newcastle.webp\",\"datePublished\":\"2025-10-13T15:47:00+00:00\",\"dateModified\":\"2026-03-27T10:30:44+00:00\",\"author\":{\"@id\":\"https:\\\/\\\/www.fcbarcelonanoticias.com\\\/en\\\/#\\\/schema\\\/person\\\/c2cd9f6fa1af5c0d0eccd0fefa575c88\"},\"description\":\"Raphinha's medical clearance in time for the match against Girona is complicated, as he is still not training with the team. Find out how his injury is progressing\",\"breadcrumb\":{\"@id\":\"https:\\\/\\\/www.fcbarcelonanoticias.com\\\/en\\\/fc-barcelona\\\/raphinha-could-reappear-in-barca-olympiacos-champions-league-match_315014_102.html#breadcrumb\"},\"inLanguage\":\"en-US\",\"potentialAction\":[{\"@type\":\"ReadAction\",\"target\":[\"https:\\\/\\\/www.fcbarcelonanoticias.com\\\/en\\\/fc-barcelona\\\/raphinha-could-reappear-in-barca-olympiacos-champions-league-match_315014_102.html\"]}]},{\"@type\":\"ImageObject\",\"inLanguage\":\"en-US\",\"@id\":\"https:\\\/\\\/www.fcbarcelonanoticias.com\\\/en\\\/fc-barcelona\\\/raphinha-could-reappear-in-barca-olympiacos-champions-league-match_315014_102.html#primaryimage\",\"url\":\"https:\\\/\\\/www.fcbarcelonanoticias.com\\\/en\\\/wp-content\\\/uploads\\\/sites\\\/2\\\/2025\\\/10\\\/jugadores-fc-barcelona-entrenamiento-newcastle.webp\",\"contentUrl\":\"https:\\\/\\\/www.fcbarcelonanoticias.com\\\/en\\\/wp-content\\\/uploads\\\/sites\\\/2\\\/2025\\\/10\\\/jugadores-fc-barcelona-entrenamiento-newcastle.webp\",\"width\":1200,\"height\":675},{\"@type\":\"BreadcrumbList\",\"@id\":\"https:\\\/\\\/www.fcbarcelonanoticias.com\\\/en\\\/fc-barcelona\\\/raphinha-could-reappear-in-barca-olympiacos-champions-league-match_315014_102.html#breadcrumb\",\"itemListElement\":[{\"@type\":\"ListItem\",\"position\":1,\"name\":\"Portada\",\"item\":\"https:\\\/\\\/www.fcbarcelonanoticias.com\\\/en\\\/\"},{\"@type\":\"ListItem\",\"position\":2,\"name\":\"Raphinha&#8217;s return could take another week: will he be ready for Olympiacos?\"}]},{\"@type\":\"WebSite\",\"@id\":\"https:\\\/\\\/www.fcbarcelonanoticias.com\\\/en\\\/#website\",\"url\":\"https:\\\/\\\/www.fcbarcelonanoticias.com\\\/en\\\/\",\"name\":\"EN - FC Barcelona Noticias\",\"description\":\"\",\"potentialAction\":[{\"@type\":\"SearchAction\",\"target\":{\"@type\":\"EntryPoint\",\"urlTemplate\":\"https:\\\/\\\/www.fcbarcelonanoticias.com\\\/en\\\/?s={search_term_string}\"},\"query-input\":{\"@type\":\"PropertyValueSpecification\",\"valueRequired\":true,\"valueName\":\"search_term_string\"}}],\"inLanguage\":\"en-US\"},{\"@type\":\"Person\",\"@id\":\"https:\\\/\\\/www.fcbarcelonanoticias.com\\\/en\\\/#\\\/schema\\\/person\\\/c2cd9f6fa1af5c0d0eccd0fefa575c88\",\"name\":\"Andr\u00e9s Quiroz\",\"image\":{\"@type\":\"ImageObject\",\"inLanguage\":\"en-US\",\"@id\":\"https:\\\/\\\/secure.gravatar.com\\\/avatar\\\/?s=96&d=mm&r=g\",\"url\":\"https:\\\/\\\/secure.gravatar.com\\\/avatar\\\/?s=96&d=mm&r=g\",\"contentUrl\":\"https:\\\/\\\/secure.gravatar.com\\\/avatar\\\/?s=96&d=mm&r=g\",\"caption\":\"Andr\u00e9s Quiroz\"},\"description\":\"Licenciado en Periodismo por la Universidad de los Andes. Me encargo de analizar y compartir los contenidos m\u00e1s destacados de la\u00a0actualidad del F\u00fatbol Club Barcelona, Mercado de Fichajes y F\u00fatbol Internacional en FCBN. La informaci\u00f3n es poder, pero tambi\u00e9n conocimiento.\",\"url\":\"https:\\\/\\\/www.fcbarcelonanoticias.com\\\/en\\\/fc-barcelona\\\/andres-quiroz_17_115.html\"}]}<\/script>\n<!-- \/ Yoast SEO plugin. -->","yoast_head_json":{"title":"Raphinha Could Reappear in Bar\u00e7a-Olympiacos Champions League Match","description":"Raphinha's medical clearance in time for the match against Girona is complicated, as he is still not training with the team. Find out how his injury is progressing","robots":{"index":"index","follow":"follow","max-snippet":"max-snippet:-1","max-image-preview":"max-image-preview:large","max-video-preview":"max-video-preview:-1"},"canonical":"https:\/\/www.fcbarcelonanoticias.com\/en\/fc-barcelona\/raphinha-could-reappear-in-barca-olympiacos-champions-league-match_315014_102.html","og_locale":"en_US","og_type":"article","og_title":"Raphinha Could Reappear in Bar\u00e7a-Olympiacos Champions League Match","og_description":"Raphinha's medical clearance in time for the match against Girona is complicated, as he is still not training with the team. Find out how his injury is progressing","og_url":"https:\/\/www.fcbarcelonanoticias.com\/en\/fc-barcelona\/raphinha-could-reappear-in-barca-olympiacos-champions-league-match_315014_102.html","og_site_name":"EN - FC Barcelona Noticias","article_published_time":"2025-10-13T15:47:00+00:00","article_modified_time":"2026-03-27T10:30:44+00:00","og_image":[{"width":1200,"height":675,"url":"https:\/\/www.fcbarcelonanoticias.com\/en\/wp-content\/uploads\/sites\/2\/2025\/10\/jugadores-fc-barcelona-entrenamiento-newcastle.webp","type":"image\/webp"}],"author":"Andr\u00e9s Quiroz","twitter_card":"summary_large_image","twitter_misc":{"Written by":"Andr\u00e9s Quiroz","Est. reading time":"3 minutes"},"schema":{"@context":"https:\/\/schema.org","@graph":[{"@type":"Article","@id":"https:\/\/www.fcbarcelonanoticias.com\/en\/fc-barcelona\/raphinha-could-reappear-in-barca-olympiacos-champions-league-match_315014_102.html#article","isPartOf":{"@id":"https:\/\/www.fcbarcelonanoticias.com\/en\/fc-barcelona\/raphinha-could-reappear-in-barca-olympiacos-champions-league-match_315014_102.html"},"author":{"name":"Andr\u00e9s Quiroz","@id":"https:\/\/www.fcbarcelonanoticias.com\/en\/#\/schema\/person\/c2cd9f6fa1af5c0d0eccd0fefa575c88"},"headline":"Raphinha&#8217;s return could take another week: will he be ready for Olympiacos?","datePublished":"2025-10-13T15:47:00+00:00","dateModified":"2026-03-27T10:30:44+00:00","mainEntityOfPage":{"@id":"https:\/\/www.fcbarcelonanoticias.com\/en\/fc-barcelona\/raphinha-could-reappear-in-barca-olympiacos-champions-league-match_315014_102.html"},"wordCount":581,"image":{"@id":"https:\/\/www.fcbarcelonanoticias.com\/en\/fc-barcelona\/raphinha-could-reappear-in-barca-olympiacos-champions-league-match_315014_102.html#primaryimage"},"thumbnailUrl":"https:\/\/www.fcbarcelonanoticias.com\/en\/wp-content\/uploads\/sites\/2\/2025\/10\/jugadores-fc-barcelona-entrenamiento-newcastle.webp","keywords":["injured","Olympiacos FC","Raphinha","Raphinha"],"articleSection":["FC Barcelona"],"inLanguage":"en-US"},{"@type":"WebPage","@id":"https:\/\/www.fcbarcelonanoticias.com\/en\/fc-barcelona\/raphinha-could-reappear-in-barca-olympiacos-champions-league-match_315014_102.html","url":"https:\/\/www.fcbarcelonanoticias.com\/en\/fc-barcelona\/raphinha-could-reappear-in-barca-olympiacos-champions-league-match_315014_102.html","name":"Raphinha Could Reappear in Bar\u00e7a-Olympiacos Champions League Match","isPartOf":{"@id":"https:\/\/www.fcbarcelonanoticias.com\/en\/#website"},"primaryImageOfPage":{"@id":"https:\/\/www.fcbarcelonanoticias.com\/en\/fc-barcelona\/raphinha-could-reappear-in-barca-olympiacos-champions-league-match_315014_102.html#primaryimage"},"image":{"@id":"https:\/\/www.fcbarcelonanoticias.com\/en\/fc-barcelona\/raphinha-could-reappear-in-barca-olympiacos-champions-league-match_315014_102.html#primaryimage"},"thumbnailUrl":"https:\/\/www.fcbarcelonanoticias.com\/en\/wp-content\/uploads\/sites\/2\/2025\/10\/jugadores-fc-barcelona-entrenamiento-newcastle.webp","datePublished":"2025-10-13T15:47:00+00:00","dateModified":"2026-03-27T10:30:44+00:00","author":{"@id":"https:\/\/www.fcbarcelonanoticias.com\/en\/#\/schema\/person\/c2cd9f6fa1af5c0d0eccd0fefa575c88"},"description":"Raphinha's medical clearance in time for the match against Girona is complicated, as he is still not training with the team. Find out how his injury is progressing","breadcrumb":{"@id":"https:\/\/www.fcbarcelonanoticias.com\/en\/fc-barcelona\/raphinha-could-reappear-in-barca-olympiacos-champions-league-match_315014_102.html#breadcrumb"},"inLanguage":"en-US","potentialAction":[{"@type":"ReadAction","target":["https:\/\/www.fcbarcelonanoticias.com\/en\/fc-barcelona\/raphinha-could-reappear-in-barca-olympiacos-champions-league-match_315014_102.html"]}]},{"@type":"ImageObject","inLanguage":"en-US","@id":"https:\/\/www.fcbarcelonanoticias.com\/en\/fc-barcelona\/raphinha-could-reappear-in-barca-olympiacos-champions-league-match_315014_102.html#primaryimage","url":"https:\/\/www.fcbarcelonanoticias.com\/en\/wp-content\/uploads\/sites\/2\/2025\/10\/jugadores-fc-barcelona-entrenamiento-newcastle.webp","contentUrl":"https:\/\/www.fcbarcelonanoticias.com\/en\/wp-content\/uploads\/sites\/2\/2025\/10\/jugadores-fc-barcelona-entrenamiento-newcastle.webp","width":1200,"height":675},{"@type":"BreadcrumbList","@id":"https:\/\/www.fcbarcelonanoticias.com\/en\/fc-barcelona\/raphinha-could-reappear-in-barca-olympiacos-champions-league-match_315014_102.html#breadcrumb","itemListElement":[{"@type":"ListItem","position":1,"name":"Portada","item":"https:\/\/www.fcbarcelonanoticias.com\/en\/"},{"@type":"ListItem","position":2,"name":"Raphinha&#8217;s return could take another week: will he be ready for Olympiacos?"}]},{"@type":"WebSite","@id":"https:\/\/www.fcbarcelonanoticias.com\/en\/#website","url":"https:\/\/www.fcbarcelonanoticias.com\/en\/","name":"EN - FC Barcelona Noticias","description":"","potentialAction":[{"@type":"SearchAction","target":{"@type":"EntryPoint","urlTemplate":"https:\/\/www.fcbarcelonanoticias.com\/en\/?s={search_term_string}"},"query-input":{"@type":"PropertyValueSpecification","valueRequired":true,"valueName":"search_term_string"}}],"inLanguage":"en-US"},{"@type":"Person","@id":"https:\/\/www.fcbarcelonanoticias.com\/en\/#\/schema\/person\/c2cd9f6fa1af5c0d0eccd0fefa575c88","name":"Andr\u00e9s Quiroz","image":{"@type":"ImageObject","inLanguage":"en-US","@id":"https:\/\/secure.gravatar.com\/avatar\/?s=96&d=mm&r=g","url":"https:\/\/secure.gravatar.com\/avatar\/?s=96&d=mm&r=g","contentUrl":"https:\/\/secure.gravatar.com\/avatar\/?s=96&d=mm&r=g","caption":"Andr\u00e9s Quiroz"},"description":"Licenciado en Periodismo por la Universidad de los Andes. Me encargo de analizar y compartir los contenidos m\u00e1s destacados de la\u00a0actualidad del F\u00fatbol Club Barcelona, Mercado de Fichajes y F\u00fatbol Internacional en FCBN. La informaci\u00f3n es poder, pero tambi\u00e9n conocimiento.","url":"https:\/\/www.fcbarcelonanoticias.com\/en\/fc-barcelona\/andres-quiroz_17_115.html"}]}},"_links":{"self":[{"href":"https:\/\/www.fcbarcelonanoticias.com\/en\/wp-json\/wp\/v2\/posts\/25805","targetHints":{"allow":["GET"]}}],"collection":[{"href":"https:\/\/www.fcbarcelonanoticias.com\/en\/wp-json\/wp\/v2\/posts"}],"about":[{"href":"https:\/\/www.fcbarcelonanoticias.com\/en\/wp-json\/wp\/v2\/types\/post"}],"author":[{"embeddable":true,"href":"https:\/\/www.fcbarcelonanoticias.com\/en\/wp-json\/wp\/v2\/users\/347"}],"replies":[{"embeddable":true,"href":"https:\/\/www.fcbarcelonanoticias.com\/en\/wp-json\/wp\/v2\/comments?post=25805"}],"version-history":[{"count":2,"href":"https:\/\/www.fcbarcelonanoticias.com\/en\/wp-json\/wp\/v2\/posts\/25805\/revisions"}],"predecessor-version":[{"id":158521,"href":"https:\/\/www.fcbarcelonanoticias.com\/en\/wp-json\/wp\/v2\/posts\/25805\/revisions\/158521"}],"wp:featuredmedia":[{"embeddable":true,"href":"https:\/\/www.fcbarcelonanoticias.com\/en\/wp-json\/wp\/v2\/media\/25807"}],"wp:attachment":[{"href":"https:\/\/www.fcbarcelonanoticias.com\/en\/wp-json\/wp\/v2\/media?parent=25805"}],"wp:term":[{"taxonomy":"category","embeddable":true,"href":"https:\/\/www.fcbarcelonanoticias.com\/en\/wp-json\/wp\/v2\/categories?post=25805"},{"taxonomy":"post_tag","embeddable":true,"href":"https:\/\/www.fcbarcelonanoticias.com\/en\/wp-json\/wp\/v2\/tags?post=25805"}],"curies":[{"name":"wp","href":"https:\/\/api.w.org\/{rel}","templated":true}]}}