{"id":25826,"date":"2023-03-20T18:05:00","date_gmt":"2023-03-20T17:05:00","guid":{"rendered":"https:\/\/weisetech.dev\/fc-barcelona-noticias\/en\/raphinha-continues-comply-barca_290714_102\/"},"modified":"2023-03-20T18:05:00","modified_gmt":"2023-03-20T17:05:00","slug":"raphinha-continues-comply-barca_290714_102","status":"publish","type":"post","link":"https:\/\/www.fcbarcelonanoticias.com\/en\/fc-barcelona\/raphinha-continues-comply-barca_290714_102.html","title":{"rendered":"Raphinha continues to comply at Bar\u00e7a and &#8216;threats&#8217; Demb\u00e9l\u00e9&#8217;s place"},"content":{"rendered":"<h2 class=\"wp-block-heading\">Raphinha continues to respond with Bar\u00e7a in her appearances. The Brazilian has been solvent with and without the ball, which will surely make Xavi rethink the immobility that Demb\u00e9l\u00e9 had<\/h2>  \r\n<div class=\"article-addons\">\r\n    <a href=\"https:\/\/www.fcbarcelonanoticias.com\/en\/calendar-fc-barcelona.html\"\r\n       target=\"_self\"\r\n       title=\"Calendar of FC Barcelona\"\r\n       class=\"blue-gredient-btn\">\r\n       \r\n        Calendar of FC Barcelona    <\/a>\r\n<\/div>   <p>After seeing  marginado of the alignments of Xavi Hern\u00e1ndez during good part of the season 2022\/23, the injury of Ousmane Demb\u00e9l\u00e9 has opened the doors wide open to <a data-external=\"0\" data-intl-links-en=\"https:\/\/www.fcbarcelonanoticias.com\/en\/laliga\/raphinha-continues-on-fire-supero-dembele-already-is-2nd-highest-scorer-barcelona_290471_102.html\" data-intl-links-es=\"https:\/\/www.fcbarcelonanoticias.com\/laliga\/raphinha-sigue-on-fire-supero-dembele-ya-es-2o-maximo-goleador-barcelona_290471_102.html\" href=\"https:\/\/www.fcbarcelonanoticias.com\/en\/laliga\/raphinha-continues-on-fire-supero-dembele-already-is-2nd-highest-scorer-barcelona_290471_102.html\" rel=\"follow\" target=\"_self\" title=\"\u00a1Raphinha sigue 'on fire'! Super\u00f3 a Demb\u00e9l\u00e9 y ya es el 2\u00ba m\u00e1ximo goleador del Bar\u00e7a\">new opportunities for Raphinha<\/a>. In spite of a doubtful principle when filling the drop of the French<strong>, the international with the &#8216;Canarinha&#8217; has come showing solvent and giving clear signals of his adaptation<\/strong> to the diagram of game.<\/p> <p>Of this way, the Brazilian has begun to show a good level, what would carry him to litigate him the square to the leading Frenchman, <strong>leaving like this sideways the rumours that aimed him like one of the possible exits of the Barcelona team<\/strong> during the next window estival of transfers by not justifying the investment that the Bar\u00e7a did in his moment to bring him from the Leeds United.<\/p> <h2>Raphinha, key piece in the attack of the Bar\u00e7a<\/h2> <p>Now, the Brazilian has answered in front of the work that has been him entrusted with the injury of the &#8216;Mosquito&#8217;, <strong>being essential to keep the good results that today have to the Barcelona team with <a data-external=\"0\" data-intl-links-en=\"https:\/\/www.fcbarcelonanoticias.com\/en\/laliga\/this-laliga-in-day-26-barca-is-step-to-be-champion_290684_102.html\" data-intl-links-es=\"https:\/\/www.fcbarcelonanoticias.com\/laliga\/esta-laliga-en-jornada-26-barca-esta-paso-ser-campeon_290684_102.html\" href=\"https:\/\/www.fcbarcelonanoticias.com\/en\/laliga\/this-laliga-in-day-26-barca-is-step-to-be-champion_290684_102.html\" rel=\"follow\" target=\"_self\" title=\"As\u00ed est\u00e1 LaLiga en la jornada 26: El Bar\u00e7a se pone con +12 y est\u00e1 a un paso de ser campe\u00f3n\">a comfortable advantage in LaLiga<\/a><\/strong>. Already they are 12 the points that separate them of the Real Madrid, and to keep the rhythm is very possible that the cul\u00e9s sing the alir\u00f3n with several days of anticipation.<\/p> <p>At present, Raphinha is the most dangerous attacker of the team of Xavi Hern\u00e1ndez, consolidating as the escudero of Robert Lewandowski in the offensive section, and <strong>being at present the maximum second goleador of the team in the course<\/strong>. The Brazilian has showed  like a formidable piece in offensive works so much with the balloon as without him, by what the m\u00edster will have to think seriously in how will be his &#8216;XI&#8217; of face to the following key crashes in the season.<\/p> <h2>Xavi will have to reflexionar after the stop<\/h2> <p>Although it is important that Raphinha was beginning to answer with his presence in the field, the situation could generate some doubts for the trainer, that <strong>surely will have to meditar on who will occupy this band<\/strong> once that the French was recovered and in conditions to go back to the field. It is possible that the stop of selections allow him win time to be again &#8216;to tope&#8217;.<\/p> ","protected":false},"excerpt":{"rendered":"<p>Raphinha continues to respond with Bar\u00e7a in her appearances. The Brazilian has been solvent with and without the ball, which will surely make Xavi rethink the immobility that Demb\u00e9l\u00e9 had After seeing marginado of the alignments of Xavi Hern\u00e1ndez during good part of the season 2022\/23, the injury of Ousmane Demb\u00e9l\u00e9 has opened the doors [&hellip;]<\/p>\n","protected":false},"author":363,"featured_media":15630,"comment_status":"closed","ping_status":"open","sticky":false,"template":"","format":"standard","meta":{"_acf_changed":false,"inline_featured_image":false,"_nextfly_llmd_date_locked":false,"footnotes":""},"categories":[111],"tags":[146],"class_list":["post-25826","post","type-post","status-publish","format-standard","has-post-thumbnail","hentry","category-fc-barcelona","tag-dembele"],"acf":[],"yoast_head":"<!-- This site is optimized with the Yoast SEO plugin v27.3 - https:\/\/yoast.com\/product\/yoast-seo-wordpress\/ -->\n<title>Raphinha continues to comply at Bar\u00e7a and &#039;threats&#039; Demb\u00e9l\u00e9&#039;s place<\/title>\n<meta name=\"description\" content=\"Raphinha Continues answering with the Bar\u00e7a in his apparitions. The Brazilian has showed solvent with and without balloon, what surely will do to Xavi replantearse the inamovilidad that had Demb\u00e9l\u00e9\" \/>\n<meta name=\"robots\" content=\"index, follow, max-snippet:-1, max-image-preview:large, max-video-preview:-1\" \/>\n<link rel=\"canonical\" href=\"https:\/\/www.fcbarcelonanoticias.com\/en\/fc-barcelona\/raphinha-continues-comply-barca_290714_102.html\" \/>\n<meta property=\"og:locale\" content=\"en_US\" \/>\n<meta property=\"og:type\" content=\"article\" \/>\n<meta property=\"og:title\" content=\"Raphinha continues to comply at Bar\u00e7a and &#039;threats&#039; Demb\u00e9l\u00e9&#039;s place\" \/>\n<meta property=\"og:description\" content=\"Raphinha Continues answering with the Bar\u00e7a in his apparitions. The Brazilian has showed solvent with and without balloon, what surely will do to Xavi replantearse the inamovilidad that had Demb\u00e9l\u00e9\" \/>\n<meta property=\"og:url\" content=\"https:\/\/www.fcbarcelonanoticias.com\/en\/fc-barcelona\/raphinha-continues-comply-barca_290714_102.html\" \/>\n<meta property=\"og:site_name\" content=\"EN - FC Barcelona Noticias\" \/>\n<meta property=\"article:published_time\" content=\"2023-03-20T17:05:00+00:00\" \/>\n<meta property=\"og:image\" content=\"https:\/\/www.fcbarcelonanoticias.com\/en\/wp-content\/uploads\/sites\/2\/2022\/02\/fbl-esp-liga-barcelona-real-madrid-2-1.jpeg\" \/>\n\t<meta property=\"og:image:width\" content=\"1200\" \/>\n\t<meta property=\"og:image:height\" content=\"745\" \/>\n\t<meta property=\"og:image:type\" content=\"image\/jpeg\" \/>\n<meta name=\"author\" content=\"Claudio Betancourt\" \/>\n<meta name=\"twitter:card\" content=\"summary_large_image\" \/>\n<meta name=\"twitter:label1\" content=\"Written by\" \/>\n\t<meta name=\"twitter:data1\" content=\"Claudio Betancourt\" \/>\n\t<meta name=\"twitter:label2\" content=\"Est. reading time\" \/>\n\t<meta name=\"twitter:data2\" content=\"2 minutes\" \/>\n<script type=\"application\/ld+json\" class=\"yoast-schema-graph\">{\"@context\":\"https:\\\/\\\/schema.org\",\"@graph\":[{\"@type\":\"Article\",\"@id\":\"https:\\\/\\\/www.fcbarcelonanoticias.com\\\/en\\\/fc-barcelona\\\/raphinha-continues-comply-barca_290714_102.html#article\",\"isPartOf\":{\"@id\":\"https:\\\/\\\/www.fcbarcelonanoticias.com\\\/en\\\/fc-barcelona\\\/raphinha-continues-comply-barca_290714_102.html\"},\"author\":{\"name\":\"Claudio Betancourt\",\"@id\":\"https:\\\/\\\/www.fcbarcelonanoticias.com\\\/en\\\/#\\\/schema\\\/person\\\/76c77917e39f918eb1604c571055386e\"},\"headline\":\"Raphinha continues to comply at Bar\u00e7a and &#8216;threats&#8217; Demb\u00e9l\u00e9&#8217;s place\",\"datePublished\":\"2023-03-20T17:05:00+00:00\",\"mainEntityOfPage\":{\"@id\":\"https:\\\/\\\/www.fcbarcelonanoticias.com\\\/en\\\/fc-barcelona\\\/raphinha-continues-comply-barca_290714_102.html\"},\"wordCount\":429,\"image\":{\"@id\":\"https:\\\/\\\/www.fcbarcelonanoticias.com\\\/en\\\/fc-barcelona\\\/raphinha-continues-comply-barca_290714_102.html#primaryimage\"},\"thumbnailUrl\":\"https:\\\/\\\/www.fcbarcelonanoticias.com\\\/en\\\/wp-content\\\/uploads\\\/sites\\\/2\\\/2022\\\/02\\\/fbl-esp-liga-barcelona-real-madrid-2-1.jpeg\",\"keywords\":[\"Demb\u00e9l\u00e9\"],\"articleSection\":[\"FC Barcelona\"],\"inLanguage\":\"en-US\"},{\"@type\":\"WebPage\",\"@id\":\"https:\\\/\\\/www.fcbarcelonanoticias.com\\\/en\\\/fc-barcelona\\\/raphinha-continues-comply-barca_290714_102.html\",\"url\":\"https:\\\/\\\/www.fcbarcelonanoticias.com\\\/en\\\/fc-barcelona\\\/raphinha-continues-comply-barca_290714_102.html\",\"name\":\"Raphinha continues to comply at Bar\u00e7a and 'threats' Demb\u00e9l\u00e9's place\",\"isPartOf\":{\"@id\":\"https:\\\/\\\/www.fcbarcelonanoticias.com\\\/en\\\/#website\"},\"primaryImageOfPage\":{\"@id\":\"https:\\\/\\\/www.fcbarcelonanoticias.com\\\/en\\\/fc-barcelona\\\/raphinha-continues-comply-barca_290714_102.html#primaryimage\"},\"image\":{\"@id\":\"https:\\\/\\\/www.fcbarcelonanoticias.com\\\/en\\\/fc-barcelona\\\/raphinha-continues-comply-barca_290714_102.html#primaryimage\"},\"thumbnailUrl\":\"https:\\\/\\\/www.fcbarcelonanoticias.com\\\/en\\\/wp-content\\\/uploads\\\/sites\\\/2\\\/2022\\\/02\\\/fbl-esp-liga-barcelona-real-madrid-2-1.jpeg\",\"datePublished\":\"2023-03-20T17:05:00+00:00\",\"author\":{\"@id\":\"https:\\\/\\\/www.fcbarcelonanoticias.com\\\/en\\\/#\\\/schema\\\/person\\\/76c77917e39f918eb1604c571055386e\"},\"description\":\"Raphinha Continues answering with the Bar\u00e7a in his apparitions. The Brazilian has showed solvent with and without balloon, what surely will do to Xavi replantearse the inamovilidad that had Demb\u00e9l\u00e9\",\"breadcrumb\":{\"@id\":\"https:\\\/\\\/www.fcbarcelonanoticias.com\\\/en\\\/fc-barcelona\\\/raphinha-continues-comply-barca_290714_102.html#breadcrumb\"},\"inLanguage\":\"en-US\",\"potentialAction\":[{\"@type\":\"ReadAction\",\"target\":[\"https:\\\/\\\/www.fcbarcelonanoticias.com\\\/en\\\/fc-barcelona\\\/raphinha-continues-comply-barca_290714_102.html\"]}]},{\"@type\":\"ImageObject\",\"inLanguage\":\"en-US\",\"@id\":\"https:\\\/\\\/www.fcbarcelonanoticias.com\\\/en\\\/fc-barcelona\\\/raphinha-continues-comply-barca_290714_102.html#primaryimage\",\"url\":\"https:\\\/\\\/www.fcbarcelonanoticias.com\\\/en\\\/wp-content\\\/uploads\\\/sites\\\/2\\\/2022\\\/02\\\/fbl-esp-liga-barcelona-real-madrid-2-1.jpeg\",\"contentUrl\":\"https:\\\/\\\/www.fcbarcelonanoticias.com\\\/en\\\/wp-content\\\/uploads\\\/sites\\\/2\\\/2022\\\/02\\\/fbl-esp-liga-barcelona-real-madrid-2-1.jpeg\",\"width\":1200,\"height\":745},{\"@type\":\"BreadcrumbList\",\"@id\":\"https:\\\/\\\/www.fcbarcelonanoticias.com\\\/en\\\/fc-barcelona\\\/raphinha-continues-comply-barca_290714_102.html#breadcrumb\",\"itemListElement\":[{\"@type\":\"ListItem\",\"position\":1,\"name\":\"Portada\",\"item\":\"https:\\\/\\\/www.fcbarcelonanoticias.com\\\/en\\\/\"},{\"@type\":\"ListItem\",\"position\":2,\"name\":\"Raphinha continues to comply at Bar\u00e7a and &#8216;threats&#8217; Demb\u00e9l\u00e9&#8217;s place\"}]},{\"@type\":\"WebSite\",\"@id\":\"https:\\\/\\\/www.fcbarcelonanoticias.com\\\/en\\\/#website\",\"url\":\"https:\\\/\\\/www.fcbarcelonanoticias.com\\\/en\\\/\",\"name\":\"EN - FC Barcelona Noticias\",\"description\":\"\",\"potentialAction\":[{\"@type\":\"SearchAction\",\"target\":{\"@type\":\"EntryPoint\",\"urlTemplate\":\"https:\\\/\\\/www.fcbarcelonanoticias.com\\\/en\\\/?s={search_term_string}\"},\"query-input\":{\"@type\":\"PropertyValueSpecification\",\"valueRequired\":true,\"valueName\":\"search_term_string\"}}],\"inLanguage\":\"en-US\"},{\"@type\":\"Person\",\"@id\":\"https:\\\/\\\/www.fcbarcelonanoticias.com\\\/en\\\/#\\\/schema\\\/person\\\/76c77917e39f918eb1604c571055386e\",\"name\":\"Claudio Betancourt\",\"image\":{\"@type\":\"ImageObject\",\"inLanguage\":\"en-US\",\"@id\":\"https:\\\/\\\/secure.gravatar.com\\\/avatar\\\/?s=96&d=mm&r=g\",\"url\":\"https:\\\/\\\/secure.gravatar.com\\\/avatar\\\/?s=96&d=mm&r=g\",\"contentUrl\":\"https:\\\/\\\/secure.gravatar.com\\\/avatar\\\/?s=96&d=mm&r=g\",\"caption\":\"Claudio Betancourt\"},\"url\":\"https:\\\/\\\/www.fcbarcelonanoticias.com\\\/en\\\/claudio-betancourt_14_115.html\"}]}<\/script>\n<!-- \/ Yoast SEO plugin. -->","yoast_head_json":{"title":"Raphinha continues to comply at Bar\u00e7a and 'threats' Demb\u00e9l\u00e9's place","description":"Raphinha Continues answering with the Bar\u00e7a in his apparitions. The Brazilian has showed solvent with and without balloon, what surely will do to Xavi replantearse the inamovilidad that had Demb\u00e9l\u00e9","robots":{"index":"index","follow":"follow","max-snippet":"max-snippet:-1","max-image-preview":"max-image-preview:large","max-video-preview":"max-video-preview:-1"},"canonical":"https:\/\/www.fcbarcelonanoticias.com\/en\/fc-barcelona\/raphinha-continues-comply-barca_290714_102.html","og_locale":"en_US","og_type":"article","og_title":"Raphinha continues to comply at Bar\u00e7a and 'threats' Demb\u00e9l\u00e9's place","og_description":"Raphinha Continues answering with the Bar\u00e7a in his apparitions. The Brazilian has showed solvent with and without balloon, what surely will do to Xavi replantearse the inamovilidad that had Demb\u00e9l\u00e9","og_url":"https:\/\/www.fcbarcelonanoticias.com\/en\/fc-barcelona\/raphinha-continues-comply-barca_290714_102.html","og_site_name":"EN - FC Barcelona Noticias","article_published_time":"2023-03-20T17:05:00+00:00","og_image":[{"width":1200,"height":745,"url":"https:\/\/www.fcbarcelonanoticias.com\/en\/wp-content\/uploads\/sites\/2\/2022\/02\/fbl-esp-liga-barcelona-real-madrid-2-1.jpeg","type":"image\/jpeg"}],"author":"Claudio Betancourt","twitter_card":"summary_large_image","twitter_misc":{"Written by":"Claudio Betancourt","Est. reading time":"2 minutes"},"schema":{"@context":"https:\/\/schema.org","@graph":[{"@type":"Article","@id":"https:\/\/www.fcbarcelonanoticias.com\/en\/fc-barcelona\/raphinha-continues-comply-barca_290714_102.html#article","isPartOf":{"@id":"https:\/\/www.fcbarcelonanoticias.com\/en\/fc-barcelona\/raphinha-continues-comply-barca_290714_102.html"},"author":{"name":"Claudio Betancourt","@id":"https:\/\/www.fcbarcelonanoticias.com\/en\/#\/schema\/person\/76c77917e39f918eb1604c571055386e"},"headline":"Raphinha continues to comply at Bar\u00e7a and &#8216;threats&#8217; Demb\u00e9l\u00e9&#8217;s place","datePublished":"2023-03-20T17:05:00+00:00","mainEntityOfPage":{"@id":"https:\/\/www.fcbarcelonanoticias.com\/en\/fc-barcelona\/raphinha-continues-comply-barca_290714_102.html"},"wordCount":429,"image":{"@id":"https:\/\/www.fcbarcelonanoticias.com\/en\/fc-barcelona\/raphinha-continues-comply-barca_290714_102.html#primaryimage"},"thumbnailUrl":"https:\/\/www.fcbarcelonanoticias.com\/en\/wp-content\/uploads\/sites\/2\/2022\/02\/fbl-esp-liga-barcelona-real-madrid-2-1.jpeg","keywords":["Demb\u00e9l\u00e9"],"articleSection":["FC Barcelona"],"inLanguage":"en-US"},{"@type":"WebPage","@id":"https:\/\/www.fcbarcelonanoticias.com\/en\/fc-barcelona\/raphinha-continues-comply-barca_290714_102.html","url":"https:\/\/www.fcbarcelonanoticias.com\/en\/fc-barcelona\/raphinha-continues-comply-barca_290714_102.html","name":"Raphinha continues to comply at Bar\u00e7a and 'threats' Demb\u00e9l\u00e9's place","isPartOf":{"@id":"https:\/\/www.fcbarcelonanoticias.com\/en\/#website"},"primaryImageOfPage":{"@id":"https:\/\/www.fcbarcelonanoticias.com\/en\/fc-barcelona\/raphinha-continues-comply-barca_290714_102.html#primaryimage"},"image":{"@id":"https:\/\/www.fcbarcelonanoticias.com\/en\/fc-barcelona\/raphinha-continues-comply-barca_290714_102.html#primaryimage"},"thumbnailUrl":"https:\/\/www.fcbarcelonanoticias.com\/en\/wp-content\/uploads\/sites\/2\/2022\/02\/fbl-esp-liga-barcelona-real-madrid-2-1.jpeg","datePublished":"2023-03-20T17:05:00+00:00","author":{"@id":"https:\/\/www.fcbarcelonanoticias.com\/en\/#\/schema\/person\/76c77917e39f918eb1604c571055386e"},"description":"Raphinha Continues answering with the Bar\u00e7a in his apparitions. The Brazilian has showed solvent with and without balloon, what surely will do to Xavi replantearse the inamovilidad that had Demb\u00e9l\u00e9","breadcrumb":{"@id":"https:\/\/www.fcbarcelonanoticias.com\/en\/fc-barcelona\/raphinha-continues-comply-barca_290714_102.html#breadcrumb"},"inLanguage":"en-US","potentialAction":[{"@type":"ReadAction","target":["https:\/\/www.fcbarcelonanoticias.com\/en\/fc-barcelona\/raphinha-continues-comply-barca_290714_102.html"]}]},{"@type":"ImageObject","inLanguage":"en-US","@id":"https:\/\/www.fcbarcelonanoticias.com\/en\/fc-barcelona\/raphinha-continues-comply-barca_290714_102.html#primaryimage","url":"https:\/\/www.fcbarcelonanoticias.com\/en\/wp-content\/uploads\/sites\/2\/2022\/02\/fbl-esp-liga-barcelona-real-madrid-2-1.jpeg","contentUrl":"https:\/\/www.fcbarcelonanoticias.com\/en\/wp-content\/uploads\/sites\/2\/2022\/02\/fbl-esp-liga-barcelona-real-madrid-2-1.jpeg","width":1200,"height":745},{"@type":"BreadcrumbList","@id":"https:\/\/www.fcbarcelonanoticias.com\/en\/fc-barcelona\/raphinha-continues-comply-barca_290714_102.html#breadcrumb","itemListElement":[{"@type":"ListItem","position":1,"name":"Portada","item":"https:\/\/www.fcbarcelonanoticias.com\/en\/"},{"@type":"ListItem","position":2,"name":"Raphinha continues to comply at Bar\u00e7a and &#8216;threats&#8217; Demb\u00e9l\u00e9&#8217;s place"}]},{"@type":"WebSite","@id":"https:\/\/www.fcbarcelonanoticias.com\/en\/#website","url":"https:\/\/www.fcbarcelonanoticias.com\/en\/","name":"EN - FC Barcelona Noticias","description":"","potentialAction":[{"@type":"SearchAction","target":{"@type":"EntryPoint","urlTemplate":"https:\/\/www.fcbarcelonanoticias.com\/en\/?s={search_term_string}"},"query-input":{"@type":"PropertyValueSpecification","valueRequired":true,"valueName":"search_term_string"}}],"inLanguage":"en-US"},{"@type":"Person","@id":"https:\/\/www.fcbarcelonanoticias.com\/en\/#\/schema\/person\/76c77917e39f918eb1604c571055386e","name":"Claudio Betancourt","image":{"@type":"ImageObject","inLanguage":"en-US","@id":"https:\/\/secure.gravatar.com\/avatar\/?s=96&d=mm&r=g","url":"https:\/\/secure.gravatar.com\/avatar\/?s=96&d=mm&r=g","contentUrl":"https:\/\/secure.gravatar.com\/avatar\/?s=96&d=mm&r=g","caption":"Claudio Betancourt"},"url":"https:\/\/www.fcbarcelonanoticias.com\/en\/claudio-betancourt_14_115.html"}]}},"_links":{"self":[{"href":"https:\/\/www.fcbarcelonanoticias.com\/en\/wp-json\/wp\/v2\/posts\/25826","targetHints":{"allow":["GET"]}}],"collection":[{"href":"https:\/\/www.fcbarcelonanoticias.com\/en\/wp-json\/wp\/v2\/posts"}],"about":[{"href":"https:\/\/www.fcbarcelonanoticias.com\/en\/wp-json\/wp\/v2\/types\/post"}],"author":[{"embeddable":true,"href":"https:\/\/www.fcbarcelonanoticias.com\/en\/wp-json\/wp\/v2\/users\/363"}],"replies":[{"embeddable":true,"href":"https:\/\/www.fcbarcelonanoticias.com\/en\/wp-json\/wp\/v2\/comments?post=25826"}],"version-history":[{"count":1,"href":"https:\/\/www.fcbarcelonanoticias.com\/en\/wp-json\/wp\/v2\/posts\/25826\/revisions"}],"predecessor-version":[{"id":107833,"href":"https:\/\/www.fcbarcelonanoticias.com\/en\/wp-json\/wp\/v2\/posts\/25826\/revisions\/107833"}],"wp:featuredmedia":[{"embeddable":true,"href":"https:\/\/www.fcbarcelonanoticias.com\/en\/wp-json\/wp\/v2\/media\/15630"}],"wp:attachment":[{"href":"https:\/\/www.fcbarcelonanoticias.com\/en\/wp-json\/wp\/v2\/media?parent=25826"}],"wp:term":[{"taxonomy":"category","embeddable":true,"href":"https:\/\/www.fcbarcelonanoticias.com\/en\/wp-json\/wp\/v2\/categories?post=25826"},{"taxonomy":"post_tag","embeddable":true,"href":"https:\/\/www.fcbarcelonanoticias.com\/en\/wp-json\/wp\/v2\/tags?post=25826"}],"curies":[{"name":"wp","href":"https:\/\/api.w.org\/{rel}","templated":true}]}}