{"id":25838,"date":"2024-12-14T21:30:00","date_gmt":"2024-12-14T20:30:00","guid":{"rendered":"https:\/\/weisetech.dev\/fc-barcelona-noticias\/en\/raphinha-on-par-with-two-brazilian-legends-of-barca_309323_102\/"},"modified":"2024-12-14T21:30:00","modified_gmt":"2024-12-14T20:30:00","slug":"raphinha-on-par-with-two-brazilian-legends-of-barca_309323_102","status":"publish","type":"post","link":"https:\/\/www.fcbarcelonanoticias.com\/en\/fc-barcelona\/raphinha-on-par-with-two-brazilian-legends-of-barca_309323_102.html","title":{"rendered":"Raphinha, on par with two Brazilian legends of Bar\u00e7a"},"content":{"rendered":"<h2 class=\"wp-block-heading\">Raphinha is on par with the great Brazilians in history. The &#8217;11&#8217; matched the best Champions League scoring streak of a Brazilian player in a calendar year<\/h2>  \r\n<div class=\"article-addons\">\r\n    <a href=\"https:\/\/www.fcbarcelonanoticias.com\/en\/calendar-fc-barcelona.html\"\r\n       target=\"_self\"\r\n       title=\"Calendar of FC Barcelona\"\r\n       class=\"blue-gredient-btn\">\r\n       \r\n        Calendar of FC Barcelona    <\/a>\r\n<\/div>   <p><strong>Raphinha <\/strong>is having his breakout season in the elite. The Brazilian, who turns 28 on December 14, is one of the standout players of the new <strong>FC Barcelona<\/strong> under Hansi Flick, celebrating in style as one of the team captains and reaching milestones set by other Brazilian legends who have worn the blue and claret jersey.<\/p>  <p>With the goal scored against <strong>Borussia Dortmund<\/strong> last Wednesday in the Champions League, <a data-external=\"0\" data-intl-links-en=\"https:\/\/www.fcbarcelonanoticias.com\/en\/top-scorers-fc-barcelona-2024-2025.html\" data-intl-links-es=\"https:\/\/www.fcbarcelonanoticias.com\/goleadores-fc-barcelona-2024-2025.html\" href=\"https:\/\/www.fcbarcelonanoticias.com\/en\/top-scorers-fc-barcelona-2024-2025.html\" rel=\"follow\" target=\"_self\" title=\"FC Barcelona Scorers 2024-2025\">the winger has been involved in 12 goals in the European competition this 2024 (9 goals and 3 assists)<\/a>. Last season, he scored 3 goals against PSG and provided 1 assist, while this season he has already accumulated 6 (Young Boys, Bayern Munich x3, Red Star, and Dortmund), in addition to 2 assists.<\/p>  <h3>Raphinha, on par with two great Brazilians<\/h3>  <p>With this achievement, <strong>Raphinha <\/strong>has become the fourth Brazilian player with the most goal contributions in the Champions League in a calendar year, joining two &#8216;verdeamarela&#8217; legends who also played at <strong>Spotify Camp Nou<\/strong>. The first of them, <strong>Rivaldo<\/strong>, set this record in 2000 with 11 goals and 1 assist.<\/p>  <p>The following year, <strong>Giovane \u00c9lber<\/strong> joined the list while playing for <strong>Bayern Munich<\/strong>, matching the same figures as the Ballon d&#8217;Or winner. More than a decade later, <strong>Neymar Jr.<\/strong> achieved this twice, once with <strong>Bar\u00e7a <\/strong>(2015) and once with <strong>PSG <\/strong>(2017), totaling 9 goals and 3 assists and 8 goals and 4 assists, respectively. Now, &#8216;Rapha&#8217;, alongside <strong>Vinicius Jr.<\/strong>, has managed to sit at the table of these stars after his spectacular end to the year.<\/p> ","protected":false},"excerpt":{"rendered":"<p>Raphinha is on par with the great Brazilians in history. The &#8217;11&#8217; matched the best Champions League scoring streak of a Brazilian player in a calendar year Raphinha is having his breakout season in the elite. The Brazilian, who turns 28 on December 14, is one of the standout players of the new FC Barcelona [&hellip;]<\/p>\n","protected":false},"author":358,"featured_media":1118,"comment_status":"closed","ping_status":"open","sticky":false,"template":"","format":"standard","meta":{"_acf_changed":false,"inline_featured_image":false,"_nextfly_llmd_date_locked":false,"footnotes":""},"categories":[111],"tags":[143,164,157],"class_list":["post-25838","post","type-post","status-publish","format-standard","has-post-thumbnail","hentry","category-fc-barcelona","tag-neymar-jr","tag-rivaldo","tag-statistics"],"acf":[],"yoast_head":"<!-- This site is optimized with the Yoast SEO plugin v27.3 - https:\/\/yoast.com\/product\/yoast-seo-wordpress\/ -->\n<title>Raphinha, on par with two Brazilian legends of Bar\u00e7a<\/title>\n<meta name=\"description\" content=\"Raphinha is on par with the great Brazilians in history. The &#039;11&#039; matched the best Champions League scoring streak of a Brazilian player in a calendar year\" \/>\n<meta name=\"robots\" content=\"index, follow, max-snippet:-1, max-image-preview:large, max-video-preview:-1\" \/>\n<link rel=\"canonical\" href=\"https:\/\/www.fcbarcelonanoticias.com\/en\/fc-barcelona\/raphinha-on-par-with-two-brazilian-legends-of-barca_309323_102.html\" \/>\n<meta property=\"og:locale\" content=\"en_US\" \/>\n<meta property=\"og:type\" content=\"article\" \/>\n<meta property=\"og:title\" content=\"Raphinha, on par with two Brazilian legends of Bar\u00e7a\" \/>\n<meta property=\"og:description\" content=\"Raphinha is on par with the great Brazilians in history. The &#039;11&#039; matched the best Champions League scoring streak of a Brazilian player in a calendar year\" \/>\n<meta property=\"og:url\" content=\"https:\/\/www.fcbarcelonanoticias.com\/en\/fc-barcelona\/raphinha-on-par-with-two-brazilian-legends-of-barca_309323_102.html\" \/>\n<meta property=\"og:site_name\" content=\"EN - FC Barcelona Noticias\" \/>\n<meta property=\"article:published_time\" content=\"2024-12-14T20:30:00+00:00\" \/>\n<meta property=\"og:image\" content=\"https:\/\/www.fcbarcelonanoticias.com\/en\/wp-content\/uploads\/sites\/2\/2024\/12\/raphinha-v-borussia-dortmund-2-scaled.jpeg\" \/>\n\t<meta property=\"og:image:width\" content=\"2560\" \/>\n\t<meta property=\"og:image:height\" content=\"2054\" \/>\n\t<meta property=\"og:image:type\" content=\"image\/jpeg\" \/>\n<meta name=\"author\" content=\"Juan Pablo Berdugo\" \/>\n<meta name=\"twitter:card\" content=\"summary_large_image\" \/>\n<meta name=\"twitter:label1\" content=\"Written by\" \/>\n\t<meta name=\"twitter:data1\" content=\"Juan Pablo Berdugo\" \/>\n\t<meta name=\"twitter:label2\" content=\"Est. reading time\" \/>\n\t<meta name=\"twitter:data2\" content=\"1 minute\" \/>\n<script type=\"application\/ld+json\" class=\"yoast-schema-graph\">{\"@context\":\"https:\\\/\\\/schema.org\",\"@graph\":[{\"@type\":\"Article\",\"@id\":\"https:\\\/\\\/www.fcbarcelonanoticias.com\\\/en\\\/fc-barcelona\\\/raphinha-on-par-with-two-brazilian-legends-of-barca_309323_102.html#article\",\"isPartOf\":{\"@id\":\"https:\\\/\\\/www.fcbarcelonanoticias.com\\\/en\\\/fc-barcelona\\\/raphinha-on-par-with-two-brazilian-legends-of-barca_309323_102.html\"},\"author\":{\"name\":\"Juan Pablo Berdugo\",\"@id\":\"https:\\\/\\\/www.fcbarcelonanoticias.com\\\/en\\\/#\\\/schema\\\/person\\\/88d756918a0a1ae9fa593b5edddd1815\"},\"headline\":\"Raphinha, on par with two Brazilian legends of Bar\u00e7a\",\"datePublished\":\"2024-12-14T20:30:00+00:00\",\"mainEntityOfPage\":{\"@id\":\"https:\\\/\\\/www.fcbarcelonanoticias.com\\\/en\\\/fc-barcelona\\\/raphinha-on-par-with-two-brazilian-legends-of-barca_309323_102.html\"},\"wordCount\":274,\"image\":{\"@id\":\"https:\\\/\\\/www.fcbarcelonanoticias.com\\\/en\\\/fc-barcelona\\\/raphinha-on-par-with-two-brazilian-legends-of-barca_309323_102.html#primaryimage\"},\"thumbnailUrl\":\"https:\\\/\\\/www.fcbarcelonanoticias.com\\\/en\\\/wp-content\\\/uploads\\\/sites\\\/2\\\/2024\\\/12\\\/raphinha-v-borussia-dortmund-2-scaled.jpeg\",\"keywords\":[\"Neymar Jr\",\"Rivaldo\",\"Statistics\"],\"articleSection\":[\"FC Barcelona\"],\"inLanguage\":\"en-US\"},{\"@type\":\"WebPage\",\"@id\":\"https:\\\/\\\/www.fcbarcelonanoticias.com\\\/en\\\/fc-barcelona\\\/raphinha-on-par-with-two-brazilian-legends-of-barca_309323_102.html\",\"url\":\"https:\\\/\\\/www.fcbarcelonanoticias.com\\\/en\\\/fc-barcelona\\\/raphinha-on-par-with-two-brazilian-legends-of-barca_309323_102.html\",\"name\":\"Raphinha, on par with two Brazilian legends of Bar\u00e7a\",\"isPartOf\":{\"@id\":\"https:\\\/\\\/www.fcbarcelonanoticias.com\\\/en\\\/#website\"},\"primaryImageOfPage\":{\"@id\":\"https:\\\/\\\/www.fcbarcelonanoticias.com\\\/en\\\/fc-barcelona\\\/raphinha-on-par-with-two-brazilian-legends-of-barca_309323_102.html#primaryimage\"},\"image\":{\"@id\":\"https:\\\/\\\/www.fcbarcelonanoticias.com\\\/en\\\/fc-barcelona\\\/raphinha-on-par-with-two-brazilian-legends-of-barca_309323_102.html#primaryimage\"},\"thumbnailUrl\":\"https:\\\/\\\/www.fcbarcelonanoticias.com\\\/en\\\/wp-content\\\/uploads\\\/sites\\\/2\\\/2024\\\/12\\\/raphinha-v-borussia-dortmund-2-scaled.jpeg\",\"datePublished\":\"2024-12-14T20:30:00+00:00\",\"author\":{\"@id\":\"https:\\\/\\\/www.fcbarcelonanoticias.com\\\/en\\\/#\\\/schema\\\/person\\\/88d756918a0a1ae9fa593b5edddd1815\"},\"description\":\"Raphinha is on par with the great Brazilians in history. The '11' matched the best Champions League scoring streak of a Brazilian player in a calendar year\",\"breadcrumb\":{\"@id\":\"https:\\\/\\\/www.fcbarcelonanoticias.com\\\/en\\\/fc-barcelona\\\/raphinha-on-par-with-two-brazilian-legends-of-barca_309323_102.html#breadcrumb\"},\"inLanguage\":\"en-US\",\"potentialAction\":[{\"@type\":\"ReadAction\",\"target\":[\"https:\\\/\\\/www.fcbarcelonanoticias.com\\\/en\\\/fc-barcelona\\\/raphinha-on-par-with-two-brazilian-legends-of-barca_309323_102.html\"]}]},{\"@type\":\"ImageObject\",\"inLanguage\":\"en-US\",\"@id\":\"https:\\\/\\\/www.fcbarcelonanoticias.com\\\/en\\\/fc-barcelona\\\/raphinha-on-par-with-two-brazilian-legends-of-barca_309323_102.html#primaryimage\",\"url\":\"https:\\\/\\\/www.fcbarcelonanoticias.com\\\/en\\\/wp-content\\\/uploads\\\/sites\\\/2\\\/2024\\\/12\\\/raphinha-v-borussia-dortmund-2-scaled.jpeg\",\"contentUrl\":\"https:\\\/\\\/www.fcbarcelonanoticias.com\\\/en\\\/wp-content\\\/uploads\\\/sites\\\/2\\\/2024\\\/12\\\/raphinha-v-borussia-dortmund-2-scaled.jpeg\",\"width\":2560,\"height\":2054},{\"@type\":\"BreadcrumbList\",\"@id\":\"https:\\\/\\\/www.fcbarcelonanoticias.com\\\/en\\\/fc-barcelona\\\/raphinha-on-par-with-two-brazilian-legends-of-barca_309323_102.html#breadcrumb\",\"itemListElement\":[{\"@type\":\"ListItem\",\"position\":1,\"name\":\"Portada\",\"item\":\"https:\\\/\\\/www.fcbarcelonanoticias.com\\\/en\\\/\"},{\"@type\":\"ListItem\",\"position\":2,\"name\":\"Raphinha, on par with two Brazilian legends of Bar\u00e7a\"}]},{\"@type\":\"WebSite\",\"@id\":\"https:\\\/\\\/www.fcbarcelonanoticias.com\\\/en\\\/#website\",\"url\":\"https:\\\/\\\/www.fcbarcelonanoticias.com\\\/en\\\/\",\"name\":\"EN - FC Barcelona Noticias\",\"description\":\"\",\"potentialAction\":[{\"@type\":\"SearchAction\",\"target\":{\"@type\":\"EntryPoint\",\"urlTemplate\":\"https:\\\/\\\/www.fcbarcelonanoticias.com\\\/en\\\/?s={search_term_string}\"},\"query-input\":{\"@type\":\"PropertyValueSpecification\",\"valueRequired\":true,\"valueName\":\"search_term_string\"}}],\"inLanguage\":\"en-US\"},{\"@type\":\"Person\",\"@id\":\"https:\\\/\\\/www.fcbarcelonanoticias.com\\\/en\\\/#\\\/schema\\\/person\\\/88d756918a0a1ae9fa593b5edddd1815\",\"name\":\"Juan Pablo Berdugo\",\"image\":{\"@type\":\"ImageObject\",\"inLanguage\":\"en-US\",\"@id\":\"https:\\\/\\\/secure.gravatar.com\\\/avatar\\\/?s=96&d=mm&r=g\",\"url\":\"https:\\\/\\\/secure.gravatar.com\\\/avatar\\\/?s=96&d=mm&r=g\",\"contentUrl\":\"https:\\\/\\\/secure.gravatar.com\\\/avatar\\\/?s=96&d=mm&r=g\",\"caption\":\"Juan Pablo Berdugo\"},\"description\":\"Juan Pablo Berdugo es graduado en Periodismo. Colabora con FCBN como especialista en informaci\u00f3n del primer equipo del FC Barcelona, f\u00fatbol internacional y mercado de fichajes. Destaca por su enfoque anal\u00edtico, su rigor informativo y su capacidad para detectar tendencias emergentes en el f\u00fatbol global.\",\"url\":\"https:\\\/\\\/www.fcbarcelonanoticias.com\\\/en\\\/fc-barcelona\\\/juan-pablo-berdugo_18_115.html\"}]}<\/script>\n<!-- \/ Yoast SEO plugin. -->","yoast_head_json":{"title":"Raphinha, on par with two Brazilian legends of Bar\u00e7a","description":"Raphinha is on par with the great Brazilians in history. The '11' matched the best Champions League scoring streak of a Brazilian player in a calendar year","robots":{"index":"index","follow":"follow","max-snippet":"max-snippet:-1","max-image-preview":"max-image-preview:large","max-video-preview":"max-video-preview:-1"},"canonical":"https:\/\/www.fcbarcelonanoticias.com\/en\/fc-barcelona\/raphinha-on-par-with-two-brazilian-legends-of-barca_309323_102.html","og_locale":"en_US","og_type":"article","og_title":"Raphinha, on par with two Brazilian legends of Bar\u00e7a","og_description":"Raphinha is on par with the great Brazilians in history. The '11' matched the best Champions League scoring streak of a Brazilian player in a calendar year","og_url":"https:\/\/www.fcbarcelonanoticias.com\/en\/fc-barcelona\/raphinha-on-par-with-two-brazilian-legends-of-barca_309323_102.html","og_site_name":"EN - FC Barcelona Noticias","article_published_time":"2024-12-14T20:30:00+00:00","og_image":[{"width":2560,"height":2054,"url":"https:\/\/www.fcbarcelonanoticias.com\/en\/wp-content\/uploads\/sites\/2\/2024\/12\/raphinha-v-borussia-dortmund-2-scaled.jpeg","type":"image\/jpeg"}],"author":"Juan Pablo Berdugo","twitter_card":"summary_large_image","twitter_misc":{"Written by":"Juan Pablo Berdugo","Est. reading time":"1 minute"},"schema":{"@context":"https:\/\/schema.org","@graph":[{"@type":"Article","@id":"https:\/\/www.fcbarcelonanoticias.com\/en\/fc-barcelona\/raphinha-on-par-with-two-brazilian-legends-of-barca_309323_102.html#article","isPartOf":{"@id":"https:\/\/www.fcbarcelonanoticias.com\/en\/fc-barcelona\/raphinha-on-par-with-two-brazilian-legends-of-barca_309323_102.html"},"author":{"name":"Juan Pablo Berdugo","@id":"https:\/\/www.fcbarcelonanoticias.com\/en\/#\/schema\/person\/88d756918a0a1ae9fa593b5edddd1815"},"headline":"Raphinha, on par with two Brazilian legends of Bar\u00e7a","datePublished":"2024-12-14T20:30:00+00:00","mainEntityOfPage":{"@id":"https:\/\/www.fcbarcelonanoticias.com\/en\/fc-barcelona\/raphinha-on-par-with-two-brazilian-legends-of-barca_309323_102.html"},"wordCount":274,"image":{"@id":"https:\/\/www.fcbarcelonanoticias.com\/en\/fc-barcelona\/raphinha-on-par-with-two-brazilian-legends-of-barca_309323_102.html#primaryimage"},"thumbnailUrl":"https:\/\/www.fcbarcelonanoticias.com\/en\/wp-content\/uploads\/sites\/2\/2024\/12\/raphinha-v-borussia-dortmund-2-scaled.jpeg","keywords":["Neymar Jr","Rivaldo","Statistics"],"articleSection":["FC Barcelona"],"inLanguage":"en-US"},{"@type":"WebPage","@id":"https:\/\/www.fcbarcelonanoticias.com\/en\/fc-barcelona\/raphinha-on-par-with-two-brazilian-legends-of-barca_309323_102.html","url":"https:\/\/www.fcbarcelonanoticias.com\/en\/fc-barcelona\/raphinha-on-par-with-two-brazilian-legends-of-barca_309323_102.html","name":"Raphinha, on par with two Brazilian legends of Bar\u00e7a","isPartOf":{"@id":"https:\/\/www.fcbarcelonanoticias.com\/en\/#website"},"primaryImageOfPage":{"@id":"https:\/\/www.fcbarcelonanoticias.com\/en\/fc-barcelona\/raphinha-on-par-with-two-brazilian-legends-of-barca_309323_102.html#primaryimage"},"image":{"@id":"https:\/\/www.fcbarcelonanoticias.com\/en\/fc-barcelona\/raphinha-on-par-with-two-brazilian-legends-of-barca_309323_102.html#primaryimage"},"thumbnailUrl":"https:\/\/www.fcbarcelonanoticias.com\/en\/wp-content\/uploads\/sites\/2\/2024\/12\/raphinha-v-borussia-dortmund-2-scaled.jpeg","datePublished":"2024-12-14T20:30:00+00:00","author":{"@id":"https:\/\/www.fcbarcelonanoticias.com\/en\/#\/schema\/person\/88d756918a0a1ae9fa593b5edddd1815"},"description":"Raphinha is on par with the great Brazilians in history. The '11' matched the best Champions League scoring streak of a Brazilian player in a calendar year","breadcrumb":{"@id":"https:\/\/www.fcbarcelonanoticias.com\/en\/fc-barcelona\/raphinha-on-par-with-two-brazilian-legends-of-barca_309323_102.html#breadcrumb"},"inLanguage":"en-US","potentialAction":[{"@type":"ReadAction","target":["https:\/\/www.fcbarcelonanoticias.com\/en\/fc-barcelona\/raphinha-on-par-with-two-brazilian-legends-of-barca_309323_102.html"]}]},{"@type":"ImageObject","inLanguage":"en-US","@id":"https:\/\/www.fcbarcelonanoticias.com\/en\/fc-barcelona\/raphinha-on-par-with-two-brazilian-legends-of-barca_309323_102.html#primaryimage","url":"https:\/\/www.fcbarcelonanoticias.com\/en\/wp-content\/uploads\/sites\/2\/2024\/12\/raphinha-v-borussia-dortmund-2-scaled.jpeg","contentUrl":"https:\/\/www.fcbarcelonanoticias.com\/en\/wp-content\/uploads\/sites\/2\/2024\/12\/raphinha-v-borussia-dortmund-2-scaled.jpeg","width":2560,"height":2054},{"@type":"BreadcrumbList","@id":"https:\/\/www.fcbarcelonanoticias.com\/en\/fc-barcelona\/raphinha-on-par-with-two-brazilian-legends-of-barca_309323_102.html#breadcrumb","itemListElement":[{"@type":"ListItem","position":1,"name":"Portada","item":"https:\/\/www.fcbarcelonanoticias.com\/en\/"},{"@type":"ListItem","position":2,"name":"Raphinha, on par with two Brazilian legends of Bar\u00e7a"}]},{"@type":"WebSite","@id":"https:\/\/www.fcbarcelonanoticias.com\/en\/#website","url":"https:\/\/www.fcbarcelonanoticias.com\/en\/","name":"EN - FC Barcelona Noticias","description":"","potentialAction":[{"@type":"SearchAction","target":{"@type":"EntryPoint","urlTemplate":"https:\/\/www.fcbarcelonanoticias.com\/en\/?s={search_term_string}"},"query-input":{"@type":"PropertyValueSpecification","valueRequired":true,"valueName":"search_term_string"}}],"inLanguage":"en-US"},{"@type":"Person","@id":"https:\/\/www.fcbarcelonanoticias.com\/en\/#\/schema\/person\/88d756918a0a1ae9fa593b5edddd1815","name":"Juan Pablo Berdugo","image":{"@type":"ImageObject","inLanguage":"en-US","@id":"https:\/\/secure.gravatar.com\/avatar\/?s=96&d=mm&r=g","url":"https:\/\/secure.gravatar.com\/avatar\/?s=96&d=mm&r=g","contentUrl":"https:\/\/secure.gravatar.com\/avatar\/?s=96&d=mm&r=g","caption":"Juan Pablo Berdugo"},"description":"Juan Pablo Berdugo es graduado en Periodismo. Colabora con FCBN como especialista en informaci\u00f3n del primer equipo del FC Barcelona, f\u00fatbol internacional y mercado de fichajes. Destaca por su enfoque anal\u00edtico, su rigor informativo y su capacidad para detectar tendencias emergentes en el f\u00fatbol global.","url":"https:\/\/www.fcbarcelonanoticias.com\/en\/fc-barcelona\/juan-pablo-berdugo_18_115.html"}]}},"_links":{"self":[{"href":"https:\/\/www.fcbarcelonanoticias.com\/en\/wp-json\/wp\/v2\/posts\/25838","targetHints":{"allow":["GET"]}}],"collection":[{"href":"https:\/\/www.fcbarcelonanoticias.com\/en\/wp-json\/wp\/v2\/posts"}],"about":[{"href":"https:\/\/www.fcbarcelonanoticias.com\/en\/wp-json\/wp\/v2\/types\/post"}],"author":[{"embeddable":true,"href":"https:\/\/www.fcbarcelonanoticias.com\/en\/wp-json\/wp\/v2\/users\/358"}],"replies":[{"embeddable":true,"href":"https:\/\/www.fcbarcelonanoticias.com\/en\/wp-json\/wp\/v2\/comments?post=25838"}],"version-history":[{"count":1,"href":"https:\/\/www.fcbarcelonanoticias.com\/en\/wp-json\/wp\/v2\/posts\/25838\/revisions"}],"predecessor-version":[{"id":107796,"href":"https:\/\/www.fcbarcelonanoticias.com\/en\/wp-json\/wp\/v2\/posts\/25838\/revisions\/107796"}],"wp:featuredmedia":[{"embeddable":true,"href":"https:\/\/www.fcbarcelonanoticias.com\/en\/wp-json\/wp\/v2\/media\/1118"}],"wp:attachment":[{"href":"https:\/\/www.fcbarcelonanoticias.com\/en\/wp-json\/wp\/v2\/media?parent=25838"}],"wp:term":[{"taxonomy":"category","embeddable":true,"href":"https:\/\/www.fcbarcelonanoticias.com\/en\/wp-json\/wp\/v2\/categories?post=25838"},{"taxonomy":"post_tag","embeddable":true,"href":"https:\/\/www.fcbarcelonanoticias.com\/en\/wp-json\/wp\/v2\/tags?post=25838"}],"curies":[{"name":"wp","href":"https:\/\/api.w.org\/{rel}","templated":true}]}}