{"id":25871,"date":"2025-03-12T05:04:00","date_gmt":"2025-03-12T04:04:00","guid":{"rendered":"https:\/\/weisetech.dev\/fc-barcelona-noticias\/en\/raphinha-is-in-his-prime-the-true-leader-of-super-barca_311424_102\/"},"modified":"2025-03-12T05:04:00","modified_gmt":"2025-03-12T04:04:00","slug":"raphinha-is-in-his-prime-the-true-leader-of-super-barca_311424_102","status":"publish","type":"post","link":"https:\/\/www.fcbarcelonanoticias.com\/en\/fc-barcelona\/raphinha-is-in-his-prime-the-true-leader-of-super-barca_311424_102.html","title":{"rendered":"Raphinha is in his PRIME: the true leader of a super Bar\u00e7a"},"content":{"rendered":"<h2 class=\"wp-block-heading\">Raphinha is one of the key pillars of Hansi Flick&#8217;s Bar\u00e7a. The Brazilian has been involved in 44 of Bar\u00e7a&#8217;s 128 goals this season and is on track for the Ballon d&#8217;Or<\/h2>  \r\n<div class=\"article-addons\">\r\n    <a href=\"https:\/\/www.fcbarcelonanoticias.com\/en\/calendar-fc-barcelona.html\"\r\n       target=\"_self\"\r\n       title=\"Calendar of FC Barcelona\"\r\n       class=\"blue-gredient-btn\">\r\n       \r\n        Calendar of FC Barcelona    <\/a>\r\n<\/div>   <p>Between July and August 2024, the name of <strong>Raphinha<\/strong> was constantly linked to a possible departure from the Catalan City. The Brazilian, however, remained steadfast in his desire to succeed at <strong>FC Barcelona<\/strong>, and now, just over seven months later, he has established himself as one of the great pillars of <strong>Hansi Flick&#8217;s<\/strong> project, whose overwhelming success this season could not be understood without the influence of the &#8217;11&#8217; cul\u00e9.<\/p>  <p>Last Tuesday, for example, &#8216;Rapha&#8217; was once again one of the main figures of the azulgrana team in their victory against <strong>Benfica<\/strong> in the second leg of the <strong>Champions League<\/strong> round of 16 (3-1). The player celebrated a brace that, <a data-external=\"0\" data-intl-links-en=\"https:\/\/www.fcbarcelonanoticias.com\/en\/champions-league\/raphinha-the-best-brazilian-scorer-in-the-history-of-the-champions_311416_102.html\" data-intl-links-es=\"https:\/\/www.fcbarcelonanoticias.com\/champions-league\/raphinha-mejor-goleador-brasileno-historia-champions-barca_311416_102.html\" href=\"https:\/\/www.fcbarcelonanoticias.com\/en\/champions-league\/raphinha-the-best-brazilian-scorer-in-the-history-of-the-champions_311416_102.html\" rel=\"follow\" target=\"_self\" title=\"Raphinha: the best Brazilian scorer in the history of the Champions and Bar\u00e7a\">in addition to placing him at the top of the competition&#8217;s scoring table<\/a>, sealed the Catalans&#8217; passage to the quarter-finals for the second consecutive year.<\/p>  <p>The <strong>Bar\u00e7a<\/strong> is an unstoppable machine. The azulgrana team is leading LaLiga, is one step away from the Copa final, is the Supercopa champion, and is already among the top 8 teams on the continent, and a large part of these spectacular achievements bear the signature of <strong>Raphinha<\/strong>, whose offensive production and leadership in the locker room have been crucial for the squad to maintain a crushing pace throughout the season.<\/p>  <h2>No one generates more goals than Raphinha in Hansi Flick&#8217;s Bar\u00e7a<\/h2>  <p>In total, <a data-external=\"0\" data-intl-links-en=\"https:\/\/www.fcbarcelonanoticias.com\/en\/fc-barcelona\/raphinha-of-gold-27-goals-and-16-assists-this-season_311421_102.html\" data-intl-links-es=\"https:\/\/www.fcbarcelonanoticias.com\/fc-barcelona\/raphinha-oro-27-goles-16-asistencias-en-esta-temporada_311421_102.html\" href=\"https:\/\/www.fcbarcelonanoticias.com\/en\/fc-barcelona\/raphinha-of-gold-27-goals-and-16-assists-this-season_311421_102.html\" rel=\"follow\" target=\"_self\" title=\"A GOLD Raphinha: 27 goals and 17 assists this season\">Raphinha has accumulated 27 goals and 17 assists in the 41 matches he has played this season<\/a>, participating in <strong>44 of the 128 goals scored by the Catalan team this season<\/strong>, which is 34%. Moreover, 16 of the 32 goals (50%) celebrated by the team in the Champions League have his signature, as he has scored 11 and assisted another 5. Overwhelming numbers from a player of another planet.<\/p>  <p><strong>Raphinha<\/strong> is the player with the most contributions to goals for <strong>Bar\u00e7a<\/strong> (44), ahead of <strong>Robert Lewandowski<\/strong>, who remains the team&#8217;s top scorer with 34 goals but has only provided 3 assists, totaling 37 generated goals, and <strong>Lamine Yamal<\/strong>, whose production is 12 goals and 17 assists (29). These figures are completely atypical and impressive but still fall short compared to the brutal statistics of the South American.<\/p>  <p>Additionally, with the brace celebrated this Tuesday in Montju\u00efc, the &#8217;11&#8217; cul\u00e9 reached <strong>47 goals as a blaugrana<\/strong>, equaling a legend of the stature of <strong>Ronaldo Naz\u00e1rio<\/strong> in the club&#8217;s historical ranking. In fact, the Brazilian has tied &#8216;R9&#8217; as the <strong>fifth highest Brazilian scorer in the history of<\/strong> <strong>Bar\u00e7a<\/strong>, only behind <strong>Ronaldinho<\/strong> (94), <strong>Neymar<\/strong> (105), <strong>Evaristo de Macedo<\/strong> (105), and <strong>Rivaldo<\/strong> (130).<\/p>  <p>In this way, &#8216;Rapha&#8217; continues to aspire to win everything at both the collective and individual levels with <strong>Bar\u00e7a<\/strong> this season. <strong>The Porto Alegre native is achieving numbers worthy of a true Ballon d&#8217;Or<\/strong>, following in the footsteps of Mohamed Salah, who is also &#8216;flying&#8217; with Liverpool. The Egyptian has 32 goals and 22 assists with the &#8216;reds&#8217; in 42 matches. However, <strong>after Liverpool&#8217;s elimination from the Champions League<\/strong>, the Brazilian begins to gain momentum in the race for the prestigious award for the best player in the world.<\/p>  <h2><strong>Raphinha&#8217;s statistics at FC Barcelona:<\/strong><\/h2>  <p>\ud83d\udcca&nbsp;<u><strong>2024-2025 Season<\/strong><\/u><\/p>  <ol> <li> <strong>Matches:<\/strong> 41 (26 in LaLiga | 3 in the Copa del Rey | 10 in the UEFA Champions League | 2 in the Supercopa de Espa\u00f1a)&nbsp;<\/li> \t<li> <strong>Goals:<\/strong>&nbsp;27<\/li> \t<li> <strong>Assists:<\/strong> 17<\/li> \t<li> <strong>Minutes played: <\/strong>3,352<\/li> \t<li> <strong>Matches by position:<\/strong> 31 as left winger; 6 as attacking midfielder; 4 as right winger<\/li> <\/ol> <p>\ud83d\udcca&nbsp;<u><strong>Total Statistics<\/strong><\/u><\/p>  <ol> <li> <strong>Matches:<\/strong> 128 (90 in LaLiga | 9 in the Copa del Rey | 22 in the UEFA Champions League | 5 in the Supercopa de Espa\u00f1a | 2 in the Europa League)&nbsp;<\/li> \t<li> <strong>Goals:<\/strong>&nbsp;47<\/li> \t<li> <strong>Assists:<\/strong> 42<\/li> \t<li> <strong>Minutes played: <\/strong>8,227<\/li> \t<li> <strong>Matches by position:<\/strong> 47 as left winger; 7 as attacking midfielder; 69 as right winger; 1 as central midfielder<\/li> <\/ol> ","protected":false},"excerpt":{"rendered":"<p>Raphinha is one of the key pillars of Hansi Flick&#8217;s Bar\u00e7a. The Brazilian has been involved in 44 of Bar\u00e7a&#8217;s 128 goals this season and is on track for the Ballon d&#8217;Or Between July and August 2024, the name of Raphinha was constantly linked to a possible departure from the Catalan City. The Brazilian, however, [&hellip;]<\/p>\n","protected":false},"author":358,"featured_media":25873,"comment_status":"closed","ping_status":"open","sticky":false,"template":"","format":"standard","meta":{"_acf_changed":false,"inline_featured_image":false,"_nextfly_llmd_date_locked":false,"footnotes":""},"categories":[111],"tags":[241],"class_list":["post-25871","post","type-post","status-publish","format-standard","has-post-thumbnail","hentry","category-fc-barcelona","tag-fc-barcelona-vs-benfica-latest-match-news"],"acf":[],"yoast_head":"<!-- This site is optimized with the Yoast SEO plugin v27.3 - https:\/\/yoast.com\/product\/yoast-seo-wordpress\/ -->\n<title>Raphinha is in his PRIME: the true leader of a super Bar\u00e7a<\/title>\n<meta name=\"description\" content=\"Raphinha is one of the key pillars of Hansi Flick&#039;s Bar\u00e7a. The Brazilian has been involved in 44 of Bar\u00e7a&#039;s 128 goals this season and is on track...\" \/>\n<meta name=\"robots\" content=\"index, follow, max-snippet:-1, max-image-preview:large, max-video-preview:-1\" \/>\n<link rel=\"canonical\" href=\"https:\/\/www.fcbarcelonanoticias.com\/en\/fc-barcelona\/raphinha-is-in-his-prime-the-true-leader-of-super-barca_311424_102.html\" \/>\n<meta property=\"og:locale\" content=\"en_US\" \/>\n<meta property=\"og:type\" content=\"article\" \/>\n<meta property=\"og:title\" content=\"Raphinha is in his PRIME: the true leader of a super Bar\u00e7a\" \/>\n<meta property=\"og:description\" content=\"Raphinha is one of the key pillars of Hansi Flick&#039;s Bar\u00e7a. The Brazilian has been involved in 44 of Bar\u00e7a&#039;s 128 goals this season and is on track...\" \/>\n<meta property=\"og:url\" content=\"https:\/\/www.fcbarcelonanoticias.com\/en\/fc-barcelona\/raphinha-is-in-his-prime-the-true-leader-of-super-barca_311424_102.html\" \/>\n<meta property=\"og:site_name\" content=\"EN - FC Barcelona Noticias\" \/>\n<meta property=\"article:published_time\" content=\"2025-03-12T04:04:00+00:00\" \/>\n<meta property=\"og:image\" content=\"https:\/\/www.fcbarcelonanoticias.com\/en\/wp-content\/uploads\/sites\/2\/2025\/03\/fc-barcelona-v-sl-benfica-uefa-champions-league-2024-25-round-of-16-second-leg-4-1.jpeg\" \/>\n\t<meta property=\"og:image:width\" content=\"1200\" \/>\n\t<meta property=\"og:image:height\" content=\"675\" \/>\n\t<meta property=\"og:image:type\" content=\"image\/jpeg\" \/>\n<meta name=\"author\" content=\"Juan Pablo Berdugo\" \/>\n<meta name=\"twitter:card\" content=\"summary_large_image\" \/>\n<meta name=\"twitter:label1\" content=\"Written by\" \/>\n\t<meta name=\"twitter:data1\" content=\"Juan Pablo Berdugo\" \/>\n\t<meta name=\"twitter:label2\" content=\"Est. reading time\" \/>\n\t<meta name=\"twitter:data2\" content=\"3 minutes\" \/>\n<script type=\"application\/ld+json\" class=\"yoast-schema-graph\">{\"@context\":\"https:\\\/\\\/schema.org\",\"@graph\":[{\"@type\":\"Article\",\"@id\":\"https:\\\/\\\/www.fcbarcelonanoticias.com\\\/en\\\/fc-barcelona\\\/raphinha-is-in-his-prime-the-true-leader-of-super-barca_311424_102.html#article\",\"isPartOf\":{\"@id\":\"https:\\\/\\\/www.fcbarcelonanoticias.com\\\/en\\\/fc-barcelona\\\/raphinha-is-in-his-prime-the-true-leader-of-super-barca_311424_102.html\"},\"author\":{\"name\":\"Juan Pablo Berdugo\",\"@id\":\"https:\\\/\\\/www.fcbarcelonanoticias.com\\\/en\\\/#\\\/schema\\\/person\\\/88d756918a0a1ae9fa593b5edddd1815\"},\"headline\":\"Raphinha is in his PRIME: the true leader of a super Bar\u00e7a\",\"datePublished\":\"2025-03-12T04:04:00+00:00\",\"mainEntityOfPage\":{\"@id\":\"https:\\\/\\\/www.fcbarcelonanoticias.com\\\/en\\\/fc-barcelona\\\/raphinha-is-in-his-prime-the-true-leader-of-super-barca_311424_102.html\"},\"wordCount\":632,\"image\":{\"@id\":\"https:\\\/\\\/www.fcbarcelonanoticias.com\\\/en\\\/fc-barcelona\\\/raphinha-is-in-his-prime-the-true-leader-of-super-barca_311424_102.html#primaryimage\"},\"thumbnailUrl\":\"https:\\\/\\\/www.fcbarcelonanoticias.com\\\/en\\\/wp-content\\\/uploads\\\/sites\\\/2\\\/2025\\\/03\\\/fc-barcelona-v-sl-benfica-uefa-champions-league-2024-25-round-of-16-second-leg-4-1.jpeg\",\"keywords\":[\"FC Barcelona vs Benfica\"],\"articleSection\":[\"FC Barcelona\"],\"inLanguage\":\"en-US\"},{\"@type\":\"WebPage\",\"@id\":\"https:\\\/\\\/www.fcbarcelonanoticias.com\\\/en\\\/fc-barcelona\\\/raphinha-is-in-his-prime-the-true-leader-of-super-barca_311424_102.html\",\"url\":\"https:\\\/\\\/www.fcbarcelonanoticias.com\\\/en\\\/fc-barcelona\\\/raphinha-is-in-his-prime-the-true-leader-of-super-barca_311424_102.html\",\"name\":\"Raphinha is in his PRIME: the true leader of a super Bar\u00e7a\",\"isPartOf\":{\"@id\":\"https:\\\/\\\/www.fcbarcelonanoticias.com\\\/en\\\/#website\"},\"primaryImageOfPage\":{\"@id\":\"https:\\\/\\\/www.fcbarcelonanoticias.com\\\/en\\\/fc-barcelona\\\/raphinha-is-in-his-prime-the-true-leader-of-super-barca_311424_102.html#primaryimage\"},\"image\":{\"@id\":\"https:\\\/\\\/www.fcbarcelonanoticias.com\\\/en\\\/fc-barcelona\\\/raphinha-is-in-his-prime-the-true-leader-of-super-barca_311424_102.html#primaryimage\"},\"thumbnailUrl\":\"https:\\\/\\\/www.fcbarcelonanoticias.com\\\/en\\\/wp-content\\\/uploads\\\/sites\\\/2\\\/2025\\\/03\\\/fc-barcelona-v-sl-benfica-uefa-champions-league-2024-25-round-of-16-second-leg-4-1.jpeg\",\"datePublished\":\"2025-03-12T04:04:00+00:00\",\"author\":{\"@id\":\"https:\\\/\\\/www.fcbarcelonanoticias.com\\\/en\\\/#\\\/schema\\\/person\\\/88d756918a0a1ae9fa593b5edddd1815\"},\"description\":\"Raphinha is one of the key pillars of Hansi Flick's Bar\u00e7a. The Brazilian has been involved in 44 of Bar\u00e7a's 128 goals this season and is on track...\",\"breadcrumb\":{\"@id\":\"https:\\\/\\\/www.fcbarcelonanoticias.com\\\/en\\\/fc-barcelona\\\/raphinha-is-in-his-prime-the-true-leader-of-super-barca_311424_102.html#breadcrumb\"},\"inLanguage\":\"en-US\",\"potentialAction\":[{\"@type\":\"ReadAction\",\"target\":[\"https:\\\/\\\/www.fcbarcelonanoticias.com\\\/en\\\/fc-barcelona\\\/raphinha-is-in-his-prime-the-true-leader-of-super-barca_311424_102.html\"]}]},{\"@type\":\"ImageObject\",\"inLanguage\":\"en-US\",\"@id\":\"https:\\\/\\\/www.fcbarcelonanoticias.com\\\/en\\\/fc-barcelona\\\/raphinha-is-in-his-prime-the-true-leader-of-super-barca_311424_102.html#primaryimage\",\"url\":\"https:\\\/\\\/www.fcbarcelonanoticias.com\\\/en\\\/wp-content\\\/uploads\\\/sites\\\/2\\\/2025\\\/03\\\/fc-barcelona-v-sl-benfica-uefa-champions-league-2024-25-round-of-16-second-leg-4-1.jpeg\",\"contentUrl\":\"https:\\\/\\\/www.fcbarcelonanoticias.com\\\/en\\\/wp-content\\\/uploads\\\/sites\\\/2\\\/2025\\\/03\\\/fc-barcelona-v-sl-benfica-uefa-champions-league-2024-25-round-of-16-second-leg-4-1.jpeg\",\"width\":1200,\"height\":675},{\"@type\":\"BreadcrumbList\",\"@id\":\"https:\\\/\\\/www.fcbarcelonanoticias.com\\\/en\\\/fc-barcelona\\\/raphinha-is-in-his-prime-the-true-leader-of-super-barca_311424_102.html#breadcrumb\",\"itemListElement\":[{\"@type\":\"ListItem\",\"position\":1,\"name\":\"Portada\",\"item\":\"https:\\\/\\\/www.fcbarcelonanoticias.com\\\/en\\\/\"},{\"@type\":\"ListItem\",\"position\":2,\"name\":\"Raphinha is in his PRIME: the true leader of a super Bar\u00e7a\"}]},{\"@type\":\"WebSite\",\"@id\":\"https:\\\/\\\/www.fcbarcelonanoticias.com\\\/en\\\/#website\",\"url\":\"https:\\\/\\\/www.fcbarcelonanoticias.com\\\/en\\\/\",\"name\":\"EN - FC Barcelona Noticias\",\"description\":\"\",\"potentialAction\":[{\"@type\":\"SearchAction\",\"target\":{\"@type\":\"EntryPoint\",\"urlTemplate\":\"https:\\\/\\\/www.fcbarcelonanoticias.com\\\/en\\\/?s={search_term_string}\"},\"query-input\":{\"@type\":\"PropertyValueSpecification\",\"valueRequired\":true,\"valueName\":\"search_term_string\"}}],\"inLanguage\":\"en-US\"},{\"@type\":\"Person\",\"@id\":\"https:\\\/\\\/www.fcbarcelonanoticias.com\\\/en\\\/#\\\/schema\\\/person\\\/88d756918a0a1ae9fa593b5edddd1815\",\"name\":\"Juan Pablo Berdugo\",\"image\":{\"@type\":\"ImageObject\",\"inLanguage\":\"en-US\",\"@id\":\"https:\\\/\\\/secure.gravatar.com\\\/avatar\\\/?s=96&d=mm&r=g\",\"url\":\"https:\\\/\\\/secure.gravatar.com\\\/avatar\\\/?s=96&d=mm&r=g\",\"contentUrl\":\"https:\\\/\\\/secure.gravatar.com\\\/avatar\\\/?s=96&d=mm&r=g\",\"caption\":\"Juan Pablo Berdugo\"},\"description\":\"Juan Pablo Berdugo es graduado en Periodismo. Colabora con FCBN como especialista en informaci\u00f3n del primer equipo del FC Barcelona, f\u00fatbol internacional y mercado de fichajes. Destaca por su enfoque anal\u00edtico, su rigor informativo y su capacidad para detectar tendencias emergentes en el f\u00fatbol global.\",\"url\":\"https:\\\/\\\/www.fcbarcelonanoticias.com\\\/en\\\/fc-barcelona\\\/juan-pablo-berdugo_18_115.html\"}]}<\/script>\n<!-- \/ Yoast SEO plugin. -->","yoast_head_json":{"title":"Raphinha is in his PRIME: the true leader of a super Bar\u00e7a","description":"Raphinha is one of the key pillars of Hansi Flick's Bar\u00e7a. The Brazilian has been involved in 44 of Bar\u00e7a's 128 goals this season and is on track...","robots":{"index":"index","follow":"follow","max-snippet":"max-snippet:-1","max-image-preview":"max-image-preview:large","max-video-preview":"max-video-preview:-1"},"canonical":"https:\/\/www.fcbarcelonanoticias.com\/en\/fc-barcelona\/raphinha-is-in-his-prime-the-true-leader-of-super-barca_311424_102.html","og_locale":"en_US","og_type":"article","og_title":"Raphinha is in his PRIME: the true leader of a super Bar\u00e7a","og_description":"Raphinha is one of the key pillars of Hansi Flick's Bar\u00e7a. The Brazilian has been involved in 44 of Bar\u00e7a's 128 goals this season and is on track...","og_url":"https:\/\/www.fcbarcelonanoticias.com\/en\/fc-barcelona\/raphinha-is-in-his-prime-the-true-leader-of-super-barca_311424_102.html","og_site_name":"EN - FC Barcelona Noticias","article_published_time":"2025-03-12T04:04:00+00:00","og_image":[{"width":1200,"height":675,"url":"https:\/\/www.fcbarcelonanoticias.com\/en\/wp-content\/uploads\/sites\/2\/2025\/03\/fc-barcelona-v-sl-benfica-uefa-champions-league-2024-25-round-of-16-second-leg-4-1.jpeg","type":"image\/jpeg"}],"author":"Juan Pablo Berdugo","twitter_card":"summary_large_image","twitter_misc":{"Written by":"Juan Pablo Berdugo","Est. reading time":"3 minutes"},"schema":{"@context":"https:\/\/schema.org","@graph":[{"@type":"Article","@id":"https:\/\/www.fcbarcelonanoticias.com\/en\/fc-barcelona\/raphinha-is-in-his-prime-the-true-leader-of-super-barca_311424_102.html#article","isPartOf":{"@id":"https:\/\/www.fcbarcelonanoticias.com\/en\/fc-barcelona\/raphinha-is-in-his-prime-the-true-leader-of-super-barca_311424_102.html"},"author":{"name":"Juan Pablo Berdugo","@id":"https:\/\/www.fcbarcelonanoticias.com\/en\/#\/schema\/person\/88d756918a0a1ae9fa593b5edddd1815"},"headline":"Raphinha is in his PRIME: the true leader of a super Bar\u00e7a","datePublished":"2025-03-12T04:04:00+00:00","mainEntityOfPage":{"@id":"https:\/\/www.fcbarcelonanoticias.com\/en\/fc-barcelona\/raphinha-is-in-his-prime-the-true-leader-of-super-barca_311424_102.html"},"wordCount":632,"image":{"@id":"https:\/\/www.fcbarcelonanoticias.com\/en\/fc-barcelona\/raphinha-is-in-his-prime-the-true-leader-of-super-barca_311424_102.html#primaryimage"},"thumbnailUrl":"https:\/\/www.fcbarcelonanoticias.com\/en\/wp-content\/uploads\/sites\/2\/2025\/03\/fc-barcelona-v-sl-benfica-uefa-champions-league-2024-25-round-of-16-second-leg-4-1.jpeg","keywords":["FC Barcelona vs Benfica"],"articleSection":["FC Barcelona"],"inLanguage":"en-US"},{"@type":"WebPage","@id":"https:\/\/www.fcbarcelonanoticias.com\/en\/fc-barcelona\/raphinha-is-in-his-prime-the-true-leader-of-super-barca_311424_102.html","url":"https:\/\/www.fcbarcelonanoticias.com\/en\/fc-barcelona\/raphinha-is-in-his-prime-the-true-leader-of-super-barca_311424_102.html","name":"Raphinha is in his PRIME: the true leader of a super Bar\u00e7a","isPartOf":{"@id":"https:\/\/www.fcbarcelonanoticias.com\/en\/#website"},"primaryImageOfPage":{"@id":"https:\/\/www.fcbarcelonanoticias.com\/en\/fc-barcelona\/raphinha-is-in-his-prime-the-true-leader-of-super-barca_311424_102.html#primaryimage"},"image":{"@id":"https:\/\/www.fcbarcelonanoticias.com\/en\/fc-barcelona\/raphinha-is-in-his-prime-the-true-leader-of-super-barca_311424_102.html#primaryimage"},"thumbnailUrl":"https:\/\/www.fcbarcelonanoticias.com\/en\/wp-content\/uploads\/sites\/2\/2025\/03\/fc-barcelona-v-sl-benfica-uefa-champions-league-2024-25-round-of-16-second-leg-4-1.jpeg","datePublished":"2025-03-12T04:04:00+00:00","author":{"@id":"https:\/\/www.fcbarcelonanoticias.com\/en\/#\/schema\/person\/88d756918a0a1ae9fa593b5edddd1815"},"description":"Raphinha is one of the key pillars of Hansi Flick's Bar\u00e7a. The Brazilian has been involved in 44 of Bar\u00e7a's 128 goals this season and is on track...","breadcrumb":{"@id":"https:\/\/www.fcbarcelonanoticias.com\/en\/fc-barcelona\/raphinha-is-in-his-prime-the-true-leader-of-super-barca_311424_102.html#breadcrumb"},"inLanguage":"en-US","potentialAction":[{"@type":"ReadAction","target":["https:\/\/www.fcbarcelonanoticias.com\/en\/fc-barcelona\/raphinha-is-in-his-prime-the-true-leader-of-super-barca_311424_102.html"]}]},{"@type":"ImageObject","inLanguage":"en-US","@id":"https:\/\/www.fcbarcelonanoticias.com\/en\/fc-barcelona\/raphinha-is-in-his-prime-the-true-leader-of-super-barca_311424_102.html#primaryimage","url":"https:\/\/www.fcbarcelonanoticias.com\/en\/wp-content\/uploads\/sites\/2\/2025\/03\/fc-barcelona-v-sl-benfica-uefa-champions-league-2024-25-round-of-16-second-leg-4-1.jpeg","contentUrl":"https:\/\/www.fcbarcelonanoticias.com\/en\/wp-content\/uploads\/sites\/2\/2025\/03\/fc-barcelona-v-sl-benfica-uefa-champions-league-2024-25-round-of-16-second-leg-4-1.jpeg","width":1200,"height":675},{"@type":"BreadcrumbList","@id":"https:\/\/www.fcbarcelonanoticias.com\/en\/fc-barcelona\/raphinha-is-in-his-prime-the-true-leader-of-super-barca_311424_102.html#breadcrumb","itemListElement":[{"@type":"ListItem","position":1,"name":"Portada","item":"https:\/\/www.fcbarcelonanoticias.com\/en\/"},{"@type":"ListItem","position":2,"name":"Raphinha is in his PRIME: the true leader of a super Bar\u00e7a"}]},{"@type":"WebSite","@id":"https:\/\/www.fcbarcelonanoticias.com\/en\/#website","url":"https:\/\/www.fcbarcelonanoticias.com\/en\/","name":"EN - FC Barcelona Noticias","description":"","potentialAction":[{"@type":"SearchAction","target":{"@type":"EntryPoint","urlTemplate":"https:\/\/www.fcbarcelonanoticias.com\/en\/?s={search_term_string}"},"query-input":{"@type":"PropertyValueSpecification","valueRequired":true,"valueName":"search_term_string"}}],"inLanguage":"en-US"},{"@type":"Person","@id":"https:\/\/www.fcbarcelonanoticias.com\/en\/#\/schema\/person\/88d756918a0a1ae9fa593b5edddd1815","name":"Juan Pablo Berdugo","image":{"@type":"ImageObject","inLanguage":"en-US","@id":"https:\/\/secure.gravatar.com\/avatar\/?s=96&d=mm&r=g","url":"https:\/\/secure.gravatar.com\/avatar\/?s=96&d=mm&r=g","contentUrl":"https:\/\/secure.gravatar.com\/avatar\/?s=96&d=mm&r=g","caption":"Juan Pablo Berdugo"},"description":"Juan Pablo Berdugo es graduado en Periodismo. Colabora con FCBN como especialista en informaci\u00f3n del primer equipo del FC Barcelona, f\u00fatbol internacional y mercado de fichajes. Destaca por su enfoque anal\u00edtico, su rigor informativo y su capacidad para detectar tendencias emergentes en el f\u00fatbol global.","url":"https:\/\/www.fcbarcelonanoticias.com\/en\/fc-barcelona\/juan-pablo-berdugo_18_115.html"}]}},"_links":{"self":[{"href":"https:\/\/www.fcbarcelonanoticias.com\/en\/wp-json\/wp\/v2\/posts\/25871","targetHints":{"allow":["GET"]}}],"collection":[{"href":"https:\/\/www.fcbarcelonanoticias.com\/en\/wp-json\/wp\/v2\/posts"}],"about":[{"href":"https:\/\/www.fcbarcelonanoticias.com\/en\/wp-json\/wp\/v2\/types\/post"}],"author":[{"embeddable":true,"href":"https:\/\/www.fcbarcelonanoticias.com\/en\/wp-json\/wp\/v2\/users\/358"}],"replies":[{"embeddable":true,"href":"https:\/\/www.fcbarcelonanoticias.com\/en\/wp-json\/wp\/v2\/comments?post=25871"}],"version-history":[{"count":1,"href":"https:\/\/www.fcbarcelonanoticias.com\/en\/wp-json\/wp\/v2\/posts\/25871\/revisions"}],"predecessor-version":[{"id":25872,"href":"https:\/\/www.fcbarcelonanoticias.com\/en\/wp-json\/wp\/v2\/posts\/25871\/revisions\/25872"}],"wp:featuredmedia":[{"embeddable":true,"href":"https:\/\/www.fcbarcelonanoticias.com\/en\/wp-json\/wp\/v2\/media\/25873"}],"wp:attachment":[{"href":"https:\/\/www.fcbarcelonanoticias.com\/en\/wp-json\/wp\/v2\/media?parent=25871"}],"wp:term":[{"taxonomy":"category","embeddable":true,"href":"https:\/\/www.fcbarcelonanoticias.com\/en\/wp-json\/wp\/v2\/categories?post=25871"},{"taxonomy":"post_tag","embeddable":true,"href":"https:\/\/www.fcbarcelonanoticias.com\/en\/wp-json\/wp\/v2\/tags?post=25871"}],"curies":[{"name":"wp","href":"https:\/\/api.w.org\/{rel}","templated":true}]}}