{"id":25891,"date":"2024-09-13T18:35:00","date_gmt":"2024-09-13T16:35:00","guid":{"rendered":"https:\/\/weisetech.dev\/fc-barcelona-noticias\/en\/raphinha-confession-about-his-choice-as-captain-surprises-fc-barcelona_307259_102\/"},"modified":"2026-03-27T11:43:33","modified_gmt":"2026-03-27T10:43:33","slug":"raphinha-confession-about-his-choice-as-captain-surprises-fc-barcelona_307259_102","status":"publish","type":"post","link":"https:\/\/www.fcbarcelonanoticias.com\/en\/fc-barcelona\/raphinha-confession-about-his-choice-as-captain-surprises-fc-barcelona_307259_102.html","title":{"rendered":"Raphinha&#8217;s confession about his choice as captain surprises FC Barcelona"},"content":{"rendered":"<h2 class=\"wp-block-heading\">Raphinha reviewed his &#8216;exhilarating&#8217; moment at Bar\u00e7a in an interview with &#8216;Bar\u00e7a One&#8217;. The Brazilian revealed details of his choice as one of the first team captains, and made clear his aspirations for this season<\/h2>  \r\n<div class=\"article-addons\">\r\n    <a href=\"https:\/\/www.fcbarcelonanoticias.com\/en\/calendar-fc-barcelona.html\"\r\n       target=\"_self\"\r\n       title=\"Calendar of FC Barcelona\"\r\n       class=\"blue-gredient-btn\">\r\n       \r\n        Calendar of FC Barcelona    <\/a>\r\n<\/div>   <p><strong>Raphinha <\/strong>is having a great time at<strong> FC Barcelona<\/strong>. After a couple of seasons in which he was heavily questioned by the <strong>Bar\u00e7a <\/strong>fans, the Brazilian has turned his situation around in Barcelona and has managed to win the affection of the dressing room and the fans during this new campaign. He spoke about this during an interview with &#8216;<strong>Bar\u00e7a One<\/strong>&#8216;, where he said that &#8220;I am going through my best moment here. I can still improve more and I think I can help the team a lot. We are doing very well. When you win the first four games, everything is easier.&#8221;<\/p>  <h2>Bar\u00e7a&#8217;s unbeaten run in LaLiga<\/h2>  <p>And the perfect start to <strong>Hansi Flick<\/strong>&#8216;s project has raised the expectations of Barcelona fans, but &#8216;<strong>Rapha<\/strong>&#8216; keeps his feet on the ground, aware that there is still a long way to go. &#8220;We know that people are super excited about us, but we also know that the season has just started and we have to continue like this. We won four games that have passed and we have to think ahead. I think we are very focused, working hard, well, the whole squad is focused on doing many good things,&#8221; he commented.<\/p>  <p>The German coach has a large share of responsibility for the level shown on the field by the South American, although he himself revealed that &#8220;individually, <strong>Hansi Flick<\/strong> does not ask anything special of me, I think he does not ask it of any player.&#8221; However, the German&#8217;s instructions to the locker room are quite clear.<\/p>  <blockquote> <p>&#8220;What he asks is that we be a team, that when we attack, we attack together, that when we press, we all press together and when we have to defend, we all do it. Only in this way will we win the games&#8221;<\/p> <\/blockquote>  <p>&#8220;In the end it is a game of eleven against eleven, on the other side there is a team that works hard during the week and when the rivals give 200 percent, they give their life. We cannot fail, we must be ready to defend and attack. That is what he asks,&#8221; continued the Porto Alegre native.<\/p>  <h2>The choice of Raphinha as captain<\/h2>  <p><strong>Raphinha<\/strong> was the protagonist of one of the surprises of the season when he was chosen as one of the captains of the first team, although the player believes that there are other teammates who could have taken his place. &#8220;Being captain is something more of a profile. For example, <strong>Robert (Lewandowski)<\/strong>, <strong>Jules (Kound\u00e9)<\/strong>, could also very well be captains. There are many who can be captains in this locker room,&#8221; he said, later confessing his surprise at learning of the choice.<\/p>  <blockquote> <p>&#8220;I was very happy with the choice, if I tell you I expected it, I&#8217;m lying&#8221;<\/p> <\/blockquote>  <p>The winger made clear the excitement that his new role has generated for him, which has meant an extra for the footballer on an emotional level. &#8220;This means that what I do internally, the boys and veterans see it. Being captain is being there ready to play and help in everything that is necessary and fight for everything that is needed, whether off or on the field. It made me very excited,&#8221; he said.<\/p>  <div class=\"cke-element cke-element--102\"><section class=\"c-related-article\"><figure class=\"c-image__fig\"><a href=\"https:\/\/www.fcbarcelonanoticias.com\/en\/fc-barcelona\/oficial-fc-barcelona-revela-quienes-seran-sus-capitanes-temporada-2024-25_306720_102.html\" title=\"Jugadores del FC Barcelona en la gira por Estados Unidos\" class=\"c-image__imglink\"><picture><img decoding=\"async\" src=\"https:\/\/www.fcbarcelonanoticias.com\/wp-content\/uploads\/sites\/2\/2024\/09\/fcbn-0630b4c814f8866f5ab3afbf35f62ec2-scaled.jpeg\" alt=\"Jugadores del FC Barcelona en la gira por Estados Unidos\" title=\"Jugadores del FC Barcelona en la gira por Estados Unidos\" class=\"c-image__img\" width=\"6844\" height=\"3853\" loading=\"lazy\"><\/picture><\/a>     <\/figure><div class=\"c-related-article__wrapper\">         <p class=\"c-related-article__avantitle\">Related<\/p>         <h4 class=\"c-related-article__title\">             <a href=\"https:\/\/www.fcbarcelonanoticias.com\/en\/fc-barcelona\/oficial-fc-barcelona-revela-quienes-seran-sus-capitanes-temporada-2024-25_306720_102.html\" title=\"OFFICIAL! FC Barcelona reveals who will be its captains for the 2024\/25 season\" class=\"c-related-article__link\">                 OFFICIAL! FC Barcelona reveals who will be its captains for the 2024\/25 season             <\/a>         <\/h4>     <\/div> <\/section><\/div>  <h2>The importance of the tie against PSG and his aspirations<\/h2>  <p>&#8216;<strong>Rapha<\/strong>&#8216; said that the <strong>Champions League<\/strong> tie against <strong>PSG <\/strong>was a before and after for his situation at the club. &#8220;The Champions League tie against PSG. I highlight two elements, they were my two best individual games in the Champions League and the feeling of not having been enough to go to the next phase, but the tie gave me much more confidence and made me believe in myself. People also knew that I could contribute to the team and trust,&#8221; he commented.<\/p>  <p>Finally, <strong>Raphinha <\/strong>revealed his and the team&#8217;s aspirations for the current season. &#8220;When you come to play for a team like <strong>Bar\u00e7a<\/strong> you have to have in mind to fight for everything you are going to play for. <strong>Champions League<\/strong>, <strong>League<\/strong>,<strong> Cup<\/strong>,<strong> Super Cup<\/strong>&#8230;&#8221;<\/p>  <blockquote> <p>&#8220;If you come here and don&#8217;t think about winning everything, you&#8217;re at the wrong club&#8221;<\/p> <\/blockquote>  <p>&#8220;&#8230; in a club of this magnitude the minimum objective has to be to win everything. We have to get that into our heads,&#8221; he concluded.<\/p> ","protected":false},"excerpt":{"rendered":"<p>Raphinha reviewed his &#8216;exhilarating&#8217; moment at Bar\u00e7a in an interview with &#8216;Bar\u00e7a One&#8217;. The Brazilian revealed details of his choice as one of the first team captains, and made clear his aspirations for this season Raphinha is having a great time at FC Barcelona. After a couple of seasons in which he was heavily questioned [&hellip;]<\/p>\n","protected":false},"author":358,"featured_media":25892,"comment_status":"closed","ping_status":"open","sticky":false,"template":"","format":"standard","meta":{"_acf_changed":false,"inline_featured_image":false,"_nextfly_llmd_date_locked":false,"footnotes":""},"categories":[111],"tags":[],"class_list":["post-25891","post","type-post","status-publish","format-standard","has-post-thumbnail","hentry","category-fc-barcelona"],"acf":[],"yoast_head":"<!-- This site is optimized with the Yoast SEO plugin v27.3 - https:\/\/yoast.com\/product\/yoast-seo-wordpress\/ -->\n<title>Raphinha&#039;s confession about his choice as captain surprises FC Barcelona<\/title>\n<meta name=\"description\" content=\"Raphinha reviewed his &#039;exhilarating&#039; moment at Bar\u00e7a in an interview with &#039;Bar\u00e7a One&#039;. The Brazilian revealed details of his choice as one of the first team captains, and made clear his aspirations for this season\" \/>\n<meta name=\"robots\" content=\"index, follow, max-snippet:-1, max-image-preview:large, max-video-preview:-1\" \/>\n<link rel=\"canonical\" href=\"https:\/\/www.fcbarcelonanoticias.com\/en\/fc-barcelona\/raphinha-confession-about-his-choice-as-captain-surprises-fc-barcelona_307259_102.html\" \/>\n<meta property=\"og:locale\" content=\"en_US\" \/>\n<meta property=\"og:type\" content=\"article\" \/>\n<meta property=\"og:title\" content=\"Raphinha&#039;s confession about his choice as captain surprises FC Barcelona\" \/>\n<meta property=\"og:description\" content=\"Raphinha reviewed his &#039;exhilarating&#039; moment at Bar\u00e7a in an interview with &#039;Bar\u00e7a One&#039;. The Brazilian revealed details of his choice as one of the first team captains, and made clear his aspirations for this season\" \/>\n<meta property=\"og:url\" content=\"https:\/\/www.fcbarcelonanoticias.com\/en\/fc-barcelona\/raphinha-confession-about-his-choice-as-captain-surprises-fc-barcelona_307259_102.html\" \/>\n<meta property=\"og:site_name\" content=\"EN - FC Barcelona Noticias\" \/>\n<meta property=\"article:published_time\" content=\"2024-09-13T16:35:00+00:00\" \/>\n<meta property=\"article:modified_time\" content=\"2026-03-27T10:43:33+00:00\" \/>\n<meta property=\"og:image\" content=\"https:\/\/www.fcbarcelonanoticias.com\/en\/wp-content\/uploads\/sites\/2\/2024\/09\/raphinha-celebrando-un-gol.jpeg\" \/>\n\t<meta property=\"og:image:width\" content=\"1250\" \/>\n\t<meta property=\"og:image:height\" content=\"730\" \/>\n\t<meta property=\"og:image:type\" content=\"image\/jpeg\" \/>\n<meta name=\"author\" content=\"Juan Pablo Berdugo\" \/>\n<meta name=\"twitter:card\" content=\"summary_large_image\" \/>\n<meta name=\"twitter:label1\" content=\"Written by\" \/>\n\t<meta name=\"twitter:data1\" content=\"Juan Pablo Berdugo\" \/>\n\t<meta name=\"twitter:label2\" content=\"Est. reading time\" \/>\n\t<meta name=\"twitter:data2\" content=\"4 minutes\" \/>\n<script type=\"application\/ld+json\" class=\"yoast-schema-graph\">{\"@context\":\"https:\\\/\\\/schema.org\",\"@graph\":[{\"@type\":\"Article\",\"@id\":\"https:\\\/\\\/www.fcbarcelonanoticias.com\\\/en\\\/fc-barcelona\\\/raphinha-confession-about-his-choice-as-captain-surprises-fc-barcelona_307259_102.html#article\",\"isPartOf\":{\"@id\":\"https:\\\/\\\/www.fcbarcelonanoticias.com\\\/en\\\/fc-barcelona\\\/raphinha-confession-about-his-choice-as-captain-surprises-fc-barcelona_307259_102.html\"},\"author\":{\"name\":\"Juan Pablo Berdugo\",\"@id\":\"https:\\\/\\\/www.fcbarcelonanoticias.com\\\/en\\\/#\\\/schema\\\/person\\\/88d756918a0a1ae9fa593b5edddd1815\"},\"headline\":\"Raphinha&#8217;s confession about his choice as captain surprises FC Barcelona\",\"datePublished\":\"2024-09-13T16:35:00+00:00\",\"dateModified\":\"2026-03-27T10:43:33+00:00\",\"mainEntityOfPage\":{\"@id\":\"https:\\\/\\\/www.fcbarcelonanoticias.com\\\/en\\\/fc-barcelona\\\/raphinha-confession-about-his-choice-as-captain-surprises-fc-barcelona_307259_102.html\"},\"wordCount\":783,\"image\":{\"@id\":\"https:\\\/\\\/www.fcbarcelonanoticias.com\\\/en\\\/fc-barcelona\\\/raphinha-confession-about-his-choice-as-captain-surprises-fc-barcelona_307259_102.html#primaryimage\"},\"thumbnailUrl\":\"https:\\\/\\\/www.fcbarcelonanoticias.com\\\/en\\\/wp-content\\\/uploads\\\/sites\\\/2\\\/2024\\\/09\\\/raphinha-celebrando-un-gol.jpeg\",\"articleSection\":[\"FC Barcelona\"],\"inLanguage\":\"en-US\"},{\"@type\":\"WebPage\",\"@id\":\"https:\\\/\\\/www.fcbarcelonanoticias.com\\\/en\\\/fc-barcelona\\\/raphinha-confession-about-his-choice-as-captain-surprises-fc-barcelona_307259_102.html\",\"url\":\"https:\\\/\\\/www.fcbarcelonanoticias.com\\\/en\\\/fc-barcelona\\\/raphinha-confession-about-his-choice-as-captain-surprises-fc-barcelona_307259_102.html\",\"name\":\"Raphinha's confession about his choice as captain surprises FC Barcelona\",\"isPartOf\":{\"@id\":\"https:\\\/\\\/www.fcbarcelonanoticias.com\\\/en\\\/#website\"},\"primaryImageOfPage\":{\"@id\":\"https:\\\/\\\/www.fcbarcelonanoticias.com\\\/en\\\/fc-barcelona\\\/raphinha-confession-about-his-choice-as-captain-surprises-fc-barcelona_307259_102.html#primaryimage\"},\"image\":{\"@id\":\"https:\\\/\\\/www.fcbarcelonanoticias.com\\\/en\\\/fc-barcelona\\\/raphinha-confession-about-his-choice-as-captain-surprises-fc-barcelona_307259_102.html#primaryimage\"},\"thumbnailUrl\":\"https:\\\/\\\/www.fcbarcelonanoticias.com\\\/en\\\/wp-content\\\/uploads\\\/sites\\\/2\\\/2024\\\/09\\\/raphinha-celebrando-un-gol.jpeg\",\"datePublished\":\"2024-09-13T16:35:00+00:00\",\"dateModified\":\"2026-03-27T10:43:33+00:00\",\"author\":{\"@id\":\"https:\\\/\\\/www.fcbarcelonanoticias.com\\\/en\\\/#\\\/schema\\\/person\\\/88d756918a0a1ae9fa593b5edddd1815\"},\"description\":\"Raphinha reviewed his 'exhilarating' moment at Bar\u00e7a in an interview with 'Bar\u00e7a One'. The Brazilian revealed details of his choice as one of the first team captains, and made clear his aspirations for this season\",\"breadcrumb\":{\"@id\":\"https:\\\/\\\/www.fcbarcelonanoticias.com\\\/en\\\/fc-barcelona\\\/raphinha-confession-about-his-choice-as-captain-surprises-fc-barcelona_307259_102.html#breadcrumb\"},\"inLanguage\":\"en-US\",\"potentialAction\":[{\"@type\":\"ReadAction\",\"target\":[\"https:\\\/\\\/www.fcbarcelonanoticias.com\\\/en\\\/fc-barcelona\\\/raphinha-confession-about-his-choice-as-captain-surprises-fc-barcelona_307259_102.html\"]}]},{\"@type\":\"ImageObject\",\"inLanguage\":\"en-US\",\"@id\":\"https:\\\/\\\/www.fcbarcelonanoticias.com\\\/en\\\/fc-barcelona\\\/raphinha-confession-about-his-choice-as-captain-surprises-fc-barcelona_307259_102.html#primaryimage\",\"url\":\"https:\\\/\\\/www.fcbarcelonanoticias.com\\\/en\\\/wp-content\\\/uploads\\\/sites\\\/2\\\/2024\\\/09\\\/raphinha-celebrando-un-gol.jpeg\",\"contentUrl\":\"https:\\\/\\\/www.fcbarcelonanoticias.com\\\/en\\\/wp-content\\\/uploads\\\/sites\\\/2\\\/2024\\\/09\\\/raphinha-celebrando-un-gol.jpeg\",\"width\":1250,\"height\":730},{\"@type\":\"BreadcrumbList\",\"@id\":\"https:\\\/\\\/www.fcbarcelonanoticias.com\\\/en\\\/fc-barcelona\\\/raphinha-confession-about-his-choice-as-captain-surprises-fc-barcelona_307259_102.html#breadcrumb\",\"itemListElement\":[{\"@type\":\"ListItem\",\"position\":1,\"name\":\"Portada\",\"item\":\"https:\\\/\\\/www.fcbarcelonanoticias.com\\\/en\\\/\"},{\"@type\":\"ListItem\",\"position\":2,\"name\":\"Raphinha&#8217;s confession about his choice as captain surprises FC Barcelona\"}]},{\"@type\":\"WebSite\",\"@id\":\"https:\\\/\\\/www.fcbarcelonanoticias.com\\\/en\\\/#website\",\"url\":\"https:\\\/\\\/www.fcbarcelonanoticias.com\\\/en\\\/\",\"name\":\"EN - FC Barcelona Noticias\",\"description\":\"\",\"potentialAction\":[{\"@type\":\"SearchAction\",\"target\":{\"@type\":\"EntryPoint\",\"urlTemplate\":\"https:\\\/\\\/www.fcbarcelonanoticias.com\\\/en\\\/?s={search_term_string}\"},\"query-input\":{\"@type\":\"PropertyValueSpecification\",\"valueRequired\":true,\"valueName\":\"search_term_string\"}}],\"inLanguage\":\"en-US\"},{\"@type\":\"Person\",\"@id\":\"https:\\\/\\\/www.fcbarcelonanoticias.com\\\/en\\\/#\\\/schema\\\/person\\\/88d756918a0a1ae9fa593b5edddd1815\",\"name\":\"Juan Pablo Berdugo\",\"image\":{\"@type\":\"ImageObject\",\"inLanguage\":\"en-US\",\"@id\":\"https:\\\/\\\/secure.gravatar.com\\\/avatar\\\/?s=96&d=mm&r=g\",\"url\":\"https:\\\/\\\/secure.gravatar.com\\\/avatar\\\/?s=96&d=mm&r=g\",\"contentUrl\":\"https:\\\/\\\/secure.gravatar.com\\\/avatar\\\/?s=96&d=mm&r=g\",\"caption\":\"Juan Pablo Berdugo\"},\"description\":\"Juan Pablo Berdugo es graduado en Periodismo. Colabora con FCBN como especialista en informaci\u00f3n del primer equipo del FC Barcelona, f\u00fatbol internacional y mercado de fichajes. Destaca por su enfoque anal\u00edtico, su rigor informativo y su capacidad para detectar tendencias emergentes en el f\u00fatbol global.\",\"url\":\"https:\\\/\\\/www.fcbarcelonanoticias.com\\\/en\\\/fc-barcelona\\\/juan-pablo-berdugo_18_115.html\"}]}<\/script>\n<!-- \/ Yoast SEO plugin. -->","yoast_head_json":{"title":"Raphinha's confession about his choice as captain surprises FC Barcelona","description":"Raphinha reviewed his 'exhilarating' moment at Bar\u00e7a in an interview with 'Bar\u00e7a One'. The Brazilian revealed details of his choice as one of the first team captains, and made clear his aspirations for this season","robots":{"index":"index","follow":"follow","max-snippet":"max-snippet:-1","max-image-preview":"max-image-preview:large","max-video-preview":"max-video-preview:-1"},"canonical":"https:\/\/www.fcbarcelonanoticias.com\/en\/fc-barcelona\/raphinha-confession-about-his-choice-as-captain-surprises-fc-barcelona_307259_102.html","og_locale":"en_US","og_type":"article","og_title":"Raphinha's confession about his choice as captain surprises FC Barcelona","og_description":"Raphinha reviewed his 'exhilarating' moment at Bar\u00e7a in an interview with 'Bar\u00e7a One'. The Brazilian revealed details of his choice as one of the first team captains, and made clear his aspirations for this season","og_url":"https:\/\/www.fcbarcelonanoticias.com\/en\/fc-barcelona\/raphinha-confession-about-his-choice-as-captain-surprises-fc-barcelona_307259_102.html","og_site_name":"EN - FC Barcelona Noticias","article_published_time":"2024-09-13T16:35:00+00:00","article_modified_time":"2026-03-27T10:43:33+00:00","og_image":[{"width":1250,"height":730,"url":"https:\/\/www.fcbarcelonanoticias.com\/en\/wp-content\/uploads\/sites\/2\/2024\/09\/raphinha-celebrando-un-gol.jpeg","type":"image\/jpeg"}],"author":"Juan Pablo Berdugo","twitter_card":"summary_large_image","twitter_misc":{"Written by":"Juan Pablo Berdugo","Est. reading time":"4 minutes"},"schema":{"@context":"https:\/\/schema.org","@graph":[{"@type":"Article","@id":"https:\/\/www.fcbarcelonanoticias.com\/en\/fc-barcelona\/raphinha-confession-about-his-choice-as-captain-surprises-fc-barcelona_307259_102.html#article","isPartOf":{"@id":"https:\/\/www.fcbarcelonanoticias.com\/en\/fc-barcelona\/raphinha-confession-about-his-choice-as-captain-surprises-fc-barcelona_307259_102.html"},"author":{"name":"Juan Pablo Berdugo","@id":"https:\/\/www.fcbarcelonanoticias.com\/en\/#\/schema\/person\/88d756918a0a1ae9fa593b5edddd1815"},"headline":"Raphinha&#8217;s confession about his choice as captain surprises FC Barcelona","datePublished":"2024-09-13T16:35:00+00:00","dateModified":"2026-03-27T10:43:33+00:00","mainEntityOfPage":{"@id":"https:\/\/www.fcbarcelonanoticias.com\/en\/fc-barcelona\/raphinha-confession-about-his-choice-as-captain-surprises-fc-barcelona_307259_102.html"},"wordCount":783,"image":{"@id":"https:\/\/www.fcbarcelonanoticias.com\/en\/fc-barcelona\/raphinha-confession-about-his-choice-as-captain-surprises-fc-barcelona_307259_102.html#primaryimage"},"thumbnailUrl":"https:\/\/www.fcbarcelonanoticias.com\/en\/wp-content\/uploads\/sites\/2\/2024\/09\/raphinha-celebrando-un-gol.jpeg","articleSection":["FC Barcelona"],"inLanguage":"en-US"},{"@type":"WebPage","@id":"https:\/\/www.fcbarcelonanoticias.com\/en\/fc-barcelona\/raphinha-confession-about-his-choice-as-captain-surprises-fc-barcelona_307259_102.html","url":"https:\/\/www.fcbarcelonanoticias.com\/en\/fc-barcelona\/raphinha-confession-about-his-choice-as-captain-surprises-fc-barcelona_307259_102.html","name":"Raphinha's confession about his choice as captain surprises FC Barcelona","isPartOf":{"@id":"https:\/\/www.fcbarcelonanoticias.com\/en\/#website"},"primaryImageOfPage":{"@id":"https:\/\/www.fcbarcelonanoticias.com\/en\/fc-barcelona\/raphinha-confession-about-his-choice-as-captain-surprises-fc-barcelona_307259_102.html#primaryimage"},"image":{"@id":"https:\/\/www.fcbarcelonanoticias.com\/en\/fc-barcelona\/raphinha-confession-about-his-choice-as-captain-surprises-fc-barcelona_307259_102.html#primaryimage"},"thumbnailUrl":"https:\/\/www.fcbarcelonanoticias.com\/en\/wp-content\/uploads\/sites\/2\/2024\/09\/raphinha-celebrando-un-gol.jpeg","datePublished":"2024-09-13T16:35:00+00:00","dateModified":"2026-03-27T10:43:33+00:00","author":{"@id":"https:\/\/www.fcbarcelonanoticias.com\/en\/#\/schema\/person\/88d756918a0a1ae9fa593b5edddd1815"},"description":"Raphinha reviewed his 'exhilarating' moment at Bar\u00e7a in an interview with 'Bar\u00e7a One'. The Brazilian revealed details of his choice as one of the first team captains, and made clear his aspirations for this season","breadcrumb":{"@id":"https:\/\/www.fcbarcelonanoticias.com\/en\/fc-barcelona\/raphinha-confession-about-his-choice-as-captain-surprises-fc-barcelona_307259_102.html#breadcrumb"},"inLanguage":"en-US","potentialAction":[{"@type":"ReadAction","target":["https:\/\/www.fcbarcelonanoticias.com\/en\/fc-barcelona\/raphinha-confession-about-his-choice-as-captain-surprises-fc-barcelona_307259_102.html"]}]},{"@type":"ImageObject","inLanguage":"en-US","@id":"https:\/\/www.fcbarcelonanoticias.com\/en\/fc-barcelona\/raphinha-confession-about-his-choice-as-captain-surprises-fc-barcelona_307259_102.html#primaryimage","url":"https:\/\/www.fcbarcelonanoticias.com\/en\/wp-content\/uploads\/sites\/2\/2024\/09\/raphinha-celebrando-un-gol.jpeg","contentUrl":"https:\/\/www.fcbarcelonanoticias.com\/en\/wp-content\/uploads\/sites\/2\/2024\/09\/raphinha-celebrando-un-gol.jpeg","width":1250,"height":730},{"@type":"BreadcrumbList","@id":"https:\/\/www.fcbarcelonanoticias.com\/en\/fc-barcelona\/raphinha-confession-about-his-choice-as-captain-surprises-fc-barcelona_307259_102.html#breadcrumb","itemListElement":[{"@type":"ListItem","position":1,"name":"Portada","item":"https:\/\/www.fcbarcelonanoticias.com\/en\/"},{"@type":"ListItem","position":2,"name":"Raphinha&#8217;s confession about his choice as captain surprises FC Barcelona"}]},{"@type":"WebSite","@id":"https:\/\/www.fcbarcelonanoticias.com\/en\/#website","url":"https:\/\/www.fcbarcelonanoticias.com\/en\/","name":"EN - FC Barcelona Noticias","description":"","potentialAction":[{"@type":"SearchAction","target":{"@type":"EntryPoint","urlTemplate":"https:\/\/www.fcbarcelonanoticias.com\/en\/?s={search_term_string}"},"query-input":{"@type":"PropertyValueSpecification","valueRequired":true,"valueName":"search_term_string"}}],"inLanguage":"en-US"},{"@type":"Person","@id":"https:\/\/www.fcbarcelonanoticias.com\/en\/#\/schema\/person\/88d756918a0a1ae9fa593b5edddd1815","name":"Juan Pablo Berdugo","image":{"@type":"ImageObject","inLanguage":"en-US","@id":"https:\/\/secure.gravatar.com\/avatar\/?s=96&d=mm&r=g","url":"https:\/\/secure.gravatar.com\/avatar\/?s=96&d=mm&r=g","contentUrl":"https:\/\/secure.gravatar.com\/avatar\/?s=96&d=mm&r=g","caption":"Juan Pablo Berdugo"},"description":"Juan Pablo Berdugo es graduado en Periodismo. Colabora con FCBN como especialista en informaci\u00f3n del primer equipo del FC Barcelona, f\u00fatbol internacional y mercado de fichajes. Destaca por su enfoque anal\u00edtico, su rigor informativo y su capacidad para detectar tendencias emergentes en el f\u00fatbol global.","url":"https:\/\/www.fcbarcelonanoticias.com\/en\/fc-barcelona\/juan-pablo-berdugo_18_115.html"}]}},"_links":{"self":[{"href":"https:\/\/www.fcbarcelonanoticias.com\/en\/wp-json\/wp\/v2\/posts\/25891","targetHints":{"allow":["GET"]}}],"collection":[{"href":"https:\/\/www.fcbarcelonanoticias.com\/en\/wp-json\/wp\/v2\/posts"}],"about":[{"href":"https:\/\/www.fcbarcelonanoticias.com\/en\/wp-json\/wp\/v2\/types\/post"}],"author":[{"embeddable":true,"href":"https:\/\/www.fcbarcelonanoticias.com\/en\/wp-json\/wp\/v2\/users\/358"}],"replies":[{"embeddable":true,"href":"https:\/\/www.fcbarcelonanoticias.com\/en\/wp-json\/wp\/v2\/comments?post=25891"}],"version-history":[{"count":2,"href":"https:\/\/www.fcbarcelonanoticias.com\/en\/wp-json\/wp\/v2\/posts\/25891\/revisions"}],"predecessor-version":[{"id":161941,"href":"https:\/\/www.fcbarcelonanoticias.com\/en\/wp-json\/wp\/v2\/posts\/25891\/revisions\/161941"}],"wp:featuredmedia":[{"embeddable":true,"href":"https:\/\/www.fcbarcelonanoticias.com\/en\/wp-json\/wp\/v2\/media\/25892"}],"wp:attachment":[{"href":"https:\/\/www.fcbarcelonanoticias.com\/en\/wp-json\/wp\/v2\/media?parent=25891"}],"wp:term":[{"taxonomy":"category","embeddable":true,"href":"https:\/\/www.fcbarcelonanoticias.com\/en\/wp-json\/wp\/v2\/categories?post=25891"},{"taxonomy":"post_tag","embeddable":true,"href":"https:\/\/www.fcbarcelonanoticias.com\/en\/wp-json\/wp\/v2\/tags?post=25891"}],"curies":[{"name":"wp","href":"https:\/\/api.w.org\/{rel}","templated":true}]}}