{"id":25921,"date":"2024-11-30T09:52:00","date_gmt":"2024-11-30T08:52:00","guid":{"rendered":"https:\/\/weisetech.dev\/fc-barcelona-noticias\/en\/real-madrid-congratulates-barca-with-an-emotional-message-on-their-125th-anniversary_308975_102\/"},"modified":"2025-04-12T08:06:00","modified_gmt":"2025-04-12T06:06:00","slug":"real-madrid-congratulates-barca-with-an-emotional-message-on-their-125th-anniversary_308975_102","status":"publish","type":"post","link":"https:\/\/www.fcbarcelonanoticias.com\/en\/fc-barcelona\/real-madrid-congratulates-barca-with-an-emotional-message-on-their-125th-anniversary_308975_102.html","title":{"rendered":"Real Madrid congratulates Bar\u00e7a with an emotional message on their 125th anniversary"},"content":{"rendered":"<h2 class=\"wp-block-heading\">Florentino P\u00e9rez highlights the historical greatness of FC Barcelona, acknowledging its importance in world football<\/h2>  \r\n<div class=\"article-addons\">\r\n    <a href=\"https:\/\/www.fcbarcelonanoticias.com\/en\/calendar-fc-barcelona.html\"\r\n       target=\"_self\"\r\n       title=\"Calendar of FC Barcelona\"\r\n       class=\"blue-gredient-btn\">\r\n       \r\n        Calendar of FC Barcelona    <\/a>\r\n<\/div>   <p>FC Barcelona has celebrated its 125th anniversary, a historic date marking more than a century of passion, sport, and legacy. Among the many congratulations received by the blaugrana club, one stands out: <strong>its eternal rival, Real Madrid<\/strong>, which took to social media to send a warm and respectful message to their historic competitor.<\/p>  <h3>A message of honor and respect<\/h3>  <p>Through its official profile on the social network &#8216;X&#8217;, Real Madrid published a message that did not go unnoticed:<br><em>&#8220;Many congratulations on your 125th anniversary, FC Barcelona. It is an honor for Real Madrid to compete with such a great rival like you throughout our history.&#8221;<\/em><\/p>  <p>This gesture reflects the importance of the historic rivalry between both clubs, which transcends the sport and has become a symbol of world football.<\/p>  <h3>Florentino P\u00e9rez: Praise for the eternal rival<\/h3>  <p>The congratulations from Real Madrid come in the context of mutual recognition between the boards of both clubs. The president of the white team, Florentino P\u00e9rez, recently highlighted the relevance of Bar\u00e7a in the global football landscape. During the latest Real Madrid assembly, P\u00e9rez expressed:<br><em>&#8220;Bar\u00e7a and Madrid must help each other, I say this with complete sincerity. We must think of them as a club that is among the greatest in the world.&#8221;<\/em><\/p>  <h3>A congratulatory message that reflects sportsmanship<\/h3>  <p>The congratulations from Real Madrid to Bar\u00e7a join the messages from iconic figures and clubs from around the world that have wanted to be part of this celebration. Beyond the titles and matchups, the interaction between these two football giants highlights the sportsmanship that should prevail in this sport.<\/p>  <p>A gesture that honors history and tradition. A lesson in values for the fans of both teams and for football in general.<\/p> ","protected":false},"excerpt":{"rendered":"<p>Florentino P\u00e9rez highlights the historical greatness of FC Barcelona, acknowledging its importance in world football FC Barcelona has celebrated its 125th anniversary, a historic date marking more than a century of passion, sport, and legacy. Among the many congratulations received by the blaugrana club, one stands out: its eternal rival, Real Madrid, which took to [&hellip;]<\/p>\n","protected":false},"author":0,"featured_media":25923,"comment_status":"closed","ping_status":"open","sticky":false,"template":"","format":"standard","meta":{"_acf_changed":false,"inline_featured_image":false,"_nextfly_llmd_date_locked":false,"footnotes":""},"categories":[111],"tags":[175],"class_list":["post-25921","post","type-post","status-publish","format-standard","has-post-thumbnail","hentry","category-fc-barcelona","tag-viral"],"acf":[],"yoast_head":"<!-- This site is optimized with the Yoast SEO plugin v27.3 - https:\/\/yoast.com\/product\/yoast-seo-wordpress\/ -->\n<title>Real Madrid congratulates Bar\u00e7a with an emotional message on their 125th anniversary<\/title>\n<meta name=\"description\" content=\"Florentino P\u00e9rez highlights the historical greatness of FC Barcelona, acknowledging its importance in world football\" \/>\n<meta name=\"robots\" content=\"index, follow, max-snippet:-1, max-image-preview:large, max-video-preview:-1\" \/>\n<link rel=\"canonical\" href=\"https:\/\/www.fcbarcelonanoticias.com\/en\/fc-barcelona\/real-madrid-congratulates-barca-with-an-emotional-message-on-their-125th-anniversary_308975_102.html\" \/>\n<meta property=\"og:locale\" content=\"en_US\" \/>\n<meta property=\"og:type\" content=\"article\" \/>\n<meta property=\"og:title\" content=\"Real Madrid congratulates Bar\u00e7a with an emotional message on their 125th anniversary\" \/>\n<meta property=\"og:description\" content=\"Florentino P\u00e9rez highlights the historical greatness of FC Barcelona, acknowledging its importance in world football\" \/>\n<meta property=\"og:url\" content=\"https:\/\/www.fcbarcelonanoticias.com\/en\/fc-barcelona\/real-madrid-congratulates-barca-with-an-emotional-message-on-their-125th-anniversary_308975_102.html\" \/>\n<meta property=\"og:site_name\" content=\"EN - FC Barcelona Noticias\" \/>\n<meta property=\"article:published_time\" content=\"2024-11-30T08:52:00+00:00\" \/>\n<meta property=\"article:modified_time\" content=\"2025-04-12T06:06:00+00:00\" \/>\n<meta property=\"og:image\" content=\"https:\/\/www.fcbarcelonanoticias.com\/en\/wp-content\/uploads\/sites\/2\/2024\/11\/real-madrid-y-fc-barcelona.jpeg\" \/>\n\t<meta property=\"og:image:width\" content=\"1200\" \/>\n\t<meta property=\"og:image:height\" content=\"675\" \/>\n\t<meta property=\"og:image:type\" content=\"image\/jpeg\" \/>\n<meta name=\"twitter:card\" content=\"summary_large_image\" \/>\n<meta name=\"twitter:label1\" content=\"Est. reading time\" \/>\n\t<meta name=\"twitter:data1\" content=\"2 minutes\" \/>\n<script type=\"application\/ld+json\" class=\"yoast-schema-graph\">{\"@context\":\"https:\\\/\\\/schema.org\",\"@graph\":[{\"@type\":\"Article\",\"@id\":\"https:\\\/\\\/www.fcbarcelonanoticias.com\\\/en\\\/fc-barcelona\\\/real-madrid-congratulates-barca-with-an-emotional-message-on-their-125th-anniversary_308975_102.html#article\",\"isPartOf\":{\"@id\":\"https:\\\/\\\/www.fcbarcelonanoticias.com\\\/en\\\/fc-barcelona\\\/real-madrid-congratulates-barca-with-an-emotional-message-on-their-125th-anniversary_308975_102.html\"},\"author\":{\"name\":\"\",\"@id\":\"\"},\"headline\":\"Real Madrid congratulates Bar\u00e7a with an emotional message on their 125th anniversary\",\"datePublished\":\"2024-11-30T08:52:00+00:00\",\"dateModified\":\"2025-04-12T06:06:00+00:00\",\"mainEntityOfPage\":{\"@id\":\"https:\\\/\\\/www.fcbarcelonanoticias.com\\\/en\\\/fc-barcelona\\\/real-madrid-congratulates-barca-with-an-emotional-message-on-their-125th-anniversary_308975_102.html\"},\"wordCount\":322,\"image\":{\"@id\":\"https:\\\/\\\/www.fcbarcelonanoticias.com\\\/en\\\/fc-barcelona\\\/real-madrid-congratulates-barca-with-an-emotional-message-on-their-125th-anniversary_308975_102.html#primaryimage\"},\"thumbnailUrl\":\"https:\\\/\\\/www.fcbarcelonanoticias.com\\\/en\\\/wp-content\\\/uploads\\\/sites\\\/2\\\/2024\\\/11\\\/real-madrid-y-fc-barcelona.jpeg\",\"keywords\":[\"Viral\"],\"articleSection\":[\"FC Barcelona\"],\"inLanguage\":\"en-US\"},{\"@type\":\"WebPage\",\"@id\":\"https:\\\/\\\/www.fcbarcelonanoticias.com\\\/en\\\/fc-barcelona\\\/real-madrid-congratulates-barca-with-an-emotional-message-on-their-125th-anniversary_308975_102.html\",\"url\":\"https:\\\/\\\/www.fcbarcelonanoticias.com\\\/en\\\/fc-barcelona\\\/real-madrid-congratulates-barca-with-an-emotional-message-on-their-125th-anniversary_308975_102.html\",\"name\":\"Real Madrid congratulates Bar\u00e7a with an emotional message on their 125th anniversary\",\"isPartOf\":{\"@id\":\"https:\\\/\\\/www.fcbarcelonanoticias.com\\\/en\\\/#website\"},\"primaryImageOfPage\":{\"@id\":\"https:\\\/\\\/www.fcbarcelonanoticias.com\\\/en\\\/fc-barcelona\\\/real-madrid-congratulates-barca-with-an-emotional-message-on-their-125th-anniversary_308975_102.html#primaryimage\"},\"image\":{\"@id\":\"https:\\\/\\\/www.fcbarcelonanoticias.com\\\/en\\\/fc-barcelona\\\/real-madrid-congratulates-barca-with-an-emotional-message-on-their-125th-anniversary_308975_102.html#primaryimage\"},\"thumbnailUrl\":\"https:\\\/\\\/www.fcbarcelonanoticias.com\\\/en\\\/wp-content\\\/uploads\\\/sites\\\/2\\\/2024\\\/11\\\/real-madrid-y-fc-barcelona.jpeg\",\"datePublished\":\"2024-11-30T08:52:00+00:00\",\"dateModified\":\"2025-04-12T06:06:00+00:00\",\"author\":{\"@id\":\"\"},\"description\":\"Florentino P\u00e9rez highlights the historical greatness of FC Barcelona, acknowledging its importance in world football\",\"breadcrumb\":{\"@id\":\"https:\\\/\\\/www.fcbarcelonanoticias.com\\\/en\\\/fc-barcelona\\\/real-madrid-congratulates-barca-with-an-emotional-message-on-their-125th-anniversary_308975_102.html#breadcrumb\"},\"inLanguage\":\"en-US\",\"potentialAction\":[{\"@type\":\"ReadAction\",\"target\":[\"https:\\\/\\\/www.fcbarcelonanoticias.com\\\/en\\\/fc-barcelona\\\/real-madrid-congratulates-barca-with-an-emotional-message-on-their-125th-anniversary_308975_102.html\"]}]},{\"@type\":\"ImageObject\",\"inLanguage\":\"en-US\",\"@id\":\"https:\\\/\\\/www.fcbarcelonanoticias.com\\\/en\\\/fc-barcelona\\\/real-madrid-congratulates-barca-with-an-emotional-message-on-their-125th-anniversary_308975_102.html#primaryimage\",\"url\":\"https:\\\/\\\/www.fcbarcelonanoticias.com\\\/en\\\/wp-content\\\/uploads\\\/sites\\\/2\\\/2024\\\/11\\\/real-madrid-y-fc-barcelona.jpeg\",\"contentUrl\":\"https:\\\/\\\/www.fcbarcelonanoticias.com\\\/en\\\/wp-content\\\/uploads\\\/sites\\\/2\\\/2024\\\/11\\\/real-madrid-y-fc-barcelona.jpeg\",\"width\":1200,\"height\":675},{\"@type\":\"BreadcrumbList\",\"@id\":\"https:\\\/\\\/www.fcbarcelonanoticias.com\\\/en\\\/fc-barcelona\\\/real-madrid-congratulates-barca-with-an-emotional-message-on-their-125th-anniversary_308975_102.html#breadcrumb\",\"itemListElement\":[{\"@type\":\"ListItem\",\"position\":1,\"name\":\"Portada\",\"item\":\"https:\\\/\\\/www.fcbarcelonanoticias.com\\\/en\\\/\"},{\"@type\":\"ListItem\",\"position\":2,\"name\":\"Real Madrid congratulates Bar\u00e7a with an emotional message on their 125th anniversary\"}]},{\"@type\":\"WebSite\",\"@id\":\"https:\\\/\\\/www.fcbarcelonanoticias.com\\\/en\\\/#website\",\"url\":\"https:\\\/\\\/www.fcbarcelonanoticias.com\\\/en\\\/\",\"name\":\"EN - FC Barcelona Noticias\",\"description\":\"\",\"potentialAction\":[{\"@type\":\"SearchAction\",\"target\":{\"@type\":\"EntryPoint\",\"urlTemplate\":\"https:\\\/\\\/www.fcbarcelonanoticias.com\\\/en\\\/?s={search_term_string}\"},\"query-input\":{\"@type\":\"PropertyValueSpecification\",\"valueRequired\":true,\"valueName\":\"search_term_string\"}}],\"inLanguage\":\"en-US\"}]}<\/script>\n<!-- \/ Yoast SEO plugin. -->","yoast_head_json":{"title":"Real Madrid congratulates Bar\u00e7a with an emotional message on their 125th anniversary","description":"Florentino P\u00e9rez highlights the historical greatness of FC Barcelona, acknowledging its importance in world football","robots":{"index":"index","follow":"follow","max-snippet":"max-snippet:-1","max-image-preview":"max-image-preview:large","max-video-preview":"max-video-preview:-1"},"canonical":"https:\/\/www.fcbarcelonanoticias.com\/en\/fc-barcelona\/real-madrid-congratulates-barca-with-an-emotional-message-on-their-125th-anniversary_308975_102.html","og_locale":"en_US","og_type":"article","og_title":"Real Madrid congratulates Bar\u00e7a with an emotional message on their 125th anniversary","og_description":"Florentino P\u00e9rez highlights the historical greatness of FC Barcelona, acknowledging its importance in world football","og_url":"https:\/\/www.fcbarcelonanoticias.com\/en\/fc-barcelona\/real-madrid-congratulates-barca-with-an-emotional-message-on-their-125th-anniversary_308975_102.html","og_site_name":"EN - FC Barcelona Noticias","article_published_time":"2024-11-30T08:52:00+00:00","article_modified_time":"2025-04-12T06:06:00+00:00","og_image":[{"width":1200,"height":675,"url":"https:\/\/www.fcbarcelonanoticias.com\/en\/wp-content\/uploads\/sites\/2\/2024\/11\/real-madrid-y-fc-barcelona.jpeg","type":"image\/jpeg"}],"twitter_card":"summary_large_image","twitter_misc":{"Est. reading time":"2 minutes"},"schema":{"@context":"https:\/\/schema.org","@graph":[{"@type":"Article","@id":"https:\/\/www.fcbarcelonanoticias.com\/en\/fc-barcelona\/real-madrid-congratulates-barca-with-an-emotional-message-on-their-125th-anniversary_308975_102.html#article","isPartOf":{"@id":"https:\/\/www.fcbarcelonanoticias.com\/en\/fc-barcelona\/real-madrid-congratulates-barca-with-an-emotional-message-on-their-125th-anniversary_308975_102.html"},"author":{"name":"","@id":""},"headline":"Real Madrid congratulates Bar\u00e7a with an emotional message on their 125th anniversary","datePublished":"2024-11-30T08:52:00+00:00","dateModified":"2025-04-12T06:06:00+00:00","mainEntityOfPage":{"@id":"https:\/\/www.fcbarcelonanoticias.com\/en\/fc-barcelona\/real-madrid-congratulates-barca-with-an-emotional-message-on-their-125th-anniversary_308975_102.html"},"wordCount":322,"image":{"@id":"https:\/\/www.fcbarcelonanoticias.com\/en\/fc-barcelona\/real-madrid-congratulates-barca-with-an-emotional-message-on-their-125th-anniversary_308975_102.html#primaryimage"},"thumbnailUrl":"https:\/\/www.fcbarcelonanoticias.com\/en\/wp-content\/uploads\/sites\/2\/2024\/11\/real-madrid-y-fc-barcelona.jpeg","keywords":["Viral"],"articleSection":["FC Barcelona"],"inLanguage":"en-US"},{"@type":"WebPage","@id":"https:\/\/www.fcbarcelonanoticias.com\/en\/fc-barcelona\/real-madrid-congratulates-barca-with-an-emotional-message-on-their-125th-anniversary_308975_102.html","url":"https:\/\/www.fcbarcelonanoticias.com\/en\/fc-barcelona\/real-madrid-congratulates-barca-with-an-emotional-message-on-their-125th-anniversary_308975_102.html","name":"Real Madrid congratulates Bar\u00e7a with an emotional message on their 125th anniversary","isPartOf":{"@id":"https:\/\/www.fcbarcelonanoticias.com\/en\/#website"},"primaryImageOfPage":{"@id":"https:\/\/www.fcbarcelonanoticias.com\/en\/fc-barcelona\/real-madrid-congratulates-barca-with-an-emotional-message-on-their-125th-anniversary_308975_102.html#primaryimage"},"image":{"@id":"https:\/\/www.fcbarcelonanoticias.com\/en\/fc-barcelona\/real-madrid-congratulates-barca-with-an-emotional-message-on-their-125th-anniversary_308975_102.html#primaryimage"},"thumbnailUrl":"https:\/\/www.fcbarcelonanoticias.com\/en\/wp-content\/uploads\/sites\/2\/2024\/11\/real-madrid-y-fc-barcelona.jpeg","datePublished":"2024-11-30T08:52:00+00:00","dateModified":"2025-04-12T06:06:00+00:00","author":{"@id":""},"description":"Florentino P\u00e9rez highlights the historical greatness of FC Barcelona, acknowledging its importance in world football","breadcrumb":{"@id":"https:\/\/www.fcbarcelonanoticias.com\/en\/fc-barcelona\/real-madrid-congratulates-barca-with-an-emotional-message-on-their-125th-anniversary_308975_102.html#breadcrumb"},"inLanguage":"en-US","potentialAction":[{"@type":"ReadAction","target":["https:\/\/www.fcbarcelonanoticias.com\/en\/fc-barcelona\/real-madrid-congratulates-barca-with-an-emotional-message-on-their-125th-anniversary_308975_102.html"]}]},{"@type":"ImageObject","inLanguage":"en-US","@id":"https:\/\/www.fcbarcelonanoticias.com\/en\/fc-barcelona\/real-madrid-congratulates-barca-with-an-emotional-message-on-their-125th-anniversary_308975_102.html#primaryimage","url":"https:\/\/www.fcbarcelonanoticias.com\/en\/wp-content\/uploads\/sites\/2\/2024\/11\/real-madrid-y-fc-barcelona.jpeg","contentUrl":"https:\/\/www.fcbarcelonanoticias.com\/en\/wp-content\/uploads\/sites\/2\/2024\/11\/real-madrid-y-fc-barcelona.jpeg","width":1200,"height":675},{"@type":"BreadcrumbList","@id":"https:\/\/www.fcbarcelonanoticias.com\/en\/fc-barcelona\/real-madrid-congratulates-barca-with-an-emotional-message-on-their-125th-anniversary_308975_102.html#breadcrumb","itemListElement":[{"@type":"ListItem","position":1,"name":"Portada","item":"https:\/\/www.fcbarcelonanoticias.com\/en\/"},{"@type":"ListItem","position":2,"name":"Real Madrid congratulates Bar\u00e7a with an emotional message on their 125th anniversary"}]},{"@type":"WebSite","@id":"https:\/\/www.fcbarcelonanoticias.com\/en\/#website","url":"https:\/\/www.fcbarcelonanoticias.com\/en\/","name":"EN - FC Barcelona Noticias","description":"","potentialAction":[{"@type":"SearchAction","target":{"@type":"EntryPoint","urlTemplate":"https:\/\/www.fcbarcelonanoticias.com\/en\/?s={search_term_string}"},"query-input":{"@type":"PropertyValueSpecification","valueRequired":true,"valueName":"search_term_string"}}],"inLanguage":"en-US"}]}},"_links":{"self":[{"href":"https:\/\/www.fcbarcelonanoticias.com\/en\/wp-json\/wp\/v2\/posts\/25921","targetHints":{"allow":["GET"]}}],"collection":[{"href":"https:\/\/www.fcbarcelonanoticias.com\/en\/wp-json\/wp\/v2\/posts"}],"about":[{"href":"https:\/\/www.fcbarcelonanoticias.com\/en\/wp-json\/wp\/v2\/types\/post"}],"replies":[{"embeddable":true,"href":"https:\/\/www.fcbarcelonanoticias.com\/en\/wp-json\/wp\/v2\/comments?post=25921"}],"version-history":[{"count":1,"href":"https:\/\/www.fcbarcelonanoticias.com\/en\/wp-json\/wp\/v2\/posts\/25921\/revisions"}],"predecessor-version":[{"id":108024,"href":"https:\/\/www.fcbarcelonanoticias.com\/en\/wp-json\/wp\/v2\/posts\/25921\/revisions\/108024"}],"wp:featuredmedia":[{"embeddable":true,"href":"https:\/\/www.fcbarcelonanoticias.com\/en\/wp-json\/wp\/v2\/media\/25923"}],"wp:attachment":[{"href":"https:\/\/www.fcbarcelonanoticias.com\/en\/wp-json\/wp\/v2\/media?parent=25921"}],"wp:term":[{"taxonomy":"category","embeddable":true,"href":"https:\/\/www.fcbarcelonanoticias.com\/en\/wp-json\/wp\/v2\/categories?post=25921"},{"taxonomy":"post_tag","embeddable":true,"href":"https:\/\/www.fcbarcelonanoticias.com\/en\/wp-json\/wp\/v2\/tags?post=25921"}],"curies":[{"name":"wp","href":"https:\/\/api.w.org\/{rel}","templated":true}]}}