{"id":25979,"date":"2023-04-24T22:36:00","date_gmt":"2023-04-24T20:36:00","guid":{"rendered":"https:\/\/weisetech.dev\/fc-barcelona-noticias\/en\/rayo-vallecano-fcbarcelona-the-possible-lineups-of-matchday-31_291805_102\/"},"modified":"2023-04-26T19:53:00","modified_gmt":"2023-04-26T17:53:00","slug":"rayo-vallecano-fcbarcelona-the-possible-lineups-of-matchday-31_291805_102","status":"publish","type":"post","link":"https:\/\/www.fcbarcelonanoticias.com\/en\/fc-barcelona\/rayo-vallecano-fcbarcelona-the-possible-lineups-of-matchday-31_291805_102.html","title":{"rendered":"Rayo Vallecano-FC Barcelona: The possible line-ups of matchday 31"},"content":{"rendered":"<h2 class=\"wp-block-heading\">The FC Barcelona visits to the Ray Vallecano this Wednesday (22:00 hours) in Vallecas. The party of the Day 31 will be marked by the drop by sanction of Sergio Busquets, as well as the possible return to the headline of Pedri<\/h2>  \r\n<div class=\"article-addons\">\r\n    <a href=\"https:\/\/www.fcbarcelonanoticias.com\/en\/calendar-fc-barcelona.html\"\r\n       target=\"_self\"\r\n       title=\"Calendar of FC Barcelona\"\r\n       class=\"blue-gredient-btn\">\r\n       \r\n        Calendar of FC Barcelona    <\/a>\r\n<\/div>   <p>The FC Barcelona contests, this Wednesday from the 22:00 (10:00 PM CEST), the corresponding party to the thirtieth first day of LaLiga Santander, in front of the Ray Vallecano of Andoni Iraola that only a victory in his last 10 parties. The ones of Xavi Hern\u00e1ndez, after defeating to the Athletic of Madrid in the Sportify Camp Nou, <strong>will look for to add of to three again for, at least, keep a distance in the highest of the leadership. <\/strong><\/p>  <p>The meeting in front of the Madrilenian will arrive with the sensitive drop of Sergio Busquets, the one who will not travel to the Spanish capital by sanction after receiving the past Sunday his fifth yellow card of the championship. This will force to Xavi to use again to Frenkie of Jong like titling, the one who returned this weekend, <strong>and do a midfield beside Pedri and Gavi, the big &#8216;cracks&#8217; of the Barcelona midfield.<\/strong><\/p>  <h2>Likely alignments of the FC Barcelona-Athletic of Madrid<\/h2>  <ul> <li> <strong>XI of the Ray Vallecano: <\/strong>Dimittievski; Balliu, Catena, Lejeune, Fran Garcia; Valent\u00edn, Path\u00e9 Ciss, Isi, Trejo, \u00c1lvaro and Camel.<\/li> \t<li> <strong>XI of the Athletic of Madrid:<\/strong> Ter Stegen; Kound\u00e9, Ara\u00fajo, Eric Garc\u00eda, Balde; Pedri, Of Jong, Gavi; Ferran, Raphinha and Lewandowski.<\/li> <\/ul> <h3>Ter Stegen<\/h3>  <p>Party very special for the German the one who already has equalised the record of 23 goals to zero of his excompa\u00f1ero Claudio Bravo and of way almost immediate will be able to fix already a new mark. <strong>In front of the Athletic detained a pair of finish keys of Griezmann and showed again that it is of the three better players cul\u00e9s of all the season. <\/strong><\/p>  <h3>Kound\u00e9-Ara\u00fajo-Eric-Balde<\/h3>  <p><a data-external=\"0\" data-intl-links-en=\"https:\/\/www.fcbarcelonanoticias.com\/en\/players\/another-signing-barca-christensen-already-trains-normally_291804_102.html\" data-intl-links-es=\"https:\/\/www.fcbarcelonanoticias.com\/jugadores\/otro-fichaje-barca-christensen-ya-se-entrena-con-normalidad_291804_102.html\" href=\"https:\/\/www.fcbarcelonanoticias.com\/en\/players\/another-signing-barca-christensen-already-trains-normally_291804_102.html\" rel=\"follow\" target=\"_self\" title=\"\u00a1Otro 'fichaje' para el Bar\u00e7a! Christensen ya se entrena con normalidad\">With the return of Andreas Christensen to the trainings<\/a> the defence of &#8216;gala&#8217; of the Bar\u00e7a is increasingly near to return. However, <strong>Eric Garc\u00eda has won chevrons with Xavi and could return to the titularity after going in of change in front of the Atleti by Marcos Alonso, the one who would be the another alternative of Xavi for the defence. <\/strong><\/p>  <h3>Of Jong-Gavi-Pedri<\/h3>  <p>With the obvious possibility that Kessi\u00e9 go in to the XI, the Barcelona technical body could go in by a full midfield of jugones and footballers that have a different quality. <strong>The Dutch and the Canarian already returned and showed all what offer, whereas the &#8217;30&#8217; of the Bar\u00e7a saw more comfortable in the 4-3-3 traditional. <\/strong><\/p>  <h3>Ferran-Raphinha-Lewandowski<\/h3>  <p>In spite of playing like visitor, the performance in the last meeting and the absence of Busquets invites to Xavi to repeat the trident of attack and keep the same names. <strong>In the case that want to administer loads, Ansu could go in by a Raphinha that has played it almost all<\/strong> and plant to Ferran like extreme by the right in this stage.<\/p> ","protected":false},"excerpt":{"rendered":"<p>The FC Barcelona visits to the Ray Vallecano this Wednesday (22:00 hours) in Vallecas. The party of the Day 31 will be marked by the drop by sanction of Sergio Busquets, as well as the possible return to the headline of Pedri The FC Barcelona contests, this Wednesday from the 22:00 (10:00 PM CEST), the [&hellip;]<\/p>\n","protected":false},"author":345,"featured_media":25980,"comment_status":"closed","ping_status":"open","sticky":false,"template":"","format":"standard","meta":{"_acf_changed":false,"inline_featured_image":false,"_nextfly_llmd_date_locked":false,"footnotes":""},"categories":[111],"tags":[201,48],"class_list":["post-25979","post","type-post","status-publish","format-standard","has-post-thumbnail","hentry","category-fc-barcelona","tag-lineups","tag-xavi-hernandez"],"acf":[],"yoast_head":"<!-- This site is optimized with the Yoast SEO plugin v27.3 - https:\/\/yoast.com\/product\/yoast-seo-wordpress\/ -->\n<title>Rayo Vallecano-FC Barcelona: The possible line-ups of matchday 31<\/title>\n<meta name=\"description\" content=\"FC Barcelona visits Rayo Vallecano this Wednesday (22:00 hours) in Vallecas. The match of the Matchday 31 will be marked by the loss by sanction of Sergio Busquets, as well as the possible return to the holder of Pedri\" \/>\n<meta name=\"robots\" content=\"index, follow, max-snippet:-1, max-image-preview:large, max-video-preview:-1\" \/>\n<link rel=\"canonical\" href=\"https:\/\/www.fcbarcelonanoticias.com\/en\/fc-barcelona\/rayo-vallecano-fcbarcelona-the-possible-lineups-of-matchday-31_291805_102.html\" \/>\n<meta property=\"og:locale\" content=\"en_US\" \/>\n<meta property=\"og:type\" content=\"article\" \/>\n<meta property=\"og:title\" content=\"Rayo Vallecano-FC Barcelona: The possible line-ups of matchday 31\" \/>\n<meta property=\"og:description\" content=\"FC Barcelona visits Rayo Vallecano this Wednesday (22:00 hours) in Vallecas. The match of the Matchday 31 will be marked by the loss by sanction of Sergio Busquets, as well as the possible return to the holder of Pedri\" \/>\n<meta property=\"og:url\" content=\"https:\/\/www.fcbarcelonanoticias.com\/en\/fc-barcelona\/rayo-vallecano-fcbarcelona-the-possible-lineups-of-matchday-31_291805_102.html\" \/>\n<meta property=\"og:site_name\" content=\"EN - FC Barcelona Noticias\" \/>\n<meta property=\"article:published_time\" content=\"2023-04-24T20:36:00+00:00\" \/>\n<meta property=\"article:modified_time\" content=\"2023-04-26T17:53:00+00:00\" \/>\n<meta property=\"og:image\" content=\"https:\/\/www.fcbarcelonanoticias.com\/en\/wp-content\/uploads\/sites\/2\/2023\/04\/posible-rayo-fcbarcelona.jpeg\" \/>\n\t<meta property=\"og:image:width\" content=\"1300\" \/>\n\t<meta property=\"og:image:height\" content=\"731\" \/>\n\t<meta property=\"og:image:type\" content=\"image\/jpeg\" \/>\n<meta name=\"author\" content=\"Carlos Montenegro\" \/>\n<meta name=\"twitter:card\" content=\"summary_large_image\" \/>\n<meta name=\"twitter:label1\" content=\"Written by\" \/>\n\t<meta name=\"twitter:data1\" content=\"Carlos Montenegro\" \/>\n\t<meta name=\"twitter:label2\" content=\"Est. reading time\" \/>\n\t<meta name=\"twitter:data2\" content=\"3 minutes\" \/>\n<script type=\"application\/ld+json\" class=\"yoast-schema-graph\">{\"@context\":\"https:\\\/\\\/schema.org\",\"@graph\":[{\"@type\":\"Article\",\"@id\":\"https:\\\/\\\/www.fcbarcelonanoticias.com\\\/en\\\/fc-barcelona\\\/rayo-vallecano-fcbarcelona-the-possible-lineups-of-matchday-31_291805_102.html#article\",\"isPartOf\":{\"@id\":\"https:\\\/\\\/www.fcbarcelonanoticias.com\\\/en\\\/fc-barcelona\\\/rayo-vallecano-fcbarcelona-the-possible-lineups-of-matchday-31_291805_102.html\"},\"author\":{\"name\":\"Carlos Montenegro\",\"@id\":\"https:\\\/\\\/www.fcbarcelonanoticias.com\\\/en\\\/#\\\/schema\\\/person\\\/aa1d038709c262cb247e240f6b39bbf5\"},\"headline\":\"Rayo Vallecano-FC Barcelona: The possible line-ups of matchday 31\",\"datePublished\":\"2023-04-24T20:36:00+00:00\",\"dateModified\":\"2023-04-26T17:53:00+00:00\",\"mainEntityOfPage\":{\"@id\":\"https:\\\/\\\/www.fcbarcelonanoticias.com\\\/en\\\/fc-barcelona\\\/rayo-vallecano-fcbarcelona-the-possible-lineups-of-matchday-31_291805_102.html\"},\"wordCount\":511,\"image\":{\"@id\":\"https:\\\/\\\/www.fcbarcelonanoticias.com\\\/en\\\/fc-barcelona\\\/rayo-vallecano-fcbarcelona-the-possible-lineups-of-matchday-31_291805_102.html#primaryimage\"},\"thumbnailUrl\":\"https:\\\/\\\/www.fcbarcelonanoticias.com\\\/en\\\/wp-content\\\/uploads\\\/sites\\\/2\\\/2023\\\/04\\\/posible-rayo-fcbarcelona.jpeg\",\"keywords\":[\"FC Barcelona Lineups\",\"Xavi Hern\u00e1ndez\"],\"articleSection\":[\"FC Barcelona\"],\"inLanguage\":\"en-US\"},{\"@type\":\"WebPage\",\"@id\":\"https:\\\/\\\/www.fcbarcelonanoticias.com\\\/en\\\/fc-barcelona\\\/rayo-vallecano-fcbarcelona-the-possible-lineups-of-matchday-31_291805_102.html\",\"url\":\"https:\\\/\\\/www.fcbarcelonanoticias.com\\\/en\\\/fc-barcelona\\\/rayo-vallecano-fcbarcelona-the-possible-lineups-of-matchday-31_291805_102.html\",\"name\":\"Rayo Vallecano-FC Barcelona: The possible line-ups of matchday 31\",\"isPartOf\":{\"@id\":\"https:\\\/\\\/www.fcbarcelonanoticias.com\\\/en\\\/#website\"},\"primaryImageOfPage\":{\"@id\":\"https:\\\/\\\/www.fcbarcelonanoticias.com\\\/en\\\/fc-barcelona\\\/rayo-vallecano-fcbarcelona-the-possible-lineups-of-matchday-31_291805_102.html#primaryimage\"},\"image\":{\"@id\":\"https:\\\/\\\/www.fcbarcelonanoticias.com\\\/en\\\/fc-barcelona\\\/rayo-vallecano-fcbarcelona-the-possible-lineups-of-matchday-31_291805_102.html#primaryimage\"},\"thumbnailUrl\":\"https:\\\/\\\/www.fcbarcelonanoticias.com\\\/en\\\/wp-content\\\/uploads\\\/sites\\\/2\\\/2023\\\/04\\\/posible-rayo-fcbarcelona.jpeg\",\"datePublished\":\"2023-04-24T20:36:00+00:00\",\"dateModified\":\"2023-04-26T17:53:00+00:00\",\"author\":{\"@id\":\"https:\\\/\\\/www.fcbarcelonanoticias.com\\\/en\\\/#\\\/schema\\\/person\\\/aa1d038709c262cb247e240f6b39bbf5\"},\"description\":\"FC Barcelona visits Rayo Vallecano this Wednesday (22:00 hours) in Vallecas. The match of the Matchday 31 will be marked by the loss by sanction of Sergio Busquets, as well as the possible return to the holder of Pedri\",\"breadcrumb\":{\"@id\":\"https:\\\/\\\/www.fcbarcelonanoticias.com\\\/en\\\/fc-barcelona\\\/rayo-vallecano-fcbarcelona-the-possible-lineups-of-matchday-31_291805_102.html#breadcrumb\"},\"inLanguage\":\"en-US\",\"potentialAction\":[{\"@type\":\"ReadAction\",\"target\":[\"https:\\\/\\\/www.fcbarcelonanoticias.com\\\/en\\\/fc-barcelona\\\/rayo-vallecano-fcbarcelona-the-possible-lineups-of-matchday-31_291805_102.html\"]}]},{\"@type\":\"ImageObject\",\"inLanguage\":\"en-US\",\"@id\":\"https:\\\/\\\/www.fcbarcelonanoticias.com\\\/en\\\/fc-barcelona\\\/rayo-vallecano-fcbarcelona-the-possible-lineups-of-matchday-31_291805_102.html#primaryimage\",\"url\":\"https:\\\/\\\/www.fcbarcelonanoticias.com\\\/en\\\/wp-content\\\/uploads\\\/sites\\\/2\\\/2023\\\/04\\\/posible-rayo-fcbarcelona.jpeg\",\"contentUrl\":\"https:\\\/\\\/www.fcbarcelonanoticias.com\\\/en\\\/wp-content\\\/uploads\\\/sites\\\/2\\\/2023\\\/04\\\/posible-rayo-fcbarcelona.jpeg\",\"width\":1300,\"height\":731},{\"@type\":\"BreadcrumbList\",\"@id\":\"https:\\\/\\\/www.fcbarcelonanoticias.com\\\/en\\\/fc-barcelona\\\/rayo-vallecano-fcbarcelona-the-possible-lineups-of-matchday-31_291805_102.html#breadcrumb\",\"itemListElement\":[{\"@type\":\"ListItem\",\"position\":1,\"name\":\"Portada\",\"item\":\"https:\\\/\\\/www.fcbarcelonanoticias.com\\\/en\\\/\"},{\"@type\":\"ListItem\",\"position\":2,\"name\":\"Rayo Vallecano-FC Barcelona: The possible line-ups of matchday 31\"}]},{\"@type\":\"WebSite\",\"@id\":\"https:\\\/\\\/www.fcbarcelonanoticias.com\\\/en\\\/#website\",\"url\":\"https:\\\/\\\/www.fcbarcelonanoticias.com\\\/en\\\/\",\"name\":\"EN - FC Barcelona Noticias\",\"description\":\"\",\"potentialAction\":[{\"@type\":\"SearchAction\",\"target\":{\"@type\":\"EntryPoint\",\"urlTemplate\":\"https:\\\/\\\/www.fcbarcelonanoticias.com\\\/en\\\/?s={search_term_string}\"},\"query-input\":{\"@type\":\"PropertyValueSpecification\",\"valueRequired\":true,\"valueName\":\"search_term_string\"}}],\"inLanguage\":\"en-US\"},{\"@type\":\"Person\",\"@id\":\"https:\\\/\\\/www.fcbarcelonanoticias.com\\\/en\\\/#\\\/schema\\\/person\\\/aa1d038709c262cb247e240f6b39bbf5\",\"name\":\"Carlos Montenegro\",\"image\":{\"@type\":\"ImageObject\",\"inLanguage\":\"en-US\",\"@id\":\"https:\\\/\\\/secure.gravatar.com\\\/avatar\\\/?s=96&d=mm&r=g\",\"url\":\"https:\\\/\\\/secure.gravatar.com\\\/avatar\\\/?s=96&d=mm&r=g\",\"contentUrl\":\"https:\\\/\\\/secure.gravatar.com\\\/avatar\\\/?s=96&d=mm&r=g\",\"caption\":\"Carlos Montenegro\"},\"url\":\"https:\\\/\\\/www.fcbarcelonanoticias.com\\\/en\\\/carlos-montenegro_20_115.html\"}]}<\/script>\n<!-- \/ Yoast SEO plugin. -->","yoast_head_json":{"title":"Rayo Vallecano-FC Barcelona: The possible line-ups of matchday 31","description":"FC Barcelona visits Rayo Vallecano this Wednesday (22:00 hours) in Vallecas. The match of the Matchday 31 will be marked by the loss by sanction of Sergio Busquets, as well as the possible return to the holder of Pedri","robots":{"index":"index","follow":"follow","max-snippet":"max-snippet:-1","max-image-preview":"max-image-preview:large","max-video-preview":"max-video-preview:-1"},"canonical":"https:\/\/www.fcbarcelonanoticias.com\/en\/fc-barcelona\/rayo-vallecano-fcbarcelona-the-possible-lineups-of-matchday-31_291805_102.html","og_locale":"en_US","og_type":"article","og_title":"Rayo Vallecano-FC Barcelona: The possible line-ups of matchday 31","og_description":"FC Barcelona visits Rayo Vallecano this Wednesday (22:00 hours) in Vallecas. The match of the Matchday 31 will be marked by the loss by sanction of Sergio Busquets, as well as the possible return to the holder of Pedri","og_url":"https:\/\/www.fcbarcelonanoticias.com\/en\/fc-barcelona\/rayo-vallecano-fcbarcelona-the-possible-lineups-of-matchday-31_291805_102.html","og_site_name":"EN - FC Barcelona Noticias","article_published_time":"2023-04-24T20:36:00+00:00","article_modified_time":"2023-04-26T17:53:00+00:00","og_image":[{"width":1300,"height":731,"url":"https:\/\/www.fcbarcelonanoticias.com\/en\/wp-content\/uploads\/sites\/2\/2023\/04\/posible-rayo-fcbarcelona.jpeg","type":"image\/jpeg"}],"author":"Carlos Montenegro","twitter_card":"summary_large_image","twitter_misc":{"Written by":"Carlos Montenegro","Est. reading time":"3 minutes"},"schema":{"@context":"https:\/\/schema.org","@graph":[{"@type":"Article","@id":"https:\/\/www.fcbarcelonanoticias.com\/en\/fc-barcelona\/rayo-vallecano-fcbarcelona-the-possible-lineups-of-matchday-31_291805_102.html#article","isPartOf":{"@id":"https:\/\/www.fcbarcelonanoticias.com\/en\/fc-barcelona\/rayo-vallecano-fcbarcelona-the-possible-lineups-of-matchday-31_291805_102.html"},"author":{"name":"Carlos Montenegro","@id":"https:\/\/www.fcbarcelonanoticias.com\/en\/#\/schema\/person\/aa1d038709c262cb247e240f6b39bbf5"},"headline":"Rayo Vallecano-FC Barcelona: The possible line-ups of matchday 31","datePublished":"2023-04-24T20:36:00+00:00","dateModified":"2023-04-26T17:53:00+00:00","mainEntityOfPage":{"@id":"https:\/\/www.fcbarcelonanoticias.com\/en\/fc-barcelona\/rayo-vallecano-fcbarcelona-the-possible-lineups-of-matchday-31_291805_102.html"},"wordCount":511,"image":{"@id":"https:\/\/www.fcbarcelonanoticias.com\/en\/fc-barcelona\/rayo-vallecano-fcbarcelona-the-possible-lineups-of-matchday-31_291805_102.html#primaryimage"},"thumbnailUrl":"https:\/\/www.fcbarcelonanoticias.com\/en\/wp-content\/uploads\/sites\/2\/2023\/04\/posible-rayo-fcbarcelona.jpeg","keywords":["FC Barcelona Lineups","Xavi Hern\u00e1ndez"],"articleSection":["FC Barcelona"],"inLanguage":"en-US"},{"@type":"WebPage","@id":"https:\/\/www.fcbarcelonanoticias.com\/en\/fc-barcelona\/rayo-vallecano-fcbarcelona-the-possible-lineups-of-matchday-31_291805_102.html","url":"https:\/\/www.fcbarcelonanoticias.com\/en\/fc-barcelona\/rayo-vallecano-fcbarcelona-the-possible-lineups-of-matchday-31_291805_102.html","name":"Rayo Vallecano-FC Barcelona: The possible line-ups of matchday 31","isPartOf":{"@id":"https:\/\/www.fcbarcelonanoticias.com\/en\/#website"},"primaryImageOfPage":{"@id":"https:\/\/www.fcbarcelonanoticias.com\/en\/fc-barcelona\/rayo-vallecano-fcbarcelona-the-possible-lineups-of-matchday-31_291805_102.html#primaryimage"},"image":{"@id":"https:\/\/www.fcbarcelonanoticias.com\/en\/fc-barcelona\/rayo-vallecano-fcbarcelona-the-possible-lineups-of-matchday-31_291805_102.html#primaryimage"},"thumbnailUrl":"https:\/\/www.fcbarcelonanoticias.com\/en\/wp-content\/uploads\/sites\/2\/2023\/04\/posible-rayo-fcbarcelona.jpeg","datePublished":"2023-04-24T20:36:00+00:00","dateModified":"2023-04-26T17:53:00+00:00","author":{"@id":"https:\/\/www.fcbarcelonanoticias.com\/en\/#\/schema\/person\/aa1d038709c262cb247e240f6b39bbf5"},"description":"FC Barcelona visits Rayo Vallecano this Wednesday (22:00 hours) in Vallecas. The match of the Matchday 31 will be marked by the loss by sanction of Sergio Busquets, as well as the possible return to the holder of Pedri","breadcrumb":{"@id":"https:\/\/www.fcbarcelonanoticias.com\/en\/fc-barcelona\/rayo-vallecano-fcbarcelona-the-possible-lineups-of-matchday-31_291805_102.html#breadcrumb"},"inLanguage":"en-US","potentialAction":[{"@type":"ReadAction","target":["https:\/\/www.fcbarcelonanoticias.com\/en\/fc-barcelona\/rayo-vallecano-fcbarcelona-the-possible-lineups-of-matchday-31_291805_102.html"]}]},{"@type":"ImageObject","inLanguage":"en-US","@id":"https:\/\/www.fcbarcelonanoticias.com\/en\/fc-barcelona\/rayo-vallecano-fcbarcelona-the-possible-lineups-of-matchday-31_291805_102.html#primaryimage","url":"https:\/\/www.fcbarcelonanoticias.com\/en\/wp-content\/uploads\/sites\/2\/2023\/04\/posible-rayo-fcbarcelona.jpeg","contentUrl":"https:\/\/www.fcbarcelonanoticias.com\/en\/wp-content\/uploads\/sites\/2\/2023\/04\/posible-rayo-fcbarcelona.jpeg","width":1300,"height":731},{"@type":"BreadcrumbList","@id":"https:\/\/www.fcbarcelonanoticias.com\/en\/fc-barcelona\/rayo-vallecano-fcbarcelona-the-possible-lineups-of-matchday-31_291805_102.html#breadcrumb","itemListElement":[{"@type":"ListItem","position":1,"name":"Portada","item":"https:\/\/www.fcbarcelonanoticias.com\/en\/"},{"@type":"ListItem","position":2,"name":"Rayo Vallecano-FC Barcelona: The possible line-ups of matchday 31"}]},{"@type":"WebSite","@id":"https:\/\/www.fcbarcelonanoticias.com\/en\/#website","url":"https:\/\/www.fcbarcelonanoticias.com\/en\/","name":"EN - FC Barcelona Noticias","description":"","potentialAction":[{"@type":"SearchAction","target":{"@type":"EntryPoint","urlTemplate":"https:\/\/www.fcbarcelonanoticias.com\/en\/?s={search_term_string}"},"query-input":{"@type":"PropertyValueSpecification","valueRequired":true,"valueName":"search_term_string"}}],"inLanguage":"en-US"},{"@type":"Person","@id":"https:\/\/www.fcbarcelonanoticias.com\/en\/#\/schema\/person\/aa1d038709c262cb247e240f6b39bbf5","name":"Carlos Montenegro","image":{"@type":"ImageObject","inLanguage":"en-US","@id":"https:\/\/secure.gravatar.com\/avatar\/?s=96&d=mm&r=g","url":"https:\/\/secure.gravatar.com\/avatar\/?s=96&d=mm&r=g","contentUrl":"https:\/\/secure.gravatar.com\/avatar\/?s=96&d=mm&r=g","caption":"Carlos Montenegro"},"url":"https:\/\/www.fcbarcelonanoticias.com\/en\/carlos-montenegro_20_115.html"}]}},"_links":{"self":[{"href":"https:\/\/www.fcbarcelonanoticias.com\/en\/wp-json\/wp\/v2\/posts\/25979","targetHints":{"allow":["GET"]}}],"collection":[{"href":"https:\/\/www.fcbarcelonanoticias.com\/en\/wp-json\/wp\/v2\/posts"}],"about":[{"href":"https:\/\/www.fcbarcelonanoticias.com\/en\/wp-json\/wp\/v2\/types\/post"}],"author":[{"embeddable":true,"href":"https:\/\/www.fcbarcelonanoticias.com\/en\/wp-json\/wp\/v2\/users\/345"}],"replies":[{"embeddable":true,"href":"https:\/\/www.fcbarcelonanoticias.com\/en\/wp-json\/wp\/v2\/comments?post=25979"}],"version-history":[{"count":1,"href":"https:\/\/www.fcbarcelonanoticias.com\/en\/wp-json\/wp\/v2\/posts\/25979\/revisions"}],"predecessor-version":[{"id":107989,"href":"https:\/\/www.fcbarcelonanoticias.com\/en\/wp-json\/wp\/v2\/posts\/25979\/revisions\/107989"}],"wp:featuredmedia":[{"embeddable":true,"href":"https:\/\/www.fcbarcelonanoticias.com\/en\/wp-json\/wp\/v2\/media\/25980"}],"wp:attachment":[{"href":"https:\/\/www.fcbarcelonanoticias.com\/en\/wp-json\/wp\/v2\/media?parent=25979"}],"wp:term":[{"taxonomy":"category","embeddable":true,"href":"https:\/\/www.fcbarcelonanoticias.com\/en\/wp-json\/wp\/v2\/categories?post=25979"},{"taxonomy":"post_tag","embeddable":true,"href":"https:\/\/www.fcbarcelonanoticias.com\/en\/wp-json\/wp\/v2\/tags?post=25979"}],"curies":[{"name":"wp","href":"https:\/\/api.w.org\/{rel}","templated":true}]}}