{"id":26043,"date":"2022-05-02T00:06:00","date_gmt":"2022-05-01T22:06:00","guid":{"rendered":"https:\/\/weisetech.dev\/fc-barcelona-noticias\/en\/returns-illusion-ansu-fati-returned-to-play-with-barcelona-101-days-low_279916_102\/"},"modified":"2022-05-02T00:06:00","modified_gmt":"2022-05-01T22:06:00","slug":"returns-illusion-ansu-fati-returned-to-play-with-barcelona-101-days-low_279916_102","status":"publish","type":"post","link":"https:\/\/www.fcbarcelonanoticias.com\/en\/fc-barcelona\/returns-illusion-ansu-fati-returned-to-play-with-barcelona-101-days-low_279916_102.html","title":{"rendered":"The illusion returns: Ansu Fati returned to play with Bar\u00e7a after 101 days off"},"content":{"rendered":"<h2 class=\"wp-block-heading\">Ansu Fati reappeared on the pitch with FC Barcelona this Sunday, in the Bar\u00e7a victory against RCD Mallorca. The &#8217;10&#8217; played the last fifteen minutes and left good feelings<\/h2>  \r\n<div class=\"article-addons\">\r\n    <a href=\"https:\/\/www.fcbarcelonanoticias.com\/en\/calendar-fc-barcelona.html\"\r\n       target=\"_self\"\r\n       title=\"Calendar of FC Barcelona\"\r\n       class=\"blue-gredient-btn\">\r\n       \r\n        Calendar of FC Barcelona    <\/a>\r\n<\/div>   <p><strong>They had happened 101 days since it confirmed the injury of Ansu Fati,<\/strong> the en\u00e9sima in his short career. The attacker went back to feel footballer this Sunday in the victory of the <a data-external=\"0\" data-intl-links-en=\"https:\/\/www.fcbarcelonanoticias.com\/en\/fc-barcelona\" data-intl-links-es=\"https:\/\/www.fcbarcelonanoticias.com\/fc-barcelona\" href=\"https:\/\/www.fcbarcelonanoticias.com\/en\/football-soccer\/fc-barcelona.html\" rel=\"follow\" target=\"_self\" title=\"FC Barcelona\">FC Barcelona<\/a> against the RCD Mallorca (2-1). It played the last 15 minutes for &#8216;test&#8217;, in the middle of an ovation &#8216;tremenda&#8217; of the Camp Nou when ingres\u00f3 the field. Ansu Supposes the big illusion of the barcelonismo to average and long term and like this has done it to him know the fans.<\/p>  <p>It went in to the field to replace to a &#8216;toneless&#8217; Pierre-Emerick Aubameyang in the 75 and converted , beside the Barcelona victory, in the best news of the night and, probably, of what goes of year. <strong>Ansu Fati Fell lesionado in the eliminatory of the Glass of the King<\/strong> against the Athletic of Bilbao, in Saint Mam\u00e9s, and since had been &#8216;KO&#8217; by an injury in <strong>the proximal sinew of the biceps femoral of the left thigh.<\/strong><\/p>  <p>In this party, there was ingresado to the terrain of game in the minute 61, to replace to Ferran Jutgl\u00e0, but could not complete the extention after feeling a prick that forced him to ask the change. The worst news confirmed prompt <strong>and Ansu found in front of the uncertainty to operate or no.<\/strong> It denied , in spite of the recommendation of the club, and all this time has been in the infirmary.<\/p>  <p>It has been a moment very, very expected for the barcelonismo and takes more value in the moment that returns. The Bar\u00e7a crosses a delicate sportive situation and have banished the good feelings that had achieved the team in February or March. <strong>The goal is him resisting a lot to the cul\u00e9s and Ansu will be key for the last &#8216;punch&#8217; of this season. <\/strong><\/p>  <h3>A lot of way for visiting<\/h3>  <p>Against the Mallorca situated like leading centre, acomp\u00f1ado by Demb\u00e9l\u00e9 in the right extreme and Memphis in the left. It was not able to appear a lot in the Barcelona offensive game and avoided to demand of more. <strong>It finished touching five balloons, winning a duel and giving three passes successfully to the blaugrana<\/strong>. The way is long, but with Ansu always there are surprises.<\/p> ","protected":false},"excerpt":{"rendered":"<p>Ansu Fati reappeared on the pitch with FC Barcelona this Sunday, in the Bar\u00e7a victory against RCD Mallorca. The &#8217;10&#8217; played the last fifteen minutes and left good feelings They had happened 101 days since it confirmed the injury of Ansu Fati, the en\u00e9sima in his short career. The attacker went back to feel footballer [&hellip;]<\/p>\n","protected":false},"author":352,"featured_media":26044,"comment_status":"closed","ping_status":"open","sticky":false,"template":"","format":"standard","meta":{"_acf_changed":false,"inline_featured_image":false,"_nextfly_llmd_date_locked":false,"footnotes":""},"categories":[111],"tags":[],"class_list":["post-26043","post","type-post","status-publish","format-standard","has-post-thumbnail","hentry","category-fc-barcelona"],"acf":[],"yoast_head":"<!-- This site is optimized with the Yoast SEO plugin v27.3 - https:\/\/yoast.com\/product\/yoast-seo-wordpress\/ -->\n<title>It returns the illusion: Ansu Fati went back to play with the Bar\u00e7a after 101 days of drop<\/title>\n<meta name=\"description\" content=\"Ansu Fati Reappeared on the terrain of game with the FC Barcelona this Sunday, in the Barcelona victory against the RCD Mallorca. The &#039;10&#039; played the last qu...\" \/>\n<meta name=\"robots\" content=\"index, follow, max-snippet:-1, max-image-preview:large, max-video-preview:-1\" \/>\n<link rel=\"canonical\" href=\"https:\/\/www.fcbarcelonanoticias.com\/en\/fc-barcelona\/returns-illusion-ansu-fati-returned-to-play-with-barcelona-101-days-low_279916_102.html\" \/>\n<meta property=\"og:locale\" content=\"en_US\" \/>\n<meta property=\"og:type\" content=\"article\" \/>\n<meta property=\"og:title\" content=\"It returns the illusion: Ansu Fati went back to play with the Bar\u00e7a after 101 days of drop\" \/>\n<meta property=\"og:description\" content=\"Ansu Fati Reappeared on the terrain of game with the FC Barcelona this Sunday, in the Barcelona victory against the RCD Mallorca. The &#039;10&#039; played the last qu...\" \/>\n<meta property=\"og:url\" content=\"https:\/\/www.fcbarcelonanoticias.com\/en\/fc-barcelona\/returns-illusion-ansu-fati-returned-to-play-with-barcelona-101-days-low_279916_102.html\" \/>\n<meta property=\"og:site_name\" content=\"EN - FC Barcelona Noticias\" \/>\n<meta property=\"article:published_time\" content=\"2022-05-01T22:06:00+00:00\" \/>\n<meta property=\"og:image\" content=\"https:\/\/www.fcbarcelonanoticias.com\/en\/wp-content\/uploads\/sites\/2\/2022\/05\/ansu-fati-durante-el-choque-entre-barc-a-y-mallorca.jpeg\" \/>\n\t<meta property=\"og:image:width\" content=\"1200\" \/>\n\t<meta property=\"og:image:height\" content=\"675\" \/>\n\t<meta property=\"og:image:type\" content=\"image\/jpeg\" \/>\n<meta name=\"author\" content=\"Paola Guevara\" \/>\n<meta name=\"twitter:card\" content=\"summary_large_image\" \/>\n<meta name=\"twitter:label1\" content=\"Written by\" \/>\n\t<meta name=\"twitter:data1\" content=\"Paola Guevara\" \/>\n\t<meta name=\"twitter:label2\" content=\"Est. reading time\" \/>\n\t<meta name=\"twitter:data2\" content=\"2 minutes\" \/>\n<script type=\"application\/ld+json\" class=\"yoast-schema-graph\">{\"@context\":\"https:\\\/\\\/schema.org\",\"@graph\":[{\"@type\":\"Article\",\"@id\":\"https:\\\/\\\/www.fcbarcelonanoticias.com\\\/en\\\/fc-barcelona\\\/returns-illusion-ansu-fati-returned-to-play-with-barcelona-101-days-low_279916_102.html#article\",\"isPartOf\":{\"@id\":\"https:\\\/\\\/www.fcbarcelonanoticias.com\\\/en\\\/fc-barcelona\\\/returns-illusion-ansu-fati-returned-to-play-with-barcelona-101-days-low_279916_102.html\"},\"author\":{\"name\":\"Paola Guevara\",\"@id\":\"https:\\\/\\\/www.fcbarcelonanoticias.com\\\/en\\\/#\\\/schema\\\/person\\\/3b408513ee236e64c3043ec901f019ee\"},\"headline\":\"The illusion returns: Ansu Fati returned to play with Bar\u00e7a after 101 days off\",\"datePublished\":\"2022-05-01T22:06:00+00:00\",\"mainEntityOfPage\":{\"@id\":\"https:\\\/\\\/www.fcbarcelonanoticias.com\\\/en\\\/fc-barcelona\\\/returns-illusion-ansu-fati-returned-to-play-with-barcelona-101-days-low_279916_102.html\"},\"wordCount\":417,\"image\":{\"@id\":\"https:\\\/\\\/www.fcbarcelonanoticias.com\\\/en\\\/fc-barcelona\\\/returns-illusion-ansu-fati-returned-to-play-with-barcelona-101-days-low_279916_102.html#primaryimage\"},\"thumbnailUrl\":\"https:\\\/\\\/www.fcbarcelonanoticias.com\\\/en\\\/wp-content\\\/uploads\\\/sites\\\/2\\\/2022\\\/05\\\/ansu-fati-durante-el-choque-entre-barc-a-y-mallorca.jpeg\",\"articleSection\":[\"FC Barcelona\"],\"inLanguage\":\"en-US\"},{\"@type\":\"WebPage\",\"@id\":\"https:\\\/\\\/www.fcbarcelonanoticias.com\\\/en\\\/fc-barcelona\\\/returns-illusion-ansu-fati-returned-to-play-with-barcelona-101-days-low_279916_102.html\",\"url\":\"https:\\\/\\\/www.fcbarcelonanoticias.com\\\/en\\\/fc-barcelona\\\/returns-illusion-ansu-fati-returned-to-play-with-barcelona-101-days-low_279916_102.html\",\"name\":\"It returns the illusion: Ansu Fati went back to play with the Bar\u00e7a after 101 days of drop\",\"isPartOf\":{\"@id\":\"https:\\\/\\\/www.fcbarcelonanoticias.com\\\/en\\\/#website\"},\"primaryImageOfPage\":{\"@id\":\"https:\\\/\\\/www.fcbarcelonanoticias.com\\\/en\\\/fc-barcelona\\\/returns-illusion-ansu-fati-returned-to-play-with-barcelona-101-days-low_279916_102.html#primaryimage\"},\"image\":{\"@id\":\"https:\\\/\\\/www.fcbarcelonanoticias.com\\\/en\\\/fc-barcelona\\\/returns-illusion-ansu-fati-returned-to-play-with-barcelona-101-days-low_279916_102.html#primaryimage\"},\"thumbnailUrl\":\"https:\\\/\\\/www.fcbarcelonanoticias.com\\\/en\\\/wp-content\\\/uploads\\\/sites\\\/2\\\/2022\\\/05\\\/ansu-fati-durante-el-choque-entre-barc-a-y-mallorca.jpeg\",\"datePublished\":\"2022-05-01T22:06:00+00:00\",\"author\":{\"@id\":\"https:\\\/\\\/www.fcbarcelonanoticias.com\\\/en\\\/#\\\/schema\\\/person\\\/3b408513ee236e64c3043ec901f019ee\"},\"description\":\"Ansu Fati Reappeared on the terrain of game with the FC Barcelona this Sunday, in the Barcelona victory against the RCD Mallorca. The '10' played the last qu...\",\"breadcrumb\":{\"@id\":\"https:\\\/\\\/www.fcbarcelonanoticias.com\\\/en\\\/fc-barcelona\\\/returns-illusion-ansu-fati-returned-to-play-with-barcelona-101-days-low_279916_102.html#breadcrumb\"},\"inLanguage\":\"en-US\",\"potentialAction\":[{\"@type\":\"ReadAction\",\"target\":[\"https:\\\/\\\/www.fcbarcelonanoticias.com\\\/en\\\/fc-barcelona\\\/returns-illusion-ansu-fati-returned-to-play-with-barcelona-101-days-low_279916_102.html\"]}]},{\"@type\":\"ImageObject\",\"inLanguage\":\"en-US\",\"@id\":\"https:\\\/\\\/www.fcbarcelonanoticias.com\\\/en\\\/fc-barcelona\\\/returns-illusion-ansu-fati-returned-to-play-with-barcelona-101-days-low_279916_102.html#primaryimage\",\"url\":\"https:\\\/\\\/www.fcbarcelonanoticias.com\\\/en\\\/wp-content\\\/uploads\\\/sites\\\/2\\\/2022\\\/05\\\/ansu-fati-durante-el-choque-entre-barc-a-y-mallorca.jpeg\",\"contentUrl\":\"https:\\\/\\\/www.fcbarcelonanoticias.com\\\/en\\\/wp-content\\\/uploads\\\/sites\\\/2\\\/2022\\\/05\\\/ansu-fati-durante-el-choque-entre-barc-a-y-mallorca.jpeg\",\"width\":1200,\"height\":675},{\"@type\":\"BreadcrumbList\",\"@id\":\"https:\\\/\\\/www.fcbarcelonanoticias.com\\\/en\\\/fc-barcelona\\\/returns-illusion-ansu-fati-returned-to-play-with-barcelona-101-days-low_279916_102.html#breadcrumb\",\"itemListElement\":[{\"@type\":\"ListItem\",\"position\":1,\"name\":\"Portada\",\"item\":\"https:\\\/\\\/www.fcbarcelonanoticias.com\\\/en\\\/\"},{\"@type\":\"ListItem\",\"position\":2,\"name\":\"The illusion returns: Ansu Fati returned to play with Bar\u00e7a after 101 days off\"}]},{\"@type\":\"WebSite\",\"@id\":\"https:\\\/\\\/www.fcbarcelonanoticias.com\\\/en\\\/#website\",\"url\":\"https:\\\/\\\/www.fcbarcelonanoticias.com\\\/en\\\/\",\"name\":\"EN - FC Barcelona Noticias\",\"description\":\"\",\"potentialAction\":[{\"@type\":\"SearchAction\",\"target\":{\"@type\":\"EntryPoint\",\"urlTemplate\":\"https:\\\/\\\/www.fcbarcelonanoticias.com\\\/en\\\/?s={search_term_string}\"},\"query-input\":{\"@type\":\"PropertyValueSpecification\",\"valueRequired\":true,\"valueName\":\"search_term_string\"}}],\"inLanguage\":\"en-US\"},{\"@type\":\"Person\",\"@id\":\"https:\\\/\\\/www.fcbarcelonanoticias.com\\\/en\\\/#\\\/schema\\\/person\\\/3b408513ee236e64c3043ec901f019ee\",\"name\":\"Paola Guevara\",\"image\":{\"@type\":\"ImageObject\",\"inLanguage\":\"en-US\",\"@id\":\"https:\\\/\\\/secure.gravatar.com\\\/avatar\\\/?s=96&d=mm&r=g\",\"url\":\"https:\\\/\\\/secure.gravatar.com\\\/avatar\\\/?s=96&d=mm&r=g\",\"contentUrl\":\"https:\\\/\\\/secure.gravatar.com\\\/avatar\\\/?s=96&d=mm&r=g\",\"caption\":\"Paola Guevara\"},\"url\":\"https:\\\/\\\/www.fcbarcelonanoticias.com\\\/en\\\/fc-barcelona\\\/paola-guevara_9_115.html\"}]}<\/script>\n<!-- \/ Yoast SEO plugin. -->","yoast_head_json":{"title":"It returns the illusion: Ansu Fati went back to play with the Bar\u00e7a after 101 days of drop","description":"Ansu Fati Reappeared on the terrain of game with the FC Barcelona this Sunday, in the Barcelona victory against the RCD Mallorca. The '10' played the last qu...","robots":{"index":"index","follow":"follow","max-snippet":"max-snippet:-1","max-image-preview":"max-image-preview:large","max-video-preview":"max-video-preview:-1"},"canonical":"https:\/\/www.fcbarcelonanoticias.com\/en\/fc-barcelona\/returns-illusion-ansu-fati-returned-to-play-with-barcelona-101-days-low_279916_102.html","og_locale":"en_US","og_type":"article","og_title":"It returns the illusion: Ansu Fati went back to play with the Bar\u00e7a after 101 days of drop","og_description":"Ansu Fati Reappeared on the terrain of game with the FC Barcelona this Sunday, in the Barcelona victory against the RCD Mallorca. The '10' played the last qu...","og_url":"https:\/\/www.fcbarcelonanoticias.com\/en\/fc-barcelona\/returns-illusion-ansu-fati-returned-to-play-with-barcelona-101-days-low_279916_102.html","og_site_name":"EN - FC Barcelona Noticias","article_published_time":"2022-05-01T22:06:00+00:00","og_image":[{"width":1200,"height":675,"url":"https:\/\/www.fcbarcelonanoticias.com\/en\/wp-content\/uploads\/sites\/2\/2022\/05\/ansu-fati-durante-el-choque-entre-barc-a-y-mallorca.jpeg","type":"image\/jpeg"}],"author":"Paola Guevara","twitter_card":"summary_large_image","twitter_misc":{"Written by":"Paola Guevara","Est. reading time":"2 minutes"},"schema":{"@context":"https:\/\/schema.org","@graph":[{"@type":"Article","@id":"https:\/\/www.fcbarcelonanoticias.com\/en\/fc-barcelona\/returns-illusion-ansu-fati-returned-to-play-with-barcelona-101-days-low_279916_102.html#article","isPartOf":{"@id":"https:\/\/www.fcbarcelonanoticias.com\/en\/fc-barcelona\/returns-illusion-ansu-fati-returned-to-play-with-barcelona-101-days-low_279916_102.html"},"author":{"name":"Paola Guevara","@id":"https:\/\/www.fcbarcelonanoticias.com\/en\/#\/schema\/person\/3b408513ee236e64c3043ec901f019ee"},"headline":"The illusion returns: Ansu Fati returned to play with Bar\u00e7a after 101 days off","datePublished":"2022-05-01T22:06:00+00:00","mainEntityOfPage":{"@id":"https:\/\/www.fcbarcelonanoticias.com\/en\/fc-barcelona\/returns-illusion-ansu-fati-returned-to-play-with-barcelona-101-days-low_279916_102.html"},"wordCount":417,"image":{"@id":"https:\/\/www.fcbarcelonanoticias.com\/en\/fc-barcelona\/returns-illusion-ansu-fati-returned-to-play-with-barcelona-101-days-low_279916_102.html#primaryimage"},"thumbnailUrl":"https:\/\/www.fcbarcelonanoticias.com\/en\/wp-content\/uploads\/sites\/2\/2022\/05\/ansu-fati-durante-el-choque-entre-barc-a-y-mallorca.jpeg","articleSection":["FC Barcelona"],"inLanguage":"en-US"},{"@type":"WebPage","@id":"https:\/\/www.fcbarcelonanoticias.com\/en\/fc-barcelona\/returns-illusion-ansu-fati-returned-to-play-with-barcelona-101-days-low_279916_102.html","url":"https:\/\/www.fcbarcelonanoticias.com\/en\/fc-barcelona\/returns-illusion-ansu-fati-returned-to-play-with-barcelona-101-days-low_279916_102.html","name":"It returns the illusion: Ansu Fati went back to play with the Bar\u00e7a after 101 days of drop","isPartOf":{"@id":"https:\/\/www.fcbarcelonanoticias.com\/en\/#website"},"primaryImageOfPage":{"@id":"https:\/\/www.fcbarcelonanoticias.com\/en\/fc-barcelona\/returns-illusion-ansu-fati-returned-to-play-with-barcelona-101-days-low_279916_102.html#primaryimage"},"image":{"@id":"https:\/\/www.fcbarcelonanoticias.com\/en\/fc-barcelona\/returns-illusion-ansu-fati-returned-to-play-with-barcelona-101-days-low_279916_102.html#primaryimage"},"thumbnailUrl":"https:\/\/www.fcbarcelonanoticias.com\/en\/wp-content\/uploads\/sites\/2\/2022\/05\/ansu-fati-durante-el-choque-entre-barc-a-y-mallorca.jpeg","datePublished":"2022-05-01T22:06:00+00:00","author":{"@id":"https:\/\/www.fcbarcelonanoticias.com\/en\/#\/schema\/person\/3b408513ee236e64c3043ec901f019ee"},"description":"Ansu Fati Reappeared on the terrain of game with the FC Barcelona this Sunday, in the Barcelona victory against the RCD Mallorca. The '10' played the last qu...","breadcrumb":{"@id":"https:\/\/www.fcbarcelonanoticias.com\/en\/fc-barcelona\/returns-illusion-ansu-fati-returned-to-play-with-barcelona-101-days-low_279916_102.html#breadcrumb"},"inLanguage":"en-US","potentialAction":[{"@type":"ReadAction","target":["https:\/\/www.fcbarcelonanoticias.com\/en\/fc-barcelona\/returns-illusion-ansu-fati-returned-to-play-with-barcelona-101-days-low_279916_102.html"]}]},{"@type":"ImageObject","inLanguage":"en-US","@id":"https:\/\/www.fcbarcelonanoticias.com\/en\/fc-barcelona\/returns-illusion-ansu-fati-returned-to-play-with-barcelona-101-days-low_279916_102.html#primaryimage","url":"https:\/\/www.fcbarcelonanoticias.com\/en\/wp-content\/uploads\/sites\/2\/2022\/05\/ansu-fati-durante-el-choque-entre-barc-a-y-mallorca.jpeg","contentUrl":"https:\/\/www.fcbarcelonanoticias.com\/en\/wp-content\/uploads\/sites\/2\/2022\/05\/ansu-fati-durante-el-choque-entre-barc-a-y-mallorca.jpeg","width":1200,"height":675},{"@type":"BreadcrumbList","@id":"https:\/\/www.fcbarcelonanoticias.com\/en\/fc-barcelona\/returns-illusion-ansu-fati-returned-to-play-with-barcelona-101-days-low_279916_102.html#breadcrumb","itemListElement":[{"@type":"ListItem","position":1,"name":"Portada","item":"https:\/\/www.fcbarcelonanoticias.com\/en\/"},{"@type":"ListItem","position":2,"name":"The illusion returns: Ansu Fati returned to play with Bar\u00e7a after 101 days off"}]},{"@type":"WebSite","@id":"https:\/\/www.fcbarcelonanoticias.com\/en\/#website","url":"https:\/\/www.fcbarcelonanoticias.com\/en\/","name":"EN - FC Barcelona Noticias","description":"","potentialAction":[{"@type":"SearchAction","target":{"@type":"EntryPoint","urlTemplate":"https:\/\/www.fcbarcelonanoticias.com\/en\/?s={search_term_string}"},"query-input":{"@type":"PropertyValueSpecification","valueRequired":true,"valueName":"search_term_string"}}],"inLanguage":"en-US"},{"@type":"Person","@id":"https:\/\/www.fcbarcelonanoticias.com\/en\/#\/schema\/person\/3b408513ee236e64c3043ec901f019ee","name":"Paola Guevara","image":{"@type":"ImageObject","inLanguage":"en-US","@id":"https:\/\/secure.gravatar.com\/avatar\/?s=96&d=mm&r=g","url":"https:\/\/secure.gravatar.com\/avatar\/?s=96&d=mm&r=g","contentUrl":"https:\/\/secure.gravatar.com\/avatar\/?s=96&d=mm&r=g","caption":"Paola Guevara"},"url":"https:\/\/www.fcbarcelonanoticias.com\/en\/fc-barcelona\/paola-guevara_9_115.html"}]}},"_links":{"self":[{"href":"https:\/\/www.fcbarcelonanoticias.com\/en\/wp-json\/wp\/v2\/posts\/26043","targetHints":{"allow":["GET"]}}],"collection":[{"href":"https:\/\/www.fcbarcelonanoticias.com\/en\/wp-json\/wp\/v2\/posts"}],"about":[{"href":"https:\/\/www.fcbarcelonanoticias.com\/en\/wp-json\/wp\/v2\/types\/post"}],"author":[{"embeddable":true,"href":"https:\/\/www.fcbarcelonanoticias.com\/en\/wp-json\/wp\/v2\/users\/352"}],"replies":[{"embeddable":true,"href":"https:\/\/www.fcbarcelonanoticias.com\/en\/wp-json\/wp\/v2\/comments?post=26043"}],"version-history":[{"count":1,"href":"https:\/\/www.fcbarcelonanoticias.com\/en\/wp-json\/wp\/v2\/posts\/26043\/revisions"}],"predecessor-version":[{"id":108097,"href":"https:\/\/www.fcbarcelonanoticias.com\/en\/wp-json\/wp\/v2\/posts\/26043\/revisions\/108097"}],"wp:featuredmedia":[{"embeddable":true,"href":"https:\/\/www.fcbarcelonanoticias.com\/en\/wp-json\/wp\/v2\/media\/26044"}],"wp:attachment":[{"href":"https:\/\/www.fcbarcelonanoticias.com\/en\/wp-json\/wp\/v2\/media?parent=26043"}],"wp:term":[{"taxonomy":"category","embeddable":true,"href":"https:\/\/www.fcbarcelonanoticias.com\/en\/wp-json\/wp\/v2\/categories?post=26043"},{"taxonomy":"post_tag","embeddable":true,"href":"https:\/\/www.fcbarcelonanoticias.com\/en\/wp-json\/wp\/v2\/tags?post=26043"}],"curies":[{"name":"wp","href":"https:\/\/api.w.org\/{rel}","templated":true}]}}