{"id":26133,"date":"2025-08-20T22:47:00","date_gmt":"2025-08-20T20:47:00","guid":{"rendered":"https:\/\/weisetech.dev\/fc-barcelona-noticias\/en\/reasons-why-kounde-started-25-26-season-as-substitute_314269_102\/"},"modified":"2026-04-06T20:21:35","modified_gmt":"2026-04-06T18:21:35","slug":"reasons-why-kounde-started-25-26-season-as-substitute_314269_102","status":"publish","type":"post","link":"https:\/\/www.fcbarcelonanoticias.com\/en\/fc-barcelona\/reasons-why-kounde-started-25-26-season-as-substitute_314269_102.html","title":{"rendered":"The reasons why Kound\u00e9 started the 25\/26 season as a substitute"},"content":{"rendered":"<h2 class=\"wp-block-heading\">The reasons why Kound\u00e9 started the 25\/26 season as a substitute<\/h2>  \r\n<div class=\"article-addons\">\r\n    <a href=\"https:\/\/www.fcbarcelonanoticias.com\/en\/calendar-fc-barcelona.html\"\r\n       target=\"_self\"\r\n       title=\"Calendar of FC Barcelona\"\r\n       class=\"blue-gredient-btn\">\r\n       \r\n        Calendar of FC Barcelona    <\/a>\r\n<\/div>   <p><strong>Jules Kound\u00e9<\/strong> was called up for the first presentation of <strong>FC Barcelona<\/strong> in <strong>LaLiga EA Sports 25\/26<\/strong>. However, he was not part of the starting eleven. Hansi Flick decided that <strong>Eric Garc\u00eda<\/strong> should take his place on the field. The Frenchman entered in the 77th minute for <strong>Raphinha<\/strong>.<\/p>  <p>The Parisian center-back was one of the most consistent players last season with Bar\u00e7a, being a pillar in obtaining the Copa del Rey, LaLiga and the Spanish Super Cup, playing 53 games and scoring 4 goals. Despite this, <strong>he was a substitute during the Joan Gamper Trophy<\/strong> and now in the league debut against Mallorca.<\/p>  <p>In principle, the latest rumors about the cul\u00e9 dressing room indicate that the non-alignment of the Frenchman is due to the fact that the relationship between <strong>Hansi Flick and Jules Kound\u00e9<\/strong> is going through a delicate moment. The German coach has punished the former Sevilla player, alleging several instances of tardiness on his part. In the 24\/25 season, the defender was a substitute in two league games (Alav\u00e9s and Espanyol) for that reason.<\/p>  <h2>Kound\u00e9 is no longer indisputable because of Eric Garc\u00eda<\/h2>  <p>Jules Kound\u00e9 seemed to be one of the indisputable players in <strong>Flick&#8217;s<\/strong> XI. However, the Teutonic technical director left a clear message at the beginning of the season with the starting position of <strong>Eric Garc\u00eda<\/strong>, his substitute in the previous year, who played the 90 minutes of the match in Son Moix.<\/p>  <p>Garc\u00eda had <strong>a passing effectiveness of 95% (53 out of 56 possible)<\/strong>, 2 accurate long shots and no loss of ball. In addition, he was impeccable in defense with 2 clearances, 2 headed clearances and 2 recoveries. Becoming an alternative with many guarantees on the right wing.<\/p>  <p>Similarly, the Martorell native earned the coach&#8217;s trust in the final stretch of the 24\/25 season, covering the &#8217;23&#8217; when he was out due to injury. <a data-external=\"0\" data-intl-links-en=\"https:\/\/www.fcbarcelonanoticias.com\/en\/transfers\/girona-reveals-its-plan-to-sign-eric-garcia-this-january_310218_102.html\" data-intl-links-es=\"https:\/\/www.fcbarcelonanoticias.com\/fichajes\/girona-revela-su-plan-fichar-eric-garcia-este-enero_310218_102.html\" href=\"https:\/\/www.fcbarcelonanoticias.com\/en\/football\/transfers\/girona-reveals-its-plan-to-sign-eric-garcia-this-january_310218_102.html\" rel=\"follow\" target=\"_self\" title=\"El Girona revela su plan para fichar a Eric Garc\u00eda este enero\">Flick stopped Eric&#8217;s return to Girona in January<\/a> and the 24-year-old defender has responded by taking a leap in quality in his performance occupying alternative positions.<\/p>  <h2>Kound\u00e9 received proposals from important clubs in Europe to leave<\/h2>  <p>Kound\u00e9&#8217;s irruption in his last season aroused the interest of different clubs in Europe, including <strong>Manchester City, Chelsea,<\/strong> <strong>Bayern Munich, Arsenal and Paris Saint-Germain.<\/strong> The sports management of the blaugrana club received offers that exceeded 65 million euros.<\/p>  <p>However, neither Joan Laporta nor Deco considered selling the French defender, nor did he want to leave. Even <a data-external=\"0\" data-intl-links-en=\"https:\/\/www.fcbarcelonanoticias.com\/en\/transfers\/official-jules-kounde-will-continue-at-fc-barcelona-until-2030_314137_102.html\" data-intl-links-es=\"https:\/\/www.fcbarcelonanoticias.com\/fichajes\/jules-kounde-seguira-en-fc-barcelona-hasta-2030_314137_102.html\" href=\"https:\/\/www.fcbarcelonanoticias.com\/en\/transfers\/official-jules-kounde-will-continue-at-fc-barcelona-until-2030_314137_102.html\" rel=\"follow\" target=\"_self\" title=\"OFICIAL: Jules Kound\u00e9 seguir\u00e1 en el FC Barcelona hasta 2030\">the &#8217;23&#8217; ended up renewing until June 2030<\/a>. Now that the Paris native has been relegated from his position due to Garc\u00eda&#8217;s good level, will he not consider looking for new airs in the medium term?<\/p> ","protected":false},"excerpt":{"rendered":"<p>The reasons why Kound\u00e9 started the 25\/26 season as a substitute Jules Kound\u00e9 was called up for the first presentation of FC Barcelona in LaLiga EA Sports 25\/26. However, he was not part of the starting eleven. Hansi Flick decided that Eric Garc\u00eda should take his place on the field. The Frenchman entered in the [&hellip;]<\/p>\n","protected":false},"author":362,"featured_media":26135,"comment_status":"closed","ping_status":"open","sticky":false,"template":"","format":"standard","meta":{"_acf_changed":false,"inline_featured_image":false,"_nextfly_llmd_date_locked":false,"footnotes":""},"categories":[111,443],"tags":[87,248],"class_list":["post-26133","post","type-post","status-publish","format-standard","has-post-thumbnail","hentry","category-fc-barcelona","category-jules-kounde","tag-hansi-flick","tag-jules-kounde"],"acf":[],"yoast_head":"<!-- This site is optimized with the Yoast SEO plugin v27.3 - https:\/\/yoast.com\/product\/yoast-seo-wordpress\/ -->\n<title>The reasons why Kound\u00e9 started the 25\/26 season as a substitute<\/title>\n<meta name=\"description\" content=\"Discover the truth behind Kound\u00e9&#039;s substitution in Bar\u00e7a. Conflict with Flick? Tactical decision? We tell you everything about the controversy\" \/>\n<meta name=\"robots\" content=\"index, follow, max-snippet:-1, max-image-preview:large, max-video-preview:-1\" \/>\n<link rel=\"canonical\" href=\"https:\/\/www.fcbarcelonanoticias.com\/en\/fc-barcelona\/reasons-why-kounde-started-25-26-season-as-substitute_314269_102.html\" \/>\n<meta property=\"og:locale\" content=\"en_US\" \/>\n<meta property=\"og:type\" content=\"article\" \/>\n<meta property=\"og:title\" content=\"The reasons why Kound\u00e9 started the 25\/26 season as a substitute\" \/>\n<meta property=\"og:description\" content=\"Discover the truth behind Kound\u00e9&#039;s substitution in Bar\u00e7a. Conflict with Flick? Tactical decision? We tell you everything about the controversy\" \/>\n<meta property=\"og:url\" content=\"https:\/\/www.fcbarcelonanoticias.com\/en\/fc-barcelona\/reasons-why-kounde-started-25-26-season-as-substitute_314269_102.html\" \/>\n<meta property=\"og:site_name\" content=\"EN - FC Barcelona Noticias\" \/>\n<meta property=\"article:published_time\" content=\"2025-08-20T20:47:00+00:00\" \/>\n<meta property=\"article:modified_time\" content=\"2026-04-06T18:21:35+00:00\" \/>\n<meta property=\"og:image\" content=\"https:\/\/www.fcbarcelonanoticias.com\/en\/wp-content\/uploads\/sites\/2\/2025\/08\/jules-kounde-entrenamiento-2025-1.webp\" \/>\n\t<meta property=\"og:image:width\" content=\"1200\" \/>\n\t<meta property=\"og:image:height\" content=\"675\" \/>\n\t<meta property=\"og:image:type\" content=\"image\/webp\" \/>\n<meta name=\"author\" content=\"Reinaldo David\" \/>\n<meta name=\"twitter:card\" content=\"summary_large_image\" \/>\n<meta name=\"twitter:label1\" content=\"Written by\" \/>\n\t<meta name=\"twitter:data1\" content=\"Reinaldo David\" \/>\n\t<meta name=\"twitter:label2\" content=\"Est. reading time\" \/>\n\t<meta name=\"twitter:data2\" content=\"2 minutes\" \/>\n<script type=\"application\/ld+json\" class=\"yoast-schema-graph\">{\"@context\":\"https:\\\/\\\/schema.org\",\"@graph\":[{\"@type\":\"Article\",\"@id\":\"https:\\\/\\\/www.fcbarcelonanoticias.com\\\/en\\\/fc-barcelona\\\/reasons-why-kounde-started-25-26-season-as-substitute_314269_102.html#article\",\"isPartOf\":{\"@id\":\"https:\\\/\\\/www.fcbarcelonanoticias.com\\\/en\\\/fc-barcelona\\\/reasons-why-kounde-started-25-26-season-as-substitute_314269_102.html\"},\"author\":{\"name\":\"Reinaldo David\",\"@id\":\"https:\\\/\\\/www.fcbarcelonanoticias.com\\\/en\\\/#\\\/schema\\\/person\\\/f7c2a90edfe1134cfd813911ba5c0178\"},\"headline\":\"The reasons why Kound\u00e9 started the 25\\\/26 season as a substitute\",\"datePublished\":\"2025-08-20T20:47:00+00:00\",\"dateModified\":\"2026-04-06T18:21:35+00:00\",\"mainEntityOfPage\":{\"@id\":\"https:\\\/\\\/www.fcbarcelonanoticias.com\\\/en\\\/fc-barcelona\\\/reasons-why-kounde-started-25-26-season-as-substitute_314269_102.html\"},\"wordCount\":453,\"image\":{\"@id\":\"https:\\\/\\\/www.fcbarcelonanoticias.com\\\/en\\\/fc-barcelona\\\/reasons-why-kounde-started-25-26-season-as-substitute_314269_102.html#primaryimage\"},\"thumbnailUrl\":\"https:\\\/\\\/www.fcbarcelonanoticias.com\\\/en\\\/wp-content\\\/uploads\\\/sites\\\/2\\\/2025\\\/08\\\/jules-kounde-entrenamiento-2025-1.webp\",\"keywords\":[\"Hansi Flick\",\"Jules Kound\u00e9\"],\"articleSection\":[\"FC Barcelona\",\"Jules Kound\u00e9\"],\"inLanguage\":\"en-US\"},{\"@type\":\"WebPage\",\"@id\":\"https:\\\/\\\/www.fcbarcelonanoticias.com\\\/en\\\/fc-barcelona\\\/reasons-why-kounde-started-25-26-season-as-substitute_314269_102.html\",\"url\":\"https:\\\/\\\/www.fcbarcelonanoticias.com\\\/en\\\/fc-barcelona\\\/reasons-why-kounde-started-25-26-season-as-substitute_314269_102.html\",\"name\":\"The reasons why Kound\u00e9 started the 25\\\/26 season as a substitute\",\"isPartOf\":{\"@id\":\"https:\\\/\\\/www.fcbarcelonanoticias.com\\\/en\\\/#website\"},\"primaryImageOfPage\":{\"@id\":\"https:\\\/\\\/www.fcbarcelonanoticias.com\\\/en\\\/fc-barcelona\\\/reasons-why-kounde-started-25-26-season-as-substitute_314269_102.html#primaryimage\"},\"image\":{\"@id\":\"https:\\\/\\\/www.fcbarcelonanoticias.com\\\/en\\\/fc-barcelona\\\/reasons-why-kounde-started-25-26-season-as-substitute_314269_102.html#primaryimage\"},\"thumbnailUrl\":\"https:\\\/\\\/www.fcbarcelonanoticias.com\\\/en\\\/wp-content\\\/uploads\\\/sites\\\/2\\\/2025\\\/08\\\/jules-kounde-entrenamiento-2025-1.webp\",\"datePublished\":\"2025-08-20T20:47:00+00:00\",\"dateModified\":\"2026-04-06T18:21:35+00:00\",\"author\":{\"@id\":\"https:\\\/\\\/www.fcbarcelonanoticias.com\\\/en\\\/#\\\/schema\\\/person\\\/f7c2a90edfe1134cfd813911ba5c0178\"},\"description\":\"Discover the truth behind Kound\u00e9's substitution in Bar\u00e7a. Conflict with Flick? Tactical decision? We tell you everything about the controversy\",\"breadcrumb\":{\"@id\":\"https:\\\/\\\/www.fcbarcelonanoticias.com\\\/en\\\/fc-barcelona\\\/reasons-why-kounde-started-25-26-season-as-substitute_314269_102.html#breadcrumb\"},\"inLanguage\":\"en-US\",\"potentialAction\":[{\"@type\":\"ReadAction\",\"target\":[\"https:\\\/\\\/www.fcbarcelonanoticias.com\\\/en\\\/fc-barcelona\\\/reasons-why-kounde-started-25-26-season-as-substitute_314269_102.html\"]}]},{\"@type\":\"ImageObject\",\"inLanguage\":\"en-US\",\"@id\":\"https:\\\/\\\/www.fcbarcelonanoticias.com\\\/en\\\/fc-barcelona\\\/reasons-why-kounde-started-25-26-season-as-substitute_314269_102.html#primaryimage\",\"url\":\"https:\\\/\\\/www.fcbarcelonanoticias.com\\\/en\\\/wp-content\\\/uploads\\\/sites\\\/2\\\/2025\\\/08\\\/jules-kounde-entrenamiento-2025-1.webp\",\"contentUrl\":\"https:\\\/\\\/www.fcbarcelonanoticias.com\\\/en\\\/wp-content\\\/uploads\\\/sites\\\/2\\\/2025\\\/08\\\/jules-kounde-entrenamiento-2025-1.webp\",\"width\":1200,\"height\":675},{\"@type\":\"BreadcrumbList\",\"@id\":\"https:\\\/\\\/www.fcbarcelonanoticias.com\\\/en\\\/fc-barcelona\\\/reasons-why-kounde-started-25-26-season-as-substitute_314269_102.html#breadcrumb\",\"itemListElement\":[{\"@type\":\"ListItem\",\"position\":1,\"name\":\"Portada\",\"item\":\"https:\\\/\\\/www.fcbarcelonanoticias.com\\\/en\\\/\"},{\"@type\":\"ListItem\",\"position\":2,\"name\":\"The reasons why Kound\u00e9 started the 25\\\/26 season as a substitute\"}]},{\"@type\":\"WebSite\",\"@id\":\"https:\\\/\\\/www.fcbarcelonanoticias.com\\\/en\\\/#website\",\"url\":\"https:\\\/\\\/www.fcbarcelonanoticias.com\\\/en\\\/\",\"name\":\"EN - FC Barcelona Noticias\",\"description\":\"\",\"potentialAction\":[{\"@type\":\"SearchAction\",\"target\":{\"@type\":\"EntryPoint\",\"urlTemplate\":\"https:\\\/\\\/www.fcbarcelonanoticias.com\\\/en\\\/?s={search_term_string}\"},\"query-input\":{\"@type\":\"PropertyValueSpecification\",\"valueRequired\":true,\"valueName\":\"search_term_string\"}}],\"inLanguage\":\"en-US\"},{\"@type\":\"Person\",\"@id\":\"https:\\\/\\\/www.fcbarcelonanoticias.com\\\/en\\\/#\\\/schema\\\/person\\\/f7c2a90edfe1134cfd813911ba5c0178\",\"name\":\"Reinaldo David\",\"image\":{\"@type\":\"ImageObject\",\"inLanguage\":\"en-US\",\"@id\":\"https:\\\/\\\/secure.gravatar.com\\\/avatar\\\/?s=96&d=mm&r=g\",\"url\":\"https:\\\/\\\/secure.gravatar.com\\\/avatar\\\/?s=96&d=mm&r=g\",\"contentUrl\":\"https:\\\/\\\/secure.gravatar.com\\\/avatar\\\/?s=96&d=mm&r=g\",\"caption\":\"Reinaldo David\"},\"description\":\"Licenciado en Periodismo y redactor en\u00a0FCBN. Encargado de traerte todos los d\u00edas\u00a0la \u00faltima hora del Bar\u00e7a y del mercado de traspasos. Analista de LaLiga, la Champions, la Copa del Rey tambi\u00e9n de las principales ligas y competiciones europeas.\",\"url\":\"https:\\\/\\\/www.fcbarcelonanoticias.com\\\/en\\\/reinaldo-david_37_115.html\"}]}<\/script>\n<!-- \/ Yoast SEO plugin. -->","yoast_head_json":{"title":"The reasons why Kound\u00e9 started the 25\/26 season as a substitute","description":"Discover the truth behind Kound\u00e9's substitution in Bar\u00e7a. Conflict with Flick? Tactical decision? We tell you everything about the controversy","robots":{"index":"index","follow":"follow","max-snippet":"max-snippet:-1","max-image-preview":"max-image-preview:large","max-video-preview":"max-video-preview:-1"},"canonical":"https:\/\/www.fcbarcelonanoticias.com\/en\/fc-barcelona\/reasons-why-kounde-started-25-26-season-as-substitute_314269_102.html","og_locale":"en_US","og_type":"article","og_title":"The reasons why Kound\u00e9 started the 25\/26 season as a substitute","og_description":"Discover the truth behind Kound\u00e9's substitution in Bar\u00e7a. Conflict with Flick? Tactical decision? We tell you everything about the controversy","og_url":"https:\/\/www.fcbarcelonanoticias.com\/en\/fc-barcelona\/reasons-why-kounde-started-25-26-season-as-substitute_314269_102.html","og_site_name":"EN - FC Barcelona Noticias","article_published_time":"2025-08-20T20:47:00+00:00","article_modified_time":"2026-04-06T18:21:35+00:00","og_image":[{"width":1200,"height":675,"url":"https:\/\/www.fcbarcelonanoticias.com\/en\/wp-content\/uploads\/sites\/2\/2025\/08\/jules-kounde-entrenamiento-2025-1.webp","type":"image\/webp"}],"author":"Reinaldo David","twitter_card":"summary_large_image","twitter_misc":{"Written by":"Reinaldo David","Est. reading time":"2 minutes"},"schema":{"@context":"https:\/\/schema.org","@graph":[{"@type":"Article","@id":"https:\/\/www.fcbarcelonanoticias.com\/en\/fc-barcelona\/reasons-why-kounde-started-25-26-season-as-substitute_314269_102.html#article","isPartOf":{"@id":"https:\/\/www.fcbarcelonanoticias.com\/en\/fc-barcelona\/reasons-why-kounde-started-25-26-season-as-substitute_314269_102.html"},"author":{"name":"Reinaldo David","@id":"https:\/\/www.fcbarcelonanoticias.com\/en\/#\/schema\/person\/f7c2a90edfe1134cfd813911ba5c0178"},"headline":"The reasons why Kound\u00e9 started the 25\/26 season as a substitute","datePublished":"2025-08-20T20:47:00+00:00","dateModified":"2026-04-06T18:21:35+00:00","mainEntityOfPage":{"@id":"https:\/\/www.fcbarcelonanoticias.com\/en\/fc-barcelona\/reasons-why-kounde-started-25-26-season-as-substitute_314269_102.html"},"wordCount":453,"image":{"@id":"https:\/\/www.fcbarcelonanoticias.com\/en\/fc-barcelona\/reasons-why-kounde-started-25-26-season-as-substitute_314269_102.html#primaryimage"},"thumbnailUrl":"https:\/\/www.fcbarcelonanoticias.com\/en\/wp-content\/uploads\/sites\/2\/2025\/08\/jules-kounde-entrenamiento-2025-1.webp","keywords":["Hansi Flick","Jules Kound\u00e9"],"articleSection":["FC Barcelona","Jules Kound\u00e9"],"inLanguage":"en-US"},{"@type":"WebPage","@id":"https:\/\/www.fcbarcelonanoticias.com\/en\/fc-barcelona\/reasons-why-kounde-started-25-26-season-as-substitute_314269_102.html","url":"https:\/\/www.fcbarcelonanoticias.com\/en\/fc-barcelona\/reasons-why-kounde-started-25-26-season-as-substitute_314269_102.html","name":"The reasons why Kound\u00e9 started the 25\/26 season as a substitute","isPartOf":{"@id":"https:\/\/www.fcbarcelonanoticias.com\/en\/#website"},"primaryImageOfPage":{"@id":"https:\/\/www.fcbarcelonanoticias.com\/en\/fc-barcelona\/reasons-why-kounde-started-25-26-season-as-substitute_314269_102.html#primaryimage"},"image":{"@id":"https:\/\/www.fcbarcelonanoticias.com\/en\/fc-barcelona\/reasons-why-kounde-started-25-26-season-as-substitute_314269_102.html#primaryimage"},"thumbnailUrl":"https:\/\/www.fcbarcelonanoticias.com\/en\/wp-content\/uploads\/sites\/2\/2025\/08\/jules-kounde-entrenamiento-2025-1.webp","datePublished":"2025-08-20T20:47:00+00:00","dateModified":"2026-04-06T18:21:35+00:00","author":{"@id":"https:\/\/www.fcbarcelonanoticias.com\/en\/#\/schema\/person\/f7c2a90edfe1134cfd813911ba5c0178"},"description":"Discover the truth behind Kound\u00e9's substitution in Bar\u00e7a. Conflict with Flick? Tactical decision? We tell you everything about the controversy","breadcrumb":{"@id":"https:\/\/www.fcbarcelonanoticias.com\/en\/fc-barcelona\/reasons-why-kounde-started-25-26-season-as-substitute_314269_102.html#breadcrumb"},"inLanguage":"en-US","potentialAction":[{"@type":"ReadAction","target":["https:\/\/www.fcbarcelonanoticias.com\/en\/fc-barcelona\/reasons-why-kounde-started-25-26-season-as-substitute_314269_102.html"]}]},{"@type":"ImageObject","inLanguage":"en-US","@id":"https:\/\/www.fcbarcelonanoticias.com\/en\/fc-barcelona\/reasons-why-kounde-started-25-26-season-as-substitute_314269_102.html#primaryimage","url":"https:\/\/www.fcbarcelonanoticias.com\/en\/wp-content\/uploads\/sites\/2\/2025\/08\/jules-kounde-entrenamiento-2025-1.webp","contentUrl":"https:\/\/www.fcbarcelonanoticias.com\/en\/wp-content\/uploads\/sites\/2\/2025\/08\/jules-kounde-entrenamiento-2025-1.webp","width":1200,"height":675},{"@type":"BreadcrumbList","@id":"https:\/\/www.fcbarcelonanoticias.com\/en\/fc-barcelona\/reasons-why-kounde-started-25-26-season-as-substitute_314269_102.html#breadcrumb","itemListElement":[{"@type":"ListItem","position":1,"name":"Portada","item":"https:\/\/www.fcbarcelonanoticias.com\/en\/"},{"@type":"ListItem","position":2,"name":"The reasons why Kound\u00e9 started the 25\/26 season as a substitute"}]},{"@type":"WebSite","@id":"https:\/\/www.fcbarcelonanoticias.com\/en\/#website","url":"https:\/\/www.fcbarcelonanoticias.com\/en\/","name":"EN - FC Barcelona Noticias","description":"","potentialAction":[{"@type":"SearchAction","target":{"@type":"EntryPoint","urlTemplate":"https:\/\/www.fcbarcelonanoticias.com\/en\/?s={search_term_string}"},"query-input":{"@type":"PropertyValueSpecification","valueRequired":true,"valueName":"search_term_string"}}],"inLanguage":"en-US"},{"@type":"Person","@id":"https:\/\/www.fcbarcelonanoticias.com\/en\/#\/schema\/person\/f7c2a90edfe1134cfd813911ba5c0178","name":"Reinaldo David","image":{"@type":"ImageObject","inLanguage":"en-US","@id":"https:\/\/secure.gravatar.com\/avatar\/?s=96&d=mm&r=g","url":"https:\/\/secure.gravatar.com\/avatar\/?s=96&d=mm&r=g","contentUrl":"https:\/\/secure.gravatar.com\/avatar\/?s=96&d=mm&r=g","caption":"Reinaldo David"},"description":"Licenciado en Periodismo y redactor en\u00a0FCBN. Encargado de traerte todos los d\u00edas\u00a0la \u00faltima hora del Bar\u00e7a y del mercado de traspasos. Analista de LaLiga, la Champions, la Copa del Rey tambi\u00e9n de las principales ligas y competiciones europeas.","url":"https:\/\/www.fcbarcelonanoticias.com\/en\/reinaldo-david_37_115.html"}]}},"_links":{"self":[{"href":"https:\/\/www.fcbarcelonanoticias.com\/en\/wp-json\/wp\/v2\/posts\/26133","targetHints":{"allow":["GET"]}}],"collection":[{"href":"https:\/\/www.fcbarcelonanoticias.com\/en\/wp-json\/wp\/v2\/posts"}],"about":[{"href":"https:\/\/www.fcbarcelonanoticias.com\/en\/wp-json\/wp\/v2\/types\/post"}],"author":[{"embeddable":true,"href":"https:\/\/www.fcbarcelonanoticias.com\/en\/wp-json\/wp\/v2\/users\/362"}],"replies":[{"embeddable":true,"href":"https:\/\/www.fcbarcelonanoticias.com\/en\/wp-json\/wp\/v2\/comments?post=26133"}],"version-history":[{"count":1,"href":"https:\/\/www.fcbarcelonanoticias.com\/en\/wp-json\/wp\/v2\/posts\/26133\/revisions"}],"predecessor-version":[{"id":26134,"href":"https:\/\/www.fcbarcelonanoticias.com\/en\/wp-json\/wp\/v2\/posts\/26133\/revisions\/26134"}],"wp:featuredmedia":[{"embeddable":true,"href":"https:\/\/www.fcbarcelonanoticias.com\/en\/wp-json\/wp\/v2\/media\/26135"}],"wp:attachment":[{"href":"https:\/\/www.fcbarcelonanoticias.com\/en\/wp-json\/wp\/v2\/media?parent=26133"}],"wp:term":[{"taxonomy":"category","embeddable":true,"href":"https:\/\/www.fcbarcelonanoticias.com\/en\/wp-json\/wp\/v2\/categories?post=26133"},{"taxonomy":"post_tag","embeddable":true,"href":"https:\/\/www.fcbarcelonanoticias.com\/en\/wp-json\/wp\/v2\/tags?post=26133"}],"curies":[{"name":"wp","href":"https:\/\/api.w.org\/{rel}","templated":true}]}}