{"id":26227,"date":"2015-11-21T23:28:00","date_gmt":"2015-11-21T22:28:00","guid":{"rendered":"https:\/\/weisetech.dev\/fc-barcelona-noticias\/en\/rivaldo-sentences-to-benitez-and-index-card-to-zinedine-zidane_37792_102\/"},"modified":"2015-11-21T23:28:00","modified_gmt":"2015-11-21T22:28:00","slug":"rivaldo-sentences-to-benitez-and-index-card-to-zinedine-zidane_37792_102","status":"publish","type":"post","link":"https:\/\/www.fcbarcelonanoticias.com\/en\/fc-barcelona\/rivaldo-sentences-to-benitez-and-index-card-to-zinedine-zidane_37792_102.html","title":{"rendered":"Rivaldo Sentences to Ben\u00edtez and &#8220;index card&#8221; to Zinedine Zidane"},"content":{"rendered":"\r\n<div class=\"article-addons\">\r\n    <a href=\"https:\/\/www.fcbarcelonanoticias.com\/en\/calendar-fc-barcelona.html\"\r\n       target=\"_self\"\r\n       title=\"Calendar of FC Barcelona\"\r\n       class=\"blue-gredient-btn\">\r\n       \r\n        Calendar of FC Barcelona    <\/a>\r\n<\/div>   <div class=\"separator\" style=\"clear: both; text-align: center;\"><a href=\"https:\/\/2.bp.blogspot.com\/en\/-mvccJgOHSB0\/VlD8q_SsPYI\/AAAAAAAAD-Y\/exosMu29dkY\/s1600\/rivaldo-fulmina-benitez-contrata-zidane.jpg\" imageanchor=\"1\" style=\"margin-left: 1em; margin-right: 1em;\"><\/a><\/div> <br><b>The one who went footballer and star of the FC Barcelona Rivaldo Vitor Borba has surprised after congratulating to the Bar\u00e7a by the victory, when it has said that the Real Madrid &#8220;has trainer, Zidane&#8221;. The Brazilian spoke of the humiliation blaugrana giving by stray to Ben\u00edtez<\/b><br><br><span style=\"font-size: large;\"><b><span style=\"color: #990000;\">Ticket<\/span><\/b> &#8211; <b><u><a href=\"http:\/\/www.viagogo.es\/en\/Entradas-Deportes\/Futbol\/Liga-de-Campeones-de-la-UEFA\/UEFA-Champions-League-2015-16-Entradas\/E-1191113?AffiliateID=1558&amp;PCID=AFFESIAFF1558A548FCBFC6-05\" rel=\"nofollow\" target=\"_blank\">Gone in FC Barcelona vs ACE Rome &#8211; Champions J5<\/a><\/u><\/b><\/span><br><span style=\"font-size: large;\"><b><span style=\"color: #990000;\">The Classical<\/span><\/b> &#8211; <b><u><a href=\"http:\/\/www.viagogo.es\/en\/Entradas-Deportes\/Futbol\/La-Liga-Primera-Division\/FC-Barcelona-Entradas\/E-1073691?AffiliateID=1558&amp;PCID=AFFESIAFF1558A548FCBFC6-05\" rel=\"nofollow\" target=\"_blank\">Gone in \/ Ticket FC Barcelona vs Real Madrid<\/a><\/u><\/b><\/span><br><span style=\"font-size: large;\"><b><span style=\"color: #990000;\">Ticket<\/span><\/b> &#8211; <b><u><a href=\"http:\/\/www.viagogo.es\/en\/Entradas-Deportes\/Futbol\/La-Liga-Primera-Division\/FC-Barcelona-Entradas?AffiliateID=1558&amp;PCID=AFFESIAFF1558A548FCBFC6-05\" rel=\"nofollow\" target=\"_blank\">Gone in for all the parties of the FC Barcelona<\/a><\/u><\/b><\/span><br><br>Surely it will not be the only that say it in the weeks to come, but yes has been the first in doing it. The myth of the Brazilian football and of the <b>FC Barcelona Rivaldo<\/b> affirmed in his account of Instragram that the <b>Real Madrid<\/b> has to step and opt by <b>Zinedine Zidane <\/b>like substitute of Rafa Ben\u00edtez to the that already sees in the canvas. All after the review of the FC Barcelona to the merengues in <b>the first Classical of this 2015-2016<\/b>.<br><br>And it is that after congratulating to his exequipo and speak that the party had seemed a training to two touch for the blaugranas, aimed the name of the Frenchman like substitute of Rafa Ben\u00edtez to the that already sees besando the canvas and going out by the rear door of the house madridista.<br><br>&#8220;Congratulations to all <b>the players of Barcelona, went a show of handle of the ball against the Real Madrid, seemed a training to two touch<\/b>. The Real Madrid already <b>has new trainer, Zidane<\/b>, think that is time to to give him the opportunity as it did the Bar\u00e7a with<b> Guardiola and Luis Enrique<\/b>&#8220;.<br><br>It fits to remember that before the meeting and with the situation complicated after the defeat in front of the<b> Seville FC<\/b>, several sportive means aimed the name of the French technician to substitute to Ben\u00edtez in case of disaster. Something that like this has occurred although it expects  that Florentino was stronger and hold to his trainer a pair of days more. Besides <b>Zidane would have transmitted him to P\u00e9rez his intention to do  charge of the team <\/b>to principle of the next season, no with the already begun campaign.<br><br><blockquote class=\"instagram-media\" data-instgrm-captioned=\"\" data-instgrm-version=\"6\" style=\"background: #FFF; border-radius: 3px; border: 0; box-shadow: 0 0 1px 0 rgba(0,0,0,0.5),0 1px 10px 0 rgba(0,0,0,0.15); margin: 1px; max-width: 658px; padding: 0; width: -webkit-calc(100% - 2px); width: 99.375%; width: calc(100% - 2px);\"><div style=\"padding: 8px;\"> <div style=\"background: #F8F8F8; line-height: 0; margin-top: 40px; padding: 50.0% 0; text-align: center; width: 100%;\"><div style=\"background: url(data:image\/png; display: block; height: 44px; margin: 0 auto -44px; position: relative; top: -22px; width: 44px;\"><\/div><\/div> <div style=\"margin: 8px 0 0 0; padding: 0 4px;\"><a href=\"https:\/\/www.instagram.com\/en\/p\/-W83RlDyIJ\/\" style=\"color: black; font-family: Arial,sans-serif; font-size: 14px; font-style: normal; font-weight: normal; line-height: 17px; text-decoration: none; word-wrap: break-word;\" target=\"_blank\">Parab\u00e9ns For all you jogadores do Barcelona, foi show of ball no Real Madrid, parecia um treino of 2 touch, 0 Real Madrid j\u00e1 tem or novo treinador Zidane, eu accredit that j\u00e1 is na hour to give oportunidade to ele like fez or Bar\u00e7a com Guardiola and Luis Henrique.<\/a><\/div> <div style=\"color: #c9c8cd; font-family: Arial,sans-serif; font-size: 14px; line-height: 17px; margin-bottom: 0; margin-top: 8px; overflow: hidden; padding: 8px 0 7px; text-align: center; text-overflow: ellipsis; white-space: nowrap;\">To photo posted by Rivaldo Ferreira (@rivaldooficial) on <time datetime=\"2015-11-21T19:28:35 00:00\" style=\"font-family: Arial,sans-serif; font-size: 14px; line-height: 17px;\">Nov 21, 2015 at 11:28am PST<\/time> <\/div> <\/div><\/blockquote> ","protected":false},"excerpt":{"rendered":"<p>The one who went footballer and star of the FC Barcelona Rivaldo Vitor Borba has surprised after congratulating to the Bar\u00e7a by the victory, when it has said that the Real Madrid &#8220;has trainer, Zidane&#8221;. The Brazilian spoke of the humiliation blaugrana giving by stray to Ben\u00edtez Ticket &#8211; Gone in FC Barcelona vs ACE [&hellip;]<\/p>\n","protected":false},"author":477,"featured_media":26231,"comment_status":"closed","ping_status":"open","sticky":false,"template":"","format":"standard","meta":{"_acf_changed":false,"inline_featured_image":false,"_nextfly_llmd_date_locked":false,"footnotes":""},"categories":[111],"tags":[53,258,306],"class_list":["post-26227","post","type-post","status-publish","format-standard","has-post-thumbnail","hentry","category-fc-barcelona","tag-el-clasico","tag-rafa-benitez","tag-zinedine-zidane"],"acf":[],"yoast_head":"<!-- This site is optimized with the Yoast SEO plugin v27.3 - https:\/\/yoast.com\/product\/yoast-seo-wordpress\/ -->\n<title>Rivaldo Sentences to Ben\u00edtez and &quot;index card&quot; to Zinedine Zidane<\/title>\n<meta name=\"description\" content=\"FCBarcelonaNoticias.com\" \/>\n<meta name=\"robots\" content=\"index, follow, max-snippet:-1, max-image-preview:large, max-video-preview:-1\" \/>\n<link rel=\"canonical\" href=\"https:\/\/www.fcbarcelonanoticias.com\/en\/fc-barcelona\/rivaldo-sentences-to-benitez-and-index-card-to-zinedine-zidane_37792_102.html\" \/>\n<meta property=\"og:locale\" content=\"en_US\" \/>\n<meta property=\"og:type\" content=\"article\" \/>\n<meta property=\"og:title\" content=\"Rivaldo Sentences to Ben\u00edtez and &quot;index card&quot; to Zinedine Zidane\" \/>\n<meta property=\"og:description\" content=\"FCBarcelonaNoticias.com\" \/>\n<meta property=\"og:url\" content=\"https:\/\/www.fcbarcelonanoticias.com\/en\/fc-barcelona\/rivaldo-sentences-to-benitez-and-index-card-to-zinedine-zidane_37792_102.html\" \/>\n<meta property=\"og:site_name\" content=\"EN - FC Barcelona Noticias\" \/>\n<meta property=\"article:published_time\" content=\"2015-11-21T22:28:00+00:00\" \/>\n<meta property=\"og:image\" content=\"https:\/\/www.fcbarcelonanoticias.com\/en\/wp-content\/uploads\/sites\/2\/2015\/11\/rivaldo-fulmina-benitez-contrata-zidane-37804-1.jpeg\" \/>\n\t<meta property=\"og:image:width\" content=\"610\" \/>\n\t<meta property=\"og:image:height\" content=\"343\" \/>\n\t<meta property=\"og:image:type\" content=\"image\/jpeg\" \/>\n<meta name=\"author\" content=\"user_4133\" \/>\n<meta name=\"twitter:card\" content=\"summary_large_image\" \/>\n<meta name=\"twitter:label1\" content=\"Written by\" \/>\n\t<meta name=\"twitter:data1\" content=\"user_4133\" \/>\n\t<meta name=\"twitter:label2\" content=\"Est. reading time\" \/>\n\t<meta name=\"twitter:data2\" content=\"2 minutes\" \/>\n<script type=\"application\/ld+json\" class=\"yoast-schema-graph\">{\"@context\":\"https:\\\/\\\/schema.org\",\"@graph\":[{\"@type\":\"Article\",\"@id\":\"https:\\\/\\\/www.fcbarcelonanoticias.com\\\/en\\\/fc-barcelona\\\/rivaldo-sentences-to-benitez-and-index-card-to-zinedine-zidane_37792_102.html#article\",\"isPartOf\":{\"@id\":\"https:\\\/\\\/www.fcbarcelonanoticias.com\\\/en\\\/fc-barcelona\\\/rivaldo-sentences-to-benitez-and-index-card-to-zinedine-zidane_37792_102.html\"},\"author\":{\"name\":\"user_4133\",\"@id\":\"https:\\\/\\\/www.fcbarcelonanoticias.com\\\/en\\\/#\\\/schema\\\/person\\\/ed5bb7a7aee68f98a042a7ff1a74c6dd\"},\"headline\":\"Rivaldo Sentences to Ben\u00edtez and &#8220;index card&#8221; to Zinedine Zidane\",\"datePublished\":\"2015-11-21T22:28:00+00:00\",\"mainEntityOfPage\":{\"@id\":\"https:\\\/\\\/www.fcbarcelonanoticias.com\\\/en\\\/fc-barcelona\\\/rivaldo-sentences-to-benitez-and-index-card-to-zinedine-zidane_37792_102.html\"},\"wordCount\":445,\"image\":{\"@id\":\"https:\\\/\\\/www.fcbarcelonanoticias.com\\\/en\\\/fc-barcelona\\\/rivaldo-sentences-to-benitez-and-index-card-to-zinedine-zidane_37792_102.html#primaryimage\"},\"thumbnailUrl\":\"https:\\\/\\\/www.fcbarcelonanoticias.com\\\/en\\\/wp-content\\\/uploads\\\/sites\\\/2\\\/2015\\\/11\\\/rivaldo-fulmina-benitez-contrata-zidane-37804-1.jpeg\",\"keywords\":[\"El Cl\u00e1sico\",\"Rafa Ben\u00edtez\",\"Zinedine Zidane\"],\"articleSection\":[\"FC Barcelona\"],\"inLanguage\":\"en-US\"},{\"@type\":\"WebPage\",\"@id\":\"https:\\\/\\\/www.fcbarcelonanoticias.com\\\/en\\\/fc-barcelona\\\/rivaldo-sentences-to-benitez-and-index-card-to-zinedine-zidane_37792_102.html\",\"url\":\"https:\\\/\\\/www.fcbarcelonanoticias.com\\\/en\\\/fc-barcelona\\\/rivaldo-sentences-to-benitez-and-index-card-to-zinedine-zidane_37792_102.html\",\"name\":\"Rivaldo Sentences to Ben\u00edtez and \\\"index card\\\" to Zinedine Zidane\",\"isPartOf\":{\"@id\":\"https:\\\/\\\/www.fcbarcelonanoticias.com\\\/en\\\/#website\"},\"primaryImageOfPage\":{\"@id\":\"https:\\\/\\\/www.fcbarcelonanoticias.com\\\/en\\\/fc-barcelona\\\/rivaldo-sentences-to-benitez-and-index-card-to-zinedine-zidane_37792_102.html#primaryimage\"},\"image\":{\"@id\":\"https:\\\/\\\/www.fcbarcelonanoticias.com\\\/en\\\/fc-barcelona\\\/rivaldo-sentences-to-benitez-and-index-card-to-zinedine-zidane_37792_102.html#primaryimage\"},\"thumbnailUrl\":\"https:\\\/\\\/www.fcbarcelonanoticias.com\\\/en\\\/wp-content\\\/uploads\\\/sites\\\/2\\\/2015\\\/11\\\/rivaldo-fulmina-benitez-contrata-zidane-37804-1.jpeg\",\"datePublished\":\"2015-11-21T22:28:00+00:00\",\"author\":{\"@id\":\"https:\\\/\\\/www.fcbarcelonanoticias.com\\\/en\\\/#\\\/schema\\\/person\\\/ed5bb7a7aee68f98a042a7ff1a74c6dd\"},\"description\":\"FCBarcelonaNoticias.com\",\"breadcrumb\":{\"@id\":\"https:\\\/\\\/www.fcbarcelonanoticias.com\\\/en\\\/fc-barcelona\\\/rivaldo-sentences-to-benitez-and-index-card-to-zinedine-zidane_37792_102.html#breadcrumb\"},\"inLanguage\":\"en-US\",\"potentialAction\":[{\"@type\":\"ReadAction\",\"target\":[\"https:\\\/\\\/www.fcbarcelonanoticias.com\\\/en\\\/fc-barcelona\\\/rivaldo-sentences-to-benitez-and-index-card-to-zinedine-zidane_37792_102.html\"]}]},{\"@type\":\"ImageObject\",\"inLanguage\":\"en-US\",\"@id\":\"https:\\\/\\\/www.fcbarcelonanoticias.com\\\/en\\\/fc-barcelona\\\/rivaldo-sentences-to-benitez-and-index-card-to-zinedine-zidane_37792_102.html#primaryimage\",\"url\":\"https:\\\/\\\/www.fcbarcelonanoticias.com\\\/en\\\/wp-content\\\/uploads\\\/sites\\\/2\\\/2015\\\/11\\\/rivaldo-fulmina-benitez-contrata-zidane-37804-1.jpeg\",\"contentUrl\":\"https:\\\/\\\/www.fcbarcelonanoticias.com\\\/en\\\/wp-content\\\/uploads\\\/sites\\\/2\\\/2015\\\/11\\\/rivaldo-fulmina-benitez-contrata-zidane-37804-1.jpeg\",\"width\":610,\"height\":343},{\"@type\":\"BreadcrumbList\",\"@id\":\"https:\\\/\\\/www.fcbarcelonanoticias.com\\\/en\\\/fc-barcelona\\\/rivaldo-sentences-to-benitez-and-index-card-to-zinedine-zidane_37792_102.html#breadcrumb\",\"itemListElement\":[{\"@type\":\"ListItem\",\"position\":1,\"name\":\"Portada\",\"item\":\"https:\\\/\\\/www.fcbarcelonanoticias.com\\\/en\\\/\"},{\"@type\":\"ListItem\",\"position\":2,\"name\":\"Rivaldo Sentences to Ben\u00edtez and &#8220;index card&#8221; to Zinedine Zidane\"}]},{\"@type\":\"WebSite\",\"@id\":\"https:\\\/\\\/www.fcbarcelonanoticias.com\\\/en\\\/#website\",\"url\":\"https:\\\/\\\/www.fcbarcelonanoticias.com\\\/en\\\/\",\"name\":\"EN - FC Barcelona Noticias\",\"description\":\"\",\"potentialAction\":[{\"@type\":\"SearchAction\",\"target\":{\"@type\":\"EntryPoint\",\"urlTemplate\":\"https:\\\/\\\/www.fcbarcelonanoticias.com\\\/en\\\/?s={search_term_string}\"},\"query-input\":{\"@type\":\"PropertyValueSpecification\",\"valueRequired\":true,\"valueName\":\"search_term_string\"}}],\"inLanguage\":\"en-US\"},{\"@type\":\"Person\",\"@id\":\"https:\\\/\\\/www.fcbarcelonanoticias.com\\\/en\\\/#\\\/schema\\\/person\\\/ed5bb7a7aee68f98a042a7ff1a74c6dd\",\"name\":\"user_4133\",\"image\":{\"@type\":\"ImageObject\",\"inLanguage\":\"en-US\",\"@id\":\"https:\\\/\\\/secure.gravatar.com\\\/avatar\\\/?s=96&d=mm&r=g\",\"url\":\"https:\\\/\\\/secure.gravatar.com\\\/avatar\\\/?s=96&d=mm&r=g\",\"contentUrl\":\"https:\\\/\\\/secure.gravatar.com\\\/avatar\\\/?s=96&d=mm&r=g\",\"caption\":\"user_4133\"},\"url\":\"https:\\\/\\\/www.fcbarcelonanoticias.com\\\/en\\\/user_4133.html\"}]}<\/script>\n<!-- \/ Yoast SEO plugin. -->","yoast_head_json":{"title":"Rivaldo Sentences to Ben\u00edtez and \"index card\" to Zinedine Zidane","description":"FCBarcelonaNoticias.com","robots":{"index":"index","follow":"follow","max-snippet":"max-snippet:-1","max-image-preview":"max-image-preview:large","max-video-preview":"max-video-preview:-1"},"canonical":"https:\/\/www.fcbarcelonanoticias.com\/en\/fc-barcelona\/rivaldo-sentences-to-benitez-and-index-card-to-zinedine-zidane_37792_102.html","og_locale":"en_US","og_type":"article","og_title":"Rivaldo Sentences to Ben\u00edtez and \"index card\" to Zinedine Zidane","og_description":"FCBarcelonaNoticias.com","og_url":"https:\/\/www.fcbarcelonanoticias.com\/en\/fc-barcelona\/rivaldo-sentences-to-benitez-and-index-card-to-zinedine-zidane_37792_102.html","og_site_name":"EN - FC Barcelona Noticias","article_published_time":"2015-11-21T22:28:00+00:00","og_image":[{"width":610,"height":343,"url":"https:\/\/www.fcbarcelonanoticias.com\/en\/wp-content\/uploads\/sites\/2\/2015\/11\/rivaldo-fulmina-benitez-contrata-zidane-37804-1.jpeg","type":"image\/jpeg"}],"author":"user_4133","twitter_card":"summary_large_image","twitter_misc":{"Written by":"user_4133","Est. reading time":"2 minutes"},"schema":{"@context":"https:\/\/schema.org","@graph":[{"@type":"Article","@id":"https:\/\/www.fcbarcelonanoticias.com\/en\/fc-barcelona\/rivaldo-sentences-to-benitez-and-index-card-to-zinedine-zidane_37792_102.html#article","isPartOf":{"@id":"https:\/\/www.fcbarcelonanoticias.com\/en\/fc-barcelona\/rivaldo-sentences-to-benitez-and-index-card-to-zinedine-zidane_37792_102.html"},"author":{"name":"user_4133","@id":"https:\/\/www.fcbarcelonanoticias.com\/en\/#\/schema\/person\/ed5bb7a7aee68f98a042a7ff1a74c6dd"},"headline":"Rivaldo Sentences to Ben\u00edtez and &#8220;index card&#8221; to Zinedine Zidane","datePublished":"2015-11-21T22:28:00+00:00","mainEntityOfPage":{"@id":"https:\/\/www.fcbarcelonanoticias.com\/en\/fc-barcelona\/rivaldo-sentences-to-benitez-and-index-card-to-zinedine-zidane_37792_102.html"},"wordCount":445,"image":{"@id":"https:\/\/www.fcbarcelonanoticias.com\/en\/fc-barcelona\/rivaldo-sentences-to-benitez-and-index-card-to-zinedine-zidane_37792_102.html#primaryimage"},"thumbnailUrl":"https:\/\/www.fcbarcelonanoticias.com\/en\/wp-content\/uploads\/sites\/2\/2015\/11\/rivaldo-fulmina-benitez-contrata-zidane-37804-1.jpeg","keywords":["El Cl\u00e1sico","Rafa Ben\u00edtez","Zinedine Zidane"],"articleSection":["FC Barcelona"],"inLanguage":"en-US"},{"@type":"WebPage","@id":"https:\/\/www.fcbarcelonanoticias.com\/en\/fc-barcelona\/rivaldo-sentences-to-benitez-and-index-card-to-zinedine-zidane_37792_102.html","url":"https:\/\/www.fcbarcelonanoticias.com\/en\/fc-barcelona\/rivaldo-sentences-to-benitez-and-index-card-to-zinedine-zidane_37792_102.html","name":"Rivaldo Sentences to Ben\u00edtez and \"index card\" to Zinedine Zidane","isPartOf":{"@id":"https:\/\/www.fcbarcelonanoticias.com\/en\/#website"},"primaryImageOfPage":{"@id":"https:\/\/www.fcbarcelonanoticias.com\/en\/fc-barcelona\/rivaldo-sentences-to-benitez-and-index-card-to-zinedine-zidane_37792_102.html#primaryimage"},"image":{"@id":"https:\/\/www.fcbarcelonanoticias.com\/en\/fc-barcelona\/rivaldo-sentences-to-benitez-and-index-card-to-zinedine-zidane_37792_102.html#primaryimage"},"thumbnailUrl":"https:\/\/www.fcbarcelonanoticias.com\/en\/wp-content\/uploads\/sites\/2\/2015\/11\/rivaldo-fulmina-benitez-contrata-zidane-37804-1.jpeg","datePublished":"2015-11-21T22:28:00+00:00","author":{"@id":"https:\/\/www.fcbarcelonanoticias.com\/en\/#\/schema\/person\/ed5bb7a7aee68f98a042a7ff1a74c6dd"},"description":"FCBarcelonaNoticias.com","breadcrumb":{"@id":"https:\/\/www.fcbarcelonanoticias.com\/en\/fc-barcelona\/rivaldo-sentences-to-benitez-and-index-card-to-zinedine-zidane_37792_102.html#breadcrumb"},"inLanguage":"en-US","potentialAction":[{"@type":"ReadAction","target":["https:\/\/www.fcbarcelonanoticias.com\/en\/fc-barcelona\/rivaldo-sentences-to-benitez-and-index-card-to-zinedine-zidane_37792_102.html"]}]},{"@type":"ImageObject","inLanguage":"en-US","@id":"https:\/\/www.fcbarcelonanoticias.com\/en\/fc-barcelona\/rivaldo-sentences-to-benitez-and-index-card-to-zinedine-zidane_37792_102.html#primaryimage","url":"https:\/\/www.fcbarcelonanoticias.com\/en\/wp-content\/uploads\/sites\/2\/2015\/11\/rivaldo-fulmina-benitez-contrata-zidane-37804-1.jpeg","contentUrl":"https:\/\/www.fcbarcelonanoticias.com\/en\/wp-content\/uploads\/sites\/2\/2015\/11\/rivaldo-fulmina-benitez-contrata-zidane-37804-1.jpeg","width":610,"height":343},{"@type":"BreadcrumbList","@id":"https:\/\/www.fcbarcelonanoticias.com\/en\/fc-barcelona\/rivaldo-sentences-to-benitez-and-index-card-to-zinedine-zidane_37792_102.html#breadcrumb","itemListElement":[{"@type":"ListItem","position":1,"name":"Portada","item":"https:\/\/www.fcbarcelonanoticias.com\/en\/"},{"@type":"ListItem","position":2,"name":"Rivaldo Sentences to Ben\u00edtez and &#8220;index card&#8221; to Zinedine Zidane"}]},{"@type":"WebSite","@id":"https:\/\/www.fcbarcelonanoticias.com\/en\/#website","url":"https:\/\/www.fcbarcelonanoticias.com\/en\/","name":"EN - FC Barcelona Noticias","description":"","potentialAction":[{"@type":"SearchAction","target":{"@type":"EntryPoint","urlTemplate":"https:\/\/www.fcbarcelonanoticias.com\/en\/?s={search_term_string}"},"query-input":{"@type":"PropertyValueSpecification","valueRequired":true,"valueName":"search_term_string"}}],"inLanguage":"en-US"},{"@type":"Person","@id":"https:\/\/www.fcbarcelonanoticias.com\/en\/#\/schema\/person\/ed5bb7a7aee68f98a042a7ff1a74c6dd","name":"user_4133","image":{"@type":"ImageObject","inLanguage":"en-US","@id":"https:\/\/secure.gravatar.com\/avatar\/?s=96&d=mm&r=g","url":"https:\/\/secure.gravatar.com\/avatar\/?s=96&d=mm&r=g","contentUrl":"https:\/\/secure.gravatar.com\/avatar\/?s=96&d=mm&r=g","caption":"user_4133"},"url":"https:\/\/www.fcbarcelonanoticias.com\/en\/user_4133.html"}]}},"_links":{"self":[{"href":"https:\/\/www.fcbarcelonanoticias.com\/en\/wp-json\/wp\/v2\/posts\/26227","targetHints":{"allow":["GET"]}}],"collection":[{"href":"https:\/\/www.fcbarcelonanoticias.com\/en\/wp-json\/wp\/v2\/posts"}],"about":[{"href":"https:\/\/www.fcbarcelonanoticias.com\/en\/wp-json\/wp\/v2\/types\/post"}],"author":[{"embeddable":true,"href":"https:\/\/www.fcbarcelonanoticias.com\/en\/wp-json\/wp\/v2\/users\/477"}],"replies":[{"embeddable":true,"href":"https:\/\/www.fcbarcelonanoticias.com\/en\/wp-json\/wp\/v2\/comments?post=26227"}],"version-history":[{"count":1,"href":"https:\/\/www.fcbarcelonanoticias.com\/en\/wp-json\/wp\/v2\/posts\/26227\/revisions"}],"predecessor-version":[{"id":26229,"href":"https:\/\/www.fcbarcelonanoticias.com\/en\/wp-json\/wp\/v2\/posts\/26227\/revisions\/26229"}],"wp:featuredmedia":[{"embeddable":true,"href":"https:\/\/www.fcbarcelonanoticias.com\/en\/wp-json\/wp\/v2\/media\/26231"}],"wp:attachment":[{"href":"https:\/\/www.fcbarcelonanoticias.com\/en\/wp-json\/wp\/v2\/media?parent=26227"}],"wp:term":[{"taxonomy":"category","embeddable":true,"href":"https:\/\/www.fcbarcelonanoticias.com\/en\/wp-json\/wp\/v2\/categories?post=26227"},{"taxonomy":"post_tag","embeddable":true,"href":"https:\/\/www.fcbarcelonanoticias.com\/en\/wp-json\/wp\/v2\/tags?post=26227"}],"curies":[{"name":"wp","href":"https:\/\/api.w.org\/{rel}","templated":true}]}}