{"id":26376,"date":"2017-03-20T22:38:00","date_gmt":"2017-03-20T21:38:00","guid":{"rendered":"https:\/\/weisetech.dev\/fc-barcelona-noticias\/en\/robert-conclusive-to-the-technician-of-the-barca-will-choose-it-i_198183_102\/"},"modified":"2026-04-16T09:12:27","modified_gmt":"2026-04-16T07:12:27","slug":"robert-conclusive-to-the-technician-of-the-barca-will-choose-it-i_198183_102","status":"publish","type":"post","link":"https:\/\/www.fcbarcelonanoticias.com\/en\/fc-barcelona\/robert-conclusive-to-the-technician-of-the-barca-will-choose-it-i_198183_102.html","title":{"rendered":"Robert, conclusive: &#8220;To the technician of the Bar\u00e7a will choose it I&#8221;"},"content":{"rendered":"<h2 class=\"wp-block-heading\">The technical secretary of the FC Barcelona, Robert Fern\u00e1ndez, has conceded an interview in which it has spoken on the future trainer of the Bar\u00e7a, delivering praises so much for Ernesto Valverde as for Juan Carlos Unzu\u00e9, possible candidates<\/h2>  \r\n<div class=\"article-addons\">\r\n    <a href=\"https:\/\/www.fcbarcelonanoticias.com\/en\/calendar-fc-barcelona.html\"\r\n       target=\"_self\"\r\n       title=\"Calendar of FC Barcelona\"\r\n       class=\"blue-gredient-btn\">\r\n       \r\n        Calendar of FC Barcelona    <\/a>\r\n<\/div>   <p>The technical secretary of the FC Barcelona, <strong>Robert Fern\u00e1ndez<\/strong>, has conceded an interview to the radio program &#8220;Qu\u00e8 t&#8217;hi jugues?&#8221; Of the Chain BE in which it has spoken of <strong>crowd of questions related with the FC Barcelona<\/strong>, between them the future of the Barcelona bench.&nbsp;<\/p> <p><strong>&#8220;The name of the trainer go it to decide I, that is the reality<\/strong>. It is clear that will seat me with the president and some directors and will speak of which is the best option for the team, but the decision will take it I&#8221;, has commented the Barcelona technical secretary.<\/p> <h2>Unzu\u00e9 And Valverde, elogiados by Robert Fern\u00e1ndez<\/h2> <p>Robert Fern\u00e1ndez has elogiado to Juan Carlos Unzu\u00e9, the one who in the actuality is the second trainer cul\u00e9.&nbsp;<strong>&#8220;Juan Carlos is a person that knows very well the club, the <a href=\"https:\/\/www.fcbarcelonanoticias.com\/jugadores-fcbarcelona.html\">players<\/a> and the system<\/strong>. It is a ready person and has showed it during a lot of years.&nbsp;It would not dare me to say that the success of this season condition to Juan Carlos; so much he like the team owe to be calm because they are doing a glorious work&#8221;.<\/p> <p>On Ernesto Valverde, has explained the following:&nbsp;<strong>&#8220;I Coincided two years with him, and the truth is that it has done a big work<\/strong> so much in the Athletic as in the rest of groups that has directed. It is a serious person, with knowledges and a big trainer in definite&#8221;.<\/p> <p>Precisely they two are the maximum candidates to turn into  future trainer of the FC Barcelona, although the name that will occupy the charge will not know  until it finish the present season. <a href=\"https:\/\/www.fcbarcelonanoticias.com\/calendario-fcbarcelona.html\"><strong>The Bar\u00e7a of Luis Enrique has still a lot of things at stake<\/strong><\/a>.<\/p> ","protected":false},"excerpt":{"rendered":"<p>The technical secretary of the FC Barcelona, Robert Fern\u00e1ndez, has conceded an interview in which it has spoken on the future trainer of the Bar\u00e7a, delivering praises so much for Ernesto Valverde as for Juan Carlos Unzu\u00e9, possible candidates The technical secretary of the FC Barcelona, Robert Fern\u00e1ndez, has conceded an interview to the radio [&hellip;]<\/p>\n","protected":false},"author":366,"featured_media":26377,"comment_status":"closed","ping_status":"open","sticky":false,"template":"","format":"standard","meta":{"_acf_changed":false,"inline_featured_image":false,"_nextfly_llmd_date_locked":false,"footnotes":""},"categories":[111],"tags":[148,337],"class_list":["post-26376","post","type-post","status-publish","format-standard","has-post-thumbnail","hentry","category-fc-barcelona","tag-luis-enrique","tag-robert-fernandez"],"acf":[],"yoast_head":"<!-- This site is optimized with the Yoast SEO plugin v27.3 - https:\/\/yoast.com\/product\/yoast-seo-wordpress\/ -->\n<title>Robert, conclusive: &quot;To the trainer of the Bar\u00e7a will choose it I&quot;<\/title>\n<meta name=\"description\" content=\"The technical secretary of the FC Barcelona, Robert Fern\u00e1ndez, has conceded an interview in which it has spoken on the future trainer of the Bar\u00e7a...\" \/>\n<meta name=\"robots\" content=\"index, follow, max-snippet:-1, max-image-preview:large, max-video-preview:-1\" \/>\n<link rel=\"canonical\" href=\"https:\/\/www.fcbarcelonanoticias.com\/en\/fc-barcelona\/robert-conclusive-to-the-technician-of-the-barca-will-choose-it-i_198183_102.html\" \/>\n<meta property=\"og:locale\" content=\"en_US\" \/>\n<meta property=\"og:type\" content=\"article\" \/>\n<meta property=\"og:title\" content=\"Robert, conclusive: &quot;To the trainer of the Bar\u00e7a will choose it I&quot;\" \/>\n<meta property=\"og:description\" content=\"The technical secretary of the FC Barcelona, Robert Fern\u00e1ndez, has conceded an interview in which it has spoken on the future trainer of the Bar\u00e7a...\" \/>\n<meta property=\"og:url\" content=\"https:\/\/www.fcbarcelonanoticias.com\/en\/fc-barcelona\/robert-conclusive-to-the-technician-of-the-barca-will-choose-it-i_198183_102.html\" \/>\n<meta property=\"og:site_name\" content=\"EN - FC Barcelona Noticias\" \/>\n<meta property=\"article:published_time\" content=\"2017-03-20T21:38:00+00:00\" \/>\n<meta property=\"article:modified_time\" content=\"2026-04-16T07:12:27+00:00\" \/>\n<meta property=\"og:image\" content=\"https:\/\/www.fcbarcelonanoticias.com\/en\/wp-content\/uploads\/sites\/2\/2017\/03\/robert-fernandez-213450.jpeg\" \/>\n\t<meta property=\"og:image:width\" content=\"761\" \/>\n\t<meta property=\"og:image:height\" content=\"428\" \/>\n\t<meta property=\"og:image:type\" content=\"image\/jpeg\" \/>\n<meta name=\"author\" content=\"Carlos Dom\u00ednguez\" \/>\n<meta name=\"twitter:card\" content=\"summary_large_image\" \/>\n<meta name=\"twitter:label1\" content=\"Written by\" \/>\n\t<meta name=\"twitter:data1\" content=\"Carlos Dom\u00ednguez\" \/>\n\t<meta name=\"twitter:label2\" content=\"Est. reading time\" \/>\n\t<meta name=\"twitter:data2\" content=\"2 minutes\" \/>\n<script type=\"application\/ld+json\" class=\"yoast-schema-graph\">{\"@context\":\"https:\\\/\\\/schema.org\",\"@graph\":[{\"@type\":\"Article\",\"@id\":\"https:\\\/\\\/www.fcbarcelonanoticias.com\\\/en\\\/fc-barcelona\\\/robert-conclusive-to-the-technician-of-the-barca-will-choose-it-i_198183_102.html#article\",\"isPartOf\":{\"@id\":\"https:\\\/\\\/www.fcbarcelonanoticias.com\\\/en\\\/fc-barcelona\\\/robert-conclusive-to-the-technician-of-the-barca-will-choose-it-i_198183_102.html\"},\"author\":{\"name\":\"Carlos Dom\u00ednguez\",\"@id\":\"https:\\\/\\\/www.fcbarcelonanoticias.com\\\/en\\\/#\\\/schema\\\/person\\\/888e29b17b79c70d1c617d8a7bc9b8c6\"},\"headline\":\"Robert, conclusive: &#8220;To the technician of the Bar\u00e7a will choose it I&#8221;\",\"datePublished\":\"2017-03-20T21:38:00+00:00\",\"dateModified\":\"2026-04-16T07:12:27+00:00\",\"mainEntityOfPage\":{\"@id\":\"https:\\\/\\\/www.fcbarcelonanoticias.com\\\/en\\\/fc-barcelona\\\/robert-conclusive-to-the-technician-of-the-barca-will-choose-it-i_198183_102.html\"},\"wordCount\":348,\"image\":{\"@id\":\"https:\\\/\\\/www.fcbarcelonanoticias.com\\\/en\\\/fc-barcelona\\\/robert-conclusive-to-the-technician-of-the-barca-will-choose-it-i_198183_102.html#primaryimage\"},\"thumbnailUrl\":\"https:\\\/\\\/www.fcbarcelonanoticias.com\\\/en\\\/wp-content\\\/uploads\\\/sites\\\/2\\\/2017\\\/03\\\/robert-fernandez-213450.jpeg\",\"keywords\":[\"Luis Enrique\",\"Robert Fern\u00e1ndez\"],\"articleSection\":[\"FC Barcelona\"],\"inLanguage\":\"en-US\"},{\"@type\":\"WebPage\",\"@id\":\"https:\\\/\\\/www.fcbarcelonanoticias.com\\\/en\\\/fc-barcelona\\\/robert-conclusive-to-the-technician-of-the-barca-will-choose-it-i_198183_102.html\",\"url\":\"https:\\\/\\\/www.fcbarcelonanoticias.com\\\/en\\\/fc-barcelona\\\/robert-conclusive-to-the-technician-of-the-barca-will-choose-it-i_198183_102.html\",\"name\":\"Robert, conclusive: \\\"To the trainer of the Bar\u00e7a will choose it I\\\"\",\"isPartOf\":{\"@id\":\"https:\\\/\\\/www.fcbarcelonanoticias.com\\\/en\\\/#website\"},\"primaryImageOfPage\":{\"@id\":\"https:\\\/\\\/www.fcbarcelonanoticias.com\\\/en\\\/fc-barcelona\\\/robert-conclusive-to-the-technician-of-the-barca-will-choose-it-i_198183_102.html#primaryimage\"},\"image\":{\"@id\":\"https:\\\/\\\/www.fcbarcelonanoticias.com\\\/en\\\/fc-barcelona\\\/robert-conclusive-to-the-technician-of-the-barca-will-choose-it-i_198183_102.html#primaryimage\"},\"thumbnailUrl\":\"https:\\\/\\\/www.fcbarcelonanoticias.com\\\/en\\\/wp-content\\\/uploads\\\/sites\\\/2\\\/2017\\\/03\\\/robert-fernandez-213450.jpeg\",\"datePublished\":\"2017-03-20T21:38:00+00:00\",\"dateModified\":\"2026-04-16T07:12:27+00:00\",\"author\":{\"@id\":\"https:\\\/\\\/www.fcbarcelonanoticias.com\\\/en\\\/#\\\/schema\\\/person\\\/888e29b17b79c70d1c617d8a7bc9b8c6\"},\"description\":\"The technical secretary of the FC Barcelona, Robert Fern\u00e1ndez, has conceded an interview in which it has spoken on the future trainer of the Bar\u00e7a...\",\"breadcrumb\":{\"@id\":\"https:\\\/\\\/www.fcbarcelonanoticias.com\\\/en\\\/fc-barcelona\\\/robert-conclusive-to-the-technician-of-the-barca-will-choose-it-i_198183_102.html#breadcrumb\"},\"inLanguage\":\"en-US\",\"potentialAction\":[{\"@type\":\"ReadAction\",\"target\":[\"https:\\\/\\\/www.fcbarcelonanoticias.com\\\/en\\\/fc-barcelona\\\/robert-conclusive-to-the-technician-of-the-barca-will-choose-it-i_198183_102.html\"]}]},{\"@type\":\"ImageObject\",\"inLanguage\":\"en-US\",\"@id\":\"https:\\\/\\\/www.fcbarcelonanoticias.com\\\/en\\\/fc-barcelona\\\/robert-conclusive-to-the-technician-of-the-barca-will-choose-it-i_198183_102.html#primaryimage\",\"url\":\"https:\\\/\\\/www.fcbarcelonanoticias.com\\\/en\\\/wp-content\\\/uploads\\\/sites\\\/2\\\/2017\\\/03\\\/robert-fernandez-213450.jpeg\",\"contentUrl\":\"https:\\\/\\\/www.fcbarcelonanoticias.com\\\/en\\\/wp-content\\\/uploads\\\/sites\\\/2\\\/2017\\\/03\\\/robert-fernandez-213450.jpeg\",\"width\":761,\"height\":428},{\"@type\":\"BreadcrumbList\",\"@id\":\"https:\\\/\\\/www.fcbarcelonanoticias.com\\\/en\\\/fc-barcelona\\\/robert-conclusive-to-the-technician-of-the-barca-will-choose-it-i_198183_102.html#breadcrumb\",\"itemListElement\":[{\"@type\":\"ListItem\",\"position\":1,\"name\":\"Portada\",\"item\":\"https:\\\/\\\/www.fcbarcelonanoticias.com\\\/en\\\/\"},{\"@type\":\"ListItem\",\"position\":2,\"name\":\"Robert, conclusive: &#8220;To the technician of the Bar\u00e7a will choose it I&#8221;\"}]},{\"@type\":\"WebSite\",\"@id\":\"https:\\\/\\\/www.fcbarcelonanoticias.com\\\/en\\\/#website\",\"url\":\"https:\\\/\\\/www.fcbarcelonanoticias.com\\\/en\\\/\",\"name\":\"EN - FC Barcelona Noticias\",\"description\":\"\",\"potentialAction\":[{\"@type\":\"SearchAction\",\"target\":{\"@type\":\"EntryPoint\",\"urlTemplate\":\"https:\\\/\\\/www.fcbarcelonanoticias.com\\\/en\\\/?s={search_term_string}\"},\"query-input\":{\"@type\":\"PropertyValueSpecification\",\"valueRequired\":true,\"valueName\":\"search_term_string\"}}],\"inLanguage\":\"en-US\"},{\"@type\":\"Person\",\"@id\":\"https:\\\/\\\/www.fcbarcelonanoticias.com\\\/en\\\/#\\\/schema\\\/person\\\/888e29b17b79c70d1c617d8a7bc9b8c6\",\"name\":\"Carlos Dom\u00ednguez\",\"image\":{\"@type\":\"ImageObject\",\"inLanguage\":\"en-US\",\"@id\":\"https:\\\/\\\/secure.gravatar.com\\\/avatar\\\/?s=96&d=mm&r=g\",\"url\":\"https:\\\/\\\/secure.gravatar.com\\\/avatar\\\/?s=96&d=mm&r=g\",\"contentUrl\":\"https:\\\/\\\/secure.gravatar.com\\\/avatar\\\/?s=96&d=mm&r=g\",\"caption\":\"Carlos Dom\u00ednguez\"},\"url\":\"https:\\\/\\\/www.fcbarcelonanoticias.com\\\/en\\\/carlos-dominguez_2_115.html\"}]}<\/script>\n<!-- \/ Yoast SEO plugin. -->","yoast_head_json":{"title":"Robert, conclusive: \"To the trainer of the Bar\u00e7a will choose it I\"","description":"The technical secretary of the FC Barcelona, Robert Fern\u00e1ndez, has conceded an interview in which it has spoken on the future trainer of the Bar\u00e7a...","robots":{"index":"index","follow":"follow","max-snippet":"max-snippet:-1","max-image-preview":"max-image-preview:large","max-video-preview":"max-video-preview:-1"},"canonical":"https:\/\/www.fcbarcelonanoticias.com\/en\/fc-barcelona\/robert-conclusive-to-the-technician-of-the-barca-will-choose-it-i_198183_102.html","og_locale":"en_US","og_type":"article","og_title":"Robert, conclusive: \"To the trainer of the Bar\u00e7a will choose it I\"","og_description":"The technical secretary of the FC Barcelona, Robert Fern\u00e1ndez, has conceded an interview in which it has spoken on the future trainer of the Bar\u00e7a...","og_url":"https:\/\/www.fcbarcelonanoticias.com\/en\/fc-barcelona\/robert-conclusive-to-the-technician-of-the-barca-will-choose-it-i_198183_102.html","og_site_name":"EN - FC Barcelona Noticias","article_published_time":"2017-03-20T21:38:00+00:00","article_modified_time":"2026-04-16T07:12:27+00:00","og_image":[{"width":761,"height":428,"url":"https:\/\/www.fcbarcelonanoticias.com\/en\/wp-content\/uploads\/sites\/2\/2017\/03\/robert-fernandez-213450.jpeg","type":"image\/jpeg"}],"author":"Carlos Dom\u00ednguez","twitter_card":"summary_large_image","twitter_misc":{"Written by":"Carlos Dom\u00ednguez","Est. reading time":"2 minutes"},"schema":{"@context":"https:\/\/schema.org","@graph":[{"@type":"Article","@id":"https:\/\/www.fcbarcelonanoticias.com\/en\/fc-barcelona\/robert-conclusive-to-the-technician-of-the-barca-will-choose-it-i_198183_102.html#article","isPartOf":{"@id":"https:\/\/www.fcbarcelonanoticias.com\/en\/fc-barcelona\/robert-conclusive-to-the-technician-of-the-barca-will-choose-it-i_198183_102.html"},"author":{"name":"Carlos Dom\u00ednguez","@id":"https:\/\/www.fcbarcelonanoticias.com\/en\/#\/schema\/person\/888e29b17b79c70d1c617d8a7bc9b8c6"},"headline":"Robert, conclusive: &#8220;To the technician of the Bar\u00e7a will choose it I&#8221;","datePublished":"2017-03-20T21:38:00+00:00","dateModified":"2026-04-16T07:12:27+00:00","mainEntityOfPage":{"@id":"https:\/\/www.fcbarcelonanoticias.com\/en\/fc-barcelona\/robert-conclusive-to-the-technician-of-the-barca-will-choose-it-i_198183_102.html"},"wordCount":348,"image":{"@id":"https:\/\/www.fcbarcelonanoticias.com\/en\/fc-barcelona\/robert-conclusive-to-the-technician-of-the-barca-will-choose-it-i_198183_102.html#primaryimage"},"thumbnailUrl":"https:\/\/www.fcbarcelonanoticias.com\/en\/wp-content\/uploads\/sites\/2\/2017\/03\/robert-fernandez-213450.jpeg","keywords":["Luis Enrique","Robert Fern\u00e1ndez"],"articleSection":["FC Barcelona"],"inLanguage":"en-US"},{"@type":"WebPage","@id":"https:\/\/www.fcbarcelonanoticias.com\/en\/fc-barcelona\/robert-conclusive-to-the-technician-of-the-barca-will-choose-it-i_198183_102.html","url":"https:\/\/www.fcbarcelonanoticias.com\/en\/fc-barcelona\/robert-conclusive-to-the-technician-of-the-barca-will-choose-it-i_198183_102.html","name":"Robert, conclusive: \"To the trainer of the Bar\u00e7a will choose it I\"","isPartOf":{"@id":"https:\/\/www.fcbarcelonanoticias.com\/en\/#website"},"primaryImageOfPage":{"@id":"https:\/\/www.fcbarcelonanoticias.com\/en\/fc-barcelona\/robert-conclusive-to-the-technician-of-the-barca-will-choose-it-i_198183_102.html#primaryimage"},"image":{"@id":"https:\/\/www.fcbarcelonanoticias.com\/en\/fc-barcelona\/robert-conclusive-to-the-technician-of-the-barca-will-choose-it-i_198183_102.html#primaryimage"},"thumbnailUrl":"https:\/\/www.fcbarcelonanoticias.com\/en\/wp-content\/uploads\/sites\/2\/2017\/03\/robert-fernandez-213450.jpeg","datePublished":"2017-03-20T21:38:00+00:00","dateModified":"2026-04-16T07:12:27+00:00","author":{"@id":"https:\/\/www.fcbarcelonanoticias.com\/en\/#\/schema\/person\/888e29b17b79c70d1c617d8a7bc9b8c6"},"description":"The technical secretary of the FC Barcelona, Robert Fern\u00e1ndez, has conceded an interview in which it has spoken on the future trainer of the Bar\u00e7a...","breadcrumb":{"@id":"https:\/\/www.fcbarcelonanoticias.com\/en\/fc-barcelona\/robert-conclusive-to-the-technician-of-the-barca-will-choose-it-i_198183_102.html#breadcrumb"},"inLanguage":"en-US","potentialAction":[{"@type":"ReadAction","target":["https:\/\/www.fcbarcelonanoticias.com\/en\/fc-barcelona\/robert-conclusive-to-the-technician-of-the-barca-will-choose-it-i_198183_102.html"]}]},{"@type":"ImageObject","inLanguage":"en-US","@id":"https:\/\/www.fcbarcelonanoticias.com\/en\/fc-barcelona\/robert-conclusive-to-the-technician-of-the-barca-will-choose-it-i_198183_102.html#primaryimage","url":"https:\/\/www.fcbarcelonanoticias.com\/en\/wp-content\/uploads\/sites\/2\/2017\/03\/robert-fernandez-213450.jpeg","contentUrl":"https:\/\/www.fcbarcelonanoticias.com\/en\/wp-content\/uploads\/sites\/2\/2017\/03\/robert-fernandez-213450.jpeg","width":761,"height":428},{"@type":"BreadcrumbList","@id":"https:\/\/www.fcbarcelonanoticias.com\/en\/fc-barcelona\/robert-conclusive-to-the-technician-of-the-barca-will-choose-it-i_198183_102.html#breadcrumb","itemListElement":[{"@type":"ListItem","position":1,"name":"Portada","item":"https:\/\/www.fcbarcelonanoticias.com\/en\/"},{"@type":"ListItem","position":2,"name":"Robert, conclusive: &#8220;To the technician of the Bar\u00e7a will choose it I&#8221;"}]},{"@type":"WebSite","@id":"https:\/\/www.fcbarcelonanoticias.com\/en\/#website","url":"https:\/\/www.fcbarcelonanoticias.com\/en\/","name":"EN - FC Barcelona Noticias","description":"","potentialAction":[{"@type":"SearchAction","target":{"@type":"EntryPoint","urlTemplate":"https:\/\/www.fcbarcelonanoticias.com\/en\/?s={search_term_string}"},"query-input":{"@type":"PropertyValueSpecification","valueRequired":true,"valueName":"search_term_string"}}],"inLanguage":"en-US"},{"@type":"Person","@id":"https:\/\/www.fcbarcelonanoticias.com\/en\/#\/schema\/person\/888e29b17b79c70d1c617d8a7bc9b8c6","name":"Carlos Dom\u00ednguez","image":{"@type":"ImageObject","inLanguage":"en-US","@id":"https:\/\/secure.gravatar.com\/avatar\/?s=96&d=mm&r=g","url":"https:\/\/secure.gravatar.com\/avatar\/?s=96&d=mm&r=g","contentUrl":"https:\/\/secure.gravatar.com\/avatar\/?s=96&d=mm&r=g","caption":"Carlos Dom\u00ednguez"},"url":"https:\/\/www.fcbarcelonanoticias.com\/en\/carlos-dominguez_2_115.html"}]}},"_links":{"self":[{"href":"https:\/\/www.fcbarcelonanoticias.com\/en\/wp-json\/wp\/v2\/posts\/26376","targetHints":{"allow":["GET"]}}],"collection":[{"href":"https:\/\/www.fcbarcelonanoticias.com\/en\/wp-json\/wp\/v2\/posts"}],"about":[{"href":"https:\/\/www.fcbarcelonanoticias.com\/en\/wp-json\/wp\/v2\/types\/post"}],"author":[{"embeddable":true,"href":"https:\/\/www.fcbarcelonanoticias.com\/en\/wp-json\/wp\/v2\/users\/366"}],"replies":[{"embeddable":true,"href":"https:\/\/www.fcbarcelonanoticias.com\/en\/wp-json\/wp\/v2\/comments?post=26376"}],"version-history":[{"count":3,"href":"https:\/\/www.fcbarcelonanoticias.com\/en\/wp-json\/wp\/v2\/posts\/26376\/revisions"}],"predecessor-version":[{"id":168759,"href":"https:\/\/www.fcbarcelonanoticias.com\/en\/wp-json\/wp\/v2\/posts\/26376\/revisions\/168759"}],"wp:featuredmedia":[{"embeddable":true,"href":"https:\/\/www.fcbarcelonanoticias.com\/en\/wp-json\/wp\/v2\/media\/26377"}],"wp:attachment":[{"href":"https:\/\/www.fcbarcelonanoticias.com\/en\/wp-json\/wp\/v2\/media?parent=26376"}],"wp:term":[{"taxonomy":"category","embeddable":true,"href":"https:\/\/www.fcbarcelonanoticias.com\/en\/wp-json\/wp\/v2\/categories?post=26376"},{"taxonomy":"post_tag","embeddable":true,"href":"https:\/\/www.fcbarcelonanoticias.com\/en\/wp-json\/wp\/v2\/tags?post=26376"}],"curies":[{"name":"wp","href":"https:\/\/api.w.org\/{rel}","templated":true}]}}