{"id":26551,"date":"2024-12-01T16:37:00","date_gmt":"2024-12-01T15:37:00","guid":{"rendered":"https:\/\/weisetech.dev\/fc-barcelona-noticias\/en\/ronald-araujo-took-the-final-step-to-return-to-play-with-fc-barcelona_309000_102\/"},"modified":"2024-12-01T16:38:00","modified_gmt":"2024-12-01T15:38:00","slug":"ronald-araujo-took-the-final-step-to-return-to-play-with-fc-barcelona_309000_102","status":"publish","type":"post","link":"https:\/\/www.fcbarcelonanoticias.com\/en\/fc-barcelona\/ronald-araujo-took-the-final-step-to-return-to-play-with-fc-barcelona_309000_102.html","title":{"rendered":"Ronald Ara\u00fajo took the final step to return to play with FC Barcelona"},"content":{"rendered":"<h2 class=\"wp-block-heading\">Ronald Ara\u00fajo completed Sunday&#8217;s training session with the group and his return is getting closer<\/h2>  \r\n<div class=\"article-addons\">\r\n    <a href=\"https:\/\/www.fcbarcelonanoticias.com\/en\/calendar-fc-barcelona.html\"\r\n       target=\"_self\"\r\n       title=\"Calendar of FC Barcelona\"\r\n       class=\"blue-gredient-btn\">\r\n       \r\n        Calendar of FC Barcelona    <\/a>\r\n<\/div>   <p>One day after the defeat suffered at <strong>Montju\u00efc <\/strong>against <strong>Las Palmas<\/strong>, <strong>FC Barcelona<\/strong> returned to training in a session that had a huge novelty. And that is that since his return to the Bar\u00e7a discipline, <strong>Ronald Ara\u00fajo<\/strong> completed this Sunday his first session with the rest of his teammates.<\/p>  <p>In this way, the central defender took the definitive step to receive medical clearance and return to a call-up <a data-external=\"0\" data-intl-links-en=\"https:\/\/www.fcbarcelonanoticias.com\/en\/football-soccer\/the-money-that-barca-will-receive-from-fifa-as-compensation-for-ronald-araujo-injury_308718_102.html\" data-intl-links-es=\"https:\/\/www.fcbarcelonanoticias.com\/futbol\/dinero-recibira-barca-fifa-como-indemnizacion-por-lesion-ronald-araujo_308718_102.html\" href=\"https:\/\/www.fcbarcelonanoticias.com\/en\/football-soccer\/the-money-that-barca-will-receive-from-fifa-as-compensation-for-ronald-araujo-injury_308718_102.html\" rel=\"follow\" target=\"_self\" title=\"The money that Bar\u00e7a will receive from FIFA as compensation for Ronald Ara\u00fajo's injury\">after being four months in the club&#8217;s infirmary<\/a> due to the serious injury to the hamstring tendon of the right thigh suffered with Uruguay in the Copa Am\u00e9rica 2024.<\/p>  <h3>Bar\u00e7a, cautious with the return of Ara\u00fajo<\/h3>  <p>However, the footballer will still have to wait a few days to get the &#8216;OK&#8217; from the Blaugrana medical services, since <strong>Bar\u00e7a&#8217;s <\/strong>idea is to be extremely careful with the return of the player. The club expects the Uruguayan to return to the pitch in mid-December, <strong>with the match against Legan\u00e9s as a possible scenario for the return of the &#8216;4&#8217;<\/strong>.<\/p>  <p>Despite this, it is not ruled out that <strong>Ara\u00fajo <\/strong>will return to the pitch before this date. The team led by <strong>Hansi Flick<\/strong> will face <a data-external=\"0\" data-intl-links-en=\"https:\/\/www.fcbarcelonanoticias.com\/en\/calendar\/the-schedule-that-awaits-hansi-flick-fc-barcelona-in-december_308992_102.html\" data-intl-links-es=\"https:\/\/www.fcbarcelonanoticias.com\/calendario\/calendario-espera-en-diciembre-fc-barcelona-hansi-flick_308992_102.html\" href=\"https:\/\/www.fcbarcelonanoticias.com\/en\/calendar\/the-schedule-that-awaits-hansi-flick-fc-barcelona-in-december_308992_102.html\" rel=\"follow\" target=\"_self\" title=\"The schedule that awaits Hansi Flick's FC Barcelona in December\">Mallorca (03-12), Betis (07-12) and Borussia Dortmund (11-12)<\/a> in the coming days, so, if everything goes &#8216;smoothly&#8217; as it has so far, the South American defender could reappear in one of these matches.<\/p> ","protected":false},"excerpt":{"rendered":"<p>Ronald Ara\u00fajo completed Sunday&#8217;s training session with the group and his return is getting closer One day after the defeat suffered at Montju\u00efc against Las Palmas, FC Barcelona returned to training in a session that had a huge novelty. And that is that since his return to the Bar\u00e7a discipline, Ronald Ara\u00fajo completed this Sunday [&hellip;]<\/p>\n","protected":false},"author":358,"featured_media":19679,"comment_status":"closed","ping_status":"open","sticky":false,"template":"","format":"standard","meta":{"_acf_changed":false,"inline_featured_image":false,"_nextfly_llmd_date_locked":false,"footnotes":""},"categories":[111],"tags":[136],"class_list":["post-26551","post","type-post","status-publish","format-standard","has-post-thumbnail","hentry","category-fc-barcelona","tag-injured"],"acf":[],"yoast_head":"<!-- This site is optimized with the Yoast SEO plugin v27.3 - https:\/\/yoast.com\/product\/yoast-seo-wordpress\/ -->\n<title>Ronald Ara\u00fajo took the final step to return to play with FC Barcelona<\/title>\n<meta name=\"description\" content=\"Ronald Ara\u00fajo completed Sunday&#039;s training session with the group and his return is getting closer\" \/>\n<meta name=\"robots\" content=\"index, follow, max-snippet:-1, max-image-preview:large, max-video-preview:-1\" \/>\n<link rel=\"canonical\" href=\"https:\/\/www.fcbarcelonanoticias.com\/en\/fc-barcelona\/ronald-araujo-took-the-final-step-to-return-to-play-with-fc-barcelona_309000_102.html\" \/>\n<meta property=\"og:locale\" content=\"en_US\" \/>\n<meta property=\"og:type\" content=\"article\" \/>\n<meta property=\"og:title\" content=\"Ronald Ara\u00fajo took the final step to return to play with FC Barcelona\" \/>\n<meta property=\"og:description\" content=\"Ronald Ara\u00fajo completed Sunday&#039;s training session with the group and his return is getting closer\" \/>\n<meta property=\"og:url\" content=\"https:\/\/www.fcbarcelonanoticias.com\/en\/fc-barcelona\/ronald-araujo-took-the-final-step-to-return-to-play-with-fc-barcelona_309000_102.html\" \/>\n<meta property=\"og:site_name\" content=\"EN - FC Barcelona Noticias\" \/>\n<meta property=\"article:published_time\" content=\"2024-12-01T15:37:00+00:00\" \/>\n<meta property=\"article:modified_time\" content=\"2024-12-01T15:38:00+00:00\" \/>\n<meta property=\"og:image\" content=\"https:\/\/www.fcbarcelonanoticias.com\/en\/wp-content\/uploads\/sites\/2\/2024\/11\/ronald-araujo-haciendo-un-ejercicio-de-recuperacion-en-la-ciudad-deportiva-del-barcelona-foto-cortesia-de-la-web-del-fc-barcelona-german-parga.jpeg\" \/>\n\t<meta property=\"og:image:width\" content=\"1300\" \/>\n\t<meta property=\"og:image:height\" content=\"732\" \/>\n\t<meta property=\"og:image:type\" content=\"image\/jpeg\" \/>\n<meta name=\"author\" content=\"Juan Pablo Berdugo\" \/>\n<meta name=\"twitter:card\" content=\"summary_large_image\" \/>\n<meta name=\"twitter:label1\" content=\"Written by\" \/>\n\t<meta name=\"twitter:data1\" content=\"Juan Pablo Berdugo\" \/>\n\t<meta name=\"twitter:label2\" content=\"Est. reading time\" \/>\n\t<meta name=\"twitter:data2\" content=\"1 minute\" \/>\n<script type=\"application\/ld+json\" class=\"yoast-schema-graph\">{\"@context\":\"https:\\\/\\\/schema.org\",\"@graph\":[{\"@type\":\"Article\",\"@id\":\"https:\\\/\\\/www.fcbarcelonanoticias.com\\\/en\\\/fc-barcelona\\\/ronald-araujo-took-the-final-step-to-return-to-play-with-fc-barcelona_309000_102.html#article\",\"isPartOf\":{\"@id\":\"https:\\\/\\\/www.fcbarcelonanoticias.com\\\/en\\\/fc-barcelona\\\/ronald-araujo-took-the-final-step-to-return-to-play-with-fc-barcelona_309000_102.html\"},\"author\":{\"name\":\"Juan Pablo Berdugo\",\"@id\":\"https:\\\/\\\/www.fcbarcelonanoticias.com\\\/en\\\/#\\\/schema\\\/person\\\/88d756918a0a1ae9fa593b5edddd1815\"},\"headline\":\"Ronald Ara\u00fajo took the final step to return to play with FC Barcelona\",\"datePublished\":\"2024-12-01T15:37:00+00:00\",\"dateModified\":\"2024-12-01T15:38:00+00:00\",\"mainEntityOfPage\":{\"@id\":\"https:\\\/\\\/www.fcbarcelonanoticias.com\\\/en\\\/fc-barcelona\\\/ronald-araujo-took-the-final-step-to-return-to-play-with-fc-barcelona_309000_102.html\"},\"wordCount\":263,\"image\":{\"@id\":\"https:\\\/\\\/www.fcbarcelonanoticias.com\\\/en\\\/fc-barcelona\\\/ronald-araujo-took-the-final-step-to-return-to-play-with-fc-barcelona_309000_102.html#primaryimage\"},\"thumbnailUrl\":\"https:\\\/\\\/www.fcbarcelonanoticias.com\\\/en\\\/wp-content\\\/uploads\\\/sites\\\/2\\\/2024\\\/11\\\/ronald-araujo-haciendo-un-ejercicio-de-recuperacion-en-la-ciudad-deportiva-del-barcelona-foto-cortesia-de-la-web-del-fc-barcelona-german-parga.jpeg\",\"keywords\":[\"injured\"],\"articleSection\":[\"FC Barcelona\"],\"inLanguage\":\"en-US\"},{\"@type\":\"WebPage\",\"@id\":\"https:\\\/\\\/www.fcbarcelonanoticias.com\\\/en\\\/fc-barcelona\\\/ronald-araujo-took-the-final-step-to-return-to-play-with-fc-barcelona_309000_102.html\",\"url\":\"https:\\\/\\\/www.fcbarcelonanoticias.com\\\/en\\\/fc-barcelona\\\/ronald-araujo-took-the-final-step-to-return-to-play-with-fc-barcelona_309000_102.html\",\"name\":\"Ronald Ara\u00fajo took the final step to return to play with FC Barcelona\",\"isPartOf\":{\"@id\":\"https:\\\/\\\/www.fcbarcelonanoticias.com\\\/en\\\/#website\"},\"primaryImageOfPage\":{\"@id\":\"https:\\\/\\\/www.fcbarcelonanoticias.com\\\/en\\\/fc-barcelona\\\/ronald-araujo-took-the-final-step-to-return-to-play-with-fc-barcelona_309000_102.html#primaryimage\"},\"image\":{\"@id\":\"https:\\\/\\\/www.fcbarcelonanoticias.com\\\/en\\\/fc-barcelona\\\/ronald-araujo-took-the-final-step-to-return-to-play-with-fc-barcelona_309000_102.html#primaryimage\"},\"thumbnailUrl\":\"https:\\\/\\\/www.fcbarcelonanoticias.com\\\/en\\\/wp-content\\\/uploads\\\/sites\\\/2\\\/2024\\\/11\\\/ronald-araujo-haciendo-un-ejercicio-de-recuperacion-en-la-ciudad-deportiva-del-barcelona-foto-cortesia-de-la-web-del-fc-barcelona-german-parga.jpeg\",\"datePublished\":\"2024-12-01T15:37:00+00:00\",\"dateModified\":\"2024-12-01T15:38:00+00:00\",\"author\":{\"@id\":\"https:\\\/\\\/www.fcbarcelonanoticias.com\\\/en\\\/#\\\/schema\\\/person\\\/88d756918a0a1ae9fa593b5edddd1815\"},\"description\":\"Ronald Ara\u00fajo completed Sunday's training session with the group and his return is getting closer\",\"breadcrumb\":{\"@id\":\"https:\\\/\\\/www.fcbarcelonanoticias.com\\\/en\\\/fc-barcelona\\\/ronald-araujo-took-the-final-step-to-return-to-play-with-fc-barcelona_309000_102.html#breadcrumb\"},\"inLanguage\":\"en-US\",\"potentialAction\":[{\"@type\":\"ReadAction\",\"target\":[\"https:\\\/\\\/www.fcbarcelonanoticias.com\\\/en\\\/fc-barcelona\\\/ronald-araujo-took-the-final-step-to-return-to-play-with-fc-barcelona_309000_102.html\"]}]},{\"@type\":\"ImageObject\",\"inLanguage\":\"en-US\",\"@id\":\"https:\\\/\\\/www.fcbarcelonanoticias.com\\\/en\\\/fc-barcelona\\\/ronald-araujo-took-the-final-step-to-return-to-play-with-fc-barcelona_309000_102.html#primaryimage\",\"url\":\"https:\\\/\\\/www.fcbarcelonanoticias.com\\\/en\\\/wp-content\\\/uploads\\\/sites\\\/2\\\/2024\\\/11\\\/ronald-araujo-haciendo-un-ejercicio-de-recuperacion-en-la-ciudad-deportiva-del-barcelona-foto-cortesia-de-la-web-del-fc-barcelona-german-parga.jpeg\",\"contentUrl\":\"https:\\\/\\\/www.fcbarcelonanoticias.com\\\/en\\\/wp-content\\\/uploads\\\/sites\\\/2\\\/2024\\\/11\\\/ronald-araujo-haciendo-un-ejercicio-de-recuperacion-en-la-ciudad-deportiva-del-barcelona-foto-cortesia-de-la-web-del-fc-barcelona-german-parga.jpeg\",\"width\":1300,\"height\":732},{\"@type\":\"BreadcrumbList\",\"@id\":\"https:\\\/\\\/www.fcbarcelonanoticias.com\\\/en\\\/fc-barcelona\\\/ronald-araujo-took-the-final-step-to-return-to-play-with-fc-barcelona_309000_102.html#breadcrumb\",\"itemListElement\":[{\"@type\":\"ListItem\",\"position\":1,\"name\":\"Portada\",\"item\":\"https:\\\/\\\/www.fcbarcelonanoticias.com\\\/en\\\/\"},{\"@type\":\"ListItem\",\"position\":2,\"name\":\"Ronald Ara\u00fajo took the final step to return to play with FC Barcelona\"}]},{\"@type\":\"WebSite\",\"@id\":\"https:\\\/\\\/www.fcbarcelonanoticias.com\\\/en\\\/#website\",\"url\":\"https:\\\/\\\/www.fcbarcelonanoticias.com\\\/en\\\/\",\"name\":\"EN - FC Barcelona Noticias\",\"description\":\"\",\"potentialAction\":[{\"@type\":\"SearchAction\",\"target\":{\"@type\":\"EntryPoint\",\"urlTemplate\":\"https:\\\/\\\/www.fcbarcelonanoticias.com\\\/en\\\/?s={search_term_string}\"},\"query-input\":{\"@type\":\"PropertyValueSpecification\",\"valueRequired\":true,\"valueName\":\"search_term_string\"}}],\"inLanguage\":\"en-US\"},{\"@type\":\"Person\",\"@id\":\"https:\\\/\\\/www.fcbarcelonanoticias.com\\\/en\\\/#\\\/schema\\\/person\\\/88d756918a0a1ae9fa593b5edddd1815\",\"name\":\"Juan Pablo Berdugo\",\"image\":{\"@type\":\"ImageObject\",\"inLanguage\":\"en-US\",\"@id\":\"https:\\\/\\\/secure.gravatar.com\\\/avatar\\\/?s=96&d=mm&r=g\",\"url\":\"https:\\\/\\\/secure.gravatar.com\\\/avatar\\\/?s=96&d=mm&r=g\",\"contentUrl\":\"https:\\\/\\\/secure.gravatar.com\\\/avatar\\\/?s=96&d=mm&r=g\",\"caption\":\"Juan Pablo Berdugo\"},\"description\":\"Juan Pablo Berdugo es graduado en Periodismo. Colabora con FCBN como especialista en informaci\u00f3n del primer equipo del FC Barcelona, f\u00fatbol internacional y mercado de fichajes. Destaca por su enfoque anal\u00edtico, su rigor informativo y su capacidad para detectar tendencias emergentes en el f\u00fatbol global.\",\"url\":\"https:\\\/\\\/www.fcbarcelonanoticias.com\\\/en\\\/fc-barcelona\\\/juan-pablo-berdugo_18_115.html\"}]}<\/script>\n<!-- \/ Yoast SEO plugin. -->","yoast_head_json":{"title":"Ronald Ara\u00fajo took the final step to return to play with FC Barcelona","description":"Ronald Ara\u00fajo completed Sunday's training session with the group and his return is getting closer","robots":{"index":"index","follow":"follow","max-snippet":"max-snippet:-1","max-image-preview":"max-image-preview:large","max-video-preview":"max-video-preview:-1"},"canonical":"https:\/\/www.fcbarcelonanoticias.com\/en\/fc-barcelona\/ronald-araujo-took-the-final-step-to-return-to-play-with-fc-barcelona_309000_102.html","og_locale":"en_US","og_type":"article","og_title":"Ronald Ara\u00fajo took the final step to return to play with FC Barcelona","og_description":"Ronald Ara\u00fajo completed Sunday's training session with the group and his return is getting closer","og_url":"https:\/\/www.fcbarcelonanoticias.com\/en\/fc-barcelona\/ronald-araujo-took-the-final-step-to-return-to-play-with-fc-barcelona_309000_102.html","og_site_name":"EN - FC Barcelona Noticias","article_published_time":"2024-12-01T15:37:00+00:00","article_modified_time":"2024-12-01T15:38:00+00:00","og_image":[{"width":1300,"height":732,"url":"https:\/\/www.fcbarcelonanoticias.com\/en\/wp-content\/uploads\/sites\/2\/2024\/11\/ronald-araujo-haciendo-un-ejercicio-de-recuperacion-en-la-ciudad-deportiva-del-barcelona-foto-cortesia-de-la-web-del-fc-barcelona-german-parga.jpeg","type":"image\/jpeg"}],"author":"Juan Pablo Berdugo","twitter_card":"summary_large_image","twitter_misc":{"Written by":"Juan Pablo Berdugo","Est. reading time":"1 minute"},"schema":{"@context":"https:\/\/schema.org","@graph":[{"@type":"Article","@id":"https:\/\/www.fcbarcelonanoticias.com\/en\/fc-barcelona\/ronald-araujo-took-the-final-step-to-return-to-play-with-fc-barcelona_309000_102.html#article","isPartOf":{"@id":"https:\/\/www.fcbarcelonanoticias.com\/en\/fc-barcelona\/ronald-araujo-took-the-final-step-to-return-to-play-with-fc-barcelona_309000_102.html"},"author":{"name":"Juan Pablo Berdugo","@id":"https:\/\/www.fcbarcelonanoticias.com\/en\/#\/schema\/person\/88d756918a0a1ae9fa593b5edddd1815"},"headline":"Ronald Ara\u00fajo took the final step to return to play with FC Barcelona","datePublished":"2024-12-01T15:37:00+00:00","dateModified":"2024-12-01T15:38:00+00:00","mainEntityOfPage":{"@id":"https:\/\/www.fcbarcelonanoticias.com\/en\/fc-barcelona\/ronald-araujo-took-the-final-step-to-return-to-play-with-fc-barcelona_309000_102.html"},"wordCount":263,"image":{"@id":"https:\/\/www.fcbarcelonanoticias.com\/en\/fc-barcelona\/ronald-araujo-took-the-final-step-to-return-to-play-with-fc-barcelona_309000_102.html#primaryimage"},"thumbnailUrl":"https:\/\/www.fcbarcelonanoticias.com\/en\/wp-content\/uploads\/sites\/2\/2024\/11\/ronald-araujo-haciendo-un-ejercicio-de-recuperacion-en-la-ciudad-deportiva-del-barcelona-foto-cortesia-de-la-web-del-fc-barcelona-german-parga.jpeg","keywords":["injured"],"articleSection":["FC Barcelona"],"inLanguage":"en-US"},{"@type":"WebPage","@id":"https:\/\/www.fcbarcelonanoticias.com\/en\/fc-barcelona\/ronald-araujo-took-the-final-step-to-return-to-play-with-fc-barcelona_309000_102.html","url":"https:\/\/www.fcbarcelonanoticias.com\/en\/fc-barcelona\/ronald-araujo-took-the-final-step-to-return-to-play-with-fc-barcelona_309000_102.html","name":"Ronald Ara\u00fajo took the final step to return to play with FC Barcelona","isPartOf":{"@id":"https:\/\/www.fcbarcelonanoticias.com\/en\/#website"},"primaryImageOfPage":{"@id":"https:\/\/www.fcbarcelonanoticias.com\/en\/fc-barcelona\/ronald-araujo-took-the-final-step-to-return-to-play-with-fc-barcelona_309000_102.html#primaryimage"},"image":{"@id":"https:\/\/www.fcbarcelonanoticias.com\/en\/fc-barcelona\/ronald-araujo-took-the-final-step-to-return-to-play-with-fc-barcelona_309000_102.html#primaryimage"},"thumbnailUrl":"https:\/\/www.fcbarcelonanoticias.com\/en\/wp-content\/uploads\/sites\/2\/2024\/11\/ronald-araujo-haciendo-un-ejercicio-de-recuperacion-en-la-ciudad-deportiva-del-barcelona-foto-cortesia-de-la-web-del-fc-barcelona-german-parga.jpeg","datePublished":"2024-12-01T15:37:00+00:00","dateModified":"2024-12-01T15:38:00+00:00","author":{"@id":"https:\/\/www.fcbarcelonanoticias.com\/en\/#\/schema\/person\/88d756918a0a1ae9fa593b5edddd1815"},"description":"Ronald Ara\u00fajo completed Sunday's training session with the group and his return is getting closer","breadcrumb":{"@id":"https:\/\/www.fcbarcelonanoticias.com\/en\/fc-barcelona\/ronald-araujo-took-the-final-step-to-return-to-play-with-fc-barcelona_309000_102.html#breadcrumb"},"inLanguage":"en-US","potentialAction":[{"@type":"ReadAction","target":["https:\/\/www.fcbarcelonanoticias.com\/en\/fc-barcelona\/ronald-araujo-took-the-final-step-to-return-to-play-with-fc-barcelona_309000_102.html"]}]},{"@type":"ImageObject","inLanguage":"en-US","@id":"https:\/\/www.fcbarcelonanoticias.com\/en\/fc-barcelona\/ronald-araujo-took-the-final-step-to-return-to-play-with-fc-barcelona_309000_102.html#primaryimage","url":"https:\/\/www.fcbarcelonanoticias.com\/en\/wp-content\/uploads\/sites\/2\/2024\/11\/ronald-araujo-haciendo-un-ejercicio-de-recuperacion-en-la-ciudad-deportiva-del-barcelona-foto-cortesia-de-la-web-del-fc-barcelona-german-parga.jpeg","contentUrl":"https:\/\/www.fcbarcelonanoticias.com\/en\/wp-content\/uploads\/sites\/2\/2024\/11\/ronald-araujo-haciendo-un-ejercicio-de-recuperacion-en-la-ciudad-deportiva-del-barcelona-foto-cortesia-de-la-web-del-fc-barcelona-german-parga.jpeg","width":1300,"height":732},{"@type":"BreadcrumbList","@id":"https:\/\/www.fcbarcelonanoticias.com\/en\/fc-barcelona\/ronald-araujo-took-the-final-step-to-return-to-play-with-fc-barcelona_309000_102.html#breadcrumb","itemListElement":[{"@type":"ListItem","position":1,"name":"Portada","item":"https:\/\/www.fcbarcelonanoticias.com\/en\/"},{"@type":"ListItem","position":2,"name":"Ronald Ara\u00fajo took the final step to return to play with FC Barcelona"}]},{"@type":"WebSite","@id":"https:\/\/www.fcbarcelonanoticias.com\/en\/#website","url":"https:\/\/www.fcbarcelonanoticias.com\/en\/","name":"EN - FC Barcelona Noticias","description":"","potentialAction":[{"@type":"SearchAction","target":{"@type":"EntryPoint","urlTemplate":"https:\/\/www.fcbarcelonanoticias.com\/en\/?s={search_term_string}"},"query-input":{"@type":"PropertyValueSpecification","valueRequired":true,"valueName":"search_term_string"}}],"inLanguage":"en-US"},{"@type":"Person","@id":"https:\/\/www.fcbarcelonanoticias.com\/en\/#\/schema\/person\/88d756918a0a1ae9fa593b5edddd1815","name":"Juan Pablo Berdugo","image":{"@type":"ImageObject","inLanguage":"en-US","@id":"https:\/\/secure.gravatar.com\/avatar\/?s=96&d=mm&r=g","url":"https:\/\/secure.gravatar.com\/avatar\/?s=96&d=mm&r=g","contentUrl":"https:\/\/secure.gravatar.com\/avatar\/?s=96&d=mm&r=g","caption":"Juan Pablo Berdugo"},"description":"Juan Pablo Berdugo es graduado en Periodismo. Colabora con FCBN como especialista en informaci\u00f3n del primer equipo del FC Barcelona, f\u00fatbol internacional y mercado de fichajes. Destaca por su enfoque anal\u00edtico, su rigor informativo y su capacidad para detectar tendencias emergentes en el f\u00fatbol global.","url":"https:\/\/www.fcbarcelonanoticias.com\/en\/fc-barcelona\/juan-pablo-berdugo_18_115.html"}]}},"_links":{"self":[{"href":"https:\/\/www.fcbarcelonanoticias.com\/en\/wp-json\/wp\/v2\/posts\/26551","targetHints":{"allow":["GET"]}}],"collection":[{"href":"https:\/\/www.fcbarcelonanoticias.com\/en\/wp-json\/wp\/v2\/posts"}],"about":[{"href":"https:\/\/www.fcbarcelonanoticias.com\/en\/wp-json\/wp\/v2\/types\/post"}],"author":[{"embeddable":true,"href":"https:\/\/www.fcbarcelonanoticias.com\/en\/wp-json\/wp\/v2\/users\/358"}],"replies":[{"embeddable":true,"href":"https:\/\/www.fcbarcelonanoticias.com\/en\/wp-json\/wp\/v2\/comments?post=26551"}],"version-history":[{"count":2,"href":"https:\/\/www.fcbarcelonanoticias.com\/en\/wp-json\/wp\/v2\/posts\/26551\/revisions"}],"predecessor-version":[{"id":26553,"href":"https:\/\/www.fcbarcelonanoticias.com\/en\/wp-json\/wp\/v2\/posts\/26551\/revisions\/26553"}],"wp:featuredmedia":[{"embeddable":true,"href":"https:\/\/www.fcbarcelonanoticias.com\/en\/wp-json\/wp\/v2\/media\/19679"}],"wp:attachment":[{"href":"https:\/\/www.fcbarcelonanoticias.com\/en\/wp-json\/wp\/v2\/media?parent=26551"}],"wp:term":[{"taxonomy":"category","embeddable":true,"href":"https:\/\/www.fcbarcelonanoticias.com\/en\/wp-json\/wp\/v2\/categories?post=26551"},{"taxonomy":"post_tag","embeddable":true,"href":"https:\/\/www.fcbarcelonanoticias.com\/en\/wp-json\/wp\/v2\/tags?post=26551"}],"curies":[{"name":"wp","href":"https:\/\/api.w.org\/{rel}","templated":true}]}}