{"id":26756,"date":"2023-03-13T22:47:00","date_gmt":"2023-03-13T21:47:00","guid":{"rendered":"https:\/\/weisetech.dev\/fc-barcelona-noticias\/en\/salary-that-barca-will-offer-to-busquets-in-his-renewal-proposal_290503_102\/"},"modified":"2023-03-13T22:47:00","modified_gmt":"2023-03-13T21:47:00","slug":"salary-that-barca-will-offer-to-busquets-in-his-renewal-proposal_290503_102","status":"publish","type":"post","link":"https:\/\/www.fcbarcelonanoticias.com\/en\/fc-barcelona\/salary-that-barca-will-offer-to-busquets-in-his-renewal-proposal_290503_102.html","title":{"rendered":"The salary that Bar\u00e7a will offer Busquets in his renewal proposal"},"content":{"rendered":"<h2 class=\"wp-block-heading\">Josep Maria Orobitg, representative of Sergio Busquets, met on Monday morning with the FC Barcelona board of directors to discuss the renewal of the captain. According to journalist Gerard Romero, the formal offer will be presented this week<\/h2>  \r\n<div class=\"article-addons\">\r\n    <a href=\"https:\/\/www.fcbarcelonanoticias.com\/en\/calendar-fc-barcelona.html\"\r\n       target=\"_self\"\r\n       title=\"Calendar of FC Barcelona\"\r\n       class=\"blue-gredient-btn\">\r\n       \r\n        Calendar of FC Barcelona    <\/a>\r\n<\/div>   <p>Sergio Busquets will have in his hands in the next hours the first (and probably only) offer of renewal of the FC Barcelona to remain , at least a year more, in the first team. As it advanced the journalist Gerard Romero, <strong>Josep Maria Orobitg, representative of the captain, conversed in the morning of the Monday with the directive<\/strong>, leaving the table served to negotiate.<\/p>  <p>In this sense, &#8216;SPORT&#8217; confirms that <strong>the Bar\u00e7a will offer to &#8216;Busi&#8217; a year of agreement, until June of 2024, with a net wage of 7 million euros<\/strong>. The mediocentro will fulfil 35 years in July and has contested 32 parties (2.409 minutes) in all the competitions, adding 3 assistances in LaLiga. Xavi Hern\u00e1ndez expects that the one of Badia of the Vall\u00e8s remain , in front of <a data-external=\"0\" data-intl-links-en=\"https:\/\/www.fcbarcelonanoticias.com\/en\/transfers\/the-five-players-that-chelsea-could-sell-and-would-fit-in-the-barca_290494_102.html\" data-intl-links-es=\"https:\/\/www.fcbarcelonanoticias.com\/fichajes\/cinco-jugadores-chelsea-podria-vender-encajarian-en-barca_290494_102.html\" href=\"https:\/\/www.fcbarcelonanoticias.com\/en\/transfers\/the-five-players-that-chelsea-could-sell-and-would-fit-in-the-barca_290494_102.html\" rel=\"follow\" target=\"_self\" title=\"Los cinco jugadores que el Chelsea podr\u00eda vender y encajar\u00edan en el Bar\u00e7a\">the difficulty to add reinforcements in summer<\/a> by fault of the &#8216;fair play&#8217; financial.<\/p>  <h2>Renew, the priority of Busquets<\/h2>  <p>Further to have millionaire offers <a data-external=\"0\" data-intl-links-en=\"https:\/\/www.fcbarcelonanoticias.com\/en\/transfers\/further-barca-messi-future-mls_290482_102.html\" data-intl-links-es=\"https:\/\/www.fcbarcelonanoticias.com\/fichajes\/mas-lejos-barca-mls-decidida-lanzarse-por-messi-con-futuro-incierto_290482_102.html\" href=\"https:\/\/www.fcbarcelonanoticias.com\/en\/transfers\/further-barca-messi-future-mls_290482_102.html\" rel=\"follow\" target=\"_self\" title=\"\u00bfM\u00e1s lejos del Bar\u00e7a? La MLS, decidida a lanzarse a por un Messi con un futuro incierto\">from United States<\/a> and Arabia, Sergio Busquets prioritises to remain in Catalonia. After renouncing to the Selection, <strong>the experienced player knows that the retreat is more near, but no thus it will leave to be important <\/strong>for a Bar\u00e7a that does not have too many options regarding pivote refers . Neither it helps the financial actuality, main obstacle to go to by another player of weight that cover his eventual drop.<\/p>  <p>It is thus that the decision of &#8216;Busi&#8217; would not have to take too much in oficializarse. So much the player like the club need to define his future to schedule the 2023\/24. In the case of the footballer, thinking in his stability and the one of his family. By his part,<strong> the managerial cul\u00e9 knows that, if the captain leaves , it will be necessary to go to by a mediocentro with similar characteristics in summer<\/strong>, as the staff does not explain, neither at present neither recovering to any of the yielded (Nico Gonz\u00e1lez, the best option) with a player with the capacity to assume his relief.<\/p>  <h2>Offer to the drop, the only exit of the Bar\u00e7a<\/h2>  <p>Because of the need to reduce until 200 million euros his mass salarial, to the FC Barcelona does not remain him another that offer renewals to the drop. <strong>As sucedi\u00f3 with Sergi Roberto, the club has to offer a low wage to his captain<\/strong>, more if it compares with the very high sueldazos that Busquets would win in the Major League Soccer or the Superliga Saudi, where already landed Cristiano Ronaldo in winter.<\/p>  <p>In the meantime, Xavi Hern\u00e1ndez trusts that the negotiation with Sergio will not take too much and everything will resolve of the best way for both parts. &#8220;<strong>There is very good communion, but will depend on he. I always have said that for us is a fundamental footballer&#8221;<\/strong>, said the egarense the past month when referring to his case. At the end, the opinion of the m\u00edster can be determinant in the decision of the player, the one who already shared seven seasons with his current trainer.<\/p> ","protected":false},"excerpt":{"rendered":"<p>Josep Maria Orobitg, representative of Sergio Busquets, met on Monday morning with the FC Barcelona board of directors to discuss the renewal of the captain. According to journalist Gerard Romero, the formal offer will be presented this week Sergio Busquets will have in his hands in the next hours the first (and probably only) offer [&hellip;]<\/p>\n","protected":false},"author":347,"featured_media":11342,"comment_status":"closed","ping_status":"open","sticky":false,"template":"","format":"standard","meta":{"_acf_changed":false,"inline_featured_image":false,"_nextfly_llmd_date_locked":false,"footnotes":""},"categories":[111],"tags":[166],"class_list":["post-26756","post","type-post","status-publish","format-standard","has-post-thumbnail","hentry","category-fc-barcelona","tag-sergio-busquets"],"acf":[],"yoast_head":"<!-- This site is optimized with the Yoast SEO plugin v27.3 - https:\/\/yoast.com\/product\/yoast-seo-wordpress\/ -->\n<title>The salary that Bar\u00e7a will offer Busquets in his renewal proposal<\/title>\n<meta name=\"description\" content=\"Josep Maria Orobitg, representative of Sergio Busquets, met on Monday morning with the FC Barcelona board of directors to discuss the renewal of the captain. According to journalist Gerard Romero, the formal offer will be presented this week\" \/>\n<meta name=\"robots\" content=\"index, follow, max-snippet:-1, max-image-preview:large, max-video-preview:-1\" \/>\n<link rel=\"canonical\" href=\"https:\/\/www.fcbarcelonanoticias.com\/en\/fc-barcelona\/salary-that-barca-will-offer-to-busquets-in-his-renewal-proposal_290503_102.html\" \/>\n<meta property=\"og:locale\" content=\"en_US\" \/>\n<meta property=\"og:type\" content=\"article\" \/>\n<meta property=\"og:title\" content=\"The salary that Bar\u00e7a will offer Busquets in his renewal proposal\" \/>\n<meta property=\"og:description\" content=\"Josep Maria Orobitg, representative of Sergio Busquets, met on Monday morning with the FC Barcelona board of directors to discuss the renewal of the captain. According to journalist Gerard Romero, the formal offer will be presented this week\" \/>\n<meta property=\"og:url\" content=\"https:\/\/www.fcbarcelonanoticias.com\/en\/fc-barcelona\/salary-that-barca-will-offer-to-busquets-in-his-renewal-proposal_290503_102.html\" \/>\n<meta property=\"og:site_name\" content=\"EN - FC Barcelona Noticias\" \/>\n<meta property=\"article:published_time\" content=\"2023-03-13T21:47:00+00:00\" \/>\n<meta property=\"og:image\" content=\"https:\/\/www.fcbarcelonanoticias.com\/en\/wp-content\/uploads\/sites\/2\/2023\/02\/sergio-busquets-fc-barcelona.jpeg\" \/>\n\t<meta property=\"og:image:width\" content=\"1300\" \/>\n\t<meta property=\"og:image:height\" content=\"732\" \/>\n\t<meta property=\"og:image:type\" content=\"image\/jpeg\" \/>\n<meta name=\"author\" content=\"Andr\u00e9s Quiroz\" \/>\n<meta name=\"twitter:card\" content=\"summary_large_image\" \/>\n<meta name=\"twitter:label1\" content=\"Written by\" \/>\n\t<meta name=\"twitter:data1\" content=\"Andr\u00e9s Quiroz\" \/>\n\t<meta name=\"twitter:label2\" content=\"Est. reading time\" \/>\n\t<meta name=\"twitter:data2\" content=\"3 minutes\" \/>\n<script type=\"application\/ld+json\" class=\"yoast-schema-graph\">{\"@context\":\"https:\\\/\\\/schema.org\",\"@graph\":[{\"@type\":\"Article\",\"@id\":\"https:\\\/\\\/www.fcbarcelonanoticias.com\\\/en\\\/fc-barcelona\\\/salary-that-barca-will-offer-to-busquets-in-his-renewal-proposal_290503_102.html#article\",\"isPartOf\":{\"@id\":\"https:\\\/\\\/www.fcbarcelonanoticias.com\\\/en\\\/fc-barcelona\\\/salary-that-barca-will-offer-to-busquets-in-his-renewal-proposal_290503_102.html\"},\"author\":{\"name\":\"Andr\u00e9s Quiroz\",\"@id\":\"https:\\\/\\\/www.fcbarcelonanoticias.com\\\/en\\\/#\\\/schema\\\/person\\\/c2cd9f6fa1af5c0d0eccd0fefa575c88\"},\"headline\":\"The salary that Bar\u00e7a will offer Busquets in his renewal proposal\",\"datePublished\":\"2023-03-13T21:47:00+00:00\",\"mainEntityOfPage\":{\"@id\":\"https:\\\/\\\/www.fcbarcelonanoticias.com\\\/en\\\/fc-barcelona\\\/salary-that-barca-will-offer-to-busquets-in-his-renewal-proposal_290503_102.html\"},\"wordCount\":552,\"image\":{\"@id\":\"https:\\\/\\\/www.fcbarcelonanoticias.com\\\/en\\\/fc-barcelona\\\/salary-that-barca-will-offer-to-busquets-in-his-renewal-proposal_290503_102.html#primaryimage\"},\"thumbnailUrl\":\"https:\\\/\\\/www.fcbarcelonanoticias.com\\\/en\\\/wp-content\\\/uploads\\\/sites\\\/2\\\/2023\\\/02\\\/sergio-busquets-fc-barcelona.jpeg\",\"keywords\":[\"Sergio Busquets\"],\"articleSection\":[\"FC Barcelona\"],\"inLanguage\":\"en-US\"},{\"@type\":\"WebPage\",\"@id\":\"https:\\\/\\\/www.fcbarcelonanoticias.com\\\/en\\\/fc-barcelona\\\/salary-that-barca-will-offer-to-busquets-in-his-renewal-proposal_290503_102.html\",\"url\":\"https:\\\/\\\/www.fcbarcelonanoticias.com\\\/en\\\/fc-barcelona\\\/salary-that-barca-will-offer-to-busquets-in-his-renewal-proposal_290503_102.html\",\"name\":\"The salary that Bar\u00e7a will offer Busquets in his renewal proposal\",\"isPartOf\":{\"@id\":\"https:\\\/\\\/www.fcbarcelonanoticias.com\\\/en\\\/#website\"},\"primaryImageOfPage\":{\"@id\":\"https:\\\/\\\/www.fcbarcelonanoticias.com\\\/en\\\/fc-barcelona\\\/salary-that-barca-will-offer-to-busquets-in-his-renewal-proposal_290503_102.html#primaryimage\"},\"image\":{\"@id\":\"https:\\\/\\\/www.fcbarcelonanoticias.com\\\/en\\\/fc-barcelona\\\/salary-that-barca-will-offer-to-busquets-in-his-renewal-proposal_290503_102.html#primaryimage\"},\"thumbnailUrl\":\"https:\\\/\\\/www.fcbarcelonanoticias.com\\\/en\\\/wp-content\\\/uploads\\\/sites\\\/2\\\/2023\\\/02\\\/sergio-busquets-fc-barcelona.jpeg\",\"datePublished\":\"2023-03-13T21:47:00+00:00\",\"author\":{\"@id\":\"https:\\\/\\\/www.fcbarcelonanoticias.com\\\/en\\\/#\\\/schema\\\/person\\\/c2cd9f6fa1af5c0d0eccd0fefa575c88\"},\"description\":\"Josep Maria Orobitg, representative of Sergio Busquets, met on Monday morning with the FC Barcelona board of directors to discuss the renewal of the captain. According to journalist Gerard Romero, the formal offer will be presented this week\",\"breadcrumb\":{\"@id\":\"https:\\\/\\\/www.fcbarcelonanoticias.com\\\/en\\\/fc-barcelona\\\/salary-that-barca-will-offer-to-busquets-in-his-renewal-proposal_290503_102.html#breadcrumb\"},\"inLanguage\":\"en-US\",\"potentialAction\":[{\"@type\":\"ReadAction\",\"target\":[\"https:\\\/\\\/www.fcbarcelonanoticias.com\\\/en\\\/fc-barcelona\\\/salary-that-barca-will-offer-to-busquets-in-his-renewal-proposal_290503_102.html\"]}]},{\"@type\":\"ImageObject\",\"inLanguage\":\"en-US\",\"@id\":\"https:\\\/\\\/www.fcbarcelonanoticias.com\\\/en\\\/fc-barcelona\\\/salary-that-barca-will-offer-to-busquets-in-his-renewal-proposal_290503_102.html#primaryimage\",\"url\":\"https:\\\/\\\/www.fcbarcelonanoticias.com\\\/en\\\/wp-content\\\/uploads\\\/sites\\\/2\\\/2023\\\/02\\\/sergio-busquets-fc-barcelona.jpeg\",\"contentUrl\":\"https:\\\/\\\/www.fcbarcelonanoticias.com\\\/en\\\/wp-content\\\/uploads\\\/sites\\\/2\\\/2023\\\/02\\\/sergio-busquets-fc-barcelona.jpeg\",\"width\":1300,\"height\":732},{\"@type\":\"BreadcrumbList\",\"@id\":\"https:\\\/\\\/www.fcbarcelonanoticias.com\\\/en\\\/fc-barcelona\\\/salary-that-barca-will-offer-to-busquets-in-his-renewal-proposal_290503_102.html#breadcrumb\",\"itemListElement\":[{\"@type\":\"ListItem\",\"position\":1,\"name\":\"Portada\",\"item\":\"https:\\\/\\\/www.fcbarcelonanoticias.com\\\/en\\\/\"},{\"@type\":\"ListItem\",\"position\":2,\"name\":\"The salary that Bar\u00e7a will offer Busquets in his renewal proposal\"}]},{\"@type\":\"WebSite\",\"@id\":\"https:\\\/\\\/www.fcbarcelonanoticias.com\\\/en\\\/#website\",\"url\":\"https:\\\/\\\/www.fcbarcelonanoticias.com\\\/en\\\/\",\"name\":\"EN - FC Barcelona Noticias\",\"description\":\"\",\"potentialAction\":[{\"@type\":\"SearchAction\",\"target\":{\"@type\":\"EntryPoint\",\"urlTemplate\":\"https:\\\/\\\/www.fcbarcelonanoticias.com\\\/en\\\/?s={search_term_string}\"},\"query-input\":{\"@type\":\"PropertyValueSpecification\",\"valueRequired\":true,\"valueName\":\"search_term_string\"}}],\"inLanguage\":\"en-US\"},{\"@type\":\"Person\",\"@id\":\"https:\\\/\\\/www.fcbarcelonanoticias.com\\\/en\\\/#\\\/schema\\\/person\\\/c2cd9f6fa1af5c0d0eccd0fefa575c88\",\"name\":\"Andr\u00e9s Quiroz\",\"image\":{\"@type\":\"ImageObject\",\"inLanguage\":\"en-US\",\"@id\":\"https:\\\/\\\/secure.gravatar.com\\\/avatar\\\/?s=96&d=mm&r=g\",\"url\":\"https:\\\/\\\/secure.gravatar.com\\\/avatar\\\/?s=96&d=mm&r=g\",\"contentUrl\":\"https:\\\/\\\/secure.gravatar.com\\\/avatar\\\/?s=96&d=mm&r=g\",\"caption\":\"Andr\u00e9s Quiroz\"},\"description\":\"Licenciado en Periodismo por la Universidad de los Andes. Me encargo de analizar y compartir los contenidos m\u00e1s destacados de la\u00a0actualidad del F\u00fatbol Club Barcelona, Mercado de Fichajes y F\u00fatbol Internacional en FCBN. La informaci\u00f3n es poder, pero tambi\u00e9n conocimiento.\",\"url\":\"https:\\\/\\\/www.fcbarcelonanoticias.com\\\/en\\\/fc-barcelona\\\/andres-quiroz_17_115.html\"}]}<\/script>\n<!-- \/ Yoast SEO plugin. -->","yoast_head_json":{"title":"The salary that Bar\u00e7a will offer Busquets in his renewal proposal","description":"Josep Maria Orobitg, representative of Sergio Busquets, met on Monday morning with the FC Barcelona board of directors to discuss the renewal of the captain. According to journalist Gerard Romero, the formal offer will be presented this week","robots":{"index":"index","follow":"follow","max-snippet":"max-snippet:-1","max-image-preview":"max-image-preview:large","max-video-preview":"max-video-preview:-1"},"canonical":"https:\/\/www.fcbarcelonanoticias.com\/en\/fc-barcelona\/salary-that-barca-will-offer-to-busquets-in-his-renewal-proposal_290503_102.html","og_locale":"en_US","og_type":"article","og_title":"The salary that Bar\u00e7a will offer Busquets in his renewal proposal","og_description":"Josep Maria Orobitg, representative of Sergio Busquets, met on Monday morning with the FC Barcelona board of directors to discuss the renewal of the captain. According to journalist Gerard Romero, the formal offer will be presented this week","og_url":"https:\/\/www.fcbarcelonanoticias.com\/en\/fc-barcelona\/salary-that-barca-will-offer-to-busquets-in-his-renewal-proposal_290503_102.html","og_site_name":"EN - FC Barcelona Noticias","article_published_time":"2023-03-13T21:47:00+00:00","og_image":[{"width":1300,"height":732,"url":"https:\/\/www.fcbarcelonanoticias.com\/en\/wp-content\/uploads\/sites\/2\/2023\/02\/sergio-busquets-fc-barcelona.jpeg","type":"image\/jpeg"}],"author":"Andr\u00e9s Quiroz","twitter_card":"summary_large_image","twitter_misc":{"Written by":"Andr\u00e9s Quiroz","Est. reading time":"3 minutes"},"schema":{"@context":"https:\/\/schema.org","@graph":[{"@type":"Article","@id":"https:\/\/www.fcbarcelonanoticias.com\/en\/fc-barcelona\/salary-that-barca-will-offer-to-busquets-in-his-renewal-proposal_290503_102.html#article","isPartOf":{"@id":"https:\/\/www.fcbarcelonanoticias.com\/en\/fc-barcelona\/salary-that-barca-will-offer-to-busquets-in-his-renewal-proposal_290503_102.html"},"author":{"name":"Andr\u00e9s Quiroz","@id":"https:\/\/www.fcbarcelonanoticias.com\/en\/#\/schema\/person\/c2cd9f6fa1af5c0d0eccd0fefa575c88"},"headline":"The salary that Bar\u00e7a will offer Busquets in his renewal proposal","datePublished":"2023-03-13T21:47:00+00:00","mainEntityOfPage":{"@id":"https:\/\/www.fcbarcelonanoticias.com\/en\/fc-barcelona\/salary-that-barca-will-offer-to-busquets-in-his-renewal-proposal_290503_102.html"},"wordCount":552,"image":{"@id":"https:\/\/www.fcbarcelonanoticias.com\/en\/fc-barcelona\/salary-that-barca-will-offer-to-busquets-in-his-renewal-proposal_290503_102.html#primaryimage"},"thumbnailUrl":"https:\/\/www.fcbarcelonanoticias.com\/en\/wp-content\/uploads\/sites\/2\/2023\/02\/sergio-busquets-fc-barcelona.jpeg","keywords":["Sergio Busquets"],"articleSection":["FC Barcelona"],"inLanguage":"en-US"},{"@type":"WebPage","@id":"https:\/\/www.fcbarcelonanoticias.com\/en\/fc-barcelona\/salary-that-barca-will-offer-to-busquets-in-his-renewal-proposal_290503_102.html","url":"https:\/\/www.fcbarcelonanoticias.com\/en\/fc-barcelona\/salary-that-barca-will-offer-to-busquets-in-his-renewal-proposal_290503_102.html","name":"The salary that Bar\u00e7a will offer Busquets in his renewal proposal","isPartOf":{"@id":"https:\/\/www.fcbarcelonanoticias.com\/en\/#website"},"primaryImageOfPage":{"@id":"https:\/\/www.fcbarcelonanoticias.com\/en\/fc-barcelona\/salary-that-barca-will-offer-to-busquets-in-his-renewal-proposal_290503_102.html#primaryimage"},"image":{"@id":"https:\/\/www.fcbarcelonanoticias.com\/en\/fc-barcelona\/salary-that-barca-will-offer-to-busquets-in-his-renewal-proposal_290503_102.html#primaryimage"},"thumbnailUrl":"https:\/\/www.fcbarcelonanoticias.com\/en\/wp-content\/uploads\/sites\/2\/2023\/02\/sergio-busquets-fc-barcelona.jpeg","datePublished":"2023-03-13T21:47:00+00:00","author":{"@id":"https:\/\/www.fcbarcelonanoticias.com\/en\/#\/schema\/person\/c2cd9f6fa1af5c0d0eccd0fefa575c88"},"description":"Josep Maria Orobitg, representative of Sergio Busquets, met on Monday morning with the FC Barcelona board of directors to discuss the renewal of the captain. According to journalist Gerard Romero, the formal offer will be presented this week","breadcrumb":{"@id":"https:\/\/www.fcbarcelonanoticias.com\/en\/fc-barcelona\/salary-that-barca-will-offer-to-busquets-in-his-renewal-proposal_290503_102.html#breadcrumb"},"inLanguage":"en-US","potentialAction":[{"@type":"ReadAction","target":["https:\/\/www.fcbarcelonanoticias.com\/en\/fc-barcelona\/salary-that-barca-will-offer-to-busquets-in-his-renewal-proposal_290503_102.html"]}]},{"@type":"ImageObject","inLanguage":"en-US","@id":"https:\/\/www.fcbarcelonanoticias.com\/en\/fc-barcelona\/salary-that-barca-will-offer-to-busquets-in-his-renewal-proposal_290503_102.html#primaryimage","url":"https:\/\/www.fcbarcelonanoticias.com\/en\/wp-content\/uploads\/sites\/2\/2023\/02\/sergio-busquets-fc-barcelona.jpeg","contentUrl":"https:\/\/www.fcbarcelonanoticias.com\/en\/wp-content\/uploads\/sites\/2\/2023\/02\/sergio-busquets-fc-barcelona.jpeg","width":1300,"height":732},{"@type":"BreadcrumbList","@id":"https:\/\/www.fcbarcelonanoticias.com\/en\/fc-barcelona\/salary-that-barca-will-offer-to-busquets-in-his-renewal-proposal_290503_102.html#breadcrumb","itemListElement":[{"@type":"ListItem","position":1,"name":"Portada","item":"https:\/\/www.fcbarcelonanoticias.com\/en\/"},{"@type":"ListItem","position":2,"name":"The salary that Bar\u00e7a will offer Busquets in his renewal proposal"}]},{"@type":"WebSite","@id":"https:\/\/www.fcbarcelonanoticias.com\/en\/#website","url":"https:\/\/www.fcbarcelonanoticias.com\/en\/","name":"EN - FC Barcelona Noticias","description":"","potentialAction":[{"@type":"SearchAction","target":{"@type":"EntryPoint","urlTemplate":"https:\/\/www.fcbarcelonanoticias.com\/en\/?s={search_term_string}"},"query-input":{"@type":"PropertyValueSpecification","valueRequired":true,"valueName":"search_term_string"}}],"inLanguage":"en-US"},{"@type":"Person","@id":"https:\/\/www.fcbarcelonanoticias.com\/en\/#\/schema\/person\/c2cd9f6fa1af5c0d0eccd0fefa575c88","name":"Andr\u00e9s Quiroz","image":{"@type":"ImageObject","inLanguage":"en-US","@id":"https:\/\/secure.gravatar.com\/avatar\/?s=96&d=mm&r=g","url":"https:\/\/secure.gravatar.com\/avatar\/?s=96&d=mm&r=g","contentUrl":"https:\/\/secure.gravatar.com\/avatar\/?s=96&d=mm&r=g","caption":"Andr\u00e9s Quiroz"},"description":"Licenciado en Periodismo por la Universidad de los Andes. Me encargo de analizar y compartir los contenidos m\u00e1s destacados de la\u00a0actualidad del F\u00fatbol Club Barcelona, Mercado de Fichajes y F\u00fatbol Internacional en FCBN. La informaci\u00f3n es poder, pero tambi\u00e9n conocimiento.","url":"https:\/\/www.fcbarcelonanoticias.com\/en\/fc-barcelona\/andres-quiroz_17_115.html"}]}},"_links":{"self":[{"href":"https:\/\/www.fcbarcelonanoticias.com\/en\/wp-json\/wp\/v2\/posts\/26756","targetHints":{"allow":["GET"]}}],"collection":[{"href":"https:\/\/www.fcbarcelonanoticias.com\/en\/wp-json\/wp\/v2\/posts"}],"about":[{"href":"https:\/\/www.fcbarcelonanoticias.com\/en\/wp-json\/wp\/v2\/types\/post"}],"author":[{"embeddable":true,"href":"https:\/\/www.fcbarcelonanoticias.com\/en\/wp-json\/wp\/v2\/users\/347"}],"replies":[{"embeddable":true,"href":"https:\/\/www.fcbarcelonanoticias.com\/en\/wp-json\/wp\/v2\/comments?post=26756"}],"version-history":[{"count":1,"href":"https:\/\/www.fcbarcelonanoticias.com\/en\/wp-json\/wp\/v2\/posts\/26756\/revisions"}],"predecessor-version":[{"id":108667,"href":"https:\/\/www.fcbarcelonanoticias.com\/en\/wp-json\/wp\/v2\/posts\/26756\/revisions\/108667"}],"wp:featuredmedia":[{"embeddable":true,"href":"https:\/\/www.fcbarcelonanoticias.com\/en\/wp-json\/wp\/v2\/media\/11342"}],"wp:attachment":[{"href":"https:\/\/www.fcbarcelonanoticias.com\/en\/wp-json\/wp\/v2\/media?parent=26756"}],"wp:term":[{"taxonomy":"category","embeddable":true,"href":"https:\/\/www.fcbarcelonanoticias.com\/en\/wp-json\/wp\/v2\/categories?post=26756"},{"taxonomy":"post_tag","embeddable":true,"href":"https:\/\/www.fcbarcelonanoticias.com\/en\/wp-json\/wp\/v2\/tags?post=26756"}],"curies":[{"name":"wp","href":"https:\/\/api.w.org\/{rel}","templated":true}]}}