{"id":27377,"date":"2016-10-15T11:14:00","date_gmt":"2016-10-15T09:14:00","guid":{"rendered":"https:\/\/weisetech.dev\/fc-barcelona-noticias\/en\/sorpreson-in-the-list-of-summoned-of-the-barca-sportive_193043_102\/"},"modified":"2026-04-16T09:47:29","modified_gmt":"2026-04-16T07:47:29","slug":"sorpreson-in-the-list-of-summoned-of-the-barca-sportive_193043_102","status":"publish","type":"post","link":"https:\/\/www.fcbarcelonanoticias.com\/en\/fc-barcelona\/sorpreson-in-the-list-of-summoned-of-the-barca-sportive_193043_102.html","title":{"rendered":"Sorpres\u00f3n In the list of summoned of the Bar\u00e7a-Sportive!"},"content":{"rendered":"<h2 class=\"wp-block-heading\">Luis Enrique desvel\u00f3 this Saturday to the midday the list of summoned of face to the meeting of League Santander 2016-17 against the Sportive of The Coru\u00f1a in the Camp Nou, previous to the duel of Champions League in front of the Manchester City<\/h2>  \r\n<div class=\"article-addons\">\r\n    <a href=\"https:\/\/www.fcbarcelonanoticias.com\/en\/calendar-fc-barcelona.html\"\r\n       target=\"_self\"\r\n       title=\"Calendar of FC Barcelona\"\r\n       class=\"blue-gredient-btn\">\r\n       \r\n        Calendar of FC Barcelona    <\/a>\r\n<\/div>   <p>The FC Barcelona will contest this Saturday 15 October to the 16.15 hours the <strong>eighth day of&nbsp;<a href=\"https:\/\/www.fcbarcelonanoticias.com\/en\/laliga.html\">LaLiga<\/a><\/strong><strong><a href=\"https:\/\/www.fcbarcelonanoticias.com\/en\/laliga.html\">&nbsp;2016-2017<\/a>,<\/strong> that will confront him to the Sportive of The Coru\u00f1a in the Camp Nou, in a split &#8220;cheat&#8221; before measuring  the Wednesday to the Manchester City in UEFA Champions League.<\/p> <p>After the lived the two last seasons, when the Sportive achieved empatar 2-2 in the last minutes of the respective meetings,<strong> Luis Enrique has elaborated an announcement of 18 players<\/strong> with the presence of the best available men, to exception of the lesionados <strong>Sergi Roberto, Cillessen and Jordi Alba<\/strong>, and of which goes back to fall  by seventh consecutive occasion <strong>Aleix Vidal<\/strong>.&nbsp;<\/p> <h2>The announcement of the Bar\u00e7a in front of the Sportive:<\/h2> <p>Ter Stegen, Masip, Hammered, Rakitic, Sergio Busquets, Denis Su\u00e1rez, Burn Turan, Iniesta, Luis Su\u00e1rez, Leo Messi, Neymar Jr, Rafinha, Mascherano, Paco Alc\u00e1cer, Lucas Digne, Andr\u00e9 Gomes, Umtiti and Mathieu.<\/p> <p>Therefore, it treats  of <strong>a list of summoned where goes back to fall  the defender of Pigpelat<\/strong>. It foresees  that the FC Barcelona go out against the Sportive with <strong><a href=\"https:\/\/www.fcbarcelonanoticias.com\/fc-barcelona\/las-posibles-alineaciones-del-fc-barcelona-deportivo-liga-j8_193018_102.html\">an eleven of guarantees but in which can have some that another rotation<\/a>.<\/strong>&nbsp;<\/p> <p>It could return to the titularity Leo Messi, as well as Samuel Umtiti in defence and Rakitic in the centre of the field, being already the three in perfect conditions after having surpassed his respective physical problems.<\/p> <p>From &#8220;FCBN&#8221; take advantage of to remember you that <strong>you can buy the entrances for this commitment<\/strong>, as well as for the rest of meetings of the season 2016-2017, <a href=\"https:\/\/www.fcbarcelonanoticias.com\/entradas-fcbarcelona.html\"><strong>through this link<\/strong><\/a>.<\/p> ","protected":false},"excerpt":{"rendered":"<p>Luis Enrique desvel\u00f3 this Saturday to the midday the list of summoned of face to the meeting of League Santander 2016-17 against the Sportive of The Coru\u00f1a in the Camp Nou, previous to the duel of Champions League in front of the Manchester City The FC Barcelona will contest this Saturday 15 October to the [&hellip;]<\/p>\n","protected":false},"author":366,"featured_media":24946,"comment_status":"closed","ping_status":"open","sticky":false,"template":"","format":"standard","meta":{"_acf_changed":false,"inline_featured_image":false,"_nextfly_llmd_date_locked":false,"footnotes":""},"categories":[111],"tags":[203,75,184,148],"class_list":["post-27377","post","type-post","status-publish","format-standard","has-post-thumbnail","hentry","category-fc-barcelona","tag-aleix-vidal","tag-deportivo-de-la-coruna","tag-fc-barcelona-squad-lists","tag-luis-enrique"],"acf":[],"yoast_head":"<!-- This site is optimized with the Yoast SEO plugin v27.3 - https:\/\/yoast.com\/product\/yoast-seo-wordpress\/ -->\n<title>List of summoned of the FC Barcelona-Sportive (League J8)<\/title>\n<meta name=\"description\" content=\"Luis Enrique desvel\u00f3 this Saturday to the midday the list of summoned of face to the meeting of League Santander 2016-17 against the Sportive of The...\" \/>\n<meta name=\"robots\" content=\"index, follow, max-snippet:-1, max-image-preview:large, max-video-preview:-1\" \/>\n<link rel=\"canonical\" href=\"https:\/\/www.fcbarcelonanoticias.com\/en\/fc-barcelona\/sorpreson-in-the-list-of-summoned-of-the-barca-sportive_193043_102.html\" \/>\n<meta property=\"og:locale\" content=\"en_US\" \/>\n<meta property=\"og:type\" content=\"article\" \/>\n<meta property=\"og:title\" content=\"List of summoned of the FC Barcelona-Sportive (League J8)\" \/>\n<meta property=\"og:description\" content=\"Luis Enrique desvel\u00f3 this Saturday to the midday the list of summoned of face to the meeting of League Santander 2016-17 against the Sportive of The...\" \/>\n<meta property=\"og:url\" content=\"https:\/\/www.fcbarcelonanoticias.com\/en\/fc-barcelona\/sorpreson-in-the-list-of-summoned-of-the-barca-sportive_193043_102.html\" \/>\n<meta property=\"og:site_name\" content=\"EN - FC Barcelona Noticias\" \/>\n<meta property=\"article:published_time\" content=\"2016-10-15T09:14:00+00:00\" \/>\n<meta property=\"article:modified_time\" content=\"2026-04-16T07:47:29+00:00\" \/>\n<meta property=\"og:image\" content=\"https:\/\/www.fcbarcelonanoticias.com\/en\/wp-content\/uploads\/sites\/2\/2016\/10\/luis-enrique-199792.png\" \/>\n\t<meta property=\"og:image:width\" content=\"1199\" \/>\n\t<meta property=\"og:image:height\" content=\"674\" \/>\n\t<meta property=\"og:image:type\" content=\"image\/png\" \/>\n<meta name=\"author\" content=\"Carlos Dom\u00ednguez\" \/>\n<meta name=\"twitter:card\" content=\"summary_large_image\" \/>\n<meta name=\"twitter:label1\" content=\"Written by\" \/>\n\t<meta name=\"twitter:data1\" content=\"Carlos Dom\u00ednguez\" \/>\n\t<meta name=\"twitter:label2\" content=\"Est. reading time\" \/>\n\t<meta name=\"twitter:data2\" content=\"2 minutes\" \/>\n<script type=\"application\/ld+json\" class=\"yoast-schema-graph\">{\"@context\":\"https:\\\/\\\/schema.org\",\"@graph\":[{\"@type\":\"Article\",\"@id\":\"https:\\\/\\\/www.fcbarcelonanoticias.com\\\/en\\\/fc-barcelona\\\/sorpreson-in-the-list-of-summoned-of-the-barca-sportive_193043_102.html#article\",\"isPartOf\":{\"@id\":\"https:\\\/\\\/www.fcbarcelonanoticias.com\\\/en\\\/fc-barcelona\\\/sorpreson-in-the-list-of-summoned-of-the-barca-sportive_193043_102.html\"},\"author\":{\"name\":\"Carlos Dom\u00ednguez\",\"@id\":\"https:\\\/\\\/www.fcbarcelonanoticias.com\\\/en\\\/#\\\/schema\\\/person\\\/888e29b17b79c70d1c617d8a7bc9b8c6\"},\"headline\":\"Sorpres\u00f3n In the list of summoned of the Bar\u00e7a-Sportive!\",\"datePublished\":\"2016-10-15T09:14:00+00:00\",\"dateModified\":\"2026-04-16T07:47:29+00:00\",\"mainEntityOfPage\":{\"@id\":\"https:\\\/\\\/www.fcbarcelonanoticias.com\\\/en\\\/fc-barcelona\\\/sorpreson-in-the-list-of-summoned-of-the-barca-sportive_193043_102.html\"},\"wordCount\":323,\"image\":{\"@id\":\"https:\\\/\\\/www.fcbarcelonanoticias.com\\\/en\\\/fc-barcelona\\\/sorpreson-in-the-list-of-summoned-of-the-barca-sportive_193043_102.html#primaryimage\"},\"thumbnailUrl\":\"https:\\\/\\\/www.fcbarcelonanoticias.com\\\/en\\\/wp-content\\\/uploads\\\/sites\\\/2\\\/2016\\\/10\\\/luis-enrique-199792.png\",\"keywords\":[\"Aleix Vidal\",\"Deportivo de La Coru\u00f1a\",\"FC Barcelona Squad Lists\",\"Luis Enrique\"],\"articleSection\":[\"FC Barcelona\"],\"inLanguage\":\"en-US\"},{\"@type\":\"WebPage\",\"@id\":\"https:\\\/\\\/www.fcbarcelonanoticias.com\\\/en\\\/fc-barcelona\\\/sorpreson-in-the-list-of-summoned-of-the-barca-sportive_193043_102.html\",\"url\":\"https:\\\/\\\/www.fcbarcelonanoticias.com\\\/en\\\/fc-barcelona\\\/sorpreson-in-the-list-of-summoned-of-the-barca-sportive_193043_102.html\",\"name\":\"List of summoned of the FC Barcelona-Sportive (League J8)\",\"isPartOf\":{\"@id\":\"https:\\\/\\\/www.fcbarcelonanoticias.com\\\/en\\\/#website\"},\"primaryImageOfPage\":{\"@id\":\"https:\\\/\\\/www.fcbarcelonanoticias.com\\\/en\\\/fc-barcelona\\\/sorpreson-in-the-list-of-summoned-of-the-barca-sportive_193043_102.html#primaryimage\"},\"image\":{\"@id\":\"https:\\\/\\\/www.fcbarcelonanoticias.com\\\/en\\\/fc-barcelona\\\/sorpreson-in-the-list-of-summoned-of-the-barca-sportive_193043_102.html#primaryimage\"},\"thumbnailUrl\":\"https:\\\/\\\/www.fcbarcelonanoticias.com\\\/en\\\/wp-content\\\/uploads\\\/sites\\\/2\\\/2016\\\/10\\\/luis-enrique-199792.png\",\"datePublished\":\"2016-10-15T09:14:00+00:00\",\"dateModified\":\"2026-04-16T07:47:29+00:00\",\"author\":{\"@id\":\"https:\\\/\\\/www.fcbarcelonanoticias.com\\\/en\\\/#\\\/schema\\\/person\\\/888e29b17b79c70d1c617d8a7bc9b8c6\"},\"description\":\"Luis Enrique desvel\u00f3 this Saturday to the midday the list of summoned of face to the meeting of League Santander 2016-17 against the Sportive of The...\",\"breadcrumb\":{\"@id\":\"https:\\\/\\\/www.fcbarcelonanoticias.com\\\/en\\\/fc-barcelona\\\/sorpreson-in-the-list-of-summoned-of-the-barca-sportive_193043_102.html#breadcrumb\"},\"inLanguage\":\"en-US\",\"potentialAction\":[{\"@type\":\"ReadAction\",\"target\":[\"https:\\\/\\\/www.fcbarcelonanoticias.com\\\/en\\\/fc-barcelona\\\/sorpreson-in-the-list-of-summoned-of-the-barca-sportive_193043_102.html\"]}]},{\"@type\":\"ImageObject\",\"inLanguage\":\"en-US\",\"@id\":\"https:\\\/\\\/www.fcbarcelonanoticias.com\\\/en\\\/fc-barcelona\\\/sorpreson-in-the-list-of-summoned-of-the-barca-sportive_193043_102.html#primaryimage\",\"url\":\"https:\\\/\\\/www.fcbarcelonanoticias.com\\\/en\\\/wp-content\\\/uploads\\\/sites\\\/2\\\/2016\\\/10\\\/luis-enrique-199792.png\",\"contentUrl\":\"https:\\\/\\\/www.fcbarcelonanoticias.com\\\/en\\\/wp-content\\\/uploads\\\/sites\\\/2\\\/2016\\\/10\\\/luis-enrique-199792.png\",\"width\":1199,\"height\":674},{\"@type\":\"BreadcrumbList\",\"@id\":\"https:\\\/\\\/www.fcbarcelonanoticias.com\\\/en\\\/fc-barcelona\\\/sorpreson-in-the-list-of-summoned-of-the-barca-sportive_193043_102.html#breadcrumb\",\"itemListElement\":[{\"@type\":\"ListItem\",\"position\":1,\"name\":\"Portada\",\"item\":\"https:\\\/\\\/www.fcbarcelonanoticias.com\\\/en\\\/\"},{\"@type\":\"ListItem\",\"position\":2,\"name\":\"Sorpres\u00f3n In the list of summoned of the Bar\u00e7a-Sportive!\"}]},{\"@type\":\"WebSite\",\"@id\":\"https:\\\/\\\/www.fcbarcelonanoticias.com\\\/en\\\/#website\",\"url\":\"https:\\\/\\\/www.fcbarcelonanoticias.com\\\/en\\\/\",\"name\":\"EN - FC Barcelona Noticias\",\"description\":\"\",\"potentialAction\":[{\"@type\":\"SearchAction\",\"target\":{\"@type\":\"EntryPoint\",\"urlTemplate\":\"https:\\\/\\\/www.fcbarcelonanoticias.com\\\/en\\\/?s={search_term_string}\"},\"query-input\":{\"@type\":\"PropertyValueSpecification\",\"valueRequired\":true,\"valueName\":\"search_term_string\"}}],\"inLanguage\":\"en-US\"},{\"@type\":\"Person\",\"@id\":\"https:\\\/\\\/www.fcbarcelonanoticias.com\\\/en\\\/#\\\/schema\\\/person\\\/888e29b17b79c70d1c617d8a7bc9b8c6\",\"name\":\"Carlos Dom\u00ednguez\",\"image\":{\"@type\":\"ImageObject\",\"inLanguage\":\"en-US\",\"@id\":\"https:\\\/\\\/secure.gravatar.com\\\/avatar\\\/?s=96&d=mm&r=g\",\"url\":\"https:\\\/\\\/secure.gravatar.com\\\/avatar\\\/?s=96&d=mm&r=g\",\"contentUrl\":\"https:\\\/\\\/secure.gravatar.com\\\/avatar\\\/?s=96&d=mm&r=g\",\"caption\":\"Carlos Dom\u00ednguez\"},\"url\":\"https:\\\/\\\/www.fcbarcelonanoticias.com\\\/en\\\/carlos-dominguez_2_115.html\"}]}<\/script>\n<!-- \/ Yoast SEO plugin. -->","yoast_head_json":{"title":"List of summoned of the FC Barcelona-Sportive (League J8)","description":"Luis Enrique desvel\u00f3 this Saturday to the midday the list of summoned of face to the meeting of League Santander 2016-17 against the Sportive of The...","robots":{"index":"index","follow":"follow","max-snippet":"max-snippet:-1","max-image-preview":"max-image-preview:large","max-video-preview":"max-video-preview:-1"},"canonical":"https:\/\/www.fcbarcelonanoticias.com\/en\/fc-barcelona\/sorpreson-in-the-list-of-summoned-of-the-barca-sportive_193043_102.html","og_locale":"en_US","og_type":"article","og_title":"List of summoned of the FC Barcelona-Sportive (League J8)","og_description":"Luis Enrique desvel\u00f3 this Saturday to the midday the list of summoned of face to the meeting of League Santander 2016-17 against the Sportive of The...","og_url":"https:\/\/www.fcbarcelonanoticias.com\/en\/fc-barcelona\/sorpreson-in-the-list-of-summoned-of-the-barca-sportive_193043_102.html","og_site_name":"EN - FC Barcelona Noticias","article_published_time":"2016-10-15T09:14:00+00:00","article_modified_time":"2026-04-16T07:47:29+00:00","og_image":[{"width":1199,"height":674,"url":"https:\/\/www.fcbarcelonanoticias.com\/en\/wp-content\/uploads\/sites\/2\/2016\/10\/luis-enrique-199792.png","type":"image\/png"}],"author":"Carlos Dom\u00ednguez","twitter_card":"summary_large_image","twitter_misc":{"Written by":"Carlos Dom\u00ednguez","Est. reading time":"2 minutes"},"schema":{"@context":"https:\/\/schema.org","@graph":[{"@type":"Article","@id":"https:\/\/www.fcbarcelonanoticias.com\/en\/fc-barcelona\/sorpreson-in-the-list-of-summoned-of-the-barca-sportive_193043_102.html#article","isPartOf":{"@id":"https:\/\/www.fcbarcelonanoticias.com\/en\/fc-barcelona\/sorpreson-in-the-list-of-summoned-of-the-barca-sportive_193043_102.html"},"author":{"name":"Carlos Dom\u00ednguez","@id":"https:\/\/www.fcbarcelonanoticias.com\/en\/#\/schema\/person\/888e29b17b79c70d1c617d8a7bc9b8c6"},"headline":"Sorpres\u00f3n In the list of summoned of the Bar\u00e7a-Sportive!","datePublished":"2016-10-15T09:14:00+00:00","dateModified":"2026-04-16T07:47:29+00:00","mainEntityOfPage":{"@id":"https:\/\/www.fcbarcelonanoticias.com\/en\/fc-barcelona\/sorpreson-in-the-list-of-summoned-of-the-barca-sportive_193043_102.html"},"wordCount":323,"image":{"@id":"https:\/\/www.fcbarcelonanoticias.com\/en\/fc-barcelona\/sorpreson-in-the-list-of-summoned-of-the-barca-sportive_193043_102.html#primaryimage"},"thumbnailUrl":"https:\/\/www.fcbarcelonanoticias.com\/en\/wp-content\/uploads\/sites\/2\/2016\/10\/luis-enrique-199792.png","keywords":["Aleix Vidal","Deportivo de La Coru\u00f1a","FC Barcelona Squad Lists","Luis Enrique"],"articleSection":["FC Barcelona"],"inLanguage":"en-US"},{"@type":"WebPage","@id":"https:\/\/www.fcbarcelonanoticias.com\/en\/fc-barcelona\/sorpreson-in-the-list-of-summoned-of-the-barca-sportive_193043_102.html","url":"https:\/\/www.fcbarcelonanoticias.com\/en\/fc-barcelona\/sorpreson-in-the-list-of-summoned-of-the-barca-sportive_193043_102.html","name":"List of summoned of the FC Barcelona-Sportive (League J8)","isPartOf":{"@id":"https:\/\/www.fcbarcelonanoticias.com\/en\/#website"},"primaryImageOfPage":{"@id":"https:\/\/www.fcbarcelonanoticias.com\/en\/fc-barcelona\/sorpreson-in-the-list-of-summoned-of-the-barca-sportive_193043_102.html#primaryimage"},"image":{"@id":"https:\/\/www.fcbarcelonanoticias.com\/en\/fc-barcelona\/sorpreson-in-the-list-of-summoned-of-the-barca-sportive_193043_102.html#primaryimage"},"thumbnailUrl":"https:\/\/www.fcbarcelonanoticias.com\/en\/wp-content\/uploads\/sites\/2\/2016\/10\/luis-enrique-199792.png","datePublished":"2016-10-15T09:14:00+00:00","dateModified":"2026-04-16T07:47:29+00:00","author":{"@id":"https:\/\/www.fcbarcelonanoticias.com\/en\/#\/schema\/person\/888e29b17b79c70d1c617d8a7bc9b8c6"},"description":"Luis Enrique desvel\u00f3 this Saturday to the midday the list of summoned of face to the meeting of League Santander 2016-17 against the Sportive of The...","breadcrumb":{"@id":"https:\/\/www.fcbarcelonanoticias.com\/en\/fc-barcelona\/sorpreson-in-the-list-of-summoned-of-the-barca-sportive_193043_102.html#breadcrumb"},"inLanguage":"en-US","potentialAction":[{"@type":"ReadAction","target":["https:\/\/www.fcbarcelonanoticias.com\/en\/fc-barcelona\/sorpreson-in-the-list-of-summoned-of-the-barca-sportive_193043_102.html"]}]},{"@type":"ImageObject","inLanguage":"en-US","@id":"https:\/\/www.fcbarcelonanoticias.com\/en\/fc-barcelona\/sorpreson-in-the-list-of-summoned-of-the-barca-sportive_193043_102.html#primaryimage","url":"https:\/\/www.fcbarcelonanoticias.com\/en\/wp-content\/uploads\/sites\/2\/2016\/10\/luis-enrique-199792.png","contentUrl":"https:\/\/www.fcbarcelonanoticias.com\/en\/wp-content\/uploads\/sites\/2\/2016\/10\/luis-enrique-199792.png","width":1199,"height":674},{"@type":"BreadcrumbList","@id":"https:\/\/www.fcbarcelonanoticias.com\/en\/fc-barcelona\/sorpreson-in-the-list-of-summoned-of-the-barca-sportive_193043_102.html#breadcrumb","itemListElement":[{"@type":"ListItem","position":1,"name":"Portada","item":"https:\/\/www.fcbarcelonanoticias.com\/en\/"},{"@type":"ListItem","position":2,"name":"Sorpres\u00f3n In the list of summoned of the Bar\u00e7a-Sportive!"}]},{"@type":"WebSite","@id":"https:\/\/www.fcbarcelonanoticias.com\/en\/#website","url":"https:\/\/www.fcbarcelonanoticias.com\/en\/","name":"EN - FC Barcelona Noticias","description":"","potentialAction":[{"@type":"SearchAction","target":{"@type":"EntryPoint","urlTemplate":"https:\/\/www.fcbarcelonanoticias.com\/en\/?s={search_term_string}"},"query-input":{"@type":"PropertyValueSpecification","valueRequired":true,"valueName":"search_term_string"}}],"inLanguage":"en-US"},{"@type":"Person","@id":"https:\/\/www.fcbarcelonanoticias.com\/en\/#\/schema\/person\/888e29b17b79c70d1c617d8a7bc9b8c6","name":"Carlos Dom\u00ednguez","image":{"@type":"ImageObject","inLanguage":"en-US","@id":"https:\/\/secure.gravatar.com\/avatar\/?s=96&d=mm&r=g","url":"https:\/\/secure.gravatar.com\/avatar\/?s=96&d=mm&r=g","contentUrl":"https:\/\/secure.gravatar.com\/avatar\/?s=96&d=mm&r=g","caption":"Carlos Dom\u00ednguez"},"url":"https:\/\/www.fcbarcelonanoticias.com\/en\/carlos-dominguez_2_115.html"}]}},"_links":{"self":[{"href":"https:\/\/www.fcbarcelonanoticias.com\/en\/wp-json\/wp\/v2\/posts\/27377","targetHints":{"allow":["GET"]}}],"collection":[{"href":"https:\/\/www.fcbarcelonanoticias.com\/en\/wp-json\/wp\/v2\/posts"}],"about":[{"href":"https:\/\/www.fcbarcelonanoticias.com\/en\/wp-json\/wp\/v2\/types\/post"}],"author":[{"embeddable":true,"href":"https:\/\/www.fcbarcelonanoticias.com\/en\/wp-json\/wp\/v2\/users\/366"}],"replies":[{"embeddable":true,"href":"https:\/\/www.fcbarcelonanoticias.com\/en\/wp-json\/wp\/v2\/comments?post=27377"}],"version-history":[{"count":3,"href":"https:\/\/www.fcbarcelonanoticias.com\/en\/wp-json\/wp\/v2\/posts\/27377\/revisions"}],"predecessor-version":[{"id":180232,"href":"https:\/\/www.fcbarcelonanoticias.com\/en\/wp-json\/wp\/v2\/posts\/27377\/revisions\/180232"}],"wp:featuredmedia":[{"embeddable":true,"href":"https:\/\/www.fcbarcelonanoticias.com\/en\/wp-json\/wp\/v2\/media\/24946"}],"wp:attachment":[{"href":"https:\/\/www.fcbarcelonanoticias.com\/en\/wp-json\/wp\/v2\/media?parent=27377"}],"wp:term":[{"taxonomy":"category","embeddable":true,"href":"https:\/\/www.fcbarcelonanoticias.com\/en\/wp-json\/wp\/v2\/categories?post=27377"},{"taxonomy":"post_tag","embeddable":true,"href":"https:\/\/www.fcbarcelonanoticias.com\/en\/wp-json\/wp\/v2\/tags?post=27377"}],"curies":[{"name":"wp","href":"https:\/\/api.w.org\/{rel}","templated":true}]}}