{"id":27401,"date":"2023-02-27T15:30:00","date_gmt":"2023-02-27T14:30:00","guid":{"rendered":"https:\/\/weisetech.dev\/fc-barcelona-noticias\/en\/solutions-has-xavi-cover-painful-low-lewandowski_290035_102\/"},"modified":"2023-02-27T17:32:00","modified_gmt":"2023-02-27T16:32:00","slug":"solutions-has-xavi-cover-painful-low-lewandowski_290035_102","status":"publish","type":"post","link":"https:\/\/www.fcbarcelonanoticias.com\/en\/fc-barcelona\/solutions-has-xavi-cover-painful-low-lewandowski_290035_102.html","title":{"rendered":"The solutions that Xavi has to cover the painful loss of Lewandowski"},"content":{"rendered":"<h2 class=\"wp-block-heading\">Real Madrid will be the next opponent of a Bar\u00e7a that has lost its best player due to injury and also reaches the Copa del Rey Classic with two consecutive defeats, so Xavi will need to think of several solutions<\/h2>  \r\n<div class=\"article-addons\">\r\n    <a href=\"https:\/\/www.fcbarcelonanoticias.com\/en\/calendar-fc-barcelona.html\"\r\n       target=\"_self\"\r\n       title=\"Calendar of FC Barcelona\"\r\n       class=\"blue-gredient-btn\">\r\n       \r\n        Calendar of FC Barcelona    <\/a>\r\n<\/div>   <p>A lot of wanted to have a machine of the time or predict the future, but up to now are two things that the human being has not been able to reach. Any one of these two alternatives would have been more than valid so that at present the FC Barcelona do not stress <strong>a small crisis of game and results that began with the gone of the eliminatory in front of the Manchester United in the Europe League.<\/strong><\/p>  <p>That afternoon the cul\u00e9s began winning but grieve could save the tie, <strong>besides fell lesionado Pedri, the one who will follow of drop at least other 20 days more.<\/strong> They happened the days and the cul\u00e9s remained deleted of the European tournament and few days afterwards added the injury of Ansu Fati, the defeat in front of the Almer\u00eda <a data-external=\"0\" data-intl-links-en=\"https:\/\/www.fcbarcelonanoticias.com\/en\/copa-del-rey\/drama-lewandowski-the-pole-is-lesionado-and-will-not-play-the-classical-of-glass-of-rey_290025_102.html\" data-intl-links-es=\"https:\/\/www.fcbarcelonanoticias.com\/copa-del-rey\/drama-lewandowski-polaco-esta-lesionado-no-jugara-clasico-copa-rey_290025_102.html\" href=\"https:\/\/www.fcbarcelonanoticias.com\/en\/copa-del-rey\/drama-lewandowski-the-pole-is-lesionado-and-will-not-play-the-classical-of-glass-of-rey_290025_102.html\" rel=\"follow\" target=\"_self\" title=\"\u00a1Drama Lewandowski! El polaco est\u00e1 lesionado y no jugar\u00e1 el Cl\u00e1sico de Copa del Rey contra el Madrid\">and the drop, also by injury, of Robert Lewandowski,<\/a> his more important footballer.<\/p>  <p>To having known that in winter, surely Xavi would not have left to go out to Memphis Depay to the Athletic of Madrid, or m\u00ednimamente would have brought a replacement before it closed the market the past 31 January. Now, of his five forwards the mister Barcelona only has two (Raphinha and Ferran) <strong>to confront <a data-external=\"0\" data-intl-links-en=\"https:\/\/www.fcbarcelonanoticias.com\/en\/copa-del-rey-schedule-and-results.html\" data-intl-links-es=\"https:\/\/www.fcbarcelonanoticias.com\/copa-del-rey-calendario-y-resultados.html\" href=\"https:\/\/www.fcbarcelonanoticias.com\/en\/copa-del-rey-schedule-and-results.html\" rel=\"follow\" target=\"_self\" title=\"Copa del Rey - Calendario y Resultados\">the gone of the semifinals of Glass in front of the Real Madrid<\/a>, his rival also in the career by LaLiga.<\/strong><\/p>  <p>The whites, that have raised his physical level and of results, will arrive also with some drops but with his eleven headline almost all available. All the contrary for a Bar\u00e7a that neither will be able to have Demb\u00e9l\u00e9 for this crash, and neither to measure to Valencia the Sunday in the Camp Nou, <strong>split in which the own technician will fulfil a day of suspension, to the equal that Gavi.<\/strong><\/p>  <h3>The most critical moment<\/h3>  <p>All season has high and basses, this always knows , but seems that the one of the Bar\u00e7a has gathered all his problems in February and now has to find solutions. <strong>For now, the system of four mediocampistas will allow him to the team cul\u00e9 can compete with alone Ferran -of centrodelantero- and Raphinha.<\/strong> In front of the Madrid will go Gavi, as in the Supercopa, to do of left extreme, and the half of the field will be of Kessi\u00e9, Of Jong and Busquets, with the Dutch being the only of the three that transmits confidence to the day of today.<\/p>  <p>Without going in in religious subjects the reality is that for this week Xavi and the Bar\u00e7a need no one, but several miracles. <strong>To go back to the way of the triumph will need of Ferran that it was of good roll with the goal, of a Raphinha that of a jump in his performance, an Ansu that can be to 100%, a Kound\u00e9 that detain to Vinicius<\/strong> or that if it touches him go of head office, can offer a security like the one of Ara\u00fajo. The staff seemed cover but in a moment delicate of the season the confidence in the available names does not seem too high.<\/p> ","protected":false},"excerpt":{"rendered":"<p>Real Madrid will be the next opponent of a Bar\u00e7a that has lost its best player due to injury and also reaches the Copa del Rey Classic with two consecutive defeats, so Xavi will need to think of several solutions A lot of wanted to have a machine of the time or predict the future, [&hellip;]<\/p>\n","protected":false},"author":345,"featured_media":27402,"comment_status":"closed","ping_status":"open","sticky":false,"template":"","format":"standard","meta":{"_acf_changed":false,"inline_featured_image":false,"_nextfly_llmd_date_locked":false,"footnotes":""},"categories":[111],"tags":[48],"class_list":["post-27401","post","type-post","status-publish","format-standard","has-post-thumbnail","hentry","category-fc-barcelona","tag-xavi-hernandez"],"acf":[],"yoast_head":"<!-- This site is optimized with the Yoast SEO plugin v27.3 - https:\/\/yoast.com\/product\/yoast-seo-wordpress\/ -->\n<title>The solutions that Xavi has to cover the painful loss of Lewandowski<\/title>\n<meta name=\"description\" content=\"Real Madrid will be the next opponent of a Bar\u00e7a that has lost its best player due to injury and also reaches the Copa del Rey Classic with two consecutive defeats, so Xavi will need to think of several solutions\" \/>\n<meta name=\"robots\" content=\"index, follow, max-snippet:-1, max-image-preview:large, max-video-preview:-1\" \/>\n<link rel=\"canonical\" href=\"https:\/\/www.fcbarcelonanoticias.com\/en\/fc-barcelona\/solutions-has-xavi-cover-painful-low-lewandowski_290035_102.html\" \/>\n<meta property=\"og:locale\" content=\"en_US\" \/>\n<meta property=\"og:type\" content=\"article\" \/>\n<meta property=\"og:title\" content=\"The solutions that Xavi has to cover the painful loss of Lewandowski\" \/>\n<meta property=\"og:description\" content=\"Real Madrid will be the next opponent of a Bar\u00e7a that has lost its best player due to injury and also reaches the Copa del Rey Classic with two consecutive defeats, so Xavi will need to think of several solutions\" \/>\n<meta property=\"og:url\" content=\"https:\/\/www.fcbarcelonanoticias.com\/en\/fc-barcelona\/solutions-has-xavi-cover-painful-low-lewandowski_290035_102.html\" \/>\n<meta property=\"og:site_name\" content=\"EN - FC Barcelona Noticias\" \/>\n<meta property=\"article:published_time\" content=\"2023-02-27T14:30:00+00:00\" \/>\n<meta property=\"article:modified_time\" content=\"2023-02-27T16:32:00+00:00\" \/>\n<meta property=\"og:image\" content=\"https:\/\/www.fcbarcelonanoticias.com\/en\/wp-content\/uploads\/sites\/2\/2023\/02\/robert-lewandowski-xavi.jpeg\" \/>\n\t<meta property=\"og:image:width\" content=\"1300\" \/>\n\t<meta property=\"og:image:height\" content=\"735\" \/>\n\t<meta property=\"og:image:type\" content=\"image\/jpeg\" \/>\n<meta name=\"author\" content=\"Carlos Montenegro\" \/>\n<meta name=\"twitter:card\" content=\"summary_large_image\" \/>\n<meta name=\"twitter:label1\" content=\"Written by\" \/>\n\t<meta name=\"twitter:data1\" content=\"Carlos Montenegro\" \/>\n\t<meta name=\"twitter:label2\" content=\"Est. reading time\" \/>\n\t<meta name=\"twitter:data2\" content=\"3 minutes\" \/>\n<script type=\"application\/ld+json\" class=\"yoast-schema-graph\">{\"@context\":\"https:\\\/\\\/schema.org\",\"@graph\":[{\"@type\":\"Article\",\"@id\":\"https:\\\/\\\/www.fcbarcelonanoticias.com\\\/en\\\/fc-barcelona\\\/solutions-has-xavi-cover-painful-low-lewandowski_290035_102.html#article\",\"isPartOf\":{\"@id\":\"https:\\\/\\\/www.fcbarcelonanoticias.com\\\/en\\\/fc-barcelona\\\/solutions-has-xavi-cover-painful-low-lewandowski_290035_102.html\"},\"author\":{\"name\":\"Carlos Montenegro\",\"@id\":\"https:\\\/\\\/www.fcbarcelonanoticias.com\\\/en\\\/#\\\/schema\\\/person\\\/aa1d038709c262cb247e240f6b39bbf5\"},\"headline\":\"The solutions that Xavi has to cover the painful loss of Lewandowski\",\"datePublished\":\"2023-02-27T14:30:00+00:00\",\"dateModified\":\"2023-02-27T16:32:00+00:00\",\"mainEntityOfPage\":{\"@id\":\"https:\\\/\\\/www.fcbarcelonanoticias.com\\\/en\\\/fc-barcelona\\\/solutions-has-xavi-cover-painful-low-lewandowski_290035_102.html\"},\"wordCount\":572,\"image\":{\"@id\":\"https:\\\/\\\/www.fcbarcelonanoticias.com\\\/en\\\/fc-barcelona\\\/solutions-has-xavi-cover-painful-low-lewandowski_290035_102.html#primaryimage\"},\"thumbnailUrl\":\"https:\\\/\\\/www.fcbarcelonanoticias.com\\\/en\\\/wp-content\\\/uploads\\\/sites\\\/2\\\/2023\\\/02\\\/robert-lewandowski-xavi.jpeg\",\"keywords\":[\"Xavi Hern\u00e1ndez\"],\"articleSection\":[\"FC Barcelona\"],\"inLanguage\":\"en-US\"},{\"@type\":\"WebPage\",\"@id\":\"https:\\\/\\\/www.fcbarcelonanoticias.com\\\/en\\\/fc-barcelona\\\/solutions-has-xavi-cover-painful-low-lewandowski_290035_102.html\",\"url\":\"https:\\\/\\\/www.fcbarcelonanoticias.com\\\/en\\\/fc-barcelona\\\/solutions-has-xavi-cover-painful-low-lewandowski_290035_102.html\",\"name\":\"The solutions that Xavi has to cover the painful loss of Lewandowski\",\"isPartOf\":{\"@id\":\"https:\\\/\\\/www.fcbarcelonanoticias.com\\\/en\\\/#website\"},\"primaryImageOfPage\":{\"@id\":\"https:\\\/\\\/www.fcbarcelonanoticias.com\\\/en\\\/fc-barcelona\\\/solutions-has-xavi-cover-painful-low-lewandowski_290035_102.html#primaryimage\"},\"image\":{\"@id\":\"https:\\\/\\\/www.fcbarcelonanoticias.com\\\/en\\\/fc-barcelona\\\/solutions-has-xavi-cover-painful-low-lewandowski_290035_102.html#primaryimage\"},\"thumbnailUrl\":\"https:\\\/\\\/www.fcbarcelonanoticias.com\\\/en\\\/wp-content\\\/uploads\\\/sites\\\/2\\\/2023\\\/02\\\/robert-lewandowski-xavi.jpeg\",\"datePublished\":\"2023-02-27T14:30:00+00:00\",\"dateModified\":\"2023-02-27T16:32:00+00:00\",\"author\":{\"@id\":\"https:\\\/\\\/www.fcbarcelonanoticias.com\\\/en\\\/#\\\/schema\\\/person\\\/aa1d038709c262cb247e240f6b39bbf5\"},\"description\":\"Real Madrid will be the next opponent of a Bar\u00e7a that has lost its best player due to injury and also reaches the Copa del Rey Classic with two consecutive defeats, so Xavi will need to think of several solutions\",\"breadcrumb\":{\"@id\":\"https:\\\/\\\/www.fcbarcelonanoticias.com\\\/en\\\/fc-barcelona\\\/solutions-has-xavi-cover-painful-low-lewandowski_290035_102.html#breadcrumb\"},\"inLanguage\":\"en-US\",\"potentialAction\":[{\"@type\":\"ReadAction\",\"target\":[\"https:\\\/\\\/www.fcbarcelonanoticias.com\\\/en\\\/fc-barcelona\\\/solutions-has-xavi-cover-painful-low-lewandowski_290035_102.html\"]}]},{\"@type\":\"ImageObject\",\"inLanguage\":\"en-US\",\"@id\":\"https:\\\/\\\/www.fcbarcelonanoticias.com\\\/en\\\/fc-barcelona\\\/solutions-has-xavi-cover-painful-low-lewandowski_290035_102.html#primaryimage\",\"url\":\"https:\\\/\\\/www.fcbarcelonanoticias.com\\\/en\\\/wp-content\\\/uploads\\\/sites\\\/2\\\/2023\\\/02\\\/robert-lewandowski-xavi.jpeg\",\"contentUrl\":\"https:\\\/\\\/www.fcbarcelonanoticias.com\\\/en\\\/wp-content\\\/uploads\\\/sites\\\/2\\\/2023\\\/02\\\/robert-lewandowski-xavi.jpeg\",\"width\":1300,\"height\":735},{\"@type\":\"BreadcrumbList\",\"@id\":\"https:\\\/\\\/www.fcbarcelonanoticias.com\\\/en\\\/fc-barcelona\\\/solutions-has-xavi-cover-painful-low-lewandowski_290035_102.html#breadcrumb\",\"itemListElement\":[{\"@type\":\"ListItem\",\"position\":1,\"name\":\"Portada\",\"item\":\"https:\\\/\\\/www.fcbarcelonanoticias.com\\\/en\\\/\"},{\"@type\":\"ListItem\",\"position\":2,\"name\":\"The solutions that Xavi has to cover the painful loss of Lewandowski\"}]},{\"@type\":\"WebSite\",\"@id\":\"https:\\\/\\\/www.fcbarcelonanoticias.com\\\/en\\\/#website\",\"url\":\"https:\\\/\\\/www.fcbarcelonanoticias.com\\\/en\\\/\",\"name\":\"EN - FC Barcelona Noticias\",\"description\":\"\",\"potentialAction\":[{\"@type\":\"SearchAction\",\"target\":{\"@type\":\"EntryPoint\",\"urlTemplate\":\"https:\\\/\\\/www.fcbarcelonanoticias.com\\\/en\\\/?s={search_term_string}\"},\"query-input\":{\"@type\":\"PropertyValueSpecification\",\"valueRequired\":true,\"valueName\":\"search_term_string\"}}],\"inLanguage\":\"en-US\"},{\"@type\":\"Person\",\"@id\":\"https:\\\/\\\/www.fcbarcelonanoticias.com\\\/en\\\/#\\\/schema\\\/person\\\/aa1d038709c262cb247e240f6b39bbf5\",\"name\":\"Carlos Montenegro\",\"image\":{\"@type\":\"ImageObject\",\"inLanguage\":\"en-US\",\"@id\":\"https:\\\/\\\/secure.gravatar.com\\\/avatar\\\/?s=96&d=mm&r=g\",\"url\":\"https:\\\/\\\/secure.gravatar.com\\\/avatar\\\/?s=96&d=mm&r=g\",\"contentUrl\":\"https:\\\/\\\/secure.gravatar.com\\\/avatar\\\/?s=96&d=mm&r=g\",\"caption\":\"Carlos Montenegro\"},\"url\":\"https:\\\/\\\/www.fcbarcelonanoticias.com\\\/en\\\/carlos-montenegro_20_115.html\"}]}<\/script>\n<!-- \/ Yoast SEO plugin. -->","yoast_head_json":{"title":"The solutions that Xavi has to cover the painful loss of Lewandowski","description":"Real Madrid will be the next opponent of a Bar\u00e7a that has lost its best player due to injury and also reaches the Copa del Rey Classic with two consecutive defeats, so Xavi will need to think of several solutions","robots":{"index":"index","follow":"follow","max-snippet":"max-snippet:-1","max-image-preview":"max-image-preview:large","max-video-preview":"max-video-preview:-1"},"canonical":"https:\/\/www.fcbarcelonanoticias.com\/en\/fc-barcelona\/solutions-has-xavi-cover-painful-low-lewandowski_290035_102.html","og_locale":"en_US","og_type":"article","og_title":"The solutions that Xavi has to cover the painful loss of Lewandowski","og_description":"Real Madrid will be the next opponent of a Bar\u00e7a that has lost its best player due to injury and also reaches the Copa del Rey Classic with two consecutive defeats, so Xavi will need to think of several solutions","og_url":"https:\/\/www.fcbarcelonanoticias.com\/en\/fc-barcelona\/solutions-has-xavi-cover-painful-low-lewandowski_290035_102.html","og_site_name":"EN - FC Barcelona Noticias","article_published_time":"2023-02-27T14:30:00+00:00","article_modified_time":"2023-02-27T16:32:00+00:00","og_image":[{"width":1300,"height":735,"url":"https:\/\/www.fcbarcelonanoticias.com\/en\/wp-content\/uploads\/sites\/2\/2023\/02\/robert-lewandowski-xavi.jpeg","type":"image\/jpeg"}],"author":"Carlos Montenegro","twitter_card":"summary_large_image","twitter_misc":{"Written by":"Carlos Montenegro","Est. reading time":"3 minutes"},"schema":{"@context":"https:\/\/schema.org","@graph":[{"@type":"Article","@id":"https:\/\/www.fcbarcelonanoticias.com\/en\/fc-barcelona\/solutions-has-xavi-cover-painful-low-lewandowski_290035_102.html#article","isPartOf":{"@id":"https:\/\/www.fcbarcelonanoticias.com\/en\/fc-barcelona\/solutions-has-xavi-cover-painful-low-lewandowski_290035_102.html"},"author":{"name":"Carlos Montenegro","@id":"https:\/\/www.fcbarcelonanoticias.com\/en\/#\/schema\/person\/aa1d038709c262cb247e240f6b39bbf5"},"headline":"The solutions that Xavi has to cover the painful loss of Lewandowski","datePublished":"2023-02-27T14:30:00+00:00","dateModified":"2023-02-27T16:32:00+00:00","mainEntityOfPage":{"@id":"https:\/\/www.fcbarcelonanoticias.com\/en\/fc-barcelona\/solutions-has-xavi-cover-painful-low-lewandowski_290035_102.html"},"wordCount":572,"image":{"@id":"https:\/\/www.fcbarcelonanoticias.com\/en\/fc-barcelona\/solutions-has-xavi-cover-painful-low-lewandowski_290035_102.html#primaryimage"},"thumbnailUrl":"https:\/\/www.fcbarcelonanoticias.com\/en\/wp-content\/uploads\/sites\/2\/2023\/02\/robert-lewandowski-xavi.jpeg","keywords":["Xavi Hern\u00e1ndez"],"articleSection":["FC Barcelona"],"inLanguage":"en-US"},{"@type":"WebPage","@id":"https:\/\/www.fcbarcelonanoticias.com\/en\/fc-barcelona\/solutions-has-xavi-cover-painful-low-lewandowski_290035_102.html","url":"https:\/\/www.fcbarcelonanoticias.com\/en\/fc-barcelona\/solutions-has-xavi-cover-painful-low-lewandowski_290035_102.html","name":"The solutions that Xavi has to cover the painful loss of Lewandowski","isPartOf":{"@id":"https:\/\/www.fcbarcelonanoticias.com\/en\/#website"},"primaryImageOfPage":{"@id":"https:\/\/www.fcbarcelonanoticias.com\/en\/fc-barcelona\/solutions-has-xavi-cover-painful-low-lewandowski_290035_102.html#primaryimage"},"image":{"@id":"https:\/\/www.fcbarcelonanoticias.com\/en\/fc-barcelona\/solutions-has-xavi-cover-painful-low-lewandowski_290035_102.html#primaryimage"},"thumbnailUrl":"https:\/\/www.fcbarcelonanoticias.com\/en\/wp-content\/uploads\/sites\/2\/2023\/02\/robert-lewandowski-xavi.jpeg","datePublished":"2023-02-27T14:30:00+00:00","dateModified":"2023-02-27T16:32:00+00:00","author":{"@id":"https:\/\/www.fcbarcelonanoticias.com\/en\/#\/schema\/person\/aa1d038709c262cb247e240f6b39bbf5"},"description":"Real Madrid will be the next opponent of a Bar\u00e7a that has lost its best player due to injury and also reaches the Copa del Rey Classic with two consecutive defeats, so Xavi will need to think of several solutions","breadcrumb":{"@id":"https:\/\/www.fcbarcelonanoticias.com\/en\/fc-barcelona\/solutions-has-xavi-cover-painful-low-lewandowski_290035_102.html#breadcrumb"},"inLanguage":"en-US","potentialAction":[{"@type":"ReadAction","target":["https:\/\/www.fcbarcelonanoticias.com\/en\/fc-barcelona\/solutions-has-xavi-cover-painful-low-lewandowski_290035_102.html"]}]},{"@type":"ImageObject","inLanguage":"en-US","@id":"https:\/\/www.fcbarcelonanoticias.com\/en\/fc-barcelona\/solutions-has-xavi-cover-painful-low-lewandowski_290035_102.html#primaryimage","url":"https:\/\/www.fcbarcelonanoticias.com\/en\/wp-content\/uploads\/sites\/2\/2023\/02\/robert-lewandowski-xavi.jpeg","contentUrl":"https:\/\/www.fcbarcelonanoticias.com\/en\/wp-content\/uploads\/sites\/2\/2023\/02\/robert-lewandowski-xavi.jpeg","width":1300,"height":735},{"@type":"BreadcrumbList","@id":"https:\/\/www.fcbarcelonanoticias.com\/en\/fc-barcelona\/solutions-has-xavi-cover-painful-low-lewandowski_290035_102.html#breadcrumb","itemListElement":[{"@type":"ListItem","position":1,"name":"Portada","item":"https:\/\/www.fcbarcelonanoticias.com\/en\/"},{"@type":"ListItem","position":2,"name":"The solutions that Xavi has to cover the painful loss of Lewandowski"}]},{"@type":"WebSite","@id":"https:\/\/www.fcbarcelonanoticias.com\/en\/#website","url":"https:\/\/www.fcbarcelonanoticias.com\/en\/","name":"EN - FC Barcelona Noticias","description":"","potentialAction":[{"@type":"SearchAction","target":{"@type":"EntryPoint","urlTemplate":"https:\/\/www.fcbarcelonanoticias.com\/en\/?s={search_term_string}"},"query-input":{"@type":"PropertyValueSpecification","valueRequired":true,"valueName":"search_term_string"}}],"inLanguage":"en-US"},{"@type":"Person","@id":"https:\/\/www.fcbarcelonanoticias.com\/en\/#\/schema\/person\/aa1d038709c262cb247e240f6b39bbf5","name":"Carlos Montenegro","image":{"@type":"ImageObject","inLanguage":"en-US","@id":"https:\/\/secure.gravatar.com\/avatar\/?s=96&d=mm&r=g","url":"https:\/\/secure.gravatar.com\/avatar\/?s=96&d=mm&r=g","contentUrl":"https:\/\/secure.gravatar.com\/avatar\/?s=96&d=mm&r=g","caption":"Carlos Montenegro"},"url":"https:\/\/www.fcbarcelonanoticias.com\/en\/carlos-montenegro_20_115.html"}]}},"_links":{"self":[{"href":"https:\/\/www.fcbarcelonanoticias.com\/en\/wp-json\/wp\/v2\/posts\/27401","targetHints":{"allow":["GET"]}}],"collection":[{"href":"https:\/\/www.fcbarcelonanoticias.com\/en\/wp-json\/wp\/v2\/posts"}],"about":[{"href":"https:\/\/www.fcbarcelonanoticias.com\/en\/wp-json\/wp\/v2\/types\/post"}],"author":[{"embeddable":true,"href":"https:\/\/www.fcbarcelonanoticias.com\/en\/wp-json\/wp\/v2\/users\/345"}],"replies":[{"embeddable":true,"href":"https:\/\/www.fcbarcelonanoticias.com\/en\/wp-json\/wp\/v2\/comments?post=27401"}],"version-history":[{"count":1,"href":"https:\/\/www.fcbarcelonanoticias.com\/en\/wp-json\/wp\/v2\/posts\/27401\/revisions"}],"predecessor-version":[{"id":109218,"href":"https:\/\/www.fcbarcelonanoticias.com\/en\/wp-json\/wp\/v2\/posts\/27401\/revisions\/109218"}],"wp:featuredmedia":[{"embeddable":true,"href":"https:\/\/www.fcbarcelonanoticias.com\/en\/wp-json\/wp\/v2\/media\/27402"}],"wp:attachment":[{"href":"https:\/\/www.fcbarcelonanoticias.com\/en\/wp-json\/wp\/v2\/media?parent=27401"}],"wp:term":[{"taxonomy":"category","embeddable":true,"href":"https:\/\/www.fcbarcelonanoticias.com\/en\/wp-json\/wp\/v2\/categories?post=27401"},{"taxonomy":"post_tag","embeddable":true,"href":"https:\/\/www.fcbarcelonanoticias.com\/en\/wp-json\/wp\/v2\/tags?post=27401"}],"curies":[{"name":"wp","href":"https:\/\/api.w.org\/{rel}","templated":true}]}}