{"id":27702,"date":"2024-10-05T13:06:00","date_gmt":"2024-10-05T11:06:00","guid":{"rendered":"https:\/\/weisetech.dev\/fc-barcelona-noticias\/en\/szczesny-form-threatens-inaki-pena-place-as-starter_307726_102\/"},"modified":"2026-03-27T11:43:34","modified_gmt":"2026-03-27T10:43:34","slug":"szczesny-form-threatens-inaki-pena-place-as-starter_307726_102","status":"publish","type":"post","link":"https:\/\/www.fcbarcelonanoticias.com\/en\/fc-barcelona\/szczesny-form-threatens-inaki-pena-place-as-starter_307726_102.html","title":{"rendered":"Szczesny&#8217;s form &#8216;threatens&#8217; I\u00f1aki Pe\u00f1a&#8217;s place as a starter"},"content":{"rendered":"<h2 class=\"wp-block-heading\">Wojciech Szczesny could be ready to play very soon. The Pole has taken care of himself while retired and has pleasantly surprised Barcelona<\/h2>  \r\n<div class=\"article-addons\">\r\n    <a href=\"https:\/\/www.fcbarcelonanoticias.com\/en\/calendar-fc-barcelona.html\"\r\n       target=\"_self\"\r\n       title=\"Calendar of FC Barcelona\"\r\n       class=\"blue-gredient-btn\">\r\n       \r\n        Calendar of FC Barcelona    <\/a>\r\n<\/div>   <p><strong>Wojciech Szczesny<\/strong> landed at <strong>FC Barcelona<\/strong> surrounded by a sea of \u200b\u200bdoubts about his physical condition. The Pole had announced his retirement after the end of the Eurocup, so since June he had been away from the demands of training with elite football teams. However, when he received the call from <strong>Lewandowski <\/strong>to sound out his signing due to Ter Stegen&#8217;s long-term injury, the player did not hesitate to say yes to the Catalans.<\/p>  <div class=\"cke-element cke-element--102\"><section class=\"c-related-article\"><figure class=\"c-image__fig\"><a href=\"https:\/\/www.fcbarcelonanoticias.com\/en\/fc-barcelona\/primer-entrenamiento-wojciech-szczesny-con-barcelona_307704_102.html\" title=\"primer entrenamiento szczesny barcelona\" class=\"c-image__imglink\"><picture><img decoding=\"async\" src=\"https:\/\/www.fcbarcelonanoticias.com\/wp-content\/uploads\/sites\/2\/2024\/10\/fcbn-e16bc9d116c4c68106ed123b7cb3849f.jpeg\" alt=\"primer entrenamiento szczesny barcelona\" title=\"primer entrenamiento szczesny barcelona\" class=\"c-image__img\" width=\"1250\" height=\"833\" loading=\"lazy\"><\/picture><\/a>     <\/figure><div class=\"c-related-article__wrapper\">         <p class=\"c-related-article__avantitle\">Related<\/p>         <h4 class=\"c-related-article__title\">             <a href=\"https:\/\/www.fcbarcelonanoticias.com\/en\/fc-barcelona\/primer-entrenamiento-wojciech-szczesny-con-barcelona_307704_102.html\" title=\"Szczesny's first training session with Barcelona\" class=\"c-related-article__link\">                 Szczesny&#8217;s first training session with Barcelona             <\/a>         <\/h4>     <\/div> <\/section><\/div>  <p>Once he signed his contract with the Blaugrana entity, the footballer made himself available to <strong>Hansi Flick <\/strong>and his staff to begin his preparation, and his form has pleasantly surprised at the <strong>Ciutat Esportiva Joan Gamper<\/strong>. The goalkeeper has not let his guard down during the weeks in which he was without a team and, according to &#8216;Mundo Deportivo&#8217;, voices in the locker room maintain that he looks very good.<\/p>  <h2>Is I\u00f1aki Pe\u00f1a&#8217;s starting position threatened?<\/h2>  <p>In fact, these sources within the Catalan institution would assure that <strong>the footballer could play soon if Flick so decides<\/strong>. A scenario that could gain strength in the next two weeks in the middle of the international break, a context in which the player could &#8216;push&#8217; to &#8216;steal&#8217; the starting position in the Blaugrana goal from <strong>I\u00f1aki Pe\u00f1a<\/strong>.<\/p>  <p><strong>Szczesny<\/strong>, in addition to the training sessions, is doing extra strength work in the gym and also goalkeeping. He had exercised his physique throughout the month of August and only needed to recover competitive rhythm and sensations between the sticks, but everything points to the fact that he will shorten the deadlines and could receive the &#8216;green light&#8217; to play again sooner than expected.<\/p> ","protected":false},"excerpt":{"rendered":"<p>Wojciech Szczesny could be ready to play very soon. The Pole has taken care of himself while retired and has pleasantly surprised Barcelona Wojciech Szczesny landed at FC Barcelona surrounded by a sea of \u200b\u200bdoubts about his physical condition. The Pole had announced his retirement after the end of the Eurocup, so since June he [&hellip;]<\/p>\n","protected":false},"author":358,"featured_media":27704,"comment_status":"closed","ping_status":"open","sticky":false,"template":"","format":"standard","meta":{"_acf_changed":false,"inline_featured_image":false,"_nextfly_llmd_date_locked":false,"footnotes":""},"categories":[111],"tags":[],"class_list":["post-27702","post","type-post","status-publish","format-standard","has-post-thumbnail","hentry","category-fc-barcelona"],"acf":[],"yoast_head":"<!-- This site is optimized with the Yoast SEO plugin v27.3 - https:\/\/yoast.com\/product\/yoast-seo-wordpress\/ -->\n<title>Szczesny&#039;s form &#039;threatens&#039; I\u00f1aki Pe\u00f1a&#039;s place as a starter<\/title>\n<meta name=\"description\" content=\"Wojciech Szczesny could be ready to play very soon. The Pole has taken care of himself while retired and has pleasantly surprised Barcelona\" \/>\n<meta name=\"robots\" content=\"index, follow, max-snippet:-1, max-image-preview:large, max-video-preview:-1\" \/>\n<link rel=\"canonical\" href=\"https:\/\/www.fcbarcelonanoticias.com\/en\/fc-barcelona\/szczesny-form-threatens-inaki-pena-place-as-starter_307726_102.html\" \/>\n<meta property=\"og:locale\" content=\"en_US\" \/>\n<meta property=\"og:type\" content=\"article\" \/>\n<meta property=\"og:title\" content=\"Szczesny&#039;s form &#039;threatens&#039; I\u00f1aki Pe\u00f1a&#039;s place as a starter\" \/>\n<meta property=\"og:description\" content=\"Wojciech Szczesny could be ready to play very soon. The Pole has taken care of himself while retired and has pleasantly surprised Barcelona\" \/>\n<meta property=\"og:url\" content=\"https:\/\/www.fcbarcelonanoticias.com\/en\/fc-barcelona\/szczesny-form-threatens-inaki-pena-place-as-starter_307726_102.html\" \/>\n<meta property=\"og:site_name\" content=\"EN - FC Barcelona Noticias\" \/>\n<meta property=\"article:published_time\" content=\"2024-10-05T11:06:00+00:00\" \/>\n<meta property=\"article:modified_time\" content=\"2026-03-27T10:43:34+00:00\" \/>\n<meta property=\"og:image\" content=\"https:\/\/www.fcbarcelonanoticias.com\/en\/wp-content\/uploads\/sites\/2\/2024\/10\/wojciech-szczesny-montjuic.jpeg\" \/>\n\t<meta property=\"og:image:width\" content=\"1250\" \/>\n\t<meta property=\"og:image:height\" content=\"729\" \/>\n\t<meta property=\"og:image:type\" content=\"image\/jpeg\" \/>\n<meta name=\"author\" content=\"Juan Pablo Berdugo\" \/>\n<meta name=\"twitter:card\" content=\"summary_large_image\" \/>\n<meta name=\"twitter:label1\" content=\"Written by\" \/>\n\t<meta name=\"twitter:data1\" content=\"Juan Pablo Berdugo\" \/>\n\t<meta name=\"twitter:label2\" content=\"Est. reading time\" \/>\n\t<meta name=\"twitter:data2\" content=\"2 minutes\" \/>\n<script type=\"application\/ld+json\" class=\"yoast-schema-graph\">{\"@context\":\"https:\\\/\\\/schema.org\",\"@graph\":[{\"@type\":\"Article\",\"@id\":\"https:\\\/\\\/www.fcbarcelonanoticias.com\\\/en\\\/fc-barcelona\\\/szczesny-form-threatens-inaki-pena-place-as-starter_307726_102.html#article\",\"isPartOf\":{\"@id\":\"https:\\\/\\\/www.fcbarcelonanoticias.com\\\/en\\\/fc-barcelona\\\/szczesny-form-threatens-inaki-pena-place-as-starter_307726_102.html\"},\"author\":{\"name\":\"Juan Pablo Berdugo\",\"@id\":\"https:\\\/\\\/www.fcbarcelonanoticias.com\\\/en\\\/#\\\/schema\\\/person\\\/88d756918a0a1ae9fa593b5edddd1815\"},\"headline\":\"Szczesny&#8217;s form &#8216;threatens&#8217; I\u00f1aki Pe\u00f1a&#8217;s place as a starter\",\"datePublished\":\"2024-10-05T11:06:00+00:00\",\"dateModified\":\"2026-03-27T10:43:34+00:00\",\"mainEntityOfPage\":{\"@id\":\"https:\\\/\\\/www.fcbarcelonanoticias.com\\\/en\\\/fc-barcelona\\\/szczesny-form-threatens-inaki-pena-place-as-starter_307726_102.html\"},\"wordCount\":322,\"image\":{\"@id\":\"https:\\\/\\\/www.fcbarcelonanoticias.com\\\/en\\\/fc-barcelona\\\/szczesny-form-threatens-inaki-pena-place-as-starter_307726_102.html#primaryimage\"},\"thumbnailUrl\":\"https:\\\/\\\/www.fcbarcelonanoticias.com\\\/en\\\/wp-content\\\/uploads\\\/sites\\\/2\\\/2024\\\/10\\\/wojciech-szczesny-montjuic.jpeg\",\"articleSection\":[\"FC Barcelona\"],\"inLanguage\":\"en-US\"},{\"@type\":\"WebPage\",\"@id\":\"https:\\\/\\\/www.fcbarcelonanoticias.com\\\/en\\\/fc-barcelona\\\/szczesny-form-threatens-inaki-pena-place-as-starter_307726_102.html\",\"url\":\"https:\\\/\\\/www.fcbarcelonanoticias.com\\\/en\\\/fc-barcelona\\\/szczesny-form-threatens-inaki-pena-place-as-starter_307726_102.html\",\"name\":\"Szczesny's form 'threatens' I\u00f1aki Pe\u00f1a's place as a starter\",\"isPartOf\":{\"@id\":\"https:\\\/\\\/www.fcbarcelonanoticias.com\\\/en\\\/#website\"},\"primaryImageOfPage\":{\"@id\":\"https:\\\/\\\/www.fcbarcelonanoticias.com\\\/en\\\/fc-barcelona\\\/szczesny-form-threatens-inaki-pena-place-as-starter_307726_102.html#primaryimage\"},\"image\":{\"@id\":\"https:\\\/\\\/www.fcbarcelonanoticias.com\\\/en\\\/fc-barcelona\\\/szczesny-form-threatens-inaki-pena-place-as-starter_307726_102.html#primaryimage\"},\"thumbnailUrl\":\"https:\\\/\\\/www.fcbarcelonanoticias.com\\\/en\\\/wp-content\\\/uploads\\\/sites\\\/2\\\/2024\\\/10\\\/wojciech-szczesny-montjuic.jpeg\",\"datePublished\":\"2024-10-05T11:06:00+00:00\",\"dateModified\":\"2026-03-27T10:43:34+00:00\",\"author\":{\"@id\":\"https:\\\/\\\/www.fcbarcelonanoticias.com\\\/en\\\/#\\\/schema\\\/person\\\/88d756918a0a1ae9fa593b5edddd1815\"},\"description\":\"Wojciech Szczesny could be ready to play very soon. The Pole has taken care of himself while retired and has pleasantly surprised Barcelona\",\"breadcrumb\":{\"@id\":\"https:\\\/\\\/www.fcbarcelonanoticias.com\\\/en\\\/fc-barcelona\\\/szczesny-form-threatens-inaki-pena-place-as-starter_307726_102.html#breadcrumb\"},\"inLanguage\":\"en-US\",\"potentialAction\":[{\"@type\":\"ReadAction\",\"target\":[\"https:\\\/\\\/www.fcbarcelonanoticias.com\\\/en\\\/fc-barcelona\\\/szczesny-form-threatens-inaki-pena-place-as-starter_307726_102.html\"]}]},{\"@type\":\"ImageObject\",\"inLanguage\":\"en-US\",\"@id\":\"https:\\\/\\\/www.fcbarcelonanoticias.com\\\/en\\\/fc-barcelona\\\/szczesny-form-threatens-inaki-pena-place-as-starter_307726_102.html#primaryimage\",\"url\":\"https:\\\/\\\/www.fcbarcelonanoticias.com\\\/en\\\/wp-content\\\/uploads\\\/sites\\\/2\\\/2024\\\/10\\\/wojciech-szczesny-montjuic.jpeg\",\"contentUrl\":\"https:\\\/\\\/www.fcbarcelonanoticias.com\\\/en\\\/wp-content\\\/uploads\\\/sites\\\/2\\\/2024\\\/10\\\/wojciech-szczesny-montjuic.jpeg\",\"width\":1250,\"height\":729},{\"@type\":\"BreadcrumbList\",\"@id\":\"https:\\\/\\\/www.fcbarcelonanoticias.com\\\/en\\\/fc-barcelona\\\/szczesny-form-threatens-inaki-pena-place-as-starter_307726_102.html#breadcrumb\",\"itemListElement\":[{\"@type\":\"ListItem\",\"position\":1,\"name\":\"Portada\",\"item\":\"https:\\\/\\\/www.fcbarcelonanoticias.com\\\/en\\\/\"},{\"@type\":\"ListItem\",\"position\":2,\"name\":\"Szczesny&#8217;s form &#8216;threatens&#8217; I\u00f1aki Pe\u00f1a&#8217;s place as a starter\"}]},{\"@type\":\"WebSite\",\"@id\":\"https:\\\/\\\/www.fcbarcelonanoticias.com\\\/en\\\/#website\",\"url\":\"https:\\\/\\\/www.fcbarcelonanoticias.com\\\/en\\\/\",\"name\":\"EN - FC Barcelona Noticias\",\"description\":\"\",\"potentialAction\":[{\"@type\":\"SearchAction\",\"target\":{\"@type\":\"EntryPoint\",\"urlTemplate\":\"https:\\\/\\\/www.fcbarcelonanoticias.com\\\/en\\\/?s={search_term_string}\"},\"query-input\":{\"@type\":\"PropertyValueSpecification\",\"valueRequired\":true,\"valueName\":\"search_term_string\"}}],\"inLanguage\":\"en-US\"},{\"@type\":\"Person\",\"@id\":\"https:\\\/\\\/www.fcbarcelonanoticias.com\\\/en\\\/#\\\/schema\\\/person\\\/88d756918a0a1ae9fa593b5edddd1815\",\"name\":\"Juan Pablo Berdugo\",\"image\":{\"@type\":\"ImageObject\",\"inLanguage\":\"en-US\",\"@id\":\"https:\\\/\\\/secure.gravatar.com\\\/avatar\\\/?s=96&d=mm&r=g\",\"url\":\"https:\\\/\\\/secure.gravatar.com\\\/avatar\\\/?s=96&d=mm&r=g\",\"contentUrl\":\"https:\\\/\\\/secure.gravatar.com\\\/avatar\\\/?s=96&d=mm&r=g\",\"caption\":\"Juan Pablo Berdugo\"},\"description\":\"Juan Pablo Berdugo es graduado en Periodismo. Colabora con FCBN como especialista en informaci\u00f3n del primer equipo del FC Barcelona, f\u00fatbol internacional y mercado de fichajes. Destaca por su enfoque anal\u00edtico, su rigor informativo y su capacidad para detectar tendencias emergentes en el f\u00fatbol global.\",\"url\":\"https:\\\/\\\/www.fcbarcelonanoticias.com\\\/en\\\/fc-barcelona\\\/juan-pablo-berdugo_18_115.html\"}]}<\/script>\n<!-- \/ Yoast SEO plugin. -->","yoast_head_json":{"title":"Szczesny's form 'threatens' I\u00f1aki Pe\u00f1a's place as a starter","description":"Wojciech Szczesny could be ready to play very soon. The Pole has taken care of himself while retired and has pleasantly surprised Barcelona","robots":{"index":"index","follow":"follow","max-snippet":"max-snippet:-1","max-image-preview":"max-image-preview:large","max-video-preview":"max-video-preview:-1"},"canonical":"https:\/\/www.fcbarcelonanoticias.com\/en\/fc-barcelona\/szczesny-form-threatens-inaki-pena-place-as-starter_307726_102.html","og_locale":"en_US","og_type":"article","og_title":"Szczesny's form 'threatens' I\u00f1aki Pe\u00f1a's place as a starter","og_description":"Wojciech Szczesny could be ready to play very soon. The Pole has taken care of himself while retired and has pleasantly surprised Barcelona","og_url":"https:\/\/www.fcbarcelonanoticias.com\/en\/fc-barcelona\/szczesny-form-threatens-inaki-pena-place-as-starter_307726_102.html","og_site_name":"EN - FC Barcelona Noticias","article_published_time":"2024-10-05T11:06:00+00:00","article_modified_time":"2026-03-27T10:43:34+00:00","og_image":[{"width":1250,"height":729,"url":"https:\/\/www.fcbarcelonanoticias.com\/en\/wp-content\/uploads\/sites\/2\/2024\/10\/wojciech-szczesny-montjuic.jpeg","type":"image\/jpeg"}],"author":"Juan Pablo Berdugo","twitter_card":"summary_large_image","twitter_misc":{"Written by":"Juan Pablo Berdugo","Est. reading time":"2 minutes"},"schema":{"@context":"https:\/\/schema.org","@graph":[{"@type":"Article","@id":"https:\/\/www.fcbarcelonanoticias.com\/en\/fc-barcelona\/szczesny-form-threatens-inaki-pena-place-as-starter_307726_102.html#article","isPartOf":{"@id":"https:\/\/www.fcbarcelonanoticias.com\/en\/fc-barcelona\/szczesny-form-threatens-inaki-pena-place-as-starter_307726_102.html"},"author":{"name":"Juan Pablo Berdugo","@id":"https:\/\/www.fcbarcelonanoticias.com\/en\/#\/schema\/person\/88d756918a0a1ae9fa593b5edddd1815"},"headline":"Szczesny&#8217;s form &#8216;threatens&#8217; I\u00f1aki Pe\u00f1a&#8217;s place as a starter","datePublished":"2024-10-05T11:06:00+00:00","dateModified":"2026-03-27T10:43:34+00:00","mainEntityOfPage":{"@id":"https:\/\/www.fcbarcelonanoticias.com\/en\/fc-barcelona\/szczesny-form-threatens-inaki-pena-place-as-starter_307726_102.html"},"wordCount":322,"image":{"@id":"https:\/\/www.fcbarcelonanoticias.com\/en\/fc-barcelona\/szczesny-form-threatens-inaki-pena-place-as-starter_307726_102.html#primaryimage"},"thumbnailUrl":"https:\/\/www.fcbarcelonanoticias.com\/en\/wp-content\/uploads\/sites\/2\/2024\/10\/wojciech-szczesny-montjuic.jpeg","articleSection":["FC Barcelona"],"inLanguage":"en-US"},{"@type":"WebPage","@id":"https:\/\/www.fcbarcelonanoticias.com\/en\/fc-barcelona\/szczesny-form-threatens-inaki-pena-place-as-starter_307726_102.html","url":"https:\/\/www.fcbarcelonanoticias.com\/en\/fc-barcelona\/szczesny-form-threatens-inaki-pena-place-as-starter_307726_102.html","name":"Szczesny's form 'threatens' I\u00f1aki Pe\u00f1a's place as a starter","isPartOf":{"@id":"https:\/\/www.fcbarcelonanoticias.com\/en\/#website"},"primaryImageOfPage":{"@id":"https:\/\/www.fcbarcelonanoticias.com\/en\/fc-barcelona\/szczesny-form-threatens-inaki-pena-place-as-starter_307726_102.html#primaryimage"},"image":{"@id":"https:\/\/www.fcbarcelonanoticias.com\/en\/fc-barcelona\/szczesny-form-threatens-inaki-pena-place-as-starter_307726_102.html#primaryimage"},"thumbnailUrl":"https:\/\/www.fcbarcelonanoticias.com\/en\/wp-content\/uploads\/sites\/2\/2024\/10\/wojciech-szczesny-montjuic.jpeg","datePublished":"2024-10-05T11:06:00+00:00","dateModified":"2026-03-27T10:43:34+00:00","author":{"@id":"https:\/\/www.fcbarcelonanoticias.com\/en\/#\/schema\/person\/88d756918a0a1ae9fa593b5edddd1815"},"description":"Wojciech Szczesny could be ready to play very soon. The Pole has taken care of himself while retired and has pleasantly surprised Barcelona","breadcrumb":{"@id":"https:\/\/www.fcbarcelonanoticias.com\/en\/fc-barcelona\/szczesny-form-threatens-inaki-pena-place-as-starter_307726_102.html#breadcrumb"},"inLanguage":"en-US","potentialAction":[{"@type":"ReadAction","target":["https:\/\/www.fcbarcelonanoticias.com\/en\/fc-barcelona\/szczesny-form-threatens-inaki-pena-place-as-starter_307726_102.html"]}]},{"@type":"ImageObject","inLanguage":"en-US","@id":"https:\/\/www.fcbarcelonanoticias.com\/en\/fc-barcelona\/szczesny-form-threatens-inaki-pena-place-as-starter_307726_102.html#primaryimage","url":"https:\/\/www.fcbarcelonanoticias.com\/en\/wp-content\/uploads\/sites\/2\/2024\/10\/wojciech-szczesny-montjuic.jpeg","contentUrl":"https:\/\/www.fcbarcelonanoticias.com\/en\/wp-content\/uploads\/sites\/2\/2024\/10\/wojciech-szczesny-montjuic.jpeg","width":1250,"height":729},{"@type":"BreadcrumbList","@id":"https:\/\/www.fcbarcelonanoticias.com\/en\/fc-barcelona\/szczesny-form-threatens-inaki-pena-place-as-starter_307726_102.html#breadcrumb","itemListElement":[{"@type":"ListItem","position":1,"name":"Portada","item":"https:\/\/www.fcbarcelonanoticias.com\/en\/"},{"@type":"ListItem","position":2,"name":"Szczesny&#8217;s form &#8216;threatens&#8217; I\u00f1aki Pe\u00f1a&#8217;s place as a starter"}]},{"@type":"WebSite","@id":"https:\/\/www.fcbarcelonanoticias.com\/en\/#website","url":"https:\/\/www.fcbarcelonanoticias.com\/en\/","name":"EN - FC Barcelona Noticias","description":"","potentialAction":[{"@type":"SearchAction","target":{"@type":"EntryPoint","urlTemplate":"https:\/\/www.fcbarcelonanoticias.com\/en\/?s={search_term_string}"},"query-input":{"@type":"PropertyValueSpecification","valueRequired":true,"valueName":"search_term_string"}}],"inLanguage":"en-US"},{"@type":"Person","@id":"https:\/\/www.fcbarcelonanoticias.com\/en\/#\/schema\/person\/88d756918a0a1ae9fa593b5edddd1815","name":"Juan Pablo Berdugo","image":{"@type":"ImageObject","inLanguage":"en-US","@id":"https:\/\/secure.gravatar.com\/avatar\/?s=96&d=mm&r=g","url":"https:\/\/secure.gravatar.com\/avatar\/?s=96&d=mm&r=g","contentUrl":"https:\/\/secure.gravatar.com\/avatar\/?s=96&d=mm&r=g","caption":"Juan Pablo Berdugo"},"description":"Juan Pablo Berdugo es graduado en Periodismo. Colabora con FCBN como especialista en informaci\u00f3n del primer equipo del FC Barcelona, f\u00fatbol internacional y mercado de fichajes. Destaca por su enfoque anal\u00edtico, su rigor informativo y su capacidad para detectar tendencias emergentes en el f\u00fatbol global.","url":"https:\/\/www.fcbarcelonanoticias.com\/en\/fc-barcelona\/juan-pablo-berdugo_18_115.html"}]}},"_links":{"self":[{"href":"https:\/\/www.fcbarcelonanoticias.com\/en\/wp-json\/wp\/v2\/posts\/27702","targetHints":{"allow":["GET"]}}],"collection":[{"href":"https:\/\/www.fcbarcelonanoticias.com\/en\/wp-json\/wp\/v2\/posts"}],"about":[{"href":"https:\/\/www.fcbarcelonanoticias.com\/en\/wp-json\/wp\/v2\/types\/post"}],"author":[{"embeddable":true,"href":"https:\/\/www.fcbarcelonanoticias.com\/en\/wp-json\/wp\/v2\/users\/358"}],"replies":[{"embeddable":true,"href":"https:\/\/www.fcbarcelonanoticias.com\/en\/wp-json\/wp\/v2\/comments?post=27702"}],"version-history":[{"count":2,"href":"https:\/\/www.fcbarcelonanoticias.com\/en\/wp-json\/wp\/v2\/posts\/27702\/revisions"}],"predecessor-version":[{"id":161944,"href":"https:\/\/www.fcbarcelonanoticias.com\/en\/wp-json\/wp\/v2\/posts\/27702\/revisions\/161944"}],"wp:featuredmedia":[{"embeddable":true,"href":"https:\/\/www.fcbarcelonanoticias.com\/en\/wp-json\/wp\/v2\/media\/27704"}],"wp:attachment":[{"href":"https:\/\/www.fcbarcelonanoticias.com\/en\/wp-json\/wp\/v2\/media?parent=27702"}],"wp:term":[{"taxonomy":"category","embeddable":true,"href":"https:\/\/www.fcbarcelonanoticias.com\/en\/wp-json\/wp\/v2\/categories?post=27702"},{"taxonomy":"post_tag","embeddable":true,"href":"https:\/\/www.fcbarcelonanoticias.com\/en\/wp-json\/wp\/v2\/tags?post=27702"}],"curies":[{"name":"wp","href":"https:\/\/api.w.org\/{rel}","templated":true}]}}