{"id":27705,"date":"2025-07-16T16:30:00","date_gmt":"2025-07-16T14:30:00","guid":{"rendered":"https:\/\/weisetech.dev\/fc-barcelona-noticias\/en\/suspense-for-return-to-camp-nou-how-does-it-affect-1-1_313562_102\/"},"modified":"2026-04-16T09:21:11","modified_gmt":"2026-04-16T07:21:11","slug":"suspense-for-return-to-camp-nou-how-does-it-affect-1-1_313562_102","status":"publish","type":"post","link":"https:\/\/www.fcbarcelonanoticias.com\/en\/fc-barcelona\/suspense-for-return-to-camp-nou-how-does-it-affect-1-1_313562_102.html","title":{"rendered":"Possible delay in Camp Nou opening: Will the return to the 1:1 rule affect it?"},"content":{"rendered":"<h2 class=\"wp-block-heading\">Bar\u00e7a&#8217;s return to Spotify Camp Nou for the Joan Gamper Trophy is complicated by obtaining the necessary licenses to reopen the Estadi. Will this factor affect the cul\u00e9 market?<\/h2>  \r\n<div class=\"article-addons\">\r\n    <a href=\"https:\/\/www.fcbarcelonanoticias.com\/en\/calendar-fc-barcelona.html\"\r\n       target=\"_self\"\r\n       title=\"Calendar of FC Barcelona\"\r\n       class=\"blue-gredient-btn\">\r\n       \r\n        Calendar of FC Barcelona    <\/a>\r\n<\/div>   <p><strong>FC Barcelona<\/strong> does not rule out playing the <strong>2025 Joan Gamper Trophy<\/strong> at the <strong>Johan Cruyff Stadium<\/strong>, as it did in 2021 due to health restrictions from the covid-19 pandemic. This year, the reason has to do with a new delay in the reopening of the Spotify Camp Nou.<\/p>  <p>Although the works in the Estadi are progressing well in recent weeks, obtaining the <strong>First Occupation license<\/strong>, essential to receive fans in the cul\u00e9 temple, may take longer than expected.<\/p>  <p>The club already received the &#8216;Ok&#8217; from the Catalan City Council to <strong>modify the license for activities and works<\/strong>, but this is not enough to reopen the stadium with a partial capacity (30,000 fans).<\/p>  <p>Beyond this setback, a new delay in the return to Les Corts will not have an impact on the azulgrana market this summer. The club is waiting for the final report from its financial auditor, <strong>Crowe Spain<\/strong>, to receive the green light from LaLiga to return to the 1:1 rule, a key step to be able to sign and register reinforcements normally.<\/p>  <h2>The Camp Nou conditions the return to 1:1, but not because of its reopening<\/h2>  <p>This requirement depends on computing the income of 100 million euros derived from the sale of the exploitation rights of 475 VIP seats in the new Spotify Camp Nou. LaLiga approved the operation in January, but Crowe suspended its accounting in the 24\/25 financial year until the person in charge of the construction of the stadium, <a data-external=\"0\" data-intl-links-en=\"https:\/\/www.fcbarcelonanoticias.com\/en\/fc-barcelona\/ok-from-limak-to-vip-seats-of-new-camp-nou-fcbn_312794_102.html\" data-intl-links-es=\"https:\/\/www.fcbarcelonanoticias.com\/fc-barcelona\/buenas-noticias-ok-limak-certificacion-asientos-vip-nuevo-camp-nou_312794_102.html\" href=\"https:\/\/www.fcbarcelonanoticias.com\/en\/fc-barcelona\/ok-from-limak-to-vip-seats-of-new-camp-nou-fcbn_312794_102.html\" rel=\"follow\" target=\"_self\" title=\"\u00a1Buenas noticias!: 'Ok' de Limak a la certificaci\u00f3n de los asientos VIP del nuevo Camp Nou\">Limak, certifies the operability of the seats sold<\/a>.<\/p>  <p>The seats are located in the area called &#8216;VIP Players Zone&#8217;. Beyond whether or not the Camp Nou has the operating licenses for its reopening, <strong>Crowe requires that this area be built in its entirety<\/strong>, as it constitutes a tangible asset that has been commercialized. Bar\u00e7a, in fact, has already received 58 of the 100 million derived from the operation.<\/p>  <div data-oembed-url=\"https:\/\/x.com\/Obras_Camp_nou\/status\/1945066778771509283\"> <blockquote align=\"center\" class=\"twitter-tweet\" data-dnt=\"true\"> <p dir=\"ltr\" lang=\"en\">The grass removing process continues\u2026 <a href=\"https:\/\/t.co\/en\/HekWeGpEgg\">pic.twitter.com\/HekWeGpEgg<\/a><\/p> \u2014 CampNou Updates Live (@Obras_Camp_nou) <a href=\"https:\/\/twitter.com\/en\/Obras_Camp_nou\/status\/1945066778771509283?ref_src=twsrc%5Etfw\">July 15, 2025<\/a> <\/blockquote>  <\/div>  <p>In that sense, <a data-external=\"0\" data-intl-links-en=\"https:\/\/www.fcbarcelonanoticias.com\/en\/fc-barcelona\/this-is-how-the-works-are-progressing-in-the-vip-boxes-of-the-new-camp-nou_313504_102.html\" data-intl-links-es=\"https:\/\/www.fcbarcelonanoticias.com\/fc-barcelona\/asi-avanzan-obras-palcos-vip-nuevo-spotify-camp-nou_313504_102.html\" href=\"https:\/\/www.fcbarcelonanoticias.com\/en\/fc-barcelona\/this-is-how-the-works-are-progressing-in-the-vip-boxes-of-the-new-camp-nou_313504_102.html\" rel=\"follow\" target=\"_self\" title=\"As\u00ed avanzan las obras en los palcos VIP del nuevo Spotify Camp Nou\">the VIP seats were installed and the area has been painted<\/a>. The entire first tier is practically finished, while the work of planting the new lawn is being carried out. For the club, the absolute priority is to have the Cmap Nou ready by mid-September, when the official return for the League against Valencia takes place.<\/p>  <div class=\"cke-element cke-element--102\"><section class=\"c-related-article\"><figure class=\"c-image__fig\"><a href=\"https:\/\/www.fcbarcelonanoticias.com\/futbol\/laliga\/valencia-10-rival-fc-barcelona-renovado-spotify-camp-nou_313336_102.html\" title=\"Valencia, Bar\u00e7a's first rival at the renovated Spotify Camp Nou\" class=\"c-image__imglink\"><picture><img decoding=\"async\" src=\"https:\/\/www.fcbarcelonanoticias.com\/wp-content\/uploads\/sites\/2\/2025\/07\/fcbn-f784cbd2fda6aac5c6d31aff32b9bdba.jpeg\" alt=\"Valencia, Bar\u00e7a's first rival at the renovated Spotify Camp Nou\" title=\"Valencia, Bar\u00e7a's first rival at the renovated Spotify Camp Nou\" class=\"c-image__img\" width=\"1200\" height=\"675\" loading=\"lazy\"><\/picture><\/a>     <\/figure><div class=\"c-related-article__wrapper\">         <p class=\"c-related-article__avantitle\">Related<\/p>         <h4 class=\"c-related-article__title\">             <a href=\"https:\/\/www.fcbarcelonanoticias.com\/futbol\/laliga\/valencia-10-rival-fc-barcelona-renovado-spotify-camp-nou_313336_102.html\" title=\"Valencia, 1st opponent of Bar\u00e7a at the renovated Spotify Camp Nou\" class=\"c-related-article__link\">                 Valencia, 1st opponent of Bar\u00e7a at the renovated Spotify Camp Nou             <\/a>         <\/h4>     <\/div> <\/section><\/div>  <h2>The Bar\u00e7a board, upset by the delays in Camp Nou<\/h2>  <p>Once Crowe sends LaLiga its final report, LaLiga&#8217;s &#8216;Ok&#8217; to the entry of VIP seats is expected for early August. Beyond having the 1:1 before the start of the season, not being able to return to Les Corts on August 10 is a setback for the azulgrana board.<\/p>  <p>Joan Laporta himself led last month <a data-external=\"0\" data-intl-links-en=\"https:\/\/www.fcbarcelonanoticias.com\/en\/fc-barcelona\/imminent-return-this-is-how-barca-announces-return-to-spotify-camp-nou_313222_102.html\" data-intl-links-es=\"https:\/\/www.fcbarcelonanoticias.com\/fc-barcelona\/regreso-inminente-anuncia-barca-vuelta-spotify-camp-nou_313222_102.html\" href=\"https:\/\/www.fcbarcelonanoticias.com\/en\/fc-barcelona\/imminent-return-this-is-how-barca-announces-return-to-spotify-camp-nou_313222_102.html\" rel=\"follow\" target=\"_self\" title=\"Regreso inminente: as\u00ed anuncia el Bar\u00e7a la vuelta al Spotify Camp Nou\">a campaign of intrigue announcing the return home<\/a>. Although it is a friendly match with a partial capacity, the member is eagerly awaiting this match, with which the squad is officially presented for the next season.<\/p>  <p>That is why Bar\u00e7a is trying to do everything possible to be able to play the Gamper at Camp Nou, although now everything depends on the City Council and <a data-external=\"0\" data-intl-links-en=\"https:\/\/www.fcbarcelonanoticias.com\/en\/fc-barcelona\/is-the-return-to-camp-nou-in-danger-this-is-what-the-mayor-of-barcelona-said_313289_102.html\" data-intl-links-es=\"https:\/\/www.fcbarcelonanoticias.com\/fc-barcelona\/peligra-vuelta-camp-nou-esto-dijo-alcalde-barcelona_313289_102.html\" href=\"https:\/\/www.fcbarcelonanoticias.com\/en\/fc-barcelona\/is-the-return-to-camp-nou-in-danger-this-is-what-the-mayor-of-barcelona-said_313289_102.html\" rel=\"follow\" target=\"_self\" title=\"\u00bfPeligra la vuelta al Camp Nou? Esto dijo el alcalde de Barcelona\">the deadlines that it usually takes to issue the required licenses<\/a> to reopen a work of such magnitude.<\/p>  <p>The club plans a previous test on July 28 to evaluate the operational capacity of the Estadi with all the press and security personnel that will cover the Gamper. By then, the club must be clear whether or not the duel against Como should move to Johan Cruyff. In the last trophy played there, Bar\u00e7a thrashed Juventus (3-0).<\/p>  <p><strong><u>FOLLOW US ON OUR SOCIAL NETWORKS:<\/u><\/strong><\/p>  <ol> <li>INSTAGRAM:&nbsp;<a data-external=\"1\" href=\"https:\/\/www.instagram.com\/en\/fcbarcelonanoticias_com?utm_source=ig_web_button_share_sheet&amp;igsh=M2ZxMGZmeGhsbGd3\" rel=\"nofollow\" target=\"_blank\" title=\"@fcbarcelonanoticias_com\">fcbarcelonanoticias_com<\/a> <\/li> \t<li>FACEBOOK:&nbsp;<a data-external=\"1\" href=\"https:\/\/www.facebook.com\/en\/wwwfcbarcelonanoticiascom\/\" rel=\"nofollow\" target=\"_blank\" title=\"FCBN\">FCBN<\/a> <\/li> \t<li>X (TWITTER):&nbsp;<a data-external=\"1\" href=\"https:\/\/x.com\/en\/FCBNOTICIAS\" rel=\"nofollow\" target=\"_blank\" title=\"@FCBNOTICIAS\">FCBNOTICIAS<\/a> <\/li> \t<li>THREADS:&nbsp;<a data-external=\"1\" href=\"https:\/\/www.threads.com\/en\/@fcbarcelonanoticias_com\" rel=\"nofollow\" target=\"_blank\" title=\"@fcbarcelonanoticias_com\">fcbarcelonanoticias_com<\/a> <\/li> <\/ol> ","protected":false},"excerpt":{"rendered":"<p>Bar\u00e7a&#8217;s return to Spotify Camp Nou for the Joan Gamper Trophy is complicated by obtaining the necessary licenses to reopen the Estadi. Will this factor affect the cul\u00e9 market? FC Barcelona does not rule out playing the 2025 Joan Gamper Trophy at the Johan Cruyff Stadium, as it did in 2021 due to health restrictions [&hellip;]<\/p>\n","protected":false},"author":347,"featured_media":14578,"comment_status":"closed","ping_status":"open","sticky":false,"template":"","format":"standard","meta":{"_acf_changed":false,"inline_featured_image":false,"_nextfly_llmd_date_locked":false,"footnotes":""},"categories":[111],"tags":[82,99,158],"class_list":["post-27705","post","type-post","status-publish","format-standard","has-post-thumbnail","hentry","category-fc-barcelona","tag-camp-nou","tag-javier-thebes","tag-joan-laporta"],"acf":[],"yoast_head":"<!-- This site is optimized with the Yoast SEO plugin v27.3 - https:\/\/yoast.com\/product\/yoast-seo-wordpress\/ -->\n<title>Suspense for the return to Camp Nou: How does it affect 1:1?<\/title>\n<meta name=\"description\" content=\"Bar\u00e7a&#039;s return to Spotify Camp Nou is complicated by obtaining occupancy licenses. Will this factor affect the cul\u00e9 market?\" \/>\n<meta name=\"robots\" content=\"index, follow, max-snippet:-1, max-image-preview:large, max-video-preview:-1\" \/>\n<link rel=\"canonical\" href=\"https:\/\/www.fcbarcelonanoticias.com\/en\/fc-barcelona\/suspense-for-return-to-camp-nou-how-does-it-affect-1-1_313562_102.html\" \/>\n<meta property=\"og:locale\" content=\"en_US\" \/>\n<meta property=\"og:type\" content=\"article\" \/>\n<meta property=\"og:title\" content=\"Suspense for the return to Camp Nou: How does it affect 1:1?\" \/>\n<meta property=\"og:description\" content=\"Bar\u00e7a&#039;s return to Spotify Camp Nou is complicated by obtaining occupancy licenses. Will this factor affect the cul\u00e9 market?\" \/>\n<meta property=\"og:url\" content=\"https:\/\/www.fcbarcelonanoticias.com\/en\/fc-barcelona\/suspense-for-return-to-camp-nou-how-does-it-affect-1-1_313562_102.html\" \/>\n<meta property=\"og:site_name\" content=\"EN - FC Barcelona Noticias\" \/>\n<meta property=\"article:published_time\" content=\"2025-07-16T14:30:00+00:00\" \/>\n<meta property=\"article:modified_time\" content=\"2026-04-16T07:21:11+00:00\" \/>\n<meta property=\"og:image\" content=\"https:\/\/www.fcbarcelonanoticias.com\/en\/wp-content\/uploads\/sites\/2\/2026\/03\/camp-nou-obras-julio-2025.jpeg\" \/>\n\t<meta property=\"og:image:width\" content=\"1200\" \/>\n\t<meta property=\"og:image:height\" content=\"675\" \/>\n\t<meta property=\"og:image:type\" content=\"image\/jpeg\" \/>\n<meta name=\"author\" content=\"Andr\u00e9s Quiroz\" \/>\n<meta name=\"twitter:card\" content=\"summary_large_image\" \/>\n<meta name=\"twitter:label1\" content=\"Written by\" \/>\n\t<meta name=\"twitter:data1\" content=\"Andr\u00e9s Quiroz\" \/>\n\t<meta name=\"twitter:label2\" content=\"Est. reading time\" \/>\n\t<meta name=\"twitter:data2\" content=\"3 minutes\" \/>\n<script type=\"application\/ld+json\" class=\"yoast-schema-graph\">{\"@context\":\"https:\\\/\\\/schema.org\",\"@graph\":[{\"@type\":\"Article\",\"@id\":\"https:\\\/\\\/www.fcbarcelonanoticias.com\\\/en\\\/fc-barcelona\\\/suspense-for-return-to-camp-nou-how-does-it-affect-1-1_313562_102.html#article\",\"isPartOf\":{\"@id\":\"https:\\\/\\\/www.fcbarcelonanoticias.com\\\/en\\\/fc-barcelona\\\/suspense-for-return-to-camp-nou-how-does-it-affect-1-1_313562_102.html\"},\"author\":{\"name\":\"Andr\u00e9s Quiroz\",\"@id\":\"https:\\\/\\\/www.fcbarcelonanoticias.com\\\/en\\\/#\\\/schema\\\/person\\\/c2cd9f6fa1af5c0d0eccd0fefa575c88\"},\"headline\":\"Possible delay in Camp Nou opening: Will the return to the 1:1 rule affect it?\",\"datePublished\":\"2025-07-16T14:30:00+00:00\",\"dateModified\":\"2026-04-16T07:21:11+00:00\",\"mainEntityOfPage\":{\"@id\":\"https:\\\/\\\/www.fcbarcelonanoticias.com\\\/en\\\/fc-barcelona\\\/suspense-for-return-to-camp-nou-how-does-it-affect-1-1_313562_102.html\"},\"wordCount\":664,\"image\":{\"@id\":\"https:\\\/\\\/www.fcbarcelonanoticias.com\\\/en\\\/fc-barcelona\\\/suspense-for-return-to-camp-nou-how-does-it-affect-1-1_313562_102.html#primaryimage\"},\"thumbnailUrl\":\"https:\\\/\\\/www.fcbarcelonanoticias.com\\\/en\\\/wp-content\\\/uploads\\\/sites\\\/2\\\/2026\\\/03\\\/camp-nou-obras-julio-2025.jpeg\",\"keywords\":[\"Camp Nou\",\"Javier Thebes\",\"Joan Laporta\"],\"articleSection\":[\"FC Barcelona\"],\"inLanguage\":\"en-US\"},{\"@type\":\"WebPage\",\"@id\":\"https:\\\/\\\/www.fcbarcelonanoticias.com\\\/en\\\/fc-barcelona\\\/suspense-for-return-to-camp-nou-how-does-it-affect-1-1_313562_102.html\",\"url\":\"https:\\\/\\\/www.fcbarcelonanoticias.com\\\/en\\\/fc-barcelona\\\/suspense-for-return-to-camp-nou-how-does-it-affect-1-1_313562_102.html\",\"name\":\"Suspense for the return to Camp Nou: How does it affect 1:1?\",\"isPartOf\":{\"@id\":\"https:\\\/\\\/www.fcbarcelonanoticias.com\\\/en\\\/#website\"},\"primaryImageOfPage\":{\"@id\":\"https:\\\/\\\/www.fcbarcelonanoticias.com\\\/en\\\/fc-barcelona\\\/suspense-for-return-to-camp-nou-how-does-it-affect-1-1_313562_102.html#primaryimage\"},\"image\":{\"@id\":\"https:\\\/\\\/www.fcbarcelonanoticias.com\\\/en\\\/fc-barcelona\\\/suspense-for-return-to-camp-nou-how-does-it-affect-1-1_313562_102.html#primaryimage\"},\"thumbnailUrl\":\"https:\\\/\\\/www.fcbarcelonanoticias.com\\\/en\\\/wp-content\\\/uploads\\\/sites\\\/2\\\/2026\\\/03\\\/camp-nou-obras-julio-2025.jpeg\",\"datePublished\":\"2025-07-16T14:30:00+00:00\",\"dateModified\":\"2026-04-16T07:21:11+00:00\",\"author\":{\"@id\":\"https:\\\/\\\/www.fcbarcelonanoticias.com\\\/en\\\/#\\\/schema\\\/person\\\/c2cd9f6fa1af5c0d0eccd0fefa575c88\"},\"description\":\"Bar\u00e7a's return to Spotify Camp Nou is complicated by obtaining occupancy licenses. Will this factor affect the cul\u00e9 market?\",\"breadcrumb\":{\"@id\":\"https:\\\/\\\/www.fcbarcelonanoticias.com\\\/en\\\/fc-barcelona\\\/suspense-for-return-to-camp-nou-how-does-it-affect-1-1_313562_102.html#breadcrumb\"},\"inLanguage\":\"en-US\",\"potentialAction\":[{\"@type\":\"ReadAction\",\"target\":[\"https:\\\/\\\/www.fcbarcelonanoticias.com\\\/en\\\/fc-barcelona\\\/suspense-for-return-to-camp-nou-how-does-it-affect-1-1_313562_102.html\"]}]},{\"@type\":\"ImageObject\",\"inLanguage\":\"en-US\",\"@id\":\"https:\\\/\\\/www.fcbarcelonanoticias.com\\\/en\\\/fc-barcelona\\\/suspense-for-return-to-camp-nou-how-does-it-affect-1-1_313562_102.html#primaryimage\",\"url\":\"https:\\\/\\\/www.fcbarcelonanoticias.com\\\/en\\\/wp-content\\\/uploads\\\/sites\\\/2\\\/2026\\\/03\\\/camp-nou-obras-julio-2025.jpeg\",\"contentUrl\":\"https:\\\/\\\/www.fcbarcelonanoticias.com\\\/en\\\/wp-content\\\/uploads\\\/sites\\\/2\\\/2026\\\/03\\\/camp-nou-obras-julio-2025.jpeg\",\"width\":1200,\"height\":675},{\"@type\":\"BreadcrumbList\",\"@id\":\"https:\\\/\\\/www.fcbarcelonanoticias.com\\\/en\\\/fc-barcelona\\\/suspense-for-return-to-camp-nou-how-does-it-affect-1-1_313562_102.html#breadcrumb\",\"itemListElement\":[{\"@type\":\"ListItem\",\"position\":1,\"name\":\"Portada\",\"item\":\"https:\\\/\\\/www.fcbarcelonanoticias.com\\\/en\\\/\"},{\"@type\":\"ListItem\",\"position\":2,\"name\":\"Possible delay in Camp Nou opening: Will the return to the 1:1 rule affect it?\"}]},{\"@type\":\"WebSite\",\"@id\":\"https:\\\/\\\/www.fcbarcelonanoticias.com\\\/en\\\/#website\",\"url\":\"https:\\\/\\\/www.fcbarcelonanoticias.com\\\/en\\\/\",\"name\":\"EN - FC Barcelona Noticias\",\"description\":\"\",\"potentialAction\":[{\"@type\":\"SearchAction\",\"target\":{\"@type\":\"EntryPoint\",\"urlTemplate\":\"https:\\\/\\\/www.fcbarcelonanoticias.com\\\/en\\\/?s={search_term_string}\"},\"query-input\":{\"@type\":\"PropertyValueSpecification\",\"valueRequired\":true,\"valueName\":\"search_term_string\"}}],\"inLanguage\":\"en-US\"},{\"@type\":\"Person\",\"@id\":\"https:\\\/\\\/www.fcbarcelonanoticias.com\\\/en\\\/#\\\/schema\\\/person\\\/c2cd9f6fa1af5c0d0eccd0fefa575c88\",\"name\":\"Andr\u00e9s Quiroz\",\"image\":{\"@type\":\"ImageObject\",\"inLanguage\":\"en-US\",\"@id\":\"https:\\\/\\\/secure.gravatar.com\\\/avatar\\\/?s=96&d=mm&r=g\",\"url\":\"https:\\\/\\\/secure.gravatar.com\\\/avatar\\\/?s=96&d=mm&r=g\",\"contentUrl\":\"https:\\\/\\\/secure.gravatar.com\\\/avatar\\\/?s=96&d=mm&r=g\",\"caption\":\"Andr\u00e9s Quiroz\"},\"description\":\"Licenciado en Periodismo por la Universidad de los Andes. Me encargo de analizar y compartir los contenidos m\u00e1s destacados de la\u00a0actualidad del F\u00fatbol Club Barcelona, Mercado de Fichajes y F\u00fatbol Internacional en FCBN. La informaci\u00f3n es poder, pero tambi\u00e9n conocimiento.\",\"url\":\"https:\\\/\\\/www.fcbarcelonanoticias.com\\\/en\\\/fc-barcelona\\\/andres-quiroz_17_115.html\"}]}<\/script>\n<!-- \/ Yoast SEO plugin. -->","yoast_head_json":{"title":"Suspense for the return to Camp Nou: How does it affect 1:1?","description":"Bar\u00e7a's return to Spotify Camp Nou is complicated by obtaining occupancy licenses. Will this factor affect the cul\u00e9 market?","robots":{"index":"index","follow":"follow","max-snippet":"max-snippet:-1","max-image-preview":"max-image-preview:large","max-video-preview":"max-video-preview:-1"},"canonical":"https:\/\/www.fcbarcelonanoticias.com\/en\/fc-barcelona\/suspense-for-return-to-camp-nou-how-does-it-affect-1-1_313562_102.html","og_locale":"en_US","og_type":"article","og_title":"Suspense for the return to Camp Nou: How does it affect 1:1?","og_description":"Bar\u00e7a's return to Spotify Camp Nou is complicated by obtaining occupancy licenses. Will this factor affect the cul\u00e9 market?","og_url":"https:\/\/www.fcbarcelonanoticias.com\/en\/fc-barcelona\/suspense-for-return-to-camp-nou-how-does-it-affect-1-1_313562_102.html","og_site_name":"EN - FC Barcelona Noticias","article_published_time":"2025-07-16T14:30:00+00:00","article_modified_time":"2026-04-16T07:21:11+00:00","og_image":[{"width":1200,"height":675,"url":"https:\/\/www.fcbarcelonanoticias.com\/en\/wp-content\/uploads\/sites\/2\/2026\/03\/camp-nou-obras-julio-2025.jpeg","type":"image\/jpeg"}],"author":"Andr\u00e9s Quiroz","twitter_card":"summary_large_image","twitter_misc":{"Written by":"Andr\u00e9s Quiroz","Est. reading time":"3 minutes"},"schema":{"@context":"https:\/\/schema.org","@graph":[{"@type":"Article","@id":"https:\/\/www.fcbarcelonanoticias.com\/en\/fc-barcelona\/suspense-for-return-to-camp-nou-how-does-it-affect-1-1_313562_102.html#article","isPartOf":{"@id":"https:\/\/www.fcbarcelonanoticias.com\/en\/fc-barcelona\/suspense-for-return-to-camp-nou-how-does-it-affect-1-1_313562_102.html"},"author":{"name":"Andr\u00e9s Quiroz","@id":"https:\/\/www.fcbarcelonanoticias.com\/en\/#\/schema\/person\/c2cd9f6fa1af5c0d0eccd0fefa575c88"},"headline":"Possible delay in Camp Nou opening: Will the return to the 1:1 rule affect it?","datePublished":"2025-07-16T14:30:00+00:00","dateModified":"2026-04-16T07:21:11+00:00","mainEntityOfPage":{"@id":"https:\/\/www.fcbarcelonanoticias.com\/en\/fc-barcelona\/suspense-for-return-to-camp-nou-how-does-it-affect-1-1_313562_102.html"},"wordCount":664,"image":{"@id":"https:\/\/www.fcbarcelonanoticias.com\/en\/fc-barcelona\/suspense-for-return-to-camp-nou-how-does-it-affect-1-1_313562_102.html#primaryimage"},"thumbnailUrl":"https:\/\/www.fcbarcelonanoticias.com\/en\/wp-content\/uploads\/sites\/2\/2026\/03\/camp-nou-obras-julio-2025.jpeg","keywords":["Camp Nou","Javier Thebes","Joan Laporta"],"articleSection":["FC Barcelona"],"inLanguage":"en-US"},{"@type":"WebPage","@id":"https:\/\/www.fcbarcelonanoticias.com\/en\/fc-barcelona\/suspense-for-return-to-camp-nou-how-does-it-affect-1-1_313562_102.html","url":"https:\/\/www.fcbarcelonanoticias.com\/en\/fc-barcelona\/suspense-for-return-to-camp-nou-how-does-it-affect-1-1_313562_102.html","name":"Suspense for the return to Camp Nou: How does it affect 1:1?","isPartOf":{"@id":"https:\/\/www.fcbarcelonanoticias.com\/en\/#website"},"primaryImageOfPage":{"@id":"https:\/\/www.fcbarcelonanoticias.com\/en\/fc-barcelona\/suspense-for-return-to-camp-nou-how-does-it-affect-1-1_313562_102.html#primaryimage"},"image":{"@id":"https:\/\/www.fcbarcelonanoticias.com\/en\/fc-barcelona\/suspense-for-return-to-camp-nou-how-does-it-affect-1-1_313562_102.html#primaryimage"},"thumbnailUrl":"https:\/\/www.fcbarcelonanoticias.com\/en\/wp-content\/uploads\/sites\/2\/2026\/03\/camp-nou-obras-julio-2025.jpeg","datePublished":"2025-07-16T14:30:00+00:00","dateModified":"2026-04-16T07:21:11+00:00","author":{"@id":"https:\/\/www.fcbarcelonanoticias.com\/en\/#\/schema\/person\/c2cd9f6fa1af5c0d0eccd0fefa575c88"},"description":"Bar\u00e7a's return to Spotify Camp Nou is complicated by obtaining occupancy licenses. Will this factor affect the cul\u00e9 market?","breadcrumb":{"@id":"https:\/\/www.fcbarcelonanoticias.com\/en\/fc-barcelona\/suspense-for-return-to-camp-nou-how-does-it-affect-1-1_313562_102.html#breadcrumb"},"inLanguage":"en-US","potentialAction":[{"@type":"ReadAction","target":["https:\/\/www.fcbarcelonanoticias.com\/en\/fc-barcelona\/suspense-for-return-to-camp-nou-how-does-it-affect-1-1_313562_102.html"]}]},{"@type":"ImageObject","inLanguage":"en-US","@id":"https:\/\/www.fcbarcelonanoticias.com\/en\/fc-barcelona\/suspense-for-return-to-camp-nou-how-does-it-affect-1-1_313562_102.html#primaryimage","url":"https:\/\/www.fcbarcelonanoticias.com\/en\/wp-content\/uploads\/sites\/2\/2026\/03\/camp-nou-obras-julio-2025.jpeg","contentUrl":"https:\/\/www.fcbarcelonanoticias.com\/en\/wp-content\/uploads\/sites\/2\/2026\/03\/camp-nou-obras-julio-2025.jpeg","width":1200,"height":675},{"@type":"BreadcrumbList","@id":"https:\/\/www.fcbarcelonanoticias.com\/en\/fc-barcelona\/suspense-for-return-to-camp-nou-how-does-it-affect-1-1_313562_102.html#breadcrumb","itemListElement":[{"@type":"ListItem","position":1,"name":"Portada","item":"https:\/\/www.fcbarcelonanoticias.com\/en\/"},{"@type":"ListItem","position":2,"name":"Possible delay in Camp Nou opening: Will the return to the 1:1 rule affect it?"}]},{"@type":"WebSite","@id":"https:\/\/www.fcbarcelonanoticias.com\/en\/#website","url":"https:\/\/www.fcbarcelonanoticias.com\/en\/","name":"EN - FC Barcelona Noticias","description":"","potentialAction":[{"@type":"SearchAction","target":{"@type":"EntryPoint","urlTemplate":"https:\/\/www.fcbarcelonanoticias.com\/en\/?s={search_term_string}"},"query-input":{"@type":"PropertyValueSpecification","valueRequired":true,"valueName":"search_term_string"}}],"inLanguage":"en-US"},{"@type":"Person","@id":"https:\/\/www.fcbarcelonanoticias.com\/en\/#\/schema\/person\/c2cd9f6fa1af5c0d0eccd0fefa575c88","name":"Andr\u00e9s Quiroz","image":{"@type":"ImageObject","inLanguage":"en-US","@id":"https:\/\/secure.gravatar.com\/avatar\/?s=96&d=mm&r=g","url":"https:\/\/secure.gravatar.com\/avatar\/?s=96&d=mm&r=g","contentUrl":"https:\/\/secure.gravatar.com\/avatar\/?s=96&d=mm&r=g","caption":"Andr\u00e9s Quiroz"},"description":"Licenciado en Periodismo por la Universidad de los Andes. Me encargo de analizar y compartir los contenidos m\u00e1s destacados de la\u00a0actualidad del F\u00fatbol Club Barcelona, Mercado de Fichajes y F\u00fatbol Internacional en FCBN. La informaci\u00f3n es poder, pero tambi\u00e9n conocimiento.","url":"https:\/\/www.fcbarcelonanoticias.com\/en\/fc-barcelona\/andres-quiroz_17_115.html"}]}},"_links":{"self":[{"href":"https:\/\/www.fcbarcelonanoticias.com\/en\/wp-json\/wp\/v2\/posts\/27705","targetHints":{"allow":["GET"]}}],"collection":[{"href":"https:\/\/www.fcbarcelonanoticias.com\/en\/wp-json\/wp\/v2\/posts"}],"about":[{"href":"https:\/\/www.fcbarcelonanoticias.com\/en\/wp-json\/wp\/v2\/types\/post"}],"author":[{"embeddable":true,"href":"https:\/\/www.fcbarcelonanoticias.com\/en\/wp-json\/wp\/v2\/users\/347"}],"replies":[{"embeddable":true,"href":"https:\/\/www.fcbarcelonanoticias.com\/en\/wp-json\/wp\/v2\/comments?post=27705"}],"version-history":[{"count":3,"href":"https:\/\/www.fcbarcelonanoticias.com\/en\/wp-json\/wp\/v2\/posts\/27705\/revisions"}],"predecessor-version":[{"id":172684,"href":"https:\/\/www.fcbarcelonanoticias.com\/en\/wp-json\/wp\/v2\/posts\/27705\/revisions\/172684"}],"wp:featuredmedia":[{"embeddable":true,"href":"https:\/\/www.fcbarcelonanoticias.com\/en\/wp-json\/wp\/v2\/media\/14578"}],"wp:attachment":[{"href":"https:\/\/www.fcbarcelonanoticias.com\/en\/wp-json\/wp\/v2\/media?parent=27705"}],"wp:term":[{"taxonomy":"category","embeddable":true,"href":"https:\/\/www.fcbarcelonanoticias.com\/en\/wp-json\/wp\/v2\/categories?post=27705"},{"taxonomy":"post_tag","embeddable":true,"href":"https:\/\/www.fcbarcelonanoticias.com\/en\/wp-json\/wp\/v2\/tags?post=27705"}],"curies":[{"name":"wp","href":"https:\/\/api.w.org\/{rel}","templated":true}]}}