{"id":27744,"date":"2024-10-02T16:53:00","date_gmt":"2024-10-02T14:53:00","guid":{"rendered":"https:\/\/weisetech.dev\/fc-barcelona-noticias\/en\/szcz-sny-clarifies-the-importance-that-robert-lewandowski-had-for-his-arrival-at-fc-barcelona_307664_102\/"},"modified":"2024-10-02T16:53:00","modified_gmt":"2024-10-02T14:53:00","slug":"szcz-sny-clarifies-the-importance-that-robert-lewandowski-had-for-his-arrival-at-fc-barcelona_307664_102","status":"publish","type":"post","link":"https:\/\/www.fcbarcelonanoticias.com\/en\/fc-barcelona\/szcz-sny-clarifies-the-importance-that-robert-lewandowski-had-for-his-arrival-at-fc-barcelona_307664_102.html","title":{"rendered":"Szcz\u0119sny clarifies the importance that Robert Lewandowski had for his arrival at FC Barcelona"},"content":{"rendered":"<h2 class=\"wp-block-heading\">Wojciech Szcz\u0119sny already wears the colors of FC Barcelona. Given this, he has given his first statements as a cul\u00e9, speaking about a wide variety of topics that we present to you at FCBN<\/h2>  \r\n<div class=\"article-addons\">\r\n    <a href=\"https:\/\/www.fcbarcelonanoticias.com\/en\/calendar-fc-barcelona.html\"\r\n       target=\"_self\"\r\n       title=\"Calendar of FC Barcelona\"\r\n       class=\"blue-gredient-btn\">\r\n       \r\n        Calendar of FC Barcelona    <\/a>\r\n<\/div>   <p>The <strong>FC Barcelona<\/strong> has officially announced <a data-external=\"0\" data-intl-links-en=\"https:\/\/www.fcbarcelonanoticias.com\/en\/transfers\/official-fc-barcelona-announces-the-signing-of-wojciech-szcz-sny_307663_102.html\" data-intl-links-es=\"https:\/\/www.fcbarcelonanoticias.com\/fichajes\/oficial-fc-barcelona-anuncia-contratacion-wojciech-szcz-sny_307663_102.html\" href=\"https:\/\/www.fcbarcelonanoticias.com\/en\/fichajes\/oficial-fc-barcelona-anuncia-contratacion-wojciech-szcz-sny_307663_102.html\" rel=\"follow\" target=\"_self\" title=\"Official! FC Barcelona announces the signing of Wojciech Szcz\u0119sny\">the arrival of Wojciech Szcz\u0119sny as their new goalkeeper<\/a>. The Warsaw native has signed a contract with the Catalan club that will be valid until June 30, 2025, with the purpose of covering the extended absence of <strong>Marc-Andr\u00e9 ter Stegen<\/strong>, who is sidelined with a ruptured patellar tendon in his right knee and will be out of action for an estimated period of seven to eight months.<\/p>  <p><strong>Szcz\u0119sny<\/strong>, who now dons the colors of the Azulgrana team, has had the opportunity to share his first impressions as a member of the Catalan entity. During a meeting with the official <strong>Bar\u00e7a<\/strong> media, he expressed his pride and excitement in joining this prestigious institution and feeling embraced by the fans.<\/p>  <blockquote> <p>&#8220;It is a moment of utmost pride. Honestly, I was ready for retirement. I was content in that situation, but being here these first two days in the city and seeing how people have treated me and how important it is to them has made me feel proud and part of this exciting family. Although it is a great institution and a great football club, I have felt the sense of family. Family is very important to me and now I have extended it a bit,&#8221; he affirmed.<\/p> <\/blockquote>  <h2>The role of Robert Lewandowski in his arrival at FC Barcelona<\/h2>  <p>Furthermore, the Polish goalkeeper explained why he decided to reverse his decision to retire, which he had recently made, and how much influence <strong>Robert Lewandowski<\/strong> had in this choice. &#8220;He was the first person to call me to explore the possibility of this happening because I was retired. At first, I wasn&#8217;t prepared for new challenges, but I spoke with my family and friends and they all told me it would be a mistake not to accept this,&#8221; he acknowledged.<\/p>  <blockquote> <p>&#8220;Robert played a very important role because he was the person who had the idea to convince me.&#8221;<\/p> <\/blockquote>  <h2>His admiration for Barcelona and the expectations he has for this new adventure as a Cul\u00e9<\/h2>  <p>Likewise, <strong>Szcz\u0119sny<\/strong> expressed his admiration for <strong>FC Barcelona<\/strong> and the performance he witnessed in the match against <strong>BSC Young Boys<\/strong> at Montju\u00efc, <a data-external=\"0\" data-intl-links-en=\"https:\/\/www.fcbarcelonanoticias.com\/en\/fc-barcelona\/wojciech-szczesny-watched-barca-young-boys-from-the-montjuic-box_307638_102.html\" data-intl-links-es=\"https:\/\/www.fcbarcelonanoticias.com\/fc-barcelona\/wojciech-szczesny-vio-barca-young-boys-en-palco-montjuic_307638_102.html\" href=\"https:\/\/www.fcbarcelonanoticias.com\/en\/fc-barcelona\/wojciech-szczesny-vio-barca-young-boys-en-palco-montjuic_307638_102.html\" rel=\"follow\" target=\"_self\" title=\"Wojciech Szczesny watched Bar\u00e7a-Young Boys from the Montju\u00efc box\">which he observed from the stands<\/a>. &#8220;I have always been a fan. I can see the passion of the fans, it was very nice to see the match at the stadium, the team looks interesting,&#8221; he remarked.<\/p>  <p>In conclusion, <strong>Szcz\u0119sny<\/strong> shared his expectations and enthusiasm for facing this new challenge at FC Barcelona. &#8220;This challenge excites me. I face it with a lot of energy and enthusiasm. <strong>I am ready to work hard and take on the challenges that come this season<\/strong>,&#8221; he concluded.<\/p> ","protected":false},"excerpt":{"rendered":"<p>Wojciech Szcz\u0119sny already wears the colors of FC Barcelona. Given this, he has given his first statements as a cul\u00e9, speaking about a wide variety of topics that we present to you at FCBN The FC Barcelona has officially announced the arrival of Wojciech Szcz\u0119sny as their new goalkeeper. The Warsaw native has signed a [&hellip;]<\/p>\n","protected":false},"author":355,"featured_media":27745,"comment_status":"closed","ping_status":"open","sticky":false,"template":"","format":"standard","meta":{"_acf_changed":false,"inline_featured_image":false,"_nextfly_llmd_date_locked":false,"footnotes":""},"categories":[111],"tags":[],"class_list":["post-27744","post","type-post","status-publish","format-standard","has-post-thumbnail","hentry","category-fc-barcelona"],"acf":[],"yoast_head":"<!-- This site is optimized with the Yoast SEO plugin v27.3 - https:\/\/yoast.com\/product\/yoast-seo-wordpress\/ -->\n<title>Szcz\u0119sny clarifies the importance that Robert Lewandowski had for his arrival at FC Barcelona<\/title>\n<meta name=\"description\" content=\"Wojciech Szcz\u0119sny already wears the colors of FC Barcelona. Given this, he has given his first statements as a cul\u00e9, speaking about a wide variety of topics that we present to you at FCBN\" \/>\n<meta name=\"robots\" content=\"index, follow, max-snippet:-1, max-image-preview:large, max-video-preview:-1\" \/>\n<link rel=\"canonical\" href=\"https:\/\/www.fcbarcelonanoticias.com\/en\/fc-barcelona\/szcz-sny-clarifies-the-importance-that-robert-lewandowski-had-for-his-arrival-at-fc-barcelona_307664_102.html\" \/>\n<meta property=\"og:locale\" content=\"en_US\" \/>\n<meta property=\"og:type\" content=\"article\" \/>\n<meta property=\"og:title\" content=\"Szcz\u0119sny clarifies the importance that Robert Lewandowski had for his arrival at FC Barcelona\" \/>\n<meta property=\"og:description\" content=\"Wojciech Szcz\u0119sny already wears the colors of FC Barcelona. Given this, he has given his first statements as a cul\u00e9, speaking about a wide variety of topics that we present to you at FCBN\" \/>\n<meta property=\"og:url\" content=\"https:\/\/www.fcbarcelonanoticias.com\/en\/fc-barcelona\/szcz-sny-clarifies-the-importance-that-robert-lewandowski-had-for-his-arrival-at-fc-barcelona_307664_102.html\" \/>\n<meta property=\"og:site_name\" content=\"EN - FC Barcelona Noticias\" \/>\n<meta property=\"article:published_time\" content=\"2024-10-02T14:53:00+00:00\" \/>\n<meta property=\"og:image\" content=\"https:\/\/www.fcbarcelonanoticias.com\/en\/wp-content\/uploads\/sites\/2\/2024\/10\/wojciech-szczesny-en-su-presentacion-como-jugador-del-fc-barcelona.jpeg\" \/>\n\t<meta property=\"og:image:width\" content=\"1250\" \/>\n\t<meta property=\"og:image:height\" content=\"730\" \/>\n\t<meta property=\"og:image:type\" content=\"image\/jpeg\" \/>\n<meta name=\"author\" content=\"Kevin G\u00f3mez\" \/>\n<meta name=\"twitter:card\" content=\"summary_large_image\" \/>\n<meta name=\"twitter:label1\" content=\"Written by\" \/>\n\t<meta name=\"twitter:data1\" content=\"Kevin G\u00f3mez\" \/>\n\t<meta name=\"twitter:label2\" content=\"Est. reading time\" \/>\n\t<meta name=\"twitter:data2\" content=\"2 minutes\" \/>\n<script type=\"application\/ld+json\" class=\"yoast-schema-graph\">{\"@context\":\"https:\\\/\\\/schema.org\",\"@graph\":[{\"@type\":\"Article\",\"@id\":\"https:\\\/\\\/www.fcbarcelonanoticias.com\\\/en\\\/fc-barcelona\\\/szcz-sny-clarifies-the-importance-that-robert-lewandowski-had-for-his-arrival-at-fc-barcelona_307664_102.html#article\",\"isPartOf\":{\"@id\":\"https:\\\/\\\/www.fcbarcelonanoticias.com\\\/en\\\/fc-barcelona\\\/szcz-sny-clarifies-the-importance-that-robert-lewandowski-had-for-his-arrival-at-fc-barcelona_307664_102.html\"},\"author\":{\"name\":\"Kevin G\u00f3mez\",\"@id\":\"https:\\\/\\\/www.fcbarcelonanoticias.com\\\/en\\\/#\\\/schema\\\/person\\\/991443f134df9a64c6874f96ff984c9d\"},\"headline\":\"Szcz\u0119sny clarifies the importance that Robert Lewandowski had for his arrival at FC Barcelona\",\"datePublished\":\"2024-10-02T14:53:00+00:00\",\"mainEntityOfPage\":{\"@id\":\"https:\\\/\\\/www.fcbarcelonanoticias.com\\\/en\\\/fc-barcelona\\\/szcz-sny-clarifies-the-importance-that-robert-lewandowski-had-for-his-arrival-at-fc-barcelona_307664_102.html\"},\"wordCount\":498,\"image\":{\"@id\":\"https:\\\/\\\/www.fcbarcelonanoticias.com\\\/en\\\/fc-barcelona\\\/szcz-sny-clarifies-the-importance-that-robert-lewandowski-had-for-his-arrival-at-fc-barcelona_307664_102.html#primaryimage\"},\"thumbnailUrl\":\"https:\\\/\\\/www.fcbarcelonanoticias.com\\\/en\\\/wp-content\\\/uploads\\\/sites\\\/2\\\/2024\\\/10\\\/wojciech-szczesny-en-su-presentacion-como-jugador-del-fc-barcelona.jpeg\",\"articleSection\":[\"FC Barcelona\"],\"inLanguage\":\"en-US\"},{\"@type\":\"WebPage\",\"@id\":\"https:\\\/\\\/www.fcbarcelonanoticias.com\\\/en\\\/fc-barcelona\\\/szcz-sny-clarifies-the-importance-that-robert-lewandowski-had-for-his-arrival-at-fc-barcelona_307664_102.html\",\"url\":\"https:\\\/\\\/www.fcbarcelonanoticias.com\\\/en\\\/fc-barcelona\\\/szcz-sny-clarifies-the-importance-that-robert-lewandowski-had-for-his-arrival-at-fc-barcelona_307664_102.html\",\"name\":\"Szcz\u0119sny clarifies the importance that Robert Lewandowski had for his arrival at FC Barcelona\",\"isPartOf\":{\"@id\":\"https:\\\/\\\/www.fcbarcelonanoticias.com\\\/en\\\/#website\"},\"primaryImageOfPage\":{\"@id\":\"https:\\\/\\\/www.fcbarcelonanoticias.com\\\/en\\\/fc-barcelona\\\/szcz-sny-clarifies-the-importance-that-robert-lewandowski-had-for-his-arrival-at-fc-barcelona_307664_102.html#primaryimage\"},\"image\":{\"@id\":\"https:\\\/\\\/www.fcbarcelonanoticias.com\\\/en\\\/fc-barcelona\\\/szcz-sny-clarifies-the-importance-that-robert-lewandowski-had-for-his-arrival-at-fc-barcelona_307664_102.html#primaryimage\"},\"thumbnailUrl\":\"https:\\\/\\\/www.fcbarcelonanoticias.com\\\/en\\\/wp-content\\\/uploads\\\/sites\\\/2\\\/2024\\\/10\\\/wojciech-szczesny-en-su-presentacion-como-jugador-del-fc-barcelona.jpeg\",\"datePublished\":\"2024-10-02T14:53:00+00:00\",\"author\":{\"@id\":\"https:\\\/\\\/www.fcbarcelonanoticias.com\\\/en\\\/#\\\/schema\\\/person\\\/991443f134df9a64c6874f96ff984c9d\"},\"description\":\"Wojciech Szcz\u0119sny already wears the colors of FC Barcelona. Given this, he has given his first statements as a cul\u00e9, speaking about a wide variety of topics that we present to you at FCBN\",\"breadcrumb\":{\"@id\":\"https:\\\/\\\/www.fcbarcelonanoticias.com\\\/en\\\/fc-barcelona\\\/szcz-sny-clarifies-the-importance-that-robert-lewandowski-had-for-his-arrival-at-fc-barcelona_307664_102.html#breadcrumb\"},\"inLanguage\":\"en-US\",\"potentialAction\":[{\"@type\":\"ReadAction\",\"target\":[\"https:\\\/\\\/www.fcbarcelonanoticias.com\\\/en\\\/fc-barcelona\\\/szcz-sny-clarifies-the-importance-that-robert-lewandowski-had-for-his-arrival-at-fc-barcelona_307664_102.html\"]}]},{\"@type\":\"ImageObject\",\"inLanguage\":\"en-US\",\"@id\":\"https:\\\/\\\/www.fcbarcelonanoticias.com\\\/en\\\/fc-barcelona\\\/szcz-sny-clarifies-the-importance-that-robert-lewandowski-had-for-his-arrival-at-fc-barcelona_307664_102.html#primaryimage\",\"url\":\"https:\\\/\\\/www.fcbarcelonanoticias.com\\\/en\\\/wp-content\\\/uploads\\\/sites\\\/2\\\/2024\\\/10\\\/wojciech-szczesny-en-su-presentacion-como-jugador-del-fc-barcelona.jpeg\",\"contentUrl\":\"https:\\\/\\\/www.fcbarcelonanoticias.com\\\/en\\\/wp-content\\\/uploads\\\/sites\\\/2\\\/2024\\\/10\\\/wojciech-szczesny-en-su-presentacion-como-jugador-del-fc-barcelona.jpeg\",\"width\":1250,\"height\":730},{\"@type\":\"BreadcrumbList\",\"@id\":\"https:\\\/\\\/www.fcbarcelonanoticias.com\\\/en\\\/fc-barcelona\\\/szcz-sny-clarifies-the-importance-that-robert-lewandowski-had-for-his-arrival-at-fc-barcelona_307664_102.html#breadcrumb\",\"itemListElement\":[{\"@type\":\"ListItem\",\"position\":1,\"name\":\"Portada\",\"item\":\"https:\\\/\\\/www.fcbarcelonanoticias.com\\\/en\\\/\"},{\"@type\":\"ListItem\",\"position\":2,\"name\":\"Szcz\u0119sny clarifies the importance that Robert Lewandowski had for his arrival at FC Barcelona\"}]},{\"@type\":\"WebSite\",\"@id\":\"https:\\\/\\\/www.fcbarcelonanoticias.com\\\/en\\\/#website\",\"url\":\"https:\\\/\\\/www.fcbarcelonanoticias.com\\\/en\\\/\",\"name\":\"EN - FC Barcelona Noticias\",\"description\":\"\",\"potentialAction\":[{\"@type\":\"SearchAction\",\"target\":{\"@type\":\"EntryPoint\",\"urlTemplate\":\"https:\\\/\\\/www.fcbarcelonanoticias.com\\\/en\\\/?s={search_term_string}\"},\"query-input\":{\"@type\":\"PropertyValueSpecification\",\"valueRequired\":true,\"valueName\":\"search_term_string\"}}],\"inLanguage\":\"en-US\"},{\"@type\":\"Person\",\"@id\":\"https:\\\/\\\/www.fcbarcelonanoticias.com\\\/en\\\/#\\\/schema\\\/person\\\/991443f134df9a64c6874f96ff984c9d\",\"name\":\"Kevin G\u00f3mez\",\"image\":{\"@type\":\"ImageObject\",\"inLanguage\":\"en-US\",\"@id\":\"https:\\\/\\\/secure.gravatar.com\\\/avatar\\\/?s=96&d=mm&r=g\",\"url\":\"https:\\\/\\\/secure.gravatar.com\\\/avatar\\\/?s=96&d=mm&r=g\",\"contentUrl\":\"https:\\\/\\\/secure.gravatar.com\\\/avatar\\\/?s=96&d=mm&r=g\",\"caption\":\"Kevin G\u00f3mez\"},\"description\":\"Licenciado\u00a0en Periodismo y Comunicaci\u00f3n Audiovisual. Redactor en FCBN responsable de cubrir toda\u00a0la informaci\u00f3n del FC Barcelona y las principales competiciones de\u00a0f\u00fatbol.\",\"url\":\"https:\\\/\\\/www.fcbarcelonanoticias.com\\\/en\\\/jugadores\\\/kevin-gomez_23_115.html\"}]}<\/script>\n<!-- \/ Yoast SEO plugin. -->","yoast_head_json":{"title":"Szcz\u0119sny clarifies the importance that Robert Lewandowski had for his arrival at FC Barcelona","description":"Wojciech Szcz\u0119sny already wears the colors of FC Barcelona. Given this, he has given his first statements as a cul\u00e9, speaking about a wide variety of topics that we present to you at FCBN","robots":{"index":"index","follow":"follow","max-snippet":"max-snippet:-1","max-image-preview":"max-image-preview:large","max-video-preview":"max-video-preview:-1"},"canonical":"https:\/\/www.fcbarcelonanoticias.com\/en\/fc-barcelona\/szcz-sny-clarifies-the-importance-that-robert-lewandowski-had-for-his-arrival-at-fc-barcelona_307664_102.html","og_locale":"en_US","og_type":"article","og_title":"Szcz\u0119sny clarifies the importance that Robert Lewandowski had for his arrival at FC Barcelona","og_description":"Wojciech Szcz\u0119sny already wears the colors of FC Barcelona. Given this, he has given his first statements as a cul\u00e9, speaking about a wide variety of topics that we present to you at FCBN","og_url":"https:\/\/www.fcbarcelonanoticias.com\/en\/fc-barcelona\/szcz-sny-clarifies-the-importance-that-robert-lewandowski-had-for-his-arrival-at-fc-barcelona_307664_102.html","og_site_name":"EN - FC Barcelona Noticias","article_published_time":"2024-10-02T14:53:00+00:00","og_image":[{"width":1250,"height":730,"url":"https:\/\/www.fcbarcelonanoticias.com\/en\/wp-content\/uploads\/sites\/2\/2024\/10\/wojciech-szczesny-en-su-presentacion-como-jugador-del-fc-barcelona.jpeg","type":"image\/jpeg"}],"author":"Kevin G\u00f3mez","twitter_card":"summary_large_image","twitter_misc":{"Written by":"Kevin G\u00f3mez","Est. reading time":"2 minutes"},"schema":{"@context":"https:\/\/schema.org","@graph":[{"@type":"Article","@id":"https:\/\/www.fcbarcelonanoticias.com\/en\/fc-barcelona\/szcz-sny-clarifies-the-importance-that-robert-lewandowski-had-for-his-arrival-at-fc-barcelona_307664_102.html#article","isPartOf":{"@id":"https:\/\/www.fcbarcelonanoticias.com\/en\/fc-barcelona\/szcz-sny-clarifies-the-importance-that-robert-lewandowski-had-for-his-arrival-at-fc-barcelona_307664_102.html"},"author":{"name":"Kevin G\u00f3mez","@id":"https:\/\/www.fcbarcelonanoticias.com\/en\/#\/schema\/person\/991443f134df9a64c6874f96ff984c9d"},"headline":"Szcz\u0119sny clarifies the importance that Robert Lewandowski had for his arrival at FC Barcelona","datePublished":"2024-10-02T14:53:00+00:00","mainEntityOfPage":{"@id":"https:\/\/www.fcbarcelonanoticias.com\/en\/fc-barcelona\/szcz-sny-clarifies-the-importance-that-robert-lewandowski-had-for-his-arrival-at-fc-barcelona_307664_102.html"},"wordCount":498,"image":{"@id":"https:\/\/www.fcbarcelonanoticias.com\/en\/fc-barcelona\/szcz-sny-clarifies-the-importance-that-robert-lewandowski-had-for-his-arrival-at-fc-barcelona_307664_102.html#primaryimage"},"thumbnailUrl":"https:\/\/www.fcbarcelonanoticias.com\/en\/wp-content\/uploads\/sites\/2\/2024\/10\/wojciech-szczesny-en-su-presentacion-como-jugador-del-fc-barcelona.jpeg","articleSection":["FC Barcelona"],"inLanguage":"en-US"},{"@type":"WebPage","@id":"https:\/\/www.fcbarcelonanoticias.com\/en\/fc-barcelona\/szcz-sny-clarifies-the-importance-that-robert-lewandowski-had-for-his-arrival-at-fc-barcelona_307664_102.html","url":"https:\/\/www.fcbarcelonanoticias.com\/en\/fc-barcelona\/szcz-sny-clarifies-the-importance-that-robert-lewandowski-had-for-his-arrival-at-fc-barcelona_307664_102.html","name":"Szcz\u0119sny clarifies the importance that Robert Lewandowski had for his arrival at FC Barcelona","isPartOf":{"@id":"https:\/\/www.fcbarcelonanoticias.com\/en\/#website"},"primaryImageOfPage":{"@id":"https:\/\/www.fcbarcelonanoticias.com\/en\/fc-barcelona\/szcz-sny-clarifies-the-importance-that-robert-lewandowski-had-for-his-arrival-at-fc-barcelona_307664_102.html#primaryimage"},"image":{"@id":"https:\/\/www.fcbarcelonanoticias.com\/en\/fc-barcelona\/szcz-sny-clarifies-the-importance-that-robert-lewandowski-had-for-his-arrival-at-fc-barcelona_307664_102.html#primaryimage"},"thumbnailUrl":"https:\/\/www.fcbarcelonanoticias.com\/en\/wp-content\/uploads\/sites\/2\/2024\/10\/wojciech-szczesny-en-su-presentacion-como-jugador-del-fc-barcelona.jpeg","datePublished":"2024-10-02T14:53:00+00:00","author":{"@id":"https:\/\/www.fcbarcelonanoticias.com\/en\/#\/schema\/person\/991443f134df9a64c6874f96ff984c9d"},"description":"Wojciech Szcz\u0119sny already wears the colors of FC Barcelona. Given this, he has given his first statements as a cul\u00e9, speaking about a wide variety of topics that we present to you at FCBN","breadcrumb":{"@id":"https:\/\/www.fcbarcelonanoticias.com\/en\/fc-barcelona\/szcz-sny-clarifies-the-importance-that-robert-lewandowski-had-for-his-arrival-at-fc-barcelona_307664_102.html#breadcrumb"},"inLanguage":"en-US","potentialAction":[{"@type":"ReadAction","target":["https:\/\/www.fcbarcelonanoticias.com\/en\/fc-barcelona\/szcz-sny-clarifies-the-importance-that-robert-lewandowski-had-for-his-arrival-at-fc-barcelona_307664_102.html"]}]},{"@type":"ImageObject","inLanguage":"en-US","@id":"https:\/\/www.fcbarcelonanoticias.com\/en\/fc-barcelona\/szcz-sny-clarifies-the-importance-that-robert-lewandowski-had-for-his-arrival-at-fc-barcelona_307664_102.html#primaryimage","url":"https:\/\/www.fcbarcelonanoticias.com\/en\/wp-content\/uploads\/sites\/2\/2024\/10\/wojciech-szczesny-en-su-presentacion-como-jugador-del-fc-barcelona.jpeg","contentUrl":"https:\/\/www.fcbarcelonanoticias.com\/en\/wp-content\/uploads\/sites\/2\/2024\/10\/wojciech-szczesny-en-su-presentacion-como-jugador-del-fc-barcelona.jpeg","width":1250,"height":730},{"@type":"BreadcrumbList","@id":"https:\/\/www.fcbarcelonanoticias.com\/en\/fc-barcelona\/szcz-sny-clarifies-the-importance-that-robert-lewandowski-had-for-his-arrival-at-fc-barcelona_307664_102.html#breadcrumb","itemListElement":[{"@type":"ListItem","position":1,"name":"Portada","item":"https:\/\/www.fcbarcelonanoticias.com\/en\/"},{"@type":"ListItem","position":2,"name":"Szcz\u0119sny clarifies the importance that Robert Lewandowski had for his arrival at FC Barcelona"}]},{"@type":"WebSite","@id":"https:\/\/www.fcbarcelonanoticias.com\/en\/#website","url":"https:\/\/www.fcbarcelonanoticias.com\/en\/","name":"EN - FC Barcelona Noticias","description":"","potentialAction":[{"@type":"SearchAction","target":{"@type":"EntryPoint","urlTemplate":"https:\/\/www.fcbarcelonanoticias.com\/en\/?s={search_term_string}"},"query-input":{"@type":"PropertyValueSpecification","valueRequired":true,"valueName":"search_term_string"}}],"inLanguage":"en-US"},{"@type":"Person","@id":"https:\/\/www.fcbarcelonanoticias.com\/en\/#\/schema\/person\/991443f134df9a64c6874f96ff984c9d","name":"Kevin G\u00f3mez","image":{"@type":"ImageObject","inLanguage":"en-US","@id":"https:\/\/secure.gravatar.com\/avatar\/?s=96&d=mm&r=g","url":"https:\/\/secure.gravatar.com\/avatar\/?s=96&d=mm&r=g","contentUrl":"https:\/\/secure.gravatar.com\/avatar\/?s=96&d=mm&r=g","caption":"Kevin G\u00f3mez"},"description":"Licenciado\u00a0en Periodismo y Comunicaci\u00f3n Audiovisual. Redactor en FCBN responsable de cubrir toda\u00a0la informaci\u00f3n del FC Barcelona y las principales competiciones de\u00a0f\u00fatbol.","url":"https:\/\/www.fcbarcelonanoticias.com\/en\/jugadores\/kevin-gomez_23_115.html"}]}},"_links":{"self":[{"href":"https:\/\/www.fcbarcelonanoticias.com\/en\/wp-json\/wp\/v2\/posts\/27744","targetHints":{"allow":["GET"]}}],"collection":[{"href":"https:\/\/www.fcbarcelonanoticias.com\/en\/wp-json\/wp\/v2\/posts"}],"about":[{"href":"https:\/\/www.fcbarcelonanoticias.com\/en\/wp-json\/wp\/v2\/types\/post"}],"author":[{"embeddable":true,"href":"https:\/\/www.fcbarcelonanoticias.com\/en\/wp-json\/wp\/v2\/users\/355"}],"replies":[{"embeddable":true,"href":"https:\/\/www.fcbarcelonanoticias.com\/en\/wp-json\/wp\/v2\/comments?post=27744"}],"version-history":[{"count":1,"href":"https:\/\/www.fcbarcelonanoticias.com\/en\/wp-json\/wp\/v2\/posts\/27744\/revisions"}],"predecessor-version":[{"id":109447,"href":"https:\/\/www.fcbarcelonanoticias.com\/en\/wp-json\/wp\/v2\/posts\/27744\/revisions\/109447"}],"wp:featuredmedia":[{"embeddable":true,"href":"https:\/\/www.fcbarcelonanoticias.com\/en\/wp-json\/wp\/v2\/media\/27745"}],"wp:attachment":[{"href":"https:\/\/www.fcbarcelonanoticias.com\/en\/wp-json\/wp\/v2\/media?parent=27744"}],"wp:term":[{"taxonomy":"category","embeddable":true,"href":"https:\/\/www.fcbarcelonanoticias.com\/en\/wp-json\/wp\/v2\/categories?post=27744"},{"taxonomy":"post_tag","embeddable":true,"href":"https:\/\/www.fcbarcelonanoticias.com\/en\/wp-json\/wp\/v2\/tags?post=27744"}],"curies":[{"name":"wp","href":"https:\/\/api.w.org\/{rel}","templated":true}]}}