{"id":27761,"date":"2024-12-26T12:11:00","date_gmt":"2024-12-26T11:11:00","guid":{"rendered":"https:\/\/weisetech.dev\/fc-barcelona-noticias\/en\/szczesny-will-experience-six-decisive-months-in-his-career_309615_102\/"},"modified":"2024-12-26T12:11:00","modified_gmt":"2024-12-26T11:11:00","slug":"szczesny-will-experience-six-decisive-months-in-his-career_309615_102","status":"publish","type":"post","link":"https:\/\/www.fcbarcelonanoticias.com\/en\/fc-barcelona\/szczesny-will-experience-six-decisive-months-in-his-career_309615_102.html","title":{"rendered":"Szczesny will experience six decisive months in his career"},"content":{"rendered":"<h2 class=\"wp-block-heading\">The Polish goalkeeper has not yet made his debut with FC Barcelona and the second half of the season will determine whether he will remain linked to the club or not<\/h2>  \r\n<div class=\"article-addons\">\r\n    <a href=\"https:\/\/www.fcbarcelonanoticias.com\/en\/calendar-fc-barcelona.html\"\r\n       target=\"_self\"\r\n       title=\"Calendar of FC Barcelona\"\r\n       class=\"blue-gredient-btn\">\r\n       \r\n        Calendar of FC Barcelona    <\/a>\r\n<\/div>   <p>Wojciech Szczesny&#8217;s arrival at Bar\u00e7a came after Ter Stegen&#8217;s patellar tendon in his right knee was torn at the end of September, in a Villarreal-Bar\u00e7a game. Given the lack of players,<strong> the technical secretariat looked for a competitor for I\u00f1aki Pe\u00f1a.<\/strong> After searching the market, the chosen option was the Pole, who had talks about signing for the Catalan club with Robert Lewandowski, a key figure in his signing. Despite the fact that he was returning from retirement, it was expected that he would be the starting goalkeeper. However, <strong>several months have passed since he arrived and he has not yet played in the goal on any occasion.<\/strong><\/p>  <p>Against Barbastro, on January 4 in the Copa del Rey,<a data-external=\"0\" data-intl-links-en=\"https:\/\/www.fcbarcelonanoticias.com\/en\/football-soccer\/fc-barcelona\/the-challenge-of-wojciech-szczesny-at-barca-his-first-major-challenge_309568_102.html\" data-intl-links-es=\"https:\/\/www.fcbarcelonanoticias.com\/futbol\/fc-barcelona\/reto-wojciech-szczesny-en-barca-su-primer-gran-desafio_309568_102.html\" href=\"https:\/\/www.fcbarcelonanoticias.com\/en\/football-soccer\/fc-barcelona\/the-challenge-of-wojciech-szczesny-at-barca-his-first-major-challenge_309568_102.html\" rel=\"follow\" target=\"_self\" title=\"The challenge of Wojciech Szczesny at Bar\u00e7a: his first major challenge\"> he is expected to make his debut as a Bar\u00e7a player.<\/a> Thus, six vital months will begin for the future of his career. If he manages to take the position from I\u00f1aki Pe\u00f1a, it is possible that the club will end up offering him a renewal.<strong> However, if that is not the case, it is almost certain that he will leave on a free transfer or that he will hang up his boots again, as he had already done this summer.<\/strong><\/p>  <h3>An unbeatable attitude despite the lack of minutes<\/h3>  <p>Szczesny is a footballer with a magnificent sporting reputation. He defended the goal of leading clubs in Europe, such as Arsenal, Roma or Juventus. Wherever he went, he managed to play a great role and was very popular. In fact, his importance in both Italian clubs led him to say, in a humorous tone, his legendary quote: &#8220;<strong>I sat Alisson and now my substitute is Buffon, probably, I am the best in history.<\/strong>&#8221; Likewise, his jokes and his good nature have made him a player very appreciated by his teammates and fans.<\/p>  <p>However, at Bar\u00e7a he is in a new situation for him. He arrived in October and, a priori, will play his first match in January.<strong> That is three months without playing<\/strong>. His last professional game was on June 21, in Poland&#8217;s 1-3 defeat by Austria at the European Championships. Half a year, with a retirement in between, he didn&#8217;t play a single official minute. Despite this,<strong> he has never put on a bad face or made any controversial statements, he has dedicated himself to working and publicly supporting Hansi Flick&#8217;s decision not to let him play<\/strong>. A true professional.<\/p> ","protected":false},"excerpt":{"rendered":"<p>The Polish goalkeeper has not yet made his debut with FC Barcelona and the second half of the season will determine whether he will remain linked to the club or not Wojciech Szczesny&#8217;s arrival at Bar\u00e7a came after Ter Stegen&#8217;s patellar tendon in his right knee was torn at the end of September, in a [&hellip;]<\/p>\n","protected":false},"author":0,"featured_media":27762,"comment_status":"closed","ping_status":"open","sticky":false,"template":"","format":"standard","meta":{"_acf_changed":false,"inline_featured_image":false,"_nextfly_llmd_date_locked":false,"footnotes":""},"categories":[111],"tags":[],"class_list":["post-27761","post","type-post","status-publish","format-standard","has-post-thumbnail","hentry","category-fc-barcelona"],"acf":[],"yoast_head":"<!-- This site is optimized with the Yoast SEO plugin v27.3 - https:\/\/yoast.com\/product\/yoast-seo-wordpress\/ -->\n<title>Szczesny will experience six decisive months in his career<\/title>\n<meta name=\"description\" content=\"The Polish goalkeeper has not yet made his debut with FC Barcelona and the second half of the season will determine whether he will remain linked to the club or not\" \/>\n<meta name=\"robots\" content=\"index, follow, max-snippet:-1, max-image-preview:large, max-video-preview:-1\" \/>\n<link rel=\"canonical\" href=\"https:\/\/www.fcbarcelonanoticias.com\/en\/fc-barcelona\/szczesny-will-experience-six-decisive-months-in-his-career_309615_102.html\" \/>\n<meta property=\"og:locale\" content=\"en_US\" \/>\n<meta property=\"og:type\" content=\"article\" \/>\n<meta property=\"og:title\" content=\"Szczesny will experience six decisive months in his career\" \/>\n<meta property=\"og:description\" content=\"The Polish goalkeeper has not yet made his debut with FC Barcelona and the second half of the season will determine whether he will remain linked to the club or not\" \/>\n<meta property=\"og:url\" content=\"https:\/\/www.fcbarcelonanoticias.com\/en\/fc-barcelona\/szczesny-will-experience-six-decisive-months-in-his-career_309615_102.html\" \/>\n<meta property=\"og:site_name\" content=\"EN - FC Barcelona Noticias\" \/>\n<meta property=\"article:published_time\" content=\"2024-12-26T11:11:00+00:00\" \/>\n<meta property=\"og:image\" content=\"https:\/\/www.fcbarcelonanoticias.com\/en\/wp-content\/uploads\/sites\/2\/2024\/12\/fc-barcelona-v-sevilla-fc-la-liga-ea-sports-2-1-scaled.jpeg\" \/>\n\t<meta property=\"og:image:width\" content=\"2560\" \/>\n\t<meta property=\"og:image:height\" content=\"1705\" \/>\n\t<meta property=\"og:image:type\" content=\"image\/jpeg\" \/>\n<meta name=\"twitter:card\" content=\"summary_large_image\" \/>\n<meta name=\"twitter:label1\" content=\"Est. reading time\" \/>\n\t<meta name=\"twitter:data1\" content=\"2 minutes\" \/>\n<script type=\"application\/ld+json\" class=\"yoast-schema-graph\">{\"@context\":\"https:\\\/\\\/schema.org\",\"@graph\":[{\"@type\":\"Article\",\"@id\":\"https:\\\/\\\/www.fcbarcelonanoticias.com\\\/en\\\/fc-barcelona\\\/szczesny-will-experience-six-decisive-months-in-his-career_309615_102.html#article\",\"isPartOf\":{\"@id\":\"https:\\\/\\\/www.fcbarcelonanoticias.com\\\/en\\\/fc-barcelona\\\/szczesny-will-experience-six-decisive-months-in-his-career_309615_102.html\"},\"author\":{\"name\":\"\",\"@id\":\"\"},\"headline\":\"Szczesny will experience six decisive months in his career\",\"datePublished\":\"2024-12-26T11:11:00+00:00\",\"mainEntityOfPage\":{\"@id\":\"https:\\\/\\\/www.fcbarcelonanoticias.com\\\/en\\\/fc-barcelona\\\/szczesny-will-experience-six-decisive-months-in-his-career_309615_102.html\"},\"wordCount\":449,\"image\":{\"@id\":\"https:\\\/\\\/www.fcbarcelonanoticias.com\\\/en\\\/fc-barcelona\\\/szczesny-will-experience-six-decisive-months-in-his-career_309615_102.html#primaryimage\"},\"thumbnailUrl\":\"https:\\\/\\\/www.fcbarcelonanoticias.com\\\/en\\\/wp-content\\\/uploads\\\/sites\\\/2\\\/2024\\\/12\\\/fc-barcelona-v-sevilla-fc-la-liga-ea-sports-2-1-scaled.jpeg\",\"articleSection\":[\"FC Barcelona\"],\"inLanguage\":\"en-US\"},{\"@type\":\"WebPage\",\"@id\":\"https:\\\/\\\/www.fcbarcelonanoticias.com\\\/en\\\/fc-barcelona\\\/szczesny-will-experience-six-decisive-months-in-his-career_309615_102.html\",\"url\":\"https:\\\/\\\/www.fcbarcelonanoticias.com\\\/en\\\/fc-barcelona\\\/szczesny-will-experience-six-decisive-months-in-his-career_309615_102.html\",\"name\":\"Szczesny will experience six decisive months in his career\",\"isPartOf\":{\"@id\":\"https:\\\/\\\/www.fcbarcelonanoticias.com\\\/en\\\/#website\"},\"primaryImageOfPage\":{\"@id\":\"https:\\\/\\\/www.fcbarcelonanoticias.com\\\/en\\\/fc-barcelona\\\/szczesny-will-experience-six-decisive-months-in-his-career_309615_102.html#primaryimage\"},\"image\":{\"@id\":\"https:\\\/\\\/www.fcbarcelonanoticias.com\\\/en\\\/fc-barcelona\\\/szczesny-will-experience-six-decisive-months-in-his-career_309615_102.html#primaryimage\"},\"thumbnailUrl\":\"https:\\\/\\\/www.fcbarcelonanoticias.com\\\/en\\\/wp-content\\\/uploads\\\/sites\\\/2\\\/2024\\\/12\\\/fc-barcelona-v-sevilla-fc-la-liga-ea-sports-2-1-scaled.jpeg\",\"datePublished\":\"2024-12-26T11:11:00+00:00\",\"author\":{\"@id\":\"\"},\"description\":\"The Polish goalkeeper has not yet made his debut with FC Barcelona and the second half of the season will determine whether he will remain linked to the club or not\",\"breadcrumb\":{\"@id\":\"https:\\\/\\\/www.fcbarcelonanoticias.com\\\/en\\\/fc-barcelona\\\/szczesny-will-experience-six-decisive-months-in-his-career_309615_102.html#breadcrumb\"},\"inLanguage\":\"en-US\",\"potentialAction\":[{\"@type\":\"ReadAction\",\"target\":[\"https:\\\/\\\/www.fcbarcelonanoticias.com\\\/en\\\/fc-barcelona\\\/szczesny-will-experience-six-decisive-months-in-his-career_309615_102.html\"]}]},{\"@type\":\"ImageObject\",\"inLanguage\":\"en-US\",\"@id\":\"https:\\\/\\\/www.fcbarcelonanoticias.com\\\/en\\\/fc-barcelona\\\/szczesny-will-experience-six-decisive-months-in-his-career_309615_102.html#primaryimage\",\"url\":\"https:\\\/\\\/www.fcbarcelonanoticias.com\\\/en\\\/wp-content\\\/uploads\\\/sites\\\/2\\\/2024\\\/12\\\/fc-barcelona-v-sevilla-fc-la-liga-ea-sports-2-1-scaled.jpeg\",\"contentUrl\":\"https:\\\/\\\/www.fcbarcelonanoticias.com\\\/en\\\/wp-content\\\/uploads\\\/sites\\\/2\\\/2024\\\/12\\\/fc-barcelona-v-sevilla-fc-la-liga-ea-sports-2-1-scaled.jpeg\",\"width\":2560,\"height\":1705},{\"@type\":\"BreadcrumbList\",\"@id\":\"https:\\\/\\\/www.fcbarcelonanoticias.com\\\/en\\\/fc-barcelona\\\/szczesny-will-experience-six-decisive-months-in-his-career_309615_102.html#breadcrumb\",\"itemListElement\":[{\"@type\":\"ListItem\",\"position\":1,\"name\":\"Portada\",\"item\":\"https:\\\/\\\/www.fcbarcelonanoticias.com\\\/en\\\/\"},{\"@type\":\"ListItem\",\"position\":2,\"name\":\"Szczesny will experience six decisive months in his career\"}]},{\"@type\":\"WebSite\",\"@id\":\"https:\\\/\\\/www.fcbarcelonanoticias.com\\\/en\\\/#website\",\"url\":\"https:\\\/\\\/www.fcbarcelonanoticias.com\\\/en\\\/\",\"name\":\"EN - FC Barcelona Noticias\",\"description\":\"\",\"potentialAction\":[{\"@type\":\"SearchAction\",\"target\":{\"@type\":\"EntryPoint\",\"urlTemplate\":\"https:\\\/\\\/www.fcbarcelonanoticias.com\\\/en\\\/?s={search_term_string}\"},\"query-input\":{\"@type\":\"PropertyValueSpecification\",\"valueRequired\":true,\"valueName\":\"search_term_string\"}}],\"inLanguage\":\"en-US\"}]}<\/script>\n<!-- \/ Yoast SEO plugin. -->","yoast_head_json":{"title":"Szczesny will experience six decisive months in his career","description":"The Polish goalkeeper has not yet made his debut with FC Barcelona and the second half of the season will determine whether he will remain linked to the club or not","robots":{"index":"index","follow":"follow","max-snippet":"max-snippet:-1","max-image-preview":"max-image-preview:large","max-video-preview":"max-video-preview:-1"},"canonical":"https:\/\/www.fcbarcelonanoticias.com\/en\/fc-barcelona\/szczesny-will-experience-six-decisive-months-in-his-career_309615_102.html","og_locale":"en_US","og_type":"article","og_title":"Szczesny will experience six decisive months in his career","og_description":"The Polish goalkeeper has not yet made his debut with FC Barcelona and the second half of the season will determine whether he will remain linked to the club or not","og_url":"https:\/\/www.fcbarcelonanoticias.com\/en\/fc-barcelona\/szczesny-will-experience-six-decisive-months-in-his-career_309615_102.html","og_site_name":"EN - FC Barcelona Noticias","article_published_time":"2024-12-26T11:11:00+00:00","og_image":[{"width":2560,"height":1705,"url":"https:\/\/www.fcbarcelonanoticias.com\/en\/wp-content\/uploads\/sites\/2\/2024\/12\/fc-barcelona-v-sevilla-fc-la-liga-ea-sports-2-1-scaled.jpeg","type":"image\/jpeg"}],"twitter_card":"summary_large_image","twitter_misc":{"Est. reading time":"2 minutes"},"schema":{"@context":"https:\/\/schema.org","@graph":[{"@type":"Article","@id":"https:\/\/www.fcbarcelonanoticias.com\/en\/fc-barcelona\/szczesny-will-experience-six-decisive-months-in-his-career_309615_102.html#article","isPartOf":{"@id":"https:\/\/www.fcbarcelonanoticias.com\/en\/fc-barcelona\/szczesny-will-experience-six-decisive-months-in-his-career_309615_102.html"},"author":{"name":"","@id":""},"headline":"Szczesny will experience six decisive months in his career","datePublished":"2024-12-26T11:11:00+00:00","mainEntityOfPage":{"@id":"https:\/\/www.fcbarcelonanoticias.com\/en\/fc-barcelona\/szczesny-will-experience-six-decisive-months-in-his-career_309615_102.html"},"wordCount":449,"image":{"@id":"https:\/\/www.fcbarcelonanoticias.com\/en\/fc-barcelona\/szczesny-will-experience-six-decisive-months-in-his-career_309615_102.html#primaryimage"},"thumbnailUrl":"https:\/\/www.fcbarcelonanoticias.com\/en\/wp-content\/uploads\/sites\/2\/2024\/12\/fc-barcelona-v-sevilla-fc-la-liga-ea-sports-2-1-scaled.jpeg","articleSection":["FC Barcelona"],"inLanguage":"en-US"},{"@type":"WebPage","@id":"https:\/\/www.fcbarcelonanoticias.com\/en\/fc-barcelona\/szczesny-will-experience-six-decisive-months-in-his-career_309615_102.html","url":"https:\/\/www.fcbarcelonanoticias.com\/en\/fc-barcelona\/szczesny-will-experience-six-decisive-months-in-his-career_309615_102.html","name":"Szczesny will experience six decisive months in his career","isPartOf":{"@id":"https:\/\/www.fcbarcelonanoticias.com\/en\/#website"},"primaryImageOfPage":{"@id":"https:\/\/www.fcbarcelonanoticias.com\/en\/fc-barcelona\/szczesny-will-experience-six-decisive-months-in-his-career_309615_102.html#primaryimage"},"image":{"@id":"https:\/\/www.fcbarcelonanoticias.com\/en\/fc-barcelona\/szczesny-will-experience-six-decisive-months-in-his-career_309615_102.html#primaryimage"},"thumbnailUrl":"https:\/\/www.fcbarcelonanoticias.com\/en\/wp-content\/uploads\/sites\/2\/2024\/12\/fc-barcelona-v-sevilla-fc-la-liga-ea-sports-2-1-scaled.jpeg","datePublished":"2024-12-26T11:11:00+00:00","author":{"@id":""},"description":"The Polish goalkeeper has not yet made his debut with FC Barcelona and the second half of the season will determine whether he will remain linked to the club or not","breadcrumb":{"@id":"https:\/\/www.fcbarcelonanoticias.com\/en\/fc-barcelona\/szczesny-will-experience-six-decisive-months-in-his-career_309615_102.html#breadcrumb"},"inLanguage":"en-US","potentialAction":[{"@type":"ReadAction","target":["https:\/\/www.fcbarcelonanoticias.com\/en\/fc-barcelona\/szczesny-will-experience-six-decisive-months-in-his-career_309615_102.html"]}]},{"@type":"ImageObject","inLanguage":"en-US","@id":"https:\/\/www.fcbarcelonanoticias.com\/en\/fc-barcelona\/szczesny-will-experience-six-decisive-months-in-his-career_309615_102.html#primaryimage","url":"https:\/\/www.fcbarcelonanoticias.com\/en\/wp-content\/uploads\/sites\/2\/2024\/12\/fc-barcelona-v-sevilla-fc-la-liga-ea-sports-2-1-scaled.jpeg","contentUrl":"https:\/\/www.fcbarcelonanoticias.com\/en\/wp-content\/uploads\/sites\/2\/2024\/12\/fc-barcelona-v-sevilla-fc-la-liga-ea-sports-2-1-scaled.jpeg","width":2560,"height":1705},{"@type":"BreadcrumbList","@id":"https:\/\/www.fcbarcelonanoticias.com\/en\/fc-barcelona\/szczesny-will-experience-six-decisive-months-in-his-career_309615_102.html#breadcrumb","itemListElement":[{"@type":"ListItem","position":1,"name":"Portada","item":"https:\/\/www.fcbarcelonanoticias.com\/en\/"},{"@type":"ListItem","position":2,"name":"Szczesny will experience six decisive months in his career"}]},{"@type":"WebSite","@id":"https:\/\/www.fcbarcelonanoticias.com\/en\/#website","url":"https:\/\/www.fcbarcelonanoticias.com\/en\/","name":"EN - FC Barcelona Noticias","description":"","potentialAction":[{"@type":"SearchAction","target":{"@type":"EntryPoint","urlTemplate":"https:\/\/www.fcbarcelonanoticias.com\/en\/?s={search_term_string}"},"query-input":{"@type":"PropertyValueSpecification","valueRequired":true,"valueName":"search_term_string"}}],"inLanguage":"en-US"}]}},"_links":{"self":[{"href":"https:\/\/www.fcbarcelonanoticias.com\/en\/wp-json\/wp\/v2\/posts\/27761","targetHints":{"allow":["GET"]}}],"collection":[{"href":"https:\/\/www.fcbarcelonanoticias.com\/en\/wp-json\/wp\/v2\/posts"}],"about":[{"href":"https:\/\/www.fcbarcelonanoticias.com\/en\/wp-json\/wp\/v2\/types\/post"}],"replies":[{"embeddable":true,"href":"https:\/\/www.fcbarcelonanoticias.com\/en\/wp-json\/wp\/v2\/comments?post=27761"}],"version-history":[{"count":1,"href":"https:\/\/www.fcbarcelonanoticias.com\/en\/wp-json\/wp\/v2\/posts\/27761\/revisions"}],"predecessor-version":[{"id":109580,"href":"https:\/\/www.fcbarcelonanoticias.com\/en\/wp-json\/wp\/v2\/posts\/27761\/revisions\/109580"}],"wp:featuredmedia":[{"embeddable":true,"href":"https:\/\/www.fcbarcelonanoticias.com\/en\/wp-json\/wp\/v2\/media\/27762"}],"wp:attachment":[{"href":"https:\/\/www.fcbarcelonanoticias.com\/en\/wp-json\/wp\/v2\/media?parent=27761"}],"wp:term":[{"taxonomy":"category","embeddable":true,"href":"https:\/\/www.fcbarcelonanoticias.com\/en\/wp-json\/wp\/v2\/categories?post=27761"},{"taxonomy":"post_tag","embeddable":true,"href":"https:\/\/www.fcbarcelonanoticias.com\/en\/wp-json\/wp\/v2\/tags?post=27761"}],"curies":[{"name":"wp","href":"https:\/\/api.w.org\/{rel}","templated":true}]}}