{"id":27797,"date":"2022-06-01T20:34:00","date_gmt":"2022-06-01T18:34:00","guid":{"rendered":"https:\/\/weisetech.dev\/fc-barcelona-noticias\/en\/tebas-notifies-barcelona-about-its-entrance-league-impulse-agreement-with-cvc_280839_102\/"},"modified":"2026-04-16T09:16:41","modified_gmt":"2026-04-16T07:16:41","slug":"tebas-notifies-barcelona-about-its-entrance-league-impulse-agreement-with-cvc_280839_102","status":"publish","type":"post","link":"https:\/\/www.fcbarcelonanoticias.com\/en\/fc-barcelona\/tebas-notifies-barcelona-about-its-entrance-league-impulse-agreement-with-cvc_280839_102.html","title":{"rendered":"Tebas warns Bar\u00e7a about joining the Liga Impulso and the agreement with CVC"},"content":{"rendered":"<h2 class=\"wp-block-heading\">Javier Tebas has once again spoken to the public at the close of the Pro Foro Industria y Deporte 2022. The president of LaLiga has warned Bar\u00e7a about entering the Liga Impulso and has once again charged against the Superliga<\/h2>  \r\n<div class=\"article-addons\">\r\n    <a href=\"https:\/\/www.fcbarcelonanoticias.com\/en\/calendar-fc-barcelona.html\"\r\n       target=\"_self\"\r\n       title=\"Calendar of FC Barcelona\"\r\n       class=\"blue-gredient-btn\">\r\n       \r\n        Calendar of FC Barcelona    <\/a>\r\n<\/div>   <p>The <a href=\"https:\/\/www.fcbarcelonanoticias.com\/futbol\/fc-barcelona.html\" title=\"FC Barcelona\">FC Barcelona<\/a> is still in the &#8216;eye of the hurricane&#8217;. The Barcelona group goes through one of his more difficult moments regarding economy refers , since the financial situation of the institution is an authentic &#8216;ruin&#8217;. The Catalans find of &#8216;hands tied&#8217; of face to the market of signings, what represents a grand\u00edsimo setback in his intensiones to reinforce the staff for the next season. Thus, the Managerial Board of the institution cul\u00e9 <strong>decided to gather the past Tuesday in the Jonquera to argue the actions to be followed in order to be able to give him a &#8216;twist&#8217; to the &#8216;drama&#8217; that lives in the Camp Nou<\/strong>.<\/p>  <p>One of the &#8216;crowbars&#8217; that would activate in the entity barcelonista is to join to the agreement with CVC and ingresar to the project of the League Promote. On this has pronounced the president of LaLiga, Javier Thebes, in the closing of the Pro Forum Industry and Sport 2022. The leader took advantage of the opportunity to warn to the club and affirmed that &#8220;<strong>the Bar\u00e7a knows from the year happened the conditions that there is in LaLiga Impulse. <\/strong>And it knows it because they already were about to to go in. We have kept us to the margin and go on with CVC with or without the Bar\u00e7a&#8221;.<\/p>  <p>In this same line expressed the executive director of LaLiga, \u00d3scar May, the one who sustained that all the clubs that form part of the project will do it in equality of conditions. &#8220;<strong>The door is opened for all the clubs, but with the same conditions<\/strong>. The conditions of the summer are those that there is now. Ojal\u00e1 Go in the 42, but have to be with the same conditions. I do not know if it will go in the Barcelona, but this carries his time. CVC and LaLiga need his internal processes and do not know which time handle they&#8230;&#8221;, it ensured.<\/p>  <p>Of equal way, Thebes went back to &#8216;shoot&#8217; with strength against of the Superliga, project defended by the Bar\u00e7a and the Real Madrid, when ensuring that these handle of the same form that the Clubs-Been like the PSG. &#8220;<strong>The clubs-mecenas are so dangerous like the Superliga.<\/strong> They are models in which it does not matter that have losses because it will cover them his owner. In the Spaniards there is another model of property and although have inferior losses already are a damage&#8221;, expressed.<\/p>  <h3>It pronounced on Lewandowski<\/h3>  <p>Finally, the president of the maximum national competition went back to leave some statements on the possible signing of Robert Lewandowski by the FC Barcelona. Thebes, the one who had affirmed that the cul\u00e9s do not have the sufficient economic space to tackle the contracting of the forward, affirmed that &#8220;I say the things as they are and defend to LaLiga. Only I wish that the names that read can incorporate.<strong> It would like me that it incorporated Lewandowski<\/strong>&#8220;, putting him end to the controversy.<\/p> ","protected":false},"excerpt":{"rendered":"<p>Javier Tebas has once again spoken to the public at the close of the Pro Foro Industria y Deporte 2022. The president of LaLiga has warned Bar\u00e7a about entering the Liga Impulso and has once again charged against the Superliga The FC Barcelona is still in the &#8216;eye of the hurricane&#8217;. The Barcelona group goes [&hellip;]<\/p>\n","protected":false},"author":358,"featured_media":19254,"comment_status":"closed","ping_status":"open","sticky":false,"template":"","format":"standard","meta":{"_acf_changed":false,"inline_featured_image":false,"_nextfly_llmd_date_locked":false,"footnotes":""},"categories":[111],"tags":[99,158],"class_list":["post-27797","post","type-post","status-publish","format-standard","has-post-thumbnail","hentry","category-fc-barcelona","tag-javier-thebes","tag-joan-laporta"],"acf":[],"yoast_head":"<!-- This site is optimized with the Yoast SEO plugin v27.3 - https:\/\/yoast.com\/product\/yoast-seo-wordpress\/ -->\n<title>Tebas warns Bar\u00e7a about joining the Liga Impulso and the agreement with CVC<\/title>\n<meta name=\"description\" content=\"Javier Thebes has gone back to speak in front of the public in the closing of the Pro Forum Industry and Sport 2022. The president of LaLiga has warned to the Bar\u00e7a on his in...\" \/>\n<meta name=\"robots\" content=\"index, follow, max-snippet:-1, max-image-preview:large, max-video-preview:-1\" \/>\n<link rel=\"canonical\" href=\"https:\/\/www.fcbarcelonanoticias.com\/en\/fc-barcelona\/tebas-notifies-barcelona-about-its-entrance-league-impulse-agreement-with-cvc_280839_102.html\" \/>\n<meta property=\"og:locale\" content=\"en_US\" \/>\n<meta property=\"og:type\" content=\"article\" \/>\n<meta property=\"og:title\" content=\"Tebas warns Bar\u00e7a about joining the Liga Impulso and the agreement with CVC\" \/>\n<meta property=\"og:description\" content=\"Javier Thebes has gone back to speak in front of the public in the closing of the Pro Forum Industry and Sport 2022. The president of LaLiga has warned to the Bar\u00e7a on his in...\" \/>\n<meta property=\"og:url\" content=\"https:\/\/www.fcbarcelonanoticias.com\/en\/fc-barcelona\/tebas-notifies-barcelona-about-its-entrance-league-impulse-agreement-with-cvc_280839_102.html\" \/>\n<meta property=\"og:site_name\" content=\"EN - FC Barcelona Noticias\" \/>\n<meta property=\"article:published_time\" content=\"2022-06-01T18:34:00+00:00\" \/>\n<meta property=\"article:modified_time\" content=\"2026-04-16T07:16:41+00:00\" \/>\n<meta property=\"og:image\" content=\"https:\/\/www.fcbarcelonanoticias.com\/en\/wp-content\/uploads\/sites\/2\/2021\/09\/javier-tebas-laliga.jpeg\" \/>\n\t<meta property=\"og:image:width\" content=\"1200\" \/>\n\t<meta property=\"og:image:height\" content=\"709\" \/>\n\t<meta property=\"og:image:type\" content=\"image\/jpeg\" \/>\n<meta name=\"author\" content=\"Juan Pablo Berdugo\" \/>\n<meta name=\"twitter:card\" content=\"summary_large_image\" \/>\n<meta name=\"twitter:label1\" content=\"Written by\" \/>\n\t<meta name=\"twitter:data1\" content=\"Juan Pablo Berdugo\" \/>\n\t<meta name=\"twitter:label2\" content=\"Est. reading time\" \/>\n\t<meta name=\"twitter:data2\" content=\"3 minutes\" \/>\n<script type=\"application\/ld+json\" class=\"yoast-schema-graph\">{\"@context\":\"https:\\\/\\\/schema.org\",\"@graph\":[{\"@type\":\"Article\",\"@id\":\"https:\\\/\\\/www.fcbarcelonanoticias.com\\\/en\\\/fc-barcelona\\\/tebas-notifies-barcelona-about-its-entrance-league-impulse-agreement-with-cvc_280839_102.html#article\",\"isPartOf\":{\"@id\":\"https:\\\/\\\/www.fcbarcelonanoticias.com\\\/en\\\/fc-barcelona\\\/tebas-notifies-barcelona-about-its-entrance-league-impulse-agreement-with-cvc_280839_102.html\"},\"author\":{\"name\":\"Juan Pablo Berdugo\",\"@id\":\"https:\\\/\\\/www.fcbarcelonanoticias.com\\\/en\\\/#\\\/schema\\\/person\\\/88d756918a0a1ae9fa593b5edddd1815\"},\"headline\":\"Tebas warns Bar\u00e7a about joining the Liga Impulso and the agreement with CVC\",\"datePublished\":\"2022-06-01T18:34:00+00:00\",\"dateModified\":\"2026-04-16T07:16:41+00:00\",\"mainEntityOfPage\":{\"@id\":\"https:\\\/\\\/www.fcbarcelonanoticias.com\\\/en\\\/fc-barcelona\\\/tebas-notifies-barcelona-about-its-entrance-league-impulse-agreement-with-cvc_280839_102.html\"},\"wordCount\":550,\"image\":{\"@id\":\"https:\\\/\\\/www.fcbarcelonanoticias.com\\\/en\\\/fc-barcelona\\\/tebas-notifies-barcelona-about-its-entrance-league-impulse-agreement-with-cvc_280839_102.html#primaryimage\"},\"thumbnailUrl\":\"https:\\\/\\\/www.fcbarcelonanoticias.com\\\/en\\\/wp-content\\\/uploads\\\/sites\\\/2\\\/2021\\\/09\\\/javier-tebas-laliga.jpeg\",\"keywords\":[\"Javier Thebes\",\"Joan Laporta\"],\"articleSection\":[\"FC Barcelona\"],\"inLanguage\":\"en-US\"},{\"@type\":\"WebPage\",\"@id\":\"https:\\\/\\\/www.fcbarcelonanoticias.com\\\/en\\\/fc-barcelona\\\/tebas-notifies-barcelona-about-its-entrance-league-impulse-agreement-with-cvc_280839_102.html\",\"url\":\"https:\\\/\\\/www.fcbarcelonanoticias.com\\\/en\\\/fc-barcelona\\\/tebas-notifies-barcelona-about-its-entrance-league-impulse-agreement-with-cvc_280839_102.html\",\"name\":\"Tebas warns Bar\u00e7a about joining the Liga Impulso and the agreement with CVC\",\"isPartOf\":{\"@id\":\"https:\\\/\\\/www.fcbarcelonanoticias.com\\\/en\\\/#website\"},\"primaryImageOfPage\":{\"@id\":\"https:\\\/\\\/www.fcbarcelonanoticias.com\\\/en\\\/fc-barcelona\\\/tebas-notifies-barcelona-about-its-entrance-league-impulse-agreement-with-cvc_280839_102.html#primaryimage\"},\"image\":{\"@id\":\"https:\\\/\\\/www.fcbarcelonanoticias.com\\\/en\\\/fc-barcelona\\\/tebas-notifies-barcelona-about-its-entrance-league-impulse-agreement-with-cvc_280839_102.html#primaryimage\"},\"thumbnailUrl\":\"https:\\\/\\\/www.fcbarcelonanoticias.com\\\/en\\\/wp-content\\\/uploads\\\/sites\\\/2\\\/2021\\\/09\\\/javier-tebas-laliga.jpeg\",\"datePublished\":\"2022-06-01T18:34:00+00:00\",\"dateModified\":\"2026-04-16T07:16:41+00:00\",\"author\":{\"@id\":\"https:\\\/\\\/www.fcbarcelonanoticias.com\\\/en\\\/#\\\/schema\\\/person\\\/88d756918a0a1ae9fa593b5edddd1815\"},\"description\":\"Javier Thebes has gone back to speak in front of the public in the closing of the Pro Forum Industry and Sport 2022. The president of LaLiga has warned to the Bar\u00e7a on his in...\",\"breadcrumb\":{\"@id\":\"https:\\\/\\\/www.fcbarcelonanoticias.com\\\/en\\\/fc-barcelona\\\/tebas-notifies-barcelona-about-its-entrance-league-impulse-agreement-with-cvc_280839_102.html#breadcrumb\"},\"inLanguage\":\"en-US\",\"potentialAction\":[{\"@type\":\"ReadAction\",\"target\":[\"https:\\\/\\\/www.fcbarcelonanoticias.com\\\/en\\\/fc-barcelona\\\/tebas-notifies-barcelona-about-its-entrance-league-impulse-agreement-with-cvc_280839_102.html\"]}]},{\"@type\":\"ImageObject\",\"inLanguage\":\"en-US\",\"@id\":\"https:\\\/\\\/www.fcbarcelonanoticias.com\\\/en\\\/fc-barcelona\\\/tebas-notifies-barcelona-about-its-entrance-league-impulse-agreement-with-cvc_280839_102.html#primaryimage\",\"url\":\"https:\\\/\\\/www.fcbarcelonanoticias.com\\\/en\\\/wp-content\\\/uploads\\\/sites\\\/2\\\/2021\\\/09\\\/javier-tebas-laliga.jpeg\",\"contentUrl\":\"https:\\\/\\\/www.fcbarcelonanoticias.com\\\/en\\\/wp-content\\\/uploads\\\/sites\\\/2\\\/2021\\\/09\\\/javier-tebas-laliga.jpeg\",\"width\":1200,\"height\":709},{\"@type\":\"BreadcrumbList\",\"@id\":\"https:\\\/\\\/www.fcbarcelonanoticias.com\\\/en\\\/fc-barcelona\\\/tebas-notifies-barcelona-about-its-entrance-league-impulse-agreement-with-cvc_280839_102.html#breadcrumb\",\"itemListElement\":[{\"@type\":\"ListItem\",\"position\":1,\"name\":\"Portada\",\"item\":\"https:\\\/\\\/www.fcbarcelonanoticias.com\\\/en\\\/\"},{\"@type\":\"ListItem\",\"position\":2,\"name\":\"Tebas warns Bar\u00e7a about joining the Liga Impulso and the agreement with CVC\"}]},{\"@type\":\"WebSite\",\"@id\":\"https:\\\/\\\/www.fcbarcelonanoticias.com\\\/en\\\/#website\",\"url\":\"https:\\\/\\\/www.fcbarcelonanoticias.com\\\/en\\\/\",\"name\":\"EN - FC Barcelona Noticias\",\"description\":\"\",\"potentialAction\":[{\"@type\":\"SearchAction\",\"target\":{\"@type\":\"EntryPoint\",\"urlTemplate\":\"https:\\\/\\\/www.fcbarcelonanoticias.com\\\/en\\\/?s={search_term_string}\"},\"query-input\":{\"@type\":\"PropertyValueSpecification\",\"valueRequired\":true,\"valueName\":\"search_term_string\"}}],\"inLanguage\":\"en-US\"},{\"@type\":\"Person\",\"@id\":\"https:\\\/\\\/www.fcbarcelonanoticias.com\\\/en\\\/#\\\/schema\\\/person\\\/88d756918a0a1ae9fa593b5edddd1815\",\"name\":\"Juan Pablo Berdugo\",\"image\":{\"@type\":\"ImageObject\",\"inLanguage\":\"en-US\",\"@id\":\"https:\\\/\\\/secure.gravatar.com\\\/avatar\\\/?s=96&d=mm&r=g\",\"url\":\"https:\\\/\\\/secure.gravatar.com\\\/avatar\\\/?s=96&d=mm&r=g\",\"contentUrl\":\"https:\\\/\\\/secure.gravatar.com\\\/avatar\\\/?s=96&d=mm&r=g\",\"caption\":\"Juan Pablo Berdugo\"},\"description\":\"Juan Pablo Berdugo es graduado en Periodismo. Colabora con FCBN como especialista en informaci\u00f3n del primer equipo del FC Barcelona, f\u00fatbol internacional y mercado de fichajes. Destaca por su enfoque anal\u00edtico, su rigor informativo y su capacidad para detectar tendencias emergentes en el f\u00fatbol global.\",\"url\":\"https:\\\/\\\/www.fcbarcelonanoticias.com\\\/en\\\/fc-barcelona\\\/juan-pablo-berdugo_18_115.html\"}]}<\/script>\n<!-- \/ Yoast SEO plugin. -->","yoast_head_json":{"title":"Tebas warns Bar\u00e7a about joining the Liga Impulso and the agreement with CVC","description":"Javier Thebes has gone back to speak in front of the public in the closing of the Pro Forum Industry and Sport 2022. The president of LaLiga has warned to the Bar\u00e7a on his in...","robots":{"index":"index","follow":"follow","max-snippet":"max-snippet:-1","max-image-preview":"max-image-preview:large","max-video-preview":"max-video-preview:-1"},"canonical":"https:\/\/www.fcbarcelonanoticias.com\/en\/fc-barcelona\/tebas-notifies-barcelona-about-its-entrance-league-impulse-agreement-with-cvc_280839_102.html","og_locale":"en_US","og_type":"article","og_title":"Tebas warns Bar\u00e7a about joining the Liga Impulso and the agreement with CVC","og_description":"Javier Thebes has gone back to speak in front of the public in the closing of the Pro Forum Industry and Sport 2022. The president of LaLiga has warned to the Bar\u00e7a on his in...","og_url":"https:\/\/www.fcbarcelonanoticias.com\/en\/fc-barcelona\/tebas-notifies-barcelona-about-its-entrance-league-impulse-agreement-with-cvc_280839_102.html","og_site_name":"EN - FC Barcelona Noticias","article_published_time":"2022-06-01T18:34:00+00:00","article_modified_time":"2026-04-16T07:16:41+00:00","og_image":[{"width":1200,"height":709,"url":"https:\/\/www.fcbarcelonanoticias.com\/en\/wp-content\/uploads\/sites\/2\/2021\/09\/javier-tebas-laliga.jpeg","type":"image\/jpeg"}],"author":"Juan Pablo Berdugo","twitter_card":"summary_large_image","twitter_misc":{"Written by":"Juan Pablo Berdugo","Est. reading time":"3 minutes"},"schema":{"@context":"https:\/\/schema.org","@graph":[{"@type":"Article","@id":"https:\/\/www.fcbarcelonanoticias.com\/en\/fc-barcelona\/tebas-notifies-barcelona-about-its-entrance-league-impulse-agreement-with-cvc_280839_102.html#article","isPartOf":{"@id":"https:\/\/www.fcbarcelonanoticias.com\/en\/fc-barcelona\/tebas-notifies-barcelona-about-its-entrance-league-impulse-agreement-with-cvc_280839_102.html"},"author":{"name":"Juan Pablo Berdugo","@id":"https:\/\/www.fcbarcelonanoticias.com\/en\/#\/schema\/person\/88d756918a0a1ae9fa593b5edddd1815"},"headline":"Tebas warns Bar\u00e7a about joining the Liga Impulso and the agreement with CVC","datePublished":"2022-06-01T18:34:00+00:00","dateModified":"2026-04-16T07:16:41+00:00","mainEntityOfPage":{"@id":"https:\/\/www.fcbarcelonanoticias.com\/en\/fc-barcelona\/tebas-notifies-barcelona-about-its-entrance-league-impulse-agreement-with-cvc_280839_102.html"},"wordCount":550,"image":{"@id":"https:\/\/www.fcbarcelonanoticias.com\/en\/fc-barcelona\/tebas-notifies-barcelona-about-its-entrance-league-impulse-agreement-with-cvc_280839_102.html#primaryimage"},"thumbnailUrl":"https:\/\/www.fcbarcelonanoticias.com\/en\/wp-content\/uploads\/sites\/2\/2021\/09\/javier-tebas-laliga.jpeg","keywords":["Javier Thebes","Joan Laporta"],"articleSection":["FC Barcelona"],"inLanguage":"en-US"},{"@type":"WebPage","@id":"https:\/\/www.fcbarcelonanoticias.com\/en\/fc-barcelona\/tebas-notifies-barcelona-about-its-entrance-league-impulse-agreement-with-cvc_280839_102.html","url":"https:\/\/www.fcbarcelonanoticias.com\/en\/fc-barcelona\/tebas-notifies-barcelona-about-its-entrance-league-impulse-agreement-with-cvc_280839_102.html","name":"Tebas warns Bar\u00e7a about joining the Liga Impulso and the agreement with CVC","isPartOf":{"@id":"https:\/\/www.fcbarcelonanoticias.com\/en\/#website"},"primaryImageOfPage":{"@id":"https:\/\/www.fcbarcelonanoticias.com\/en\/fc-barcelona\/tebas-notifies-barcelona-about-its-entrance-league-impulse-agreement-with-cvc_280839_102.html#primaryimage"},"image":{"@id":"https:\/\/www.fcbarcelonanoticias.com\/en\/fc-barcelona\/tebas-notifies-barcelona-about-its-entrance-league-impulse-agreement-with-cvc_280839_102.html#primaryimage"},"thumbnailUrl":"https:\/\/www.fcbarcelonanoticias.com\/en\/wp-content\/uploads\/sites\/2\/2021\/09\/javier-tebas-laliga.jpeg","datePublished":"2022-06-01T18:34:00+00:00","dateModified":"2026-04-16T07:16:41+00:00","author":{"@id":"https:\/\/www.fcbarcelonanoticias.com\/en\/#\/schema\/person\/88d756918a0a1ae9fa593b5edddd1815"},"description":"Javier Thebes has gone back to speak in front of the public in the closing of the Pro Forum Industry and Sport 2022. The president of LaLiga has warned to the Bar\u00e7a on his in...","breadcrumb":{"@id":"https:\/\/www.fcbarcelonanoticias.com\/en\/fc-barcelona\/tebas-notifies-barcelona-about-its-entrance-league-impulse-agreement-with-cvc_280839_102.html#breadcrumb"},"inLanguage":"en-US","potentialAction":[{"@type":"ReadAction","target":["https:\/\/www.fcbarcelonanoticias.com\/en\/fc-barcelona\/tebas-notifies-barcelona-about-its-entrance-league-impulse-agreement-with-cvc_280839_102.html"]}]},{"@type":"ImageObject","inLanguage":"en-US","@id":"https:\/\/www.fcbarcelonanoticias.com\/en\/fc-barcelona\/tebas-notifies-barcelona-about-its-entrance-league-impulse-agreement-with-cvc_280839_102.html#primaryimage","url":"https:\/\/www.fcbarcelonanoticias.com\/en\/wp-content\/uploads\/sites\/2\/2021\/09\/javier-tebas-laliga.jpeg","contentUrl":"https:\/\/www.fcbarcelonanoticias.com\/en\/wp-content\/uploads\/sites\/2\/2021\/09\/javier-tebas-laliga.jpeg","width":1200,"height":709},{"@type":"BreadcrumbList","@id":"https:\/\/www.fcbarcelonanoticias.com\/en\/fc-barcelona\/tebas-notifies-barcelona-about-its-entrance-league-impulse-agreement-with-cvc_280839_102.html#breadcrumb","itemListElement":[{"@type":"ListItem","position":1,"name":"Portada","item":"https:\/\/www.fcbarcelonanoticias.com\/en\/"},{"@type":"ListItem","position":2,"name":"Tebas warns Bar\u00e7a about joining the Liga Impulso and the agreement with CVC"}]},{"@type":"WebSite","@id":"https:\/\/www.fcbarcelonanoticias.com\/en\/#website","url":"https:\/\/www.fcbarcelonanoticias.com\/en\/","name":"EN - FC Barcelona Noticias","description":"","potentialAction":[{"@type":"SearchAction","target":{"@type":"EntryPoint","urlTemplate":"https:\/\/www.fcbarcelonanoticias.com\/en\/?s={search_term_string}"},"query-input":{"@type":"PropertyValueSpecification","valueRequired":true,"valueName":"search_term_string"}}],"inLanguage":"en-US"},{"@type":"Person","@id":"https:\/\/www.fcbarcelonanoticias.com\/en\/#\/schema\/person\/88d756918a0a1ae9fa593b5edddd1815","name":"Juan Pablo Berdugo","image":{"@type":"ImageObject","inLanguage":"en-US","@id":"https:\/\/secure.gravatar.com\/avatar\/?s=96&d=mm&r=g","url":"https:\/\/secure.gravatar.com\/avatar\/?s=96&d=mm&r=g","contentUrl":"https:\/\/secure.gravatar.com\/avatar\/?s=96&d=mm&r=g","caption":"Juan Pablo Berdugo"},"description":"Juan Pablo Berdugo es graduado en Periodismo. Colabora con FCBN como especialista en informaci\u00f3n del primer equipo del FC Barcelona, f\u00fatbol internacional y mercado de fichajes. Destaca por su enfoque anal\u00edtico, su rigor informativo y su capacidad para detectar tendencias emergentes en el f\u00fatbol global.","url":"https:\/\/www.fcbarcelonanoticias.com\/en\/fc-barcelona\/juan-pablo-berdugo_18_115.html"}]}},"_links":{"self":[{"href":"https:\/\/www.fcbarcelonanoticias.com\/en\/wp-json\/wp\/v2\/posts\/27797","targetHints":{"allow":["GET"]}}],"collection":[{"href":"https:\/\/www.fcbarcelonanoticias.com\/en\/wp-json\/wp\/v2\/posts"}],"about":[{"href":"https:\/\/www.fcbarcelonanoticias.com\/en\/wp-json\/wp\/v2\/types\/post"}],"author":[{"embeddable":true,"href":"https:\/\/www.fcbarcelonanoticias.com\/en\/wp-json\/wp\/v2\/users\/358"}],"replies":[{"embeddable":true,"href":"https:\/\/www.fcbarcelonanoticias.com\/en\/wp-json\/wp\/v2\/comments?post=27797"}],"version-history":[{"count":2,"href":"https:\/\/www.fcbarcelonanoticias.com\/en\/wp-json\/wp\/v2\/posts\/27797\/revisions"}],"predecessor-version":[{"id":170838,"href":"https:\/\/www.fcbarcelonanoticias.com\/en\/wp-json\/wp\/v2\/posts\/27797\/revisions\/170838"}],"wp:featuredmedia":[{"embeddable":true,"href":"https:\/\/www.fcbarcelonanoticias.com\/en\/wp-json\/wp\/v2\/media\/19254"}],"wp:attachment":[{"href":"https:\/\/www.fcbarcelonanoticias.com\/en\/wp-json\/wp\/v2\/media?parent=27797"}],"wp:term":[{"taxonomy":"category","embeddable":true,"href":"https:\/\/www.fcbarcelonanoticias.com\/en\/wp-json\/wp\/v2\/categories?post=27797"},{"taxonomy":"post_tag","embeddable":true,"href":"https:\/\/www.fcbarcelonanoticias.com\/en\/wp-json\/wp\/v2\/tags?post=27797"}],"curies":[{"name":"wp","href":"https:\/\/api.w.org\/{rel}","templated":true}]}}