{"id":27804,"date":"2025-08-14T16:27:00","date_gmt":"2025-08-14T14:27:00","guid":{"rendered":"https:\/\/weisetech.dev\/fc-barcelona-noticias\/en\/ter-stegen-absence-help-for-barca_314112_102\/"},"modified":"2026-04-16T09:04:18","modified_gmt":"2026-04-16T07:04:18","slug":"ter-stegen-absence-help-for-barca_314112_102","status":"publish","type":"post","link":"https:\/\/www.fcbarcelonanoticias.com\/en\/fc-barcelona\/ter-stegen-absence-help-for-barca_314112_102.html","title":{"rendered":"Ter Stegen&#8217;s absence, a &#8216;help&#8217; for Bar\u00e7a: Get to know the details"},"content":{"rendered":"<h2 class=\"wp-block-heading\">Ter Stegen&#8217;s absence, a &#8216;help&#8217; for Bar\u00e7a: Get to know the details<\/h2>  \r\n<div class=\"article-addons\">\r\n    <a href=\"https:\/\/www.fcbarcelonanoticias.com\/en\/calendar-fc-barcelona.html\"\r\n       target=\"_self\"\r\n       title=\"Calendar of FC Barcelona\"\r\n       class=\"blue-gredient-btn\">\r\n       \r\n        Calendar of FC Barcelona    <\/a>\r\n<\/div>   <p>After the Medical Commission of LaLiga validated this Wednesday that Marc-Andr\u00e9 ter Stegen&#8217;s absence will be long-term, <strong>FC Barcelona<\/strong> will proceed to register the new addition Joan Garc\u00eda,<a data-external=\"1\" href=\"https:\/\/www.fcbarcelonanoticias.com\/calendario-fcbarcelona.html\" rel=\"nofollow\" target=\"_blank\" title=\"just two days before the league debut against RCD Mallorca at Son Moix.\"> just two days before the league debut against RCD Mallorca at Son Moix.<\/a><\/p>  <p>In principle, the German goalkeeper&#8217;s absence will be at least four months, <strong>so the Azulgrana team will be able to use a percentage of his salary to allow the registration of the goalkeeper native to Sallent<\/strong>, according to recent information.<\/p>  <h2>Ter Stegen&#8217;s injury opens the door for Joan Garc\u00eda at Bar\u00e7a<\/h2>  <p>In this context, &#8216;Mats&#8217; absence may be 4 months or more, although the club did not specify how long the native of M\u00f6nchengladbach will be absent, the following question arises: <strong>what percentage of his salary can be used to register Garc\u00eda?<\/strong><\/p>  <p>In this order of ideas, any management related to the registration of players due to long-term injury must be based on article 107 of the Regulations on League Budgets.&nbsp;<\/p>  <p>This establishes that, in cases of injuries that last for at least four months and occur outside the transfer windows, clubs can use \u201c<strong>eighty percent of the cost charged as the cost of the registerable sports squad derived from the registration of the injured player<\/strong>, not counting the amortization of their federative rights.\u201d<\/p>  <p>However, this amount is reduced if the club intends to register the replacement before the summer market closes. <strong>In that case, the regulation specifies that the available percentage is limited \u201cto 50%\u201d.<\/strong><\/p>  <h2>Article 107 puts Bar\u00e7a on alert: possible consequences for non-compliance<\/h2>  <p>Bar\u00e7a must fully comply with the provisions of the aforementioned article, since failure to do so could lead to <a data-external=\"0\" data-intl-links-en=\"https:\/\/www.fcbarcelonanoticias.com\/en\/fc-barcelona\/ter-stegen-how-does-his-injury-affect-fc-barcelona-finances_313884_102.html\" data-intl-links-es=\"https:\/\/www.fcbarcelonanoticias.com\/fc-barcelona\/ter-stegen-riesgo-oculto-fc-barcelona-con-baja-portero_313884_102.html\" href=\"https:\/\/www.fcbarcelonanoticias.com\/en\/fc-barcelona\/ter-stegen-how-does-his-injury-affect-fc-barcelona-finances_313884_102.html\" rel=\"follow\" target=\"_self\" title=\"Ter Stegen: the hidden risk for FC Barcelona with the goalkeeper's absence\">a series of sanctions<\/a> that would evidently weaken the club&#8217;s economic structure.<\/p>  <p>In the event that the Medical Commission&#8217;s ruling establishes a maximum absence of four months for Marc-Andr\u00e9, the Barcelona team could only use 50% of the imputed cost of his contract to register a replacement. <strong>This figure would represent approximately 4.8 million euros, taking as a reference the 12 million that the German goalkeeper receives.<\/strong><\/p>  <p>However, if Ter Stegen recovers before the expected deadline, the club would face a significant penalty in its squad cost limit, estimated at around 14.4 million euros.&nbsp;<\/p>  <p>On the other hand, if the use of 80% is authorized, Bar\u00e7a could have approximately \u20ac9.6M to register a replacement, under the assumption of a five-month absence, <strong>but if he returns before the estimated time, the penalty would amount to 28.8 &#8216;kilos&#8217;.<\/strong>&nbsp;<\/p>  <p><strong>It should be remembered that if only 50% is approved, Joan Garc\u00eda would be registered until January<\/strong>, so from that moment on, the club would have to maneuver again to register him so that he can play all year. The same scenario that Dani Olmo faced the previous year.<\/p> ","protected":false},"excerpt":{"rendered":"<p>Ter Stegen&#8217;s absence, a &#8216;help&#8217; for Bar\u00e7a: Get to know the details After the Medical Commission of LaLiga validated this Wednesday that Marc-Andr\u00e9 ter Stegen&#8217;s absence will be long-term, FC Barcelona will proceed to register the new addition Joan Garc\u00eda, just two days before the league debut against RCD Mallorca at Son Moix. In principle, [&hellip;]<\/p>\n","protected":false},"author":346,"featured_media":27805,"comment_status":"closed","ping_status":"open","sticky":false,"template":"","format":"standard","meta":{"_acf_changed":false,"inline_featured_image":false,"_nextfly_llmd_date_locked":false,"footnotes":""},"categories":[111,442],"tags":[185,188],"class_list":["post-27804","post","type-post","status-publish","format-standard","has-post-thumbnail","hentry","category-fc-barcelona","category-ter-stegen","tag-joan-garcia","tag-ter-stegen"],"acf":[],"yoast_head":"<!-- This site is optimized with the Yoast SEO plugin v27.3 - https:\/\/yoast.com\/product\/yoast-seo-wordpress\/ -->\n<title>Ter Stegen&#039;s absence, a &#039;help&#039; for Bar\u00e7a: Get to know the details<\/title>\n<meta name=\"description\" content=\"Bar\u00e7a did not specify how long Ter Stegen will be out, but depending on his absence, a % of his salary can be used to register Joan Garc\u00eda\" \/>\n<meta name=\"robots\" content=\"index, follow, max-snippet:-1, max-image-preview:large, max-video-preview:-1\" \/>\n<link rel=\"canonical\" href=\"https:\/\/www.fcbarcelonanoticias.com\/en\/fc-barcelona\/ter-stegen-absence-help-for-barca_314112_102.html\" \/>\n<meta property=\"og:locale\" content=\"en_US\" \/>\n<meta property=\"og:type\" content=\"article\" \/>\n<meta property=\"og:title\" content=\"Ter Stegen&#039;s absence, a &#039;help&#039; for Bar\u00e7a: Get to know the details\" \/>\n<meta property=\"og:description\" content=\"Bar\u00e7a did not specify how long Ter Stegen will be out, but depending on his absence, a % of his salary can be used to register Joan Garc\u00eda\" \/>\n<meta property=\"og:url\" content=\"https:\/\/www.fcbarcelonanoticias.com\/en\/fc-barcelona\/ter-stegen-absence-help-for-barca_314112_102.html\" \/>\n<meta property=\"og:site_name\" content=\"EN - FC Barcelona Noticias\" \/>\n<meta property=\"article:published_time\" content=\"2025-08-14T14:27:00+00:00\" \/>\n<meta property=\"article:modified_time\" content=\"2026-04-16T07:04:18+00:00\" \/>\n<meta property=\"og:image\" content=\"https:\/\/www.fcbarcelonanoticias.com\/en\/wp-content\/uploads\/sites\/2\/2025\/08\/ter-stegen.webp\" \/>\n\t<meta property=\"og:image:width\" content=\"1200\" \/>\n\t<meta property=\"og:image:height\" content=\"675\" \/>\n\t<meta property=\"og:image:type\" content=\"image\/webp\" \/>\n<meta name=\"author\" content=\"Julio Torres\" \/>\n<meta name=\"twitter:card\" content=\"summary_large_image\" \/>\n<meta name=\"twitter:label1\" content=\"Written by\" \/>\n\t<meta name=\"twitter:data1\" content=\"Julio Torres\" \/>\n\t<meta name=\"twitter:label2\" content=\"Est. reading time\" \/>\n\t<meta name=\"twitter:data2\" content=\"2 minutes\" \/>\n<script type=\"application\/ld+json\" class=\"yoast-schema-graph\">{\"@context\":\"https:\\\/\\\/schema.org\",\"@graph\":[{\"@type\":\"Article\",\"@id\":\"https:\\\/\\\/www.fcbarcelonanoticias.com\\\/en\\\/fc-barcelona\\\/ter-stegen-absence-help-for-barca_314112_102.html#article\",\"isPartOf\":{\"@id\":\"https:\\\/\\\/www.fcbarcelonanoticias.com\\\/en\\\/fc-barcelona\\\/ter-stegen-absence-help-for-barca_314112_102.html\"},\"author\":{\"name\":\"Julio Torres\",\"@id\":\"https:\\\/\\\/www.fcbarcelonanoticias.com\\\/en\\\/#\\\/schema\\\/person\\\/113a604abb717dbdd7c040d6cbb60bc1\"},\"headline\":\"Ter Stegen&#8217;s absence, a &#8216;help&#8217; for Bar\u00e7a: Get to know the details\",\"datePublished\":\"2025-08-14T14:27:00+00:00\",\"dateModified\":\"2026-04-16T07:04:18+00:00\",\"mainEntityOfPage\":{\"@id\":\"https:\\\/\\\/www.fcbarcelonanoticias.com\\\/en\\\/fc-barcelona\\\/ter-stegen-absence-help-for-barca_314112_102.html\"},\"wordCount\":495,\"image\":{\"@id\":\"https:\\\/\\\/www.fcbarcelonanoticias.com\\\/en\\\/fc-barcelona\\\/ter-stegen-absence-help-for-barca_314112_102.html#primaryimage\"},\"thumbnailUrl\":\"https:\\\/\\\/www.fcbarcelonanoticias.com\\\/en\\\/wp-content\\\/uploads\\\/sites\\\/2\\\/2025\\\/08\\\/ter-stegen.webp\",\"keywords\":[\"Joan Garc\u00eda\",\"Ter Stegen\"],\"articleSection\":[\"FC Barcelona\",\"Ter Stegen\"],\"inLanguage\":\"en-US\"},{\"@type\":\"WebPage\",\"@id\":\"https:\\\/\\\/www.fcbarcelonanoticias.com\\\/en\\\/fc-barcelona\\\/ter-stegen-absence-help-for-barca_314112_102.html\",\"url\":\"https:\\\/\\\/www.fcbarcelonanoticias.com\\\/en\\\/fc-barcelona\\\/ter-stegen-absence-help-for-barca_314112_102.html\",\"name\":\"Ter Stegen's absence, a 'help' for Bar\u00e7a: Get to know the details\",\"isPartOf\":{\"@id\":\"https:\\\/\\\/www.fcbarcelonanoticias.com\\\/en\\\/#website\"},\"primaryImageOfPage\":{\"@id\":\"https:\\\/\\\/www.fcbarcelonanoticias.com\\\/en\\\/fc-barcelona\\\/ter-stegen-absence-help-for-barca_314112_102.html#primaryimage\"},\"image\":{\"@id\":\"https:\\\/\\\/www.fcbarcelonanoticias.com\\\/en\\\/fc-barcelona\\\/ter-stegen-absence-help-for-barca_314112_102.html#primaryimage\"},\"thumbnailUrl\":\"https:\\\/\\\/www.fcbarcelonanoticias.com\\\/en\\\/wp-content\\\/uploads\\\/sites\\\/2\\\/2025\\\/08\\\/ter-stegen.webp\",\"datePublished\":\"2025-08-14T14:27:00+00:00\",\"dateModified\":\"2026-04-16T07:04:18+00:00\",\"author\":{\"@id\":\"https:\\\/\\\/www.fcbarcelonanoticias.com\\\/en\\\/#\\\/schema\\\/person\\\/113a604abb717dbdd7c040d6cbb60bc1\"},\"description\":\"Bar\u00e7a did not specify how long Ter Stegen will be out, but depending on his absence, a % of his salary can be used to register Joan Garc\u00eda\",\"breadcrumb\":{\"@id\":\"https:\\\/\\\/www.fcbarcelonanoticias.com\\\/en\\\/fc-barcelona\\\/ter-stegen-absence-help-for-barca_314112_102.html#breadcrumb\"},\"inLanguage\":\"en-US\",\"potentialAction\":[{\"@type\":\"ReadAction\",\"target\":[\"https:\\\/\\\/www.fcbarcelonanoticias.com\\\/en\\\/fc-barcelona\\\/ter-stegen-absence-help-for-barca_314112_102.html\"]}]},{\"@type\":\"ImageObject\",\"inLanguage\":\"en-US\",\"@id\":\"https:\\\/\\\/www.fcbarcelonanoticias.com\\\/en\\\/fc-barcelona\\\/ter-stegen-absence-help-for-barca_314112_102.html#primaryimage\",\"url\":\"https:\\\/\\\/www.fcbarcelonanoticias.com\\\/en\\\/wp-content\\\/uploads\\\/sites\\\/2\\\/2025\\\/08\\\/ter-stegen.webp\",\"contentUrl\":\"https:\\\/\\\/www.fcbarcelonanoticias.com\\\/en\\\/wp-content\\\/uploads\\\/sites\\\/2\\\/2025\\\/08\\\/ter-stegen.webp\",\"width\":1200,\"height\":675},{\"@type\":\"BreadcrumbList\",\"@id\":\"https:\\\/\\\/www.fcbarcelonanoticias.com\\\/en\\\/fc-barcelona\\\/ter-stegen-absence-help-for-barca_314112_102.html#breadcrumb\",\"itemListElement\":[{\"@type\":\"ListItem\",\"position\":1,\"name\":\"Portada\",\"item\":\"https:\\\/\\\/www.fcbarcelonanoticias.com\\\/en\\\/\"},{\"@type\":\"ListItem\",\"position\":2,\"name\":\"Ter Stegen&#8217;s absence, a &#8216;help&#8217; for Bar\u00e7a: Get to know the details\"}]},{\"@type\":\"WebSite\",\"@id\":\"https:\\\/\\\/www.fcbarcelonanoticias.com\\\/en\\\/#website\",\"url\":\"https:\\\/\\\/www.fcbarcelonanoticias.com\\\/en\\\/\",\"name\":\"EN - FC Barcelona Noticias\",\"description\":\"\",\"potentialAction\":[{\"@type\":\"SearchAction\",\"target\":{\"@type\":\"EntryPoint\",\"urlTemplate\":\"https:\\\/\\\/www.fcbarcelonanoticias.com\\\/en\\\/?s={search_term_string}\"},\"query-input\":{\"@type\":\"PropertyValueSpecification\",\"valueRequired\":true,\"valueName\":\"search_term_string\"}}],\"inLanguage\":\"en-US\"},{\"@type\":\"Person\",\"@id\":\"https:\\\/\\\/www.fcbarcelonanoticias.com\\\/en\\\/#\\\/schema\\\/person\\\/113a604abb717dbdd7c040d6cbb60bc1\",\"name\":\"Julio Torres\",\"image\":{\"@type\":\"ImageObject\",\"inLanguage\":\"en-US\",\"@id\":\"https:\\\/\\\/secure.gravatar.com\\\/avatar\\\/?s=96&d=mm&r=g\",\"url\":\"https:\\\/\\\/secure.gravatar.com\\\/avatar\\\/?s=96&d=mm&r=g\",\"contentUrl\":\"https:\\\/\\\/secure.gravatar.com\\\/avatar\\\/?s=96&d=mm&r=g\",\"caption\":\"Julio Torres\"},\"description\":\"Julio es un periodista con amplia experiencia en cobertura de toda la actualidad del Barcelona y del f\u00fatbol internacional. No te pierdas\u00a0sus\u00a0an\u00e1lisis reposados y cr\u00f3nicas detalladas sobre el deporte rey. Su estilo directo y bien documentado le ha valido reconocimiento entre los lectores m\u00e1s exigentes de FCBN.\",\"url\":\"https:\\\/\\\/www.fcbarcelonanoticias.com\\\/en\\\/julio-torres_36_115.html\"}]}<\/script>\n<!-- \/ Yoast SEO plugin. -->","yoast_head_json":{"title":"Ter Stegen's absence, a 'help' for Bar\u00e7a: Get to know the details","description":"Bar\u00e7a did not specify how long Ter Stegen will be out, but depending on his absence, a % of his salary can be used to register Joan Garc\u00eda","robots":{"index":"index","follow":"follow","max-snippet":"max-snippet:-1","max-image-preview":"max-image-preview:large","max-video-preview":"max-video-preview:-1"},"canonical":"https:\/\/www.fcbarcelonanoticias.com\/en\/fc-barcelona\/ter-stegen-absence-help-for-barca_314112_102.html","og_locale":"en_US","og_type":"article","og_title":"Ter Stegen's absence, a 'help' for Bar\u00e7a: Get to know the details","og_description":"Bar\u00e7a did not specify how long Ter Stegen will be out, but depending on his absence, a % of his salary can be used to register Joan Garc\u00eda","og_url":"https:\/\/www.fcbarcelonanoticias.com\/en\/fc-barcelona\/ter-stegen-absence-help-for-barca_314112_102.html","og_site_name":"EN - FC Barcelona Noticias","article_published_time":"2025-08-14T14:27:00+00:00","article_modified_time":"2026-04-16T07:04:18+00:00","og_image":[{"width":1200,"height":675,"url":"https:\/\/www.fcbarcelonanoticias.com\/en\/wp-content\/uploads\/sites\/2\/2025\/08\/ter-stegen.webp","type":"image\/webp"}],"author":"Julio Torres","twitter_card":"summary_large_image","twitter_misc":{"Written by":"Julio Torres","Est. reading time":"2 minutes"},"schema":{"@context":"https:\/\/schema.org","@graph":[{"@type":"Article","@id":"https:\/\/www.fcbarcelonanoticias.com\/en\/fc-barcelona\/ter-stegen-absence-help-for-barca_314112_102.html#article","isPartOf":{"@id":"https:\/\/www.fcbarcelonanoticias.com\/en\/fc-barcelona\/ter-stegen-absence-help-for-barca_314112_102.html"},"author":{"name":"Julio Torres","@id":"https:\/\/www.fcbarcelonanoticias.com\/en\/#\/schema\/person\/113a604abb717dbdd7c040d6cbb60bc1"},"headline":"Ter Stegen&#8217;s absence, a &#8216;help&#8217; for Bar\u00e7a: Get to know the details","datePublished":"2025-08-14T14:27:00+00:00","dateModified":"2026-04-16T07:04:18+00:00","mainEntityOfPage":{"@id":"https:\/\/www.fcbarcelonanoticias.com\/en\/fc-barcelona\/ter-stegen-absence-help-for-barca_314112_102.html"},"wordCount":495,"image":{"@id":"https:\/\/www.fcbarcelonanoticias.com\/en\/fc-barcelona\/ter-stegen-absence-help-for-barca_314112_102.html#primaryimage"},"thumbnailUrl":"https:\/\/www.fcbarcelonanoticias.com\/en\/wp-content\/uploads\/sites\/2\/2025\/08\/ter-stegen.webp","keywords":["Joan Garc\u00eda","Ter Stegen"],"articleSection":["FC Barcelona","Ter Stegen"],"inLanguage":"en-US"},{"@type":"WebPage","@id":"https:\/\/www.fcbarcelonanoticias.com\/en\/fc-barcelona\/ter-stegen-absence-help-for-barca_314112_102.html","url":"https:\/\/www.fcbarcelonanoticias.com\/en\/fc-barcelona\/ter-stegen-absence-help-for-barca_314112_102.html","name":"Ter Stegen's absence, a 'help' for Bar\u00e7a: Get to know the details","isPartOf":{"@id":"https:\/\/www.fcbarcelonanoticias.com\/en\/#website"},"primaryImageOfPage":{"@id":"https:\/\/www.fcbarcelonanoticias.com\/en\/fc-barcelona\/ter-stegen-absence-help-for-barca_314112_102.html#primaryimage"},"image":{"@id":"https:\/\/www.fcbarcelonanoticias.com\/en\/fc-barcelona\/ter-stegen-absence-help-for-barca_314112_102.html#primaryimage"},"thumbnailUrl":"https:\/\/www.fcbarcelonanoticias.com\/en\/wp-content\/uploads\/sites\/2\/2025\/08\/ter-stegen.webp","datePublished":"2025-08-14T14:27:00+00:00","dateModified":"2026-04-16T07:04:18+00:00","author":{"@id":"https:\/\/www.fcbarcelonanoticias.com\/en\/#\/schema\/person\/113a604abb717dbdd7c040d6cbb60bc1"},"description":"Bar\u00e7a did not specify how long Ter Stegen will be out, but depending on his absence, a % of his salary can be used to register Joan Garc\u00eda","breadcrumb":{"@id":"https:\/\/www.fcbarcelonanoticias.com\/en\/fc-barcelona\/ter-stegen-absence-help-for-barca_314112_102.html#breadcrumb"},"inLanguage":"en-US","potentialAction":[{"@type":"ReadAction","target":["https:\/\/www.fcbarcelonanoticias.com\/en\/fc-barcelona\/ter-stegen-absence-help-for-barca_314112_102.html"]}]},{"@type":"ImageObject","inLanguage":"en-US","@id":"https:\/\/www.fcbarcelonanoticias.com\/en\/fc-barcelona\/ter-stegen-absence-help-for-barca_314112_102.html#primaryimage","url":"https:\/\/www.fcbarcelonanoticias.com\/en\/wp-content\/uploads\/sites\/2\/2025\/08\/ter-stegen.webp","contentUrl":"https:\/\/www.fcbarcelonanoticias.com\/en\/wp-content\/uploads\/sites\/2\/2025\/08\/ter-stegen.webp","width":1200,"height":675},{"@type":"BreadcrumbList","@id":"https:\/\/www.fcbarcelonanoticias.com\/en\/fc-barcelona\/ter-stegen-absence-help-for-barca_314112_102.html#breadcrumb","itemListElement":[{"@type":"ListItem","position":1,"name":"Portada","item":"https:\/\/www.fcbarcelonanoticias.com\/en\/"},{"@type":"ListItem","position":2,"name":"Ter Stegen&#8217;s absence, a &#8216;help&#8217; for Bar\u00e7a: Get to know the details"}]},{"@type":"WebSite","@id":"https:\/\/www.fcbarcelonanoticias.com\/en\/#website","url":"https:\/\/www.fcbarcelonanoticias.com\/en\/","name":"EN - FC Barcelona Noticias","description":"","potentialAction":[{"@type":"SearchAction","target":{"@type":"EntryPoint","urlTemplate":"https:\/\/www.fcbarcelonanoticias.com\/en\/?s={search_term_string}"},"query-input":{"@type":"PropertyValueSpecification","valueRequired":true,"valueName":"search_term_string"}}],"inLanguage":"en-US"},{"@type":"Person","@id":"https:\/\/www.fcbarcelonanoticias.com\/en\/#\/schema\/person\/113a604abb717dbdd7c040d6cbb60bc1","name":"Julio Torres","image":{"@type":"ImageObject","inLanguage":"en-US","@id":"https:\/\/secure.gravatar.com\/avatar\/?s=96&d=mm&r=g","url":"https:\/\/secure.gravatar.com\/avatar\/?s=96&d=mm&r=g","contentUrl":"https:\/\/secure.gravatar.com\/avatar\/?s=96&d=mm&r=g","caption":"Julio Torres"},"description":"Julio es un periodista con amplia experiencia en cobertura de toda la actualidad del Barcelona y del f\u00fatbol internacional. No te pierdas\u00a0sus\u00a0an\u00e1lisis reposados y cr\u00f3nicas detalladas sobre el deporte rey. Su estilo directo y bien documentado le ha valido reconocimiento entre los lectores m\u00e1s exigentes de FCBN.","url":"https:\/\/www.fcbarcelonanoticias.com\/en\/julio-torres_36_115.html"}]}},"_links":{"self":[{"href":"https:\/\/www.fcbarcelonanoticias.com\/en\/wp-json\/wp\/v2\/posts\/27804","targetHints":{"allow":["GET"]}}],"collection":[{"href":"https:\/\/www.fcbarcelonanoticias.com\/en\/wp-json\/wp\/v2\/posts"}],"about":[{"href":"https:\/\/www.fcbarcelonanoticias.com\/en\/wp-json\/wp\/v2\/types\/post"}],"author":[{"embeddable":true,"href":"https:\/\/www.fcbarcelonanoticias.com\/en\/wp-json\/wp\/v2\/users\/346"}],"replies":[{"embeddable":true,"href":"https:\/\/www.fcbarcelonanoticias.com\/en\/wp-json\/wp\/v2\/comments?post=27804"}],"version-history":[{"count":2,"href":"https:\/\/www.fcbarcelonanoticias.com\/en\/wp-json\/wp\/v2\/posts\/27804\/revisions"}],"predecessor-version":[{"id":163565,"href":"https:\/\/www.fcbarcelonanoticias.com\/en\/wp-json\/wp\/v2\/posts\/27804\/revisions\/163565"}],"wp:featuredmedia":[{"embeddable":true,"href":"https:\/\/www.fcbarcelonanoticias.com\/en\/wp-json\/wp\/v2\/media\/27805"}],"wp:attachment":[{"href":"https:\/\/www.fcbarcelonanoticias.com\/en\/wp-json\/wp\/v2\/media?parent=27804"}],"wp:term":[{"taxonomy":"category","embeddable":true,"href":"https:\/\/www.fcbarcelonanoticias.com\/en\/wp-json\/wp\/v2\/categories?post=27804"},{"taxonomy":"post_tag","embeddable":true,"href":"https:\/\/www.fcbarcelonanoticias.com\/en\/wp-json\/wp\/v2\/tags?post=27804"}],"curies":[{"name":"wp","href":"https:\/\/api.w.org\/{rel}","templated":true}]}}