{"id":27808,"date":"2025-03-17T01:14:00","date_gmt":"2025-03-17T00:14:00","guid":{"rendered":"https:\/\/weisetech.dev\/fc-barcelona-noticias\/en\/tension-at-barca-inigo-martinez-and-casado-injured-and-at-risk-for-the-spanish-national-team_311527_102\/"},"modified":"2025-03-17T08:34:00","modified_gmt":"2025-03-17T07:34:00","slug":"tension-at-barca-inigo-martinez-and-casado-injured-and-at-risk-for-the-spanish-national-team_311527_102","status":"publish","type":"post","link":"https:\/\/www.fcbarcelonanoticias.com\/en\/fc-barcelona\/tension-at-barca-inigo-martinez-and-casado-injured-and-at-risk-for-the-spanish-national-team_311527_102.html","title":{"rendered":"Tension at Bar\u00e7a: I\u00f1igo Mart\u00ednez and Casad\u00f3, injured and at risk for the Spanish national team"},"content":{"rendered":"<h2 class=\"wp-block-heading\">I\u00f1igo Mart\u00ednez and Casad\u00f3, injured after the match against Atl\u00e9tico: what will happen with the national team?<\/h2>  \r\n<div class=\"article-addons\">\r\n    <a href=\"https:\/\/www.fcbarcelonanoticias.com\/en\/calendar-fc-barcelona.html\"\r\n       target=\"_self\"\r\n       title=\"Calendar of FC Barcelona\"\r\n       class=\"blue-gredient-btn\">\r\n       \r\n        Calendar of FC Barcelona    <\/a>\r\n<\/div>   <p>Despite achieving <a data-external=\"0\" data-intl-links-en=\"https:\/\/www.fcbarcelonanoticias.com\/en\/laliga\/atletico-madrid-2-4-fc-barcelona-almost-definitive-blow-to-laliga_311522_102.html\" data-intl-links-es=\"https:\/\/www.fcbarcelonanoticias.com\/laliga\/atletico-madrid-2-4-fc-barcelona-golpe-casi-definitivo-laliga_311522_102.html\" href=\"https:\/\/www.fcbarcelonanoticias.com\/en\/laliga\/atletico-madrid-2-4-fc-barcelona-almost-definitive-blow-to-laliga_311522_102.html\" rel=\"follow\" target=\"_self\" title=\"Atl\u00e9tico de Madrid 2-4 FC Barcelona: Almost definitive blow to LaLiga\">a crucial victory against Atl\u00e9tico de Madrid (2-4)<\/a>, which could be worth a title, not all news is good for <strong>FC Barcelona<\/strong>. The match against the colchoneros was of maximum intensity, forcing the players to make a significant effort to achieve a positive result. This enormous fatigue ended up taking its toll on <strong>I\u00f1igo Mart\u00ednez<\/strong> and <strong>Marc Casad\u00f3<\/strong>, who finished the match &#8216;injured&#8217;.<\/p>  <p>The &#8217;17&#8217;, who <a data-external=\"0\" data-intl-links-en=\"https:\/\/www.fcbarcelonanoticias.com\/en\/fc-barcelona\/concern-at-barca-the-reason-for-jong-absence-against-atletico_311519_102.html\" data-intl-links-es=\"https:\/\/www.fcbarcelonanoticias.com\/fc-barcelona\/preocupacion-en-barca-motivo-ausencia-jong-atletico_311519_102.html\" href=\"https:\/\/www.fcbarcelonanoticias.com\/en\/fc-barcelona\/concern-at-barca-the-reason-for-jong-absence-against-atletico_311519_102.html\" rel=\"follow\" target=\"_self\" title=\"Concern at Bar\u00e7a: the reason for De Jong's absence against Atl\u00e9tico\">entered the starting eleven at the last minute due to Frenkie de Jong&#8217;s absence<\/a>, played 67 minutes of the match before being substituted by <strong>Eric Garc\u00eda<\/strong>, while the Basque played the full 90&#8242;. Both players left the field at the Riyadh Air Metropolitano <strong>with discomfort in their right knees<\/strong>, which is why this Monday, after returning with the team to the City of Barcelona, they will undergo medical tests at the Ciutat Esportiva Joan Gamper to determine the extent of their physical issues.<\/p>  <h2>The presence of Casad\u00f3 and Mart\u00ednez with Spain, in doubt<\/h2>  <p>In this regard, once the studies on the players in the affected areas of their bodies are completed, the medical services of <strong>Bar\u00e7a<\/strong> will contact the <strong>RFEF<\/strong> to discuss their presence or absence with the National Team. Both players were called up by Spain for the quarterfinal matches of the <strong>Nations League<\/strong> against the <strong>Netherlands<\/strong> on Thursday the 20th and Sunday the 23rd, but after the issues this Sunday, their appearance with La Roja is more in doubt than ever.<\/p>  <p>If the absence of the midfielder and the center-back is confirmed, <strong>Luis de la Fuente<\/strong> will have to choose replacements from the squad, and these could be in the Bar\u00e7a locker room. In midfield, <strong>Gavi<\/strong>, whose absence was one of the most notable in the coach&#8217;s list, is a serious candidate to replace his teammate in the national team&#8217;s midfield.<\/p>  <p>On the other hand, <strong>Eric Garc\u00eda<\/strong>, who has been gaining prominence under <strong>Hansi Flick<\/strong> in recent weeks, could take I\u00f1igo&#8217;s place in La Roja&#8217;s defense, although this option seems more remote. In any case, the physical condition of both players will keep both <strong>Bar\u00e7a<\/strong> and the <strong>RFEF<\/strong> on edge, who will await a definitive response this coming Monday.<\/p> ","protected":false},"excerpt":{"rendered":"<p>I\u00f1igo Mart\u00ednez and Casad\u00f3, injured after the match against Atl\u00e9tico: what will happen with the national team? Despite achieving a crucial victory against Atl\u00e9tico de Madrid (2-4), which could be worth a title, not all news is good for FC Barcelona. The match against the colchoneros was of maximum intensity, forcing the players to make [&hellip;]<\/p>\n","protected":false},"author":358,"featured_media":27809,"comment_status":"closed","ping_status":"open","sticky":false,"template":"","format":"standard","meta":{"_acf_changed":false,"inline_featured_image":false,"_nextfly_llmd_date_locked":false,"footnotes":""},"categories":[111],"tags":[58,136],"class_list":["post-27808","post","type-post","status-publish","format-standard","has-post-thumbnail","hentry","category-fc-barcelona","tag-fc-barcelona-vs-atletico-madrid-latest-match-news","tag-injured"],"acf":[],"yoast_head":"<!-- This site is optimized with the Yoast SEO plugin v27.3 - https:\/\/yoast.com\/product\/yoast-seo-wordpress\/ -->\n<title>Tension at Bar\u00e7a: I\u00f1igo Mart\u00ednez and Casad\u00f3, injured and at risk for the Spanish national team<\/title>\n<meta name=\"description\" content=\"I\u00f1igo Mart\u00ednez and Marc Casad\u00f3 finished the match against Atl\u00e9tico de Madrid with discomfort in their right knees. The presence of both in the Nations League...\" \/>\n<meta name=\"robots\" content=\"index, follow, max-snippet:-1, max-image-preview:large, max-video-preview:-1\" \/>\n<link rel=\"canonical\" href=\"https:\/\/www.fcbarcelonanoticias.com\/en\/fc-barcelona\/tension-at-barca-inigo-martinez-and-casado-injured-and-at-risk-for-the-spanish-national-team_311527_102.html\" \/>\n<meta property=\"og:locale\" content=\"en_US\" \/>\n<meta property=\"og:type\" content=\"article\" \/>\n<meta property=\"og:title\" content=\"Tension at Bar\u00e7a: I\u00f1igo Mart\u00ednez and Casad\u00f3, injured and at risk for the Spanish national team\" \/>\n<meta property=\"og:description\" content=\"I\u00f1igo Mart\u00ednez and Marc Casad\u00f3 finished the match against Atl\u00e9tico de Madrid with discomfort in their right knees. The presence of both in the Nations League...\" \/>\n<meta property=\"og:url\" content=\"https:\/\/www.fcbarcelonanoticias.com\/en\/fc-barcelona\/tension-at-barca-inigo-martinez-and-casado-injured-and-at-risk-for-the-spanish-national-team_311527_102.html\" \/>\n<meta property=\"og:site_name\" content=\"EN - FC Barcelona Noticias\" \/>\n<meta property=\"article:published_time\" content=\"2025-03-17T00:14:00+00:00\" \/>\n<meta property=\"article:modified_time\" content=\"2025-03-17T07:34:00+00:00\" \/>\n<meta property=\"og:image\" content=\"https:\/\/www.fcbarcelonanoticias.com\/en\/wp-content\/uploads\/sites\/2\/2025\/03\/inigo-martinez-casado.jpeg\" \/>\n\t<meta property=\"og:image:width\" content=\"1200\" \/>\n\t<meta property=\"og:image:height\" content=\"675\" \/>\n\t<meta property=\"og:image:type\" content=\"image\/jpeg\" \/>\n<meta name=\"author\" content=\"Juan Pablo Berdugo\" \/>\n<meta name=\"twitter:card\" content=\"summary_large_image\" \/>\n<meta name=\"twitter:label1\" content=\"Written by\" \/>\n\t<meta name=\"twitter:data1\" content=\"Juan Pablo Berdugo\" \/>\n\t<meta name=\"twitter:label2\" content=\"Est. reading time\" \/>\n\t<meta name=\"twitter:data2\" content=\"2 minutes\" \/>\n<script type=\"application\/ld+json\" class=\"yoast-schema-graph\">{\"@context\":\"https:\\\/\\\/schema.org\",\"@graph\":[{\"@type\":\"Article\",\"@id\":\"https:\\\/\\\/www.fcbarcelonanoticias.com\\\/en\\\/fc-barcelona\\\/tension-at-barca-inigo-martinez-and-casado-injured-and-at-risk-for-the-spanish-national-team_311527_102.html#article\",\"isPartOf\":{\"@id\":\"https:\\\/\\\/www.fcbarcelonanoticias.com\\\/en\\\/fc-barcelona\\\/tension-at-barca-inigo-martinez-and-casado-injured-and-at-risk-for-the-spanish-national-team_311527_102.html\"},\"author\":{\"name\":\"Juan Pablo Berdugo\",\"@id\":\"https:\\\/\\\/www.fcbarcelonanoticias.com\\\/en\\\/#\\\/schema\\\/person\\\/88d756918a0a1ae9fa593b5edddd1815\"},\"headline\":\"Tension at Bar\u00e7a: I\u00f1igo Mart\u00ednez and Casad\u00f3, injured and at risk for the Spanish national team\",\"datePublished\":\"2025-03-17T00:14:00+00:00\",\"dateModified\":\"2025-03-17T07:34:00+00:00\",\"mainEntityOfPage\":{\"@id\":\"https:\\\/\\\/www.fcbarcelonanoticias.com\\\/en\\\/fc-barcelona\\\/tension-at-barca-inigo-martinez-and-casado-injured-and-at-risk-for-the-spanish-national-team_311527_102.html\"},\"wordCount\":410,\"image\":{\"@id\":\"https:\\\/\\\/www.fcbarcelonanoticias.com\\\/en\\\/fc-barcelona\\\/tension-at-barca-inigo-martinez-and-casado-injured-and-at-risk-for-the-spanish-national-team_311527_102.html#primaryimage\"},\"thumbnailUrl\":\"https:\\\/\\\/www.fcbarcelonanoticias.com\\\/en\\\/wp-content\\\/uploads\\\/sites\\\/2\\\/2025\\\/03\\\/inigo-martinez-casado.jpeg\",\"keywords\":[\"FC Barcelona vs Atl\u00e9tico Madrid\",\"injured\"],\"articleSection\":[\"FC Barcelona\"],\"inLanguage\":\"en-US\"},{\"@type\":\"WebPage\",\"@id\":\"https:\\\/\\\/www.fcbarcelonanoticias.com\\\/en\\\/fc-barcelona\\\/tension-at-barca-inigo-martinez-and-casado-injured-and-at-risk-for-the-spanish-national-team_311527_102.html\",\"url\":\"https:\\\/\\\/www.fcbarcelonanoticias.com\\\/en\\\/fc-barcelona\\\/tension-at-barca-inigo-martinez-and-casado-injured-and-at-risk-for-the-spanish-national-team_311527_102.html\",\"name\":\"Tension at Bar\u00e7a: I\u00f1igo Mart\u00ednez and Casad\u00f3, injured and at risk for the Spanish national team\",\"isPartOf\":{\"@id\":\"https:\\\/\\\/www.fcbarcelonanoticias.com\\\/en\\\/#website\"},\"primaryImageOfPage\":{\"@id\":\"https:\\\/\\\/www.fcbarcelonanoticias.com\\\/en\\\/fc-barcelona\\\/tension-at-barca-inigo-martinez-and-casado-injured-and-at-risk-for-the-spanish-national-team_311527_102.html#primaryimage\"},\"image\":{\"@id\":\"https:\\\/\\\/www.fcbarcelonanoticias.com\\\/en\\\/fc-barcelona\\\/tension-at-barca-inigo-martinez-and-casado-injured-and-at-risk-for-the-spanish-national-team_311527_102.html#primaryimage\"},\"thumbnailUrl\":\"https:\\\/\\\/www.fcbarcelonanoticias.com\\\/en\\\/wp-content\\\/uploads\\\/sites\\\/2\\\/2025\\\/03\\\/inigo-martinez-casado.jpeg\",\"datePublished\":\"2025-03-17T00:14:00+00:00\",\"dateModified\":\"2025-03-17T07:34:00+00:00\",\"author\":{\"@id\":\"https:\\\/\\\/www.fcbarcelonanoticias.com\\\/en\\\/#\\\/schema\\\/person\\\/88d756918a0a1ae9fa593b5edddd1815\"},\"description\":\"I\u00f1igo Mart\u00ednez and Marc Casad\u00f3 finished the match against Atl\u00e9tico de Madrid with discomfort in their right knees. The presence of both in the Nations League...\",\"breadcrumb\":{\"@id\":\"https:\\\/\\\/www.fcbarcelonanoticias.com\\\/en\\\/fc-barcelona\\\/tension-at-barca-inigo-martinez-and-casado-injured-and-at-risk-for-the-spanish-national-team_311527_102.html#breadcrumb\"},\"inLanguage\":\"en-US\",\"potentialAction\":[{\"@type\":\"ReadAction\",\"target\":[\"https:\\\/\\\/www.fcbarcelonanoticias.com\\\/en\\\/fc-barcelona\\\/tension-at-barca-inigo-martinez-and-casado-injured-and-at-risk-for-the-spanish-national-team_311527_102.html\"]}]},{\"@type\":\"ImageObject\",\"inLanguage\":\"en-US\",\"@id\":\"https:\\\/\\\/www.fcbarcelonanoticias.com\\\/en\\\/fc-barcelona\\\/tension-at-barca-inigo-martinez-and-casado-injured-and-at-risk-for-the-spanish-national-team_311527_102.html#primaryimage\",\"url\":\"https:\\\/\\\/www.fcbarcelonanoticias.com\\\/en\\\/wp-content\\\/uploads\\\/sites\\\/2\\\/2025\\\/03\\\/inigo-martinez-casado.jpeg\",\"contentUrl\":\"https:\\\/\\\/www.fcbarcelonanoticias.com\\\/en\\\/wp-content\\\/uploads\\\/sites\\\/2\\\/2025\\\/03\\\/inigo-martinez-casado.jpeg\",\"width\":1200,\"height\":675},{\"@type\":\"BreadcrumbList\",\"@id\":\"https:\\\/\\\/www.fcbarcelonanoticias.com\\\/en\\\/fc-barcelona\\\/tension-at-barca-inigo-martinez-and-casado-injured-and-at-risk-for-the-spanish-national-team_311527_102.html#breadcrumb\",\"itemListElement\":[{\"@type\":\"ListItem\",\"position\":1,\"name\":\"Portada\",\"item\":\"https:\\\/\\\/www.fcbarcelonanoticias.com\\\/en\\\/\"},{\"@type\":\"ListItem\",\"position\":2,\"name\":\"Tension at Bar\u00e7a: I\u00f1igo Mart\u00ednez and Casad\u00f3, injured and at risk for the Spanish national team\"}]},{\"@type\":\"WebSite\",\"@id\":\"https:\\\/\\\/www.fcbarcelonanoticias.com\\\/en\\\/#website\",\"url\":\"https:\\\/\\\/www.fcbarcelonanoticias.com\\\/en\\\/\",\"name\":\"EN - FC Barcelona Noticias\",\"description\":\"\",\"potentialAction\":[{\"@type\":\"SearchAction\",\"target\":{\"@type\":\"EntryPoint\",\"urlTemplate\":\"https:\\\/\\\/www.fcbarcelonanoticias.com\\\/en\\\/?s={search_term_string}\"},\"query-input\":{\"@type\":\"PropertyValueSpecification\",\"valueRequired\":true,\"valueName\":\"search_term_string\"}}],\"inLanguage\":\"en-US\"},{\"@type\":\"Person\",\"@id\":\"https:\\\/\\\/www.fcbarcelonanoticias.com\\\/en\\\/#\\\/schema\\\/person\\\/88d756918a0a1ae9fa593b5edddd1815\",\"name\":\"Juan Pablo Berdugo\",\"image\":{\"@type\":\"ImageObject\",\"inLanguage\":\"en-US\",\"@id\":\"https:\\\/\\\/secure.gravatar.com\\\/avatar\\\/?s=96&d=mm&r=g\",\"url\":\"https:\\\/\\\/secure.gravatar.com\\\/avatar\\\/?s=96&d=mm&r=g\",\"contentUrl\":\"https:\\\/\\\/secure.gravatar.com\\\/avatar\\\/?s=96&d=mm&r=g\",\"caption\":\"Juan Pablo Berdugo\"},\"description\":\"Juan Pablo Berdugo es graduado en Periodismo. Colabora con FCBN como especialista en informaci\u00f3n del primer equipo del FC Barcelona, f\u00fatbol internacional y mercado de fichajes. Destaca por su enfoque anal\u00edtico, su rigor informativo y su capacidad para detectar tendencias emergentes en el f\u00fatbol global.\",\"url\":\"https:\\\/\\\/www.fcbarcelonanoticias.com\\\/en\\\/fc-barcelona\\\/juan-pablo-berdugo_18_115.html\"}]}<\/script>\n<!-- \/ Yoast SEO plugin. -->","yoast_head_json":{"title":"Tension at Bar\u00e7a: I\u00f1igo Mart\u00ednez and Casad\u00f3, injured and at risk for the Spanish national team","description":"I\u00f1igo Mart\u00ednez and Marc Casad\u00f3 finished the match against Atl\u00e9tico de Madrid with discomfort in their right knees. The presence of both in the Nations League...","robots":{"index":"index","follow":"follow","max-snippet":"max-snippet:-1","max-image-preview":"max-image-preview:large","max-video-preview":"max-video-preview:-1"},"canonical":"https:\/\/www.fcbarcelonanoticias.com\/en\/fc-barcelona\/tension-at-barca-inigo-martinez-and-casado-injured-and-at-risk-for-the-spanish-national-team_311527_102.html","og_locale":"en_US","og_type":"article","og_title":"Tension at Bar\u00e7a: I\u00f1igo Mart\u00ednez and Casad\u00f3, injured and at risk for the Spanish national team","og_description":"I\u00f1igo Mart\u00ednez and Marc Casad\u00f3 finished the match against Atl\u00e9tico de Madrid with discomfort in their right knees. The presence of both in the Nations League...","og_url":"https:\/\/www.fcbarcelonanoticias.com\/en\/fc-barcelona\/tension-at-barca-inigo-martinez-and-casado-injured-and-at-risk-for-the-spanish-national-team_311527_102.html","og_site_name":"EN - FC Barcelona Noticias","article_published_time":"2025-03-17T00:14:00+00:00","article_modified_time":"2025-03-17T07:34:00+00:00","og_image":[{"width":1200,"height":675,"url":"https:\/\/www.fcbarcelonanoticias.com\/en\/wp-content\/uploads\/sites\/2\/2025\/03\/inigo-martinez-casado.jpeg","type":"image\/jpeg"}],"author":"Juan Pablo Berdugo","twitter_card":"summary_large_image","twitter_misc":{"Written by":"Juan Pablo Berdugo","Est. reading time":"2 minutes"},"schema":{"@context":"https:\/\/schema.org","@graph":[{"@type":"Article","@id":"https:\/\/www.fcbarcelonanoticias.com\/en\/fc-barcelona\/tension-at-barca-inigo-martinez-and-casado-injured-and-at-risk-for-the-spanish-national-team_311527_102.html#article","isPartOf":{"@id":"https:\/\/www.fcbarcelonanoticias.com\/en\/fc-barcelona\/tension-at-barca-inigo-martinez-and-casado-injured-and-at-risk-for-the-spanish-national-team_311527_102.html"},"author":{"name":"Juan Pablo Berdugo","@id":"https:\/\/www.fcbarcelonanoticias.com\/en\/#\/schema\/person\/88d756918a0a1ae9fa593b5edddd1815"},"headline":"Tension at Bar\u00e7a: I\u00f1igo Mart\u00ednez and Casad\u00f3, injured and at risk for the Spanish national team","datePublished":"2025-03-17T00:14:00+00:00","dateModified":"2025-03-17T07:34:00+00:00","mainEntityOfPage":{"@id":"https:\/\/www.fcbarcelonanoticias.com\/en\/fc-barcelona\/tension-at-barca-inigo-martinez-and-casado-injured-and-at-risk-for-the-spanish-national-team_311527_102.html"},"wordCount":410,"image":{"@id":"https:\/\/www.fcbarcelonanoticias.com\/en\/fc-barcelona\/tension-at-barca-inigo-martinez-and-casado-injured-and-at-risk-for-the-spanish-national-team_311527_102.html#primaryimage"},"thumbnailUrl":"https:\/\/www.fcbarcelonanoticias.com\/en\/wp-content\/uploads\/sites\/2\/2025\/03\/inigo-martinez-casado.jpeg","keywords":["FC Barcelona vs Atl\u00e9tico Madrid","injured"],"articleSection":["FC Barcelona"],"inLanguage":"en-US"},{"@type":"WebPage","@id":"https:\/\/www.fcbarcelonanoticias.com\/en\/fc-barcelona\/tension-at-barca-inigo-martinez-and-casado-injured-and-at-risk-for-the-spanish-national-team_311527_102.html","url":"https:\/\/www.fcbarcelonanoticias.com\/en\/fc-barcelona\/tension-at-barca-inigo-martinez-and-casado-injured-and-at-risk-for-the-spanish-national-team_311527_102.html","name":"Tension at Bar\u00e7a: I\u00f1igo Mart\u00ednez and Casad\u00f3, injured and at risk for the Spanish national team","isPartOf":{"@id":"https:\/\/www.fcbarcelonanoticias.com\/en\/#website"},"primaryImageOfPage":{"@id":"https:\/\/www.fcbarcelonanoticias.com\/en\/fc-barcelona\/tension-at-barca-inigo-martinez-and-casado-injured-and-at-risk-for-the-spanish-national-team_311527_102.html#primaryimage"},"image":{"@id":"https:\/\/www.fcbarcelonanoticias.com\/en\/fc-barcelona\/tension-at-barca-inigo-martinez-and-casado-injured-and-at-risk-for-the-spanish-national-team_311527_102.html#primaryimage"},"thumbnailUrl":"https:\/\/www.fcbarcelonanoticias.com\/en\/wp-content\/uploads\/sites\/2\/2025\/03\/inigo-martinez-casado.jpeg","datePublished":"2025-03-17T00:14:00+00:00","dateModified":"2025-03-17T07:34:00+00:00","author":{"@id":"https:\/\/www.fcbarcelonanoticias.com\/en\/#\/schema\/person\/88d756918a0a1ae9fa593b5edddd1815"},"description":"I\u00f1igo Mart\u00ednez and Marc Casad\u00f3 finished the match against Atl\u00e9tico de Madrid with discomfort in their right knees. The presence of both in the Nations League...","breadcrumb":{"@id":"https:\/\/www.fcbarcelonanoticias.com\/en\/fc-barcelona\/tension-at-barca-inigo-martinez-and-casado-injured-and-at-risk-for-the-spanish-national-team_311527_102.html#breadcrumb"},"inLanguage":"en-US","potentialAction":[{"@type":"ReadAction","target":["https:\/\/www.fcbarcelonanoticias.com\/en\/fc-barcelona\/tension-at-barca-inigo-martinez-and-casado-injured-and-at-risk-for-the-spanish-national-team_311527_102.html"]}]},{"@type":"ImageObject","inLanguage":"en-US","@id":"https:\/\/www.fcbarcelonanoticias.com\/en\/fc-barcelona\/tension-at-barca-inigo-martinez-and-casado-injured-and-at-risk-for-the-spanish-national-team_311527_102.html#primaryimage","url":"https:\/\/www.fcbarcelonanoticias.com\/en\/wp-content\/uploads\/sites\/2\/2025\/03\/inigo-martinez-casado.jpeg","contentUrl":"https:\/\/www.fcbarcelonanoticias.com\/en\/wp-content\/uploads\/sites\/2\/2025\/03\/inigo-martinez-casado.jpeg","width":1200,"height":675},{"@type":"BreadcrumbList","@id":"https:\/\/www.fcbarcelonanoticias.com\/en\/fc-barcelona\/tension-at-barca-inigo-martinez-and-casado-injured-and-at-risk-for-the-spanish-national-team_311527_102.html#breadcrumb","itemListElement":[{"@type":"ListItem","position":1,"name":"Portada","item":"https:\/\/www.fcbarcelonanoticias.com\/en\/"},{"@type":"ListItem","position":2,"name":"Tension at Bar\u00e7a: I\u00f1igo Mart\u00ednez and Casad\u00f3, injured and at risk for the Spanish national team"}]},{"@type":"WebSite","@id":"https:\/\/www.fcbarcelonanoticias.com\/en\/#website","url":"https:\/\/www.fcbarcelonanoticias.com\/en\/","name":"EN - FC Barcelona Noticias","description":"","potentialAction":[{"@type":"SearchAction","target":{"@type":"EntryPoint","urlTemplate":"https:\/\/www.fcbarcelonanoticias.com\/en\/?s={search_term_string}"},"query-input":{"@type":"PropertyValueSpecification","valueRequired":true,"valueName":"search_term_string"}}],"inLanguage":"en-US"},{"@type":"Person","@id":"https:\/\/www.fcbarcelonanoticias.com\/en\/#\/schema\/person\/88d756918a0a1ae9fa593b5edddd1815","name":"Juan Pablo Berdugo","image":{"@type":"ImageObject","inLanguage":"en-US","@id":"https:\/\/secure.gravatar.com\/avatar\/?s=96&d=mm&r=g","url":"https:\/\/secure.gravatar.com\/avatar\/?s=96&d=mm&r=g","contentUrl":"https:\/\/secure.gravatar.com\/avatar\/?s=96&d=mm&r=g","caption":"Juan Pablo Berdugo"},"description":"Juan Pablo Berdugo es graduado en Periodismo. Colabora con FCBN como especialista en informaci\u00f3n del primer equipo del FC Barcelona, f\u00fatbol internacional y mercado de fichajes. Destaca por su enfoque anal\u00edtico, su rigor informativo y su capacidad para detectar tendencias emergentes en el f\u00fatbol global.","url":"https:\/\/www.fcbarcelonanoticias.com\/en\/fc-barcelona\/juan-pablo-berdugo_18_115.html"}]}},"_links":{"self":[{"href":"https:\/\/www.fcbarcelonanoticias.com\/en\/wp-json\/wp\/v2\/posts\/27808","targetHints":{"allow":["GET"]}}],"collection":[{"href":"https:\/\/www.fcbarcelonanoticias.com\/en\/wp-json\/wp\/v2\/posts"}],"about":[{"href":"https:\/\/www.fcbarcelonanoticias.com\/en\/wp-json\/wp\/v2\/types\/post"}],"author":[{"embeddable":true,"href":"https:\/\/www.fcbarcelonanoticias.com\/en\/wp-json\/wp\/v2\/users\/358"}],"replies":[{"embeddable":true,"href":"https:\/\/www.fcbarcelonanoticias.com\/en\/wp-json\/wp\/v2\/comments?post=27808"}],"version-history":[{"count":1,"href":"https:\/\/www.fcbarcelonanoticias.com\/en\/wp-json\/wp\/v2\/posts\/27808\/revisions"}],"predecessor-version":[{"id":109623,"href":"https:\/\/www.fcbarcelonanoticias.com\/en\/wp-json\/wp\/v2\/posts\/27808\/revisions\/109623"}],"wp:featuredmedia":[{"embeddable":true,"href":"https:\/\/www.fcbarcelonanoticias.com\/en\/wp-json\/wp\/v2\/media\/27809"}],"wp:attachment":[{"href":"https:\/\/www.fcbarcelonanoticias.com\/en\/wp-json\/wp\/v2\/media?parent=27808"}],"wp:term":[{"taxonomy":"category","embeddable":true,"href":"https:\/\/www.fcbarcelonanoticias.com\/en\/wp-json\/wp\/v2\/categories?post=27808"},{"taxonomy":"post_tag","embeddable":true,"href":"https:\/\/www.fcbarcelonanoticias.com\/en\/wp-json\/wp\/v2\/tags?post=27808"}],"curies":[{"name":"wp","href":"https:\/\/api.w.org\/{rel}","templated":true}]}}