{"id":27954,"date":"2025-04-01T22:27:00","date_gmt":"2025-04-01T20:27:00","guid":{"rendered":"https:\/\/weisetech.dev\/fc-barcelona-noticias\/en\/ter-stegen-warns-flick-will-give-him-little-push-to-let-him-know-ready_311898_102\/"},"modified":"2025-04-02T04:55:00","modified_gmt":"2025-04-02T02:55:00","slug":"ter-stegen-warns-flick-will-give-him-little-push-to-let-him-know-ready_311898_102","status":"publish","type":"post","link":"https:\/\/www.fcbarcelonanoticias.com\/en\/fc-barcelona\/ter-stegen-warns-flick-will-give-him-little-push-to-let-him-know-ready_311898_102.html","title":{"rendered":"Ter Stegen warns Flick: &#8220;I will give him a little push to let him know I&#8217;m ready&#8221;"},"content":{"rendered":"<h2 class=\"wp-block-heading\">Marc-Andr\u00e9 Ter Stegen opened up about his feelings after returning to training with his teammates in recent days and made it clear that he will push Flick to return to goal when he feels ready.<\/h2>  \r\n<div class=\"article-addons\">\r\n    <a href=\"https:\/\/www.fcbarcelonanoticias.com\/en\/calendar-fc-barcelona.html\"\r\n       target=\"_self\"\r\n       title=\"Calendar of FC Barcelona\"\r\n       class=\"blue-gredient-btn\">\r\n       \r\n        Calendar of FC Barcelona    <\/a>\r\n<\/div>   <p><a data-external=\"0\" data-intl-links-en=\"https:\/\/www.fcbarcelonanoticias.com\/en\/fc-barcelona\/smile-barca-ter-stegen-takes-part-in-training-with-the-group_311862_102.html\" data-intl-links-es=\"https:\/\/www.fcbarcelonanoticias.com\/fc-barcelona\/sonrie-barca-ter-stegen-hace-parte-entrenamiento-con-grupo_311862_102.html\" href=\"https:\/\/www.fcbarcelonanoticias.com\/en\/fc-barcelona\/smile-barca-ter-stegen-takes-part-in-training-with-the-group_311862_102.html\" rel=\"follow\" target=\"_self\" title=\"\u00a1Sonr\u00ede el Bar\u00e7a! Ter Stegen completes a part of the training with the group\">Marc-Andr\u00e9 Ter Stegen<\/a> is one of the main reasons for the &#8216;smile&#8217; that has appeared on the &#8216;face&#8217; of <strong>FC Barcelona<\/strong> in recent days. The team&#8217;s brutal performance on the field is complemented by the good news coming from the blue and garnet infirmary, where the German goalkeeper is progressing more than satisfactorily and is increasingly ready to don the shorts in this final stretch of the season.<\/p>  <p>The goalkeeper has already started training with the rest of his teammates with the aim of returning to the pitch this season, although both the blue and garnet entity and his coach are clear that they will not rush the captain&#8217;s return. However, <strong>the expectation is that the player will be available by the end of April<\/strong>. In the midst of his recovery, the German has opened up about his physical condition in an interview given to the podcast &#8216;Phrasenm\u00e4hre&#8217; of the newspaper &#8216;Bild&#8217;.<\/p>  <blockquote> <p>&#8220;If I handle the pressure well and all aspects of training with the team, I will give the coach a little push to let him know I&#8217;m ready&#8221;<\/p> <\/blockquote>  <p>&#8220;Now, after six months, I have returned to training with the team, <strong>feeling more fit than ever and full of energy<\/strong>. I have a great team around me, I can handle any pressure and I am very eager to play soon, without having a specific date,&#8221; Ter Stegen began explaining, not hesitating to send a strong warning to his coach.<\/p>  <p>&#8220;If I handle the pressure well and all aspects of training with the team, I will give the coach a little push to let him know I&#8217;m ready,&#8221; warned the German, who recalled what he felt after <strong>rupturing the patellar tendon in his right knee<\/strong>.<\/p>  <p>&#8220;The first thing I felt was a pull in my thigh. The pain coursed through my entire body. Looking down, I knew instantly that it wasn&#8217;t just a problem in my thigh. <strong>My knee was in a completely different position than it should have been<\/strong>, and it was clear that it couldn&#8217;t be put back in place just like that,&#8221; confessed <strong>Marc-Andr\u00e9<\/strong>, who expressed gratitude that &#8220;the Villarreal fans, the opponents, and my teammates applauded me while I was taken off the field&#8221;.<\/p>  <h2>His relationship with the young players at Bar\u00e7a<\/h2>  <p><strong>Ter Stegen<\/strong> also joked about the youth in the Bar\u00e7a locker room and pointed out that he could be the father of most of the young players on the team. Additionally, he highlighted that the management of the coaching staff &#8220;<strong>is not difficult at all, the boys are very clear about everything<\/strong>&#8221; and emphasized that &#8220;just seeing how focused Pedri is, he is a phenomenon&#8221;.<\/p>  <p>In the same way, the German revealed that <strong>he has taken advantage of his time away from the pitch to develop another &#8216;hobby&#8217;<\/strong>. &#8220;I recently started playing the piano, taking real lessons and doing my homework,&#8221; he commented.<\/p>  <p>Finally, <strong>Ter Stegen confessed that his being a backup with Germany in the 2018 World Cup was &#8220;the decision that affected me the most&#8221;<\/strong>. &#8220;I played almost all the matches and that was my best year up to that point. For me, it wasn&#8217;t fair at that moment,&#8221; assured the German who experienced that edition of the international competition from the bench, behind a Manuel Neuer who had missed almost the entire season due to injury.<\/p> ","protected":false},"excerpt":{"rendered":"<p>Marc-Andr\u00e9 Ter Stegen opened up about his feelings after returning to training with his teammates in recent days and made it clear that he will push Flick to return to goal when he feels ready. Marc-Andr\u00e9 Ter Stegen is one of the main reasons for the &#8216;smile&#8217; that has appeared on the &#8216;face&#8217; of FC [&hellip;]<\/p>\n","protected":false},"author":358,"featured_media":27956,"comment_status":"closed","ping_status":"open","sticky":false,"template":"","format":"standard","meta":{"_acf_changed":false,"inline_featured_image":false,"_nextfly_llmd_date_locked":false,"footnotes":""},"categories":[111],"tags":[136],"class_list":["post-27954","post","type-post","status-publish","format-standard","has-post-thumbnail","hentry","category-fc-barcelona","tag-injured"],"acf":[],"yoast_head":"<!-- This site is optimized with the Yoast SEO plugin v27.3 - https:\/\/yoast.com\/product\/yoast-seo-wordpress\/ -->\n<title>Ter Stegen warns Flick: &quot;I will give him a little push to let him know I&#039;m ready&quot;<\/title>\n<meta name=\"description\" content=\"Marc-Andr\u00e9 Ter Stegen opened up about his feelings after returning to training with his teammates in recent days and made it clear that he will push Flick...\" \/>\n<meta name=\"robots\" content=\"index, follow, max-snippet:-1, max-image-preview:large, max-video-preview:-1\" \/>\n<link rel=\"canonical\" href=\"https:\/\/www.fcbarcelonanoticias.com\/en\/fc-barcelona\/ter-stegen-warns-flick-will-give-him-little-push-to-let-him-know-ready_311898_102.html\" \/>\n<meta property=\"og:locale\" content=\"en_US\" \/>\n<meta property=\"og:type\" content=\"article\" \/>\n<meta property=\"og:title\" content=\"Ter Stegen warns Flick: &quot;I will give him a little push to let him know I&#039;m ready&quot;\" \/>\n<meta property=\"og:description\" content=\"Marc-Andr\u00e9 Ter Stegen opened up about his feelings after returning to training with his teammates in recent days and made it clear that he will push Flick...\" \/>\n<meta property=\"og:url\" content=\"https:\/\/www.fcbarcelonanoticias.com\/en\/fc-barcelona\/ter-stegen-warns-flick-will-give-him-little-push-to-let-him-know-ready_311898_102.html\" \/>\n<meta property=\"og:site_name\" content=\"EN - FC Barcelona Noticias\" \/>\n<meta property=\"article:published_time\" content=\"2025-04-01T20:27:00+00:00\" \/>\n<meta property=\"article:modified_time\" content=\"2025-04-02T02:55:00+00:00\" \/>\n<meta property=\"og:image\" content=\"https:\/\/www.fcbarcelonanoticias.com\/en\/wp-content\/uploads\/sites\/2\/2025\/04\/fc-barcelona-v-fc-bayern-munchen-uefa-champions-league-2024-25-league-phase-md3-20-1.jpeg\" \/>\n\t<meta property=\"og:image:width\" content=\"1200\" \/>\n\t<meta property=\"og:image:height\" content=\"675\" \/>\n\t<meta property=\"og:image:type\" content=\"image\/jpeg\" \/>\n<meta name=\"author\" content=\"Juan Pablo Berdugo\" \/>\n<meta name=\"twitter:card\" content=\"summary_large_image\" \/>\n<meta name=\"twitter:label1\" content=\"Written by\" \/>\n\t<meta name=\"twitter:data1\" content=\"Juan Pablo Berdugo\" \/>\n\t<meta name=\"twitter:label2\" content=\"Est. reading time\" \/>\n\t<meta name=\"twitter:data2\" content=\"3 minutes\" \/>\n<script type=\"application\/ld+json\" class=\"yoast-schema-graph\">{\"@context\":\"https:\\\/\\\/schema.org\",\"@graph\":[{\"@type\":\"Article\",\"@id\":\"https:\\\/\\\/www.fcbarcelonanoticias.com\\\/en\\\/fc-barcelona\\\/ter-stegen-warns-flick-will-give-him-little-push-to-let-him-know-ready_311898_102.html#article\",\"isPartOf\":{\"@id\":\"https:\\\/\\\/www.fcbarcelonanoticias.com\\\/en\\\/fc-barcelona\\\/ter-stegen-warns-flick-will-give-him-little-push-to-let-him-know-ready_311898_102.html\"},\"author\":{\"name\":\"Juan Pablo Berdugo\",\"@id\":\"https:\\\/\\\/www.fcbarcelonanoticias.com\\\/en\\\/#\\\/schema\\\/person\\\/88d756918a0a1ae9fa593b5edddd1815\"},\"headline\":\"Ter Stegen warns Flick: &#8220;I will give him a little push to let him know I&#8217;m ready&#8221;\",\"datePublished\":\"2025-04-01T20:27:00+00:00\",\"dateModified\":\"2025-04-02T02:55:00+00:00\",\"mainEntityOfPage\":{\"@id\":\"https:\\\/\\\/www.fcbarcelonanoticias.com\\\/en\\\/fc-barcelona\\\/ter-stegen-warns-flick-will-give-him-little-push-to-let-him-know-ready_311898_102.html\"},\"wordCount\":617,\"image\":{\"@id\":\"https:\\\/\\\/www.fcbarcelonanoticias.com\\\/en\\\/fc-barcelona\\\/ter-stegen-warns-flick-will-give-him-little-push-to-let-him-know-ready_311898_102.html#primaryimage\"},\"thumbnailUrl\":\"https:\\\/\\\/www.fcbarcelonanoticias.com\\\/en\\\/wp-content\\\/uploads\\\/sites\\\/2\\\/2025\\\/04\\\/fc-barcelona-v-fc-bayern-munchen-uefa-champions-league-2024-25-league-phase-md3-20-1.jpeg\",\"keywords\":[\"injured\"],\"articleSection\":[\"FC Barcelona\"],\"inLanguage\":\"en-US\"},{\"@type\":\"WebPage\",\"@id\":\"https:\\\/\\\/www.fcbarcelonanoticias.com\\\/en\\\/fc-barcelona\\\/ter-stegen-warns-flick-will-give-him-little-push-to-let-him-know-ready_311898_102.html\",\"url\":\"https:\\\/\\\/www.fcbarcelonanoticias.com\\\/en\\\/fc-barcelona\\\/ter-stegen-warns-flick-will-give-him-little-push-to-let-him-know-ready_311898_102.html\",\"name\":\"Ter Stegen warns Flick: \\\"I will give him a little push to let him know I'm ready\\\"\",\"isPartOf\":{\"@id\":\"https:\\\/\\\/www.fcbarcelonanoticias.com\\\/en\\\/#website\"},\"primaryImageOfPage\":{\"@id\":\"https:\\\/\\\/www.fcbarcelonanoticias.com\\\/en\\\/fc-barcelona\\\/ter-stegen-warns-flick-will-give-him-little-push-to-let-him-know-ready_311898_102.html#primaryimage\"},\"image\":{\"@id\":\"https:\\\/\\\/www.fcbarcelonanoticias.com\\\/en\\\/fc-barcelona\\\/ter-stegen-warns-flick-will-give-him-little-push-to-let-him-know-ready_311898_102.html#primaryimage\"},\"thumbnailUrl\":\"https:\\\/\\\/www.fcbarcelonanoticias.com\\\/en\\\/wp-content\\\/uploads\\\/sites\\\/2\\\/2025\\\/04\\\/fc-barcelona-v-fc-bayern-munchen-uefa-champions-league-2024-25-league-phase-md3-20-1.jpeg\",\"datePublished\":\"2025-04-01T20:27:00+00:00\",\"dateModified\":\"2025-04-02T02:55:00+00:00\",\"author\":{\"@id\":\"https:\\\/\\\/www.fcbarcelonanoticias.com\\\/en\\\/#\\\/schema\\\/person\\\/88d756918a0a1ae9fa593b5edddd1815\"},\"description\":\"Marc-Andr\u00e9 Ter Stegen opened up about his feelings after returning to training with his teammates in recent days and made it clear that he will push Flick...\",\"breadcrumb\":{\"@id\":\"https:\\\/\\\/www.fcbarcelonanoticias.com\\\/en\\\/fc-barcelona\\\/ter-stegen-warns-flick-will-give-him-little-push-to-let-him-know-ready_311898_102.html#breadcrumb\"},\"inLanguage\":\"en-US\",\"potentialAction\":[{\"@type\":\"ReadAction\",\"target\":[\"https:\\\/\\\/www.fcbarcelonanoticias.com\\\/en\\\/fc-barcelona\\\/ter-stegen-warns-flick-will-give-him-little-push-to-let-him-know-ready_311898_102.html\"]}]},{\"@type\":\"ImageObject\",\"inLanguage\":\"en-US\",\"@id\":\"https:\\\/\\\/www.fcbarcelonanoticias.com\\\/en\\\/fc-barcelona\\\/ter-stegen-warns-flick-will-give-him-little-push-to-let-him-know-ready_311898_102.html#primaryimage\",\"url\":\"https:\\\/\\\/www.fcbarcelonanoticias.com\\\/en\\\/wp-content\\\/uploads\\\/sites\\\/2\\\/2025\\\/04\\\/fc-barcelona-v-fc-bayern-munchen-uefa-champions-league-2024-25-league-phase-md3-20-1.jpeg\",\"contentUrl\":\"https:\\\/\\\/www.fcbarcelonanoticias.com\\\/en\\\/wp-content\\\/uploads\\\/sites\\\/2\\\/2025\\\/04\\\/fc-barcelona-v-fc-bayern-munchen-uefa-champions-league-2024-25-league-phase-md3-20-1.jpeg\",\"width\":1200,\"height\":675},{\"@type\":\"BreadcrumbList\",\"@id\":\"https:\\\/\\\/www.fcbarcelonanoticias.com\\\/en\\\/fc-barcelona\\\/ter-stegen-warns-flick-will-give-him-little-push-to-let-him-know-ready_311898_102.html#breadcrumb\",\"itemListElement\":[{\"@type\":\"ListItem\",\"position\":1,\"name\":\"Portada\",\"item\":\"https:\\\/\\\/www.fcbarcelonanoticias.com\\\/en\\\/\"},{\"@type\":\"ListItem\",\"position\":2,\"name\":\"Ter Stegen warns Flick: &#8220;I will give him a little push to let him know I&#8217;m ready&#8221;\"}]},{\"@type\":\"WebSite\",\"@id\":\"https:\\\/\\\/www.fcbarcelonanoticias.com\\\/en\\\/#website\",\"url\":\"https:\\\/\\\/www.fcbarcelonanoticias.com\\\/en\\\/\",\"name\":\"EN - FC Barcelona Noticias\",\"description\":\"\",\"potentialAction\":[{\"@type\":\"SearchAction\",\"target\":{\"@type\":\"EntryPoint\",\"urlTemplate\":\"https:\\\/\\\/www.fcbarcelonanoticias.com\\\/en\\\/?s={search_term_string}\"},\"query-input\":{\"@type\":\"PropertyValueSpecification\",\"valueRequired\":true,\"valueName\":\"search_term_string\"}}],\"inLanguage\":\"en-US\"},{\"@type\":\"Person\",\"@id\":\"https:\\\/\\\/www.fcbarcelonanoticias.com\\\/en\\\/#\\\/schema\\\/person\\\/88d756918a0a1ae9fa593b5edddd1815\",\"name\":\"Juan Pablo Berdugo\",\"image\":{\"@type\":\"ImageObject\",\"inLanguage\":\"en-US\",\"@id\":\"https:\\\/\\\/secure.gravatar.com\\\/avatar\\\/?s=96&d=mm&r=g\",\"url\":\"https:\\\/\\\/secure.gravatar.com\\\/avatar\\\/?s=96&d=mm&r=g\",\"contentUrl\":\"https:\\\/\\\/secure.gravatar.com\\\/avatar\\\/?s=96&d=mm&r=g\",\"caption\":\"Juan Pablo Berdugo\"},\"description\":\"Juan Pablo Berdugo es graduado en Periodismo. Colabora con FCBN como especialista en informaci\u00f3n del primer equipo del FC Barcelona, f\u00fatbol internacional y mercado de fichajes. Destaca por su enfoque anal\u00edtico, su rigor informativo y su capacidad para detectar tendencias emergentes en el f\u00fatbol global.\",\"url\":\"https:\\\/\\\/www.fcbarcelonanoticias.com\\\/en\\\/fc-barcelona\\\/juan-pablo-berdugo_18_115.html\"}]}<\/script>\n<!-- \/ Yoast SEO plugin. -->","yoast_head_json":{"title":"Ter Stegen warns Flick: \"I will give him a little push to let him know I'm ready\"","description":"Marc-Andr\u00e9 Ter Stegen opened up about his feelings after returning to training with his teammates in recent days and made it clear that he will push Flick...","robots":{"index":"index","follow":"follow","max-snippet":"max-snippet:-1","max-image-preview":"max-image-preview:large","max-video-preview":"max-video-preview:-1"},"canonical":"https:\/\/www.fcbarcelonanoticias.com\/en\/fc-barcelona\/ter-stegen-warns-flick-will-give-him-little-push-to-let-him-know-ready_311898_102.html","og_locale":"en_US","og_type":"article","og_title":"Ter Stegen warns Flick: \"I will give him a little push to let him know I'm ready\"","og_description":"Marc-Andr\u00e9 Ter Stegen opened up about his feelings after returning to training with his teammates in recent days and made it clear that he will push Flick...","og_url":"https:\/\/www.fcbarcelonanoticias.com\/en\/fc-barcelona\/ter-stegen-warns-flick-will-give-him-little-push-to-let-him-know-ready_311898_102.html","og_site_name":"EN - FC Barcelona Noticias","article_published_time":"2025-04-01T20:27:00+00:00","article_modified_time":"2025-04-02T02:55:00+00:00","og_image":[{"width":1200,"height":675,"url":"https:\/\/www.fcbarcelonanoticias.com\/en\/wp-content\/uploads\/sites\/2\/2025\/04\/fc-barcelona-v-fc-bayern-munchen-uefa-champions-league-2024-25-league-phase-md3-20-1.jpeg","type":"image\/jpeg"}],"author":"Juan Pablo Berdugo","twitter_card":"summary_large_image","twitter_misc":{"Written by":"Juan Pablo Berdugo","Est. reading time":"3 minutes"},"schema":{"@context":"https:\/\/schema.org","@graph":[{"@type":"Article","@id":"https:\/\/www.fcbarcelonanoticias.com\/en\/fc-barcelona\/ter-stegen-warns-flick-will-give-him-little-push-to-let-him-know-ready_311898_102.html#article","isPartOf":{"@id":"https:\/\/www.fcbarcelonanoticias.com\/en\/fc-barcelona\/ter-stegen-warns-flick-will-give-him-little-push-to-let-him-know-ready_311898_102.html"},"author":{"name":"Juan Pablo Berdugo","@id":"https:\/\/www.fcbarcelonanoticias.com\/en\/#\/schema\/person\/88d756918a0a1ae9fa593b5edddd1815"},"headline":"Ter Stegen warns Flick: &#8220;I will give him a little push to let him know I&#8217;m ready&#8221;","datePublished":"2025-04-01T20:27:00+00:00","dateModified":"2025-04-02T02:55:00+00:00","mainEntityOfPage":{"@id":"https:\/\/www.fcbarcelonanoticias.com\/en\/fc-barcelona\/ter-stegen-warns-flick-will-give-him-little-push-to-let-him-know-ready_311898_102.html"},"wordCount":617,"image":{"@id":"https:\/\/www.fcbarcelonanoticias.com\/en\/fc-barcelona\/ter-stegen-warns-flick-will-give-him-little-push-to-let-him-know-ready_311898_102.html#primaryimage"},"thumbnailUrl":"https:\/\/www.fcbarcelonanoticias.com\/en\/wp-content\/uploads\/sites\/2\/2025\/04\/fc-barcelona-v-fc-bayern-munchen-uefa-champions-league-2024-25-league-phase-md3-20-1.jpeg","keywords":["injured"],"articleSection":["FC Barcelona"],"inLanguage":"en-US"},{"@type":"WebPage","@id":"https:\/\/www.fcbarcelonanoticias.com\/en\/fc-barcelona\/ter-stegen-warns-flick-will-give-him-little-push-to-let-him-know-ready_311898_102.html","url":"https:\/\/www.fcbarcelonanoticias.com\/en\/fc-barcelona\/ter-stegen-warns-flick-will-give-him-little-push-to-let-him-know-ready_311898_102.html","name":"Ter Stegen warns Flick: \"I will give him a little push to let him know I'm ready\"","isPartOf":{"@id":"https:\/\/www.fcbarcelonanoticias.com\/en\/#website"},"primaryImageOfPage":{"@id":"https:\/\/www.fcbarcelonanoticias.com\/en\/fc-barcelona\/ter-stegen-warns-flick-will-give-him-little-push-to-let-him-know-ready_311898_102.html#primaryimage"},"image":{"@id":"https:\/\/www.fcbarcelonanoticias.com\/en\/fc-barcelona\/ter-stegen-warns-flick-will-give-him-little-push-to-let-him-know-ready_311898_102.html#primaryimage"},"thumbnailUrl":"https:\/\/www.fcbarcelonanoticias.com\/en\/wp-content\/uploads\/sites\/2\/2025\/04\/fc-barcelona-v-fc-bayern-munchen-uefa-champions-league-2024-25-league-phase-md3-20-1.jpeg","datePublished":"2025-04-01T20:27:00+00:00","dateModified":"2025-04-02T02:55:00+00:00","author":{"@id":"https:\/\/www.fcbarcelonanoticias.com\/en\/#\/schema\/person\/88d756918a0a1ae9fa593b5edddd1815"},"description":"Marc-Andr\u00e9 Ter Stegen opened up about his feelings after returning to training with his teammates in recent days and made it clear that he will push Flick...","breadcrumb":{"@id":"https:\/\/www.fcbarcelonanoticias.com\/en\/fc-barcelona\/ter-stegen-warns-flick-will-give-him-little-push-to-let-him-know-ready_311898_102.html#breadcrumb"},"inLanguage":"en-US","potentialAction":[{"@type":"ReadAction","target":["https:\/\/www.fcbarcelonanoticias.com\/en\/fc-barcelona\/ter-stegen-warns-flick-will-give-him-little-push-to-let-him-know-ready_311898_102.html"]}]},{"@type":"ImageObject","inLanguage":"en-US","@id":"https:\/\/www.fcbarcelonanoticias.com\/en\/fc-barcelona\/ter-stegen-warns-flick-will-give-him-little-push-to-let-him-know-ready_311898_102.html#primaryimage","url":"https:\/\/www.fcbarcelonanoticias.com\/en\/wp-content\/uploads\/sites\/2\/2025\/04\/fc-barcelona-v-fc-bayern-munchen-uefa-champions-league-2024-25-league-phase-md3-20-1.jpeg","contentUrl":"https:\/\/www.fcbarcelonanoticias.com\/en\/wp-content\/uploads\/sites\/2\/2025\/04\/fc-barcelona-v-fc-bayern-munchen-uefa-champions-league-2024-25-league-phase-md3-20-1.jpeg","width":1200,"height":675},{"@type":"BreadcrumbList","@id":"https:\/\/www.fcbarcelonanoticias.com\/en\/fc-barcelona\/ter-stegen-warns-flick-will-give-him-little-push-to-let-him-know-ready_311898_102.html#breadcrumb","itemListElement":[{"@type":"ListItem","position":1,"name":"Portada","item":"https:\/\/www.fcbarcelonanoticias.com\/en\/"},{"@type":"ListItem","position":2,"name":"Ter Stegen warns Flick: &#8220;I will give him a little push to let him know I&#8217;m ready&#8221;"}]},{"@type":"WebSite","@id":"https:\/\/www.fcbarcelonanoticias.com\/en\/#website","url":"https:\/\/www.fcbarcelonanoticias.com\/en\/","name":"EN - FC Barcelona Noticias","description":"","potentialAction":[{"@type":"SearchAction","target":{"@type":"EntryPoint","urlTemplate":"https:\/\/www.fcbarcelonanoticias.com\/en\/?s={search_term_string}"},"query-input":{"@type":"PropertyValueSpecification","valueRequired":true,"valueName":"search_term_string"}}],"inLanguage":"en-US"},{"@type":"Person","@id":"https:\/\/www.fcbarcelonanoticias.com\/en\/#\/schema\/person\/88d756918a0a1ae9fa593b5edddd1815","name":"Juan Pablo Berdugo","image":{"@type":"ImageObject","inLanguage":"en-US","@id":"https:\/\/secure.gravatar.com\/avatar\/?s=96&d=mm&r=g","url":"https:\/\/secure.gravatar.com\/avatar\/?s=96&d=mm&r=g","contentUrl":"https:\/\/secure.gravatar.com\/avatar\/?s=96&d=mm&r=g","caption":"Juan Pablo Berdugo"},"description":"Juan Pablo Berdugo es graduado en Periodismo. Colabora con FCBN como especialista en informaci\u00f3n del primer equipo del FC Barcelona, f\u00fatbol internacional y mercado de fichajes. Destaca por su enfoque anal\u00edtico, su rigor informativo y su capacidad para detectar tendencias emergentes en el f\u00fatbol global.","url":"https:\/\/www.fcbarcelonanoticias.com\/en\/fc-barcelona\/juan-pablo-berdugo_18_115.html"}]}},"_links":{"self":[{"href":"https:\/\/www.fcbarcelonanoticias.com\/en\/wp-json\/wp\/v2\/posts\/27954","targetHints":{"allow":["GET"]}}],"collection":[{"href":"https:\/\/www.fcbarcelonanoticias.com\/en\/wp-json\/wp\/v2\/posts"}],"about":[{"href":"https:\/\/www.fcbarcelonanoticias.com\/en\/wp-json\/wp\/v2\/types\/post"}],"author":[{"embeddable":true,"href":"https:\/\/www.fcbarcelonanoticias.com\/en\/wp-json\/wp\/v2\/users\/358"}],"replies":[{"embeddable":true,"href":"https:\/\/www.fcbarcelonanoticias.com\/en\/wp-json\/wp\/v2\/comments?post=27954"}],"version-history":[{"count":1,"href":"https:\/\/www.fcbarcelonanoticias.com\/en\/wp-json\/wp\/v2\/posts\/27954\/revisions"}],"predecessor-version":[{"id":27955,"href":"https:\/\/www.fcbarcelonanoticias.com\/en\/wp-json\/wp\/v2\/posts\/27954\/revisions\/27955"}],"wp:featuredmedia":[{"embeddable":true,"href":"https:\/\/www.fcbarcelonanoticias.com\/en\/wp-json\/wp\/v2\/media\/27956"}],"wp:attachment":[{"href":"https:\/\/www.fcbarcelonanoticias.com\/en\/wp-json\/wp\/v2\/media?parent=27954"}],"wp:term":[{"taxonomy":"category","embeddable":true,"href":"https:\/\/www.fcbarcelonanoticias.com\/en\/wp-json\/wp\/v2\/categories?post=27954"},{"taxonomy":"post_tag","embeddable":true,"href":"https:\/\/www.fcbarcelonanoticias.com\/en\/wp-json\/wp\/v2\/tags?post=27954"}],"curies":[{"name":"wp","href":"https:\/\/api.w.org\/{rel}","templated":true}]}}