{"id":28082,"date":"2017-04-12T01:08:00","date_gmt":"2017-04-11T23:08:00","guid":{"rendered":"https:\/\/weisetech.dev\/fc-barcelona-noticias\/en\/the-1x1-of-the-barcelona-in-front-of-the-juventus-ida-1-4-champions_198824_102\/"},"modified":"2017-04-12T01:09:00","modified_gmt":"2017-04-11T23:09:00","slug":"the-1x1-of-the-barcelona-in-front-of-the-juventus-ida-1-4-champions_198824_102","status":"publish","type":"post","link":"https:\/\/www.fcbarcelonanoticias.com\/en\/fc-barcelona\/the-1x1-of-the-barcelona-in-front-of-the-juventus-ida-1-4-champions_198824_102.html","title":{"rendered":"The 1&#215;1 of the Barcelona in front of the Juventus (Ida 1\/4 Champions)"},"content":{"rendered":"<h2 class=\"wp-block-heading\">The FC Barcelona cuaj\u00f3 a bad performance in general lines against the Juventus of Tur\u00edn in the gone of quarter-finals of Champions League, seeing surpassed in the game to unemployed balloon and giving too many grantings in defence<\/h2>  \r\n<div class=\"article-addons\">\r\n    <a href=\"https:\/\/www.fcbarcelonanoticias.com\/en\/calendar-fc-barcelona.html\"\r\n       target=\"_self\"\r\n       title=\"Calendar of FC Barcelona\"\r\n       class=\"blue-gredient-btn\">\r\n       \r\n        Calendar of FC Barcelona    <\/a>\r\n<\/div>   <p><a href=\"https:\/\/www.fcbarcelonanoticias.com\/en\/fc-barcelona\/solo-otro-milagro-puede-salvar-al-barca-ante-la-juventus_198811_102.html\"><strong>The FC Barcelona fell bochornosamente defeated in Tur\u00edn<\/strong><\/a> and showed that it does not have the lesson learnt after the 4-0 that suffered in front of the PSG does a month. The ones of Luis Enrique fell 3-0 in front of the &#8220;Vecchia Signora&#8221;, and complicates them  clearly the possibility to advance<strong> to the semifinals of <a href=\"https:\/\/www.fcbarcelonanoticias.com\/champions-league-calendario-y-resultados.html\">Champions League<\/a><\/strong>, unless it attain  a new traced back milagrosa in the Camp Nou.<\/p> <p><strong>The ones of Luis Enrique were not to the height<\/strong>, and gave too many grantings in defence to a Juventus of Tur\u00edn that took advantage of  so much in the played to unemployed balloon as in the played in static and the contragolpes, being always dangerous of face to goal and <a href=\"https:\/\/www.fcbarcelonanoticias.com\/en\/champions-league\/el-segundo-golazo-de-dybala-dejo-clavado-a-gerard-pique_198815_102.html\"><strong>with a Dybala that threw  the team to the back<\/strong><\/a> from the offensive point of view. <strong>Like this they played the players cul\u00e9s:<\/strong><\/p> <h2>ONCE TITLE<\/h2> <h3> <a href=\"https:\/\/www.fcbarcelonanoticias.com\/en\/jugador\/ter-stegen.html\">Ter Stegen<\/a>: Earthly<\/h3> <p>It had us accustomed to unemployed saviours, but fit two goals in two shots of Dybala, and in the third goal, work of Chiellini, could have done something more. No it can him  blame directly in any of the goals, but the true is that it has had better performances this season.<\/p> <h3> <a href=\"https:\/\/www.fcbarcelonanoticias.com\/en\/tags\/sergi-roberto.html\">Sergi Roberto<\/a>: Minimised<\/h3> <p>The canterano breg\u00f3 by each balloon, recovered spherical and was hit in the combinations, but saw  surpassed in the contragolpes of the Juventus and was not fine in the defensive section. It arrived late to some played.<\/p> <h3> <a href=\"https:\/\/www.fcbarcelonanoticias.com\/en\/tags\/gerard-pique.html\">Gerard Hammered<\/a>: Overwhelmed<\/h3> <p>The danger arrived him from everywhere, having to bale out balloons as it could. It was very slow in the repliegue in the played of the second goal of Dybala, practically without moving  to cover the shot, and no cuaj\u00f3 a good party.<\/p> <h3> <a href=\"https:\/\/www.fcbarcelonanoticias.com\/en\/tags\/samuel-umtiti.html\">Samuel Umtiti<\/a>: Ralentizado<\/h3> <p>The French arrived late to cover spaces and saw  surpassed by the gale of offensive game of the Juventus. Neither it shined in the aerial game and could not take out the balloon played from backwards because of the pressure of the &#8220;bianconeri&#8221;.<\/p> <h3> <a href=\"https:\/\/www.fcbarcelonanoticias.com\/en\/tags\/jeremy-mathieu.html\">Jeremy Mathieu<\/a>: Horrible<\/h3> <p>The French defender allowed that Squared and the rest of offensive players confined  with total freedom in the area of Ter Stegen, without defending them to the level that expects  of him. Already it prejudiced to the Bar\u00e7a in M\u00e1laga, and went back it to do in Tur\u00edn.<\/p> <h3> <a href=\"https:\/\/www.fcbarcelonanoticias.com\/en\/tags\/javier-mascherano.html\">Mascherano<\/a>: Surpassed<\/h3> <p>The central Argentinian cuaj\u00f3 one of his worst split this season, being surpassed by the forwards of the Juventus so much by high as by low. Rif\u00f3 Balloons and did not attain to defend to Chiellini in the played of the third goal.<\/p> <h3> <a href=\"https:\/\/www.fcbarcelonanoticias.com\/en\/tags\/ivan-rakitic.html\">Ivan Rakitic<\/a>: Atolondrado<\/h3> <p>The Croat was not to his best level and infected  of the rest of the team, losing balloons and playing of horizontal way when being very very marked by the players of the Juventus of Tur\u00edn.<\/p> <h3> <a href=\"https:\/\/www.fcbarcelonanoticias.com\/en\/tags\/andres-iniesta.html\">Andr\u00e9s Iniesta<\/a>: Missing<\/h3> <p>Hardly it saw  to Andr\u00e9s Iniesta on the terrain of game, and when it appeared was to fail a very clear occasion of goal in a hand manually with Buffon. The midfield player manchego is far of his best level.<\/p> <h3> <a href=\"https:\/\/www.fcbarcelonanoticias.com\/en\/tags\/neymar-jr.html\">Neymar Jr<\/a>: Predictable<\/h3> <p>Neymar Jr Could not desequilibrar in the left band, very very marked at all times by Dani Alves and Square, those who shut him and prevented that the magic of the Brazilian arrived until the goal of Buffon.<\/p> <h3> <a href=\"https:\/\/www.fcbarcelonanoticias.com\/en\/jugadores\/lionel-messi.html\">Leo Messi<\/a>: Diluted<\/h3> <p>Messi shined in the first-half in spite of the bad general performance of the team, but with the step of the minutes went  diluting and fell in a spiral of embarrassment and anger, achieve same and with the collective performance.<\/p> <h3> <a href=\"https:\/\/www.fcbarcelonanoticias.com\/en\/tags\/luis-suarez.html\">Luis Su\u00e1rez<\/a>: Fall\u00f3n<\/h3> <p>The forward charr\u00faa had of some shot and finish, but all they went out diverted. It could not offer desmarques clear to connect with his mates, and cost him horrors generate danger<\/p> <h2>GOING OUT FROM THE BENCH<\/h2> <h3> <a href=\"https:\/\/www.fcbarcelonanoticias.com\/en\/tags\/andre-gomes.html\">Andr\u00e9 Gomes<\/a>: Horizontal<\/h3> <p>The Portuguese did not play a bad second part, distributing the balloon with criterion in the centre of the field and recovering some that another ball. This yes, went back to be too horizontal, without running risks to combine with the &#8220;MSN&#8221;.<\/p> ","protected":false},"excerpt":{"rendered":"<p>The FC Barcelona cuaj\u00f3 a bad performance in general lines against the Juventus of Tur\u00edn in the gone of quarter-finals of Champions League, seeing surpassed in the game to unemployed balloon and giving too many grantings in defence The FC Barcelona fell bochornosamente defeated in Tur\u00edn and showed that it does not have the lesson [&hellip;]<\/p>\n","protected":false},"author":366,"featured_media":28083,"comment_status":"closed","ping_status":"open","sticky":false,"template":"","format":"standard","meta":{"_acf_changed":false,"inline_featured_image":false,"_nextfly_llmd_date_locked":false,"footnotes":""},"categories":[111],"tags":[105,183],"class_list":["post-28082","post","type-post","status-publish","format-standard","has-post-thumbnail","hentry","category-fc-barcelona","tag-juventus","tag-the-1x1"],"acf":[],"yoast_head":"<!-- This site is optimized with the Yoast SEO plugin v27.3 - https:\/\/yoast.com\/product\/yoast-seo-wordpress\/ -->\n<title>The 1x1 of the Barcelona in front of the Juventus (Ida 1\/4 Champions)<\/title>\n<meta name=\"description\" content=\"The FC Barcelona cuaj\u00f3 a bad performance in general lines against the Juventus of Tur\u00edn in the gone of quarter-finals of Champions League...\" \/>\n<meta name=\"robots\" content=\"index, follow, max-snippet:-1, max-image-preview:large, max-video-preview:-1\" \/>\n<link rel=\"canonical\" href=\"https:\/\/www.fcbarcelonanoticias.com\/en\/fc-barcelona\/the-1x1-of-the-barcelona-in-front-of-the-juventus-ida-1-4-champions_198824_102.html\" \/>\n<meta property=\"og:locale\" content=\"en_US\" \/>\n<meta property=\"og:type\" content=\"article\" \/>\n<meta property=\"og:title\" content=\"The 1x1 of the Barcelona in front of the Juventus (Ida 1\/4 Champions)\" \/>\n<meta property=\"og:description\" content=\"The FC Barcelona cuaj\u00f3 a bad performance in general lines against the Juventus of Tur\u00edn in the gone of quarter-finals of Champions League...\" \/>\n<meta property=\"og:url\" content=\"https:\/\/www.fcbarcelonanoticias.com\/en\/fc-barcelona\/the-1x1-of-the-barcelona-in-front-of-the-juventus-ida-1-4-champions_198824_102.html\" \/>\n<meta property=\"og:site_name\" content=\"EN - FC Barcelona Noticias\" \/>\n<meta property=\"article:published_time\" content=\"2017-04-11T23:08:00+00:00\" \/>\n<meta property=\"article:modified_time\" content=\"2017-04-11T23:09:00+00:00\" \/>\n<meta property=\"og:image\" content=\"https:\/\/www.fcbarcelonanoticias.com\/en\/wp-content\/uploads\/sites\/2\/2017\/04\/1x1-juventus-barca-215190.jpeg\" \/>\n\t<meta property=\"og:image:width\" content=\"761\" \/>\n\t<meta property=\"og:image:height\" content=\"428\" \/>\n\t<meta property=\"og:image:type\" content=\"image\/jpeg\" \/>\n<meta name=\"author\" content=\"Carlos Dom\u00ednguez\" \/>\n<meta name=\"twitter:card\" content=\"summary_large_image\" \/>\n<meta name=\"twitter:label1\" content=\"Written by\" \/>\n\t<meta name=\"twitter:data1\" content=\"Carlos Dom\u00ednguez\" \/>\n\t<meta name=\"twitter:label2\" content=\"Est. reading time\" \/>\n\t<meta name=\"twitter:data2\" content=\"4 minutes\" \/>\n<script type=\"application\/ld+json\" class=\"yoast-schema-graph\">{\"@context\":\"https:\\\/\\\/schema.org\",\"@graph\":[{\"@type\":\"Article\",\"@id\":\"https:\\\/\\\/www.fcbarcelonanoticias.com\\\/en\\\/fc-barcelona\\\/the-1x1-of-the-barcelona-in-front-of-the-juventus-ida-1-4-champions_198824_102.html#article\",\"isPartOf\":{\"@id\":\"https:\\\/\\\/www.fcbarcelonanoticias.com\\\/en\\\/fc-barcelona\\\/the-1x1-of-the-barcelona-in-front-of-the-juventus-ida-1-4-champions_198824_102.html\"},\"author\":{\"name\":\"Carlos Dom\u00ednguez\",\"@id\":\"https:\\\/\\\/www.fcbarcelonanoticias.com\\\/en\\\/#\\\/schema\\\/person\\\/888e29b17b79c70d1c617d8a7bc9b8c6\"},\"headline\":\"The 1&#215;1 of the Barcelona in front of the Juventus (Ida 1\\\/4 Champions)\",\"datePublished\":\"2017-04-11T23:08:00+00:00\",\"dateModified\":\"2017-04-11T23:09:00+00:00\",\"mainEntityOfPage\":{\"@id\":\"https:\\\/\\\/www.fcbarcelonanoticias.com\\\/en\\\/fc-barcelona\\\/the-1x1-of-the-barcelona-in-front-of-the-juventus-ida-1-4-champions_198824_102.html\"},\"wordCount\":743,\"image\":{\"@id\":\"https:\\\/\\\/www.fcbarcelonanoticias.com\\\/en\\\/fc-barcelona\\\/the-1x1-of-the-barcelona-in-front-of-the-juventus-ida-1-4-champions_198824_102.html#primaryimage\"},\"thumbnailUrl\":\"https:\\\/\\\/www.fcbarcelonanoticias.com\\\/en\\\/wp-content\\\/uploads\\\/sites\\\/2\\\/2017\\\/04\\\/1x1-juventus-barca-215190.jpeg\",\"keywords\":[\"Juventus\",\"The 1x1\"],\"articleSection\":[\"FC Barcelona\"],\"inLanguage\":\"en-US\"},{\"@type\":\"WebPage\",\"@id\":\"https:\\\/\\\/www.fcbarcelonanoticias.com\\\/en\\\/fc-barcelona\\\/the-1x1-of-the-barcelona-in-front-of-the-juventus-ida-1-4-champions_198824_102.html\",\"url\":\"https:\\\/\\\/www.fcbarcelonanoticias.com\\\/en\\\/fc-barcelona\\\/the-1x1-of-the-barcelona-in-front-of-the-juventus-ida-1-4-champions_198824_102.html\",\"name\":\"The 1x1 of the Barcelona in front of the Juventus (Ida 1\\\/4 Champions)\",\"isPartOf\":{\"@id\":\"https:\\\/\\\/www.fcbarcelonanoticias.com\\\/en\\\/#website\"},\"primaryImageOfPage\":{\"@id\":\"https:\\\/\\\/www.fcbarcelonanoticias.com\\\/en\\\/fc-barcelona\\\/the-1x1-of-the-barcelona-in-front-of-the-juventus-ida-1-4-champions_198824_102.html#primaryimage\"},\"image\":{\"@id\":\"https:\\\/\\\/www.fcbarcelonanoticias.com\\\/en\\\/fc-barcelona\\\/the-1x1-of-the-barcelona-in-front-of-the-juventus-ida-1-4-champions_198824_102.html#primaryimage\"},\"thumbnailUrl\":\"https:\\\/\\\/www.fcbarcelonanoticias.com\\\/en\\\/wp-content\\\/uploads\\\/sites\\\/2\\\/2017\\\/04\\\/1x1-juventus-barca-215190.jpeg\",\"datePublished\":\"2017-04-11T23:08:00+00:00\",\"dateModified\":\"2017-04-11T23:09:00+00:00\",\"author\":{\"@id\":\"https:\\\/\\\/www.fcbarcelonanoticias.com\\\/en\\\/#\\\/schema\\\/person\\\/888e29b17b79c70d1c617d8a7bc9b8c6\"},\"description\":\"The FC Barcelona cuaj\u00f3 a bad performance in general lines against the Juventus of Tur\u00edn in the gone of quarter-finals of Champions League...\",\"breadcrumb\":{\"@id\":\"https:\\\/\\\/www.fcbarcelonanoticias.com\\\/en\\\/fc-barcelona\\\/the-1x1-of-the-barcelona-in-front-of-the-juventus-ida-1-4-champions_198824_102.html#breadcrumb\"},\"inLanguage\":\"en-US\",\"potentialAction\":[{\"@type\":\"ReadAction\",\"target\":[\"https:\\\/\\\/www.fcbarcelonanoticias.com\\\/en\\\/fc-barcelona\\\/the-1x1-of-the-barcelona-in-front-of-the-juventus-ida-1-4-champions_198824_102.html\"]}]},{\"@type\":\"ImageObject\",\"inLanguage\":\"en-US\",\"@id\":\"https:\\\/\\\/www.fcbarcelonanoticias.com\\\/en\\\/fc-barcelona\\\/the-1x1-of-the-barcelona-in-front-of-the-juventus-ida-1-4-champions_198824_102.html#primaryimage\",\"url\":\"https:\\\/\\\/www.fcbarcelonanoticias.com\\\/en\\\/wp-content\\\/uploads\\\/sites\\\/2\\\/2017\\\/04\\\/1x1-juventus-barca-215190.jpeg\",\"contentUrl\":\"https:\\\/\\\/www.fcbarcelonanoticias.com\\\/en\\\/wp-content\\\/uploads\\\/sites\\\/2\\\/2017\\\/04\\\/1x1-juventus-barca-215190.jpeg\",\"width\":761,\"height\":428},{\"@type\":\"BreadcrumbList\",\"@id\":\"https:\\\/\\\/www.fcbarcelonanoticias.com\\\/en\\\/fc-barcelona\\\/the-1x1-of-the-barcelona-in-front-of-the-juventus-ida-1-4-champions_198824_102.html#breadcrumb\",\"itemListElement\":[{\"@type\":\"ListItem\",\"position\":1,\"name\":\"Portada\",\"item\":\"https:\\\/\\\/www.fcbarcelonanoticias.com\\\/en\\\/\"},{\"@type\":\"ListItem\",\"position\":2,\"name\":\"The 1&#215;1 of the Barcelona in front of the Juventus (Ida 1\\\/4 Champions)\"}]},{\"@type\":\"WebSite\",\"@id\":\"https:\\\/\\\/www.fcbarcelonanoticias.com\\\/en\\\/#website\",\"url\":\"https:\\\/\\\/www.fcbarcelonanoticias.com\\\/en\\\/\",\"name\":\"EN - FC Barcelona Noticias\",\"description\":\"\",\"potentialAction\":[{\"@type\":\"SearchAction\",\"target\":{\"@type\":\"EntryPoint\",\"urlTemplate\":\"https:\\\/\\\/www.fcbarcelonanoticias.com\\\/en\\\/?s={search_term_string}\"},\"query-input\":{\"@type\":\"PropertyValueSpecification\",\"valueRequired\":true,\"valueName\":\"search_term_string\"}}],\"inLanguage\":\"en-US\"},{\"@type\":\"Person\",\"@id\":\"https:\\\/\\\/www.fcbarcelonanoticias.com\\\/en\\\/#\\\/schema\\\/person\\\/888e29b17b79c70d1c617d8a7bc9b8c6\",\"name\":\"Carlos Dom\u00ednguez\",\"image\":{\"@type\":\"ImageObject\",\"inLanguage\":\"en-US\",\"@id\":\"https:\\\/\\\/secure.gravatar.com\\\/avatar\\\/?s=96&d=mm&r=g\",\"url\":\"https:\\\/\\\/secure.gravatar.com\\\/avatar\\\/?s=96&d=mm&r=g\",\"contentUrl\":\"https:\\\/\\\/secure.gravatar.com\\\/avatar\\\/?s=96&d=mm&r=g\",\"caption\":\"Carlos Dom\u00ednguez\"},\"url\":\"https:\\\/\\\/www.fcbarcelonanoticias.com\\\/en\\\/carlos-dominguez_2_115.html\"}]}<\/script>\n<!-- \/ Yoast SEO plugin. -->","yoast_head_json":{"title":"The 1x1 of the Barcelona in front of the Juventus (Ida 1\/4 Champions)","description":"The FC Barcelona cuaj\u00f3 a bad performance in general lines against the Juventus of Tur\u00edn in the gone of quarter-finals of Champions League...","robots":{"index":"index","follow":"follow","max-snippet":"max-snippet:-1","max-image-preview":"max-image-preview:large","max-video-preview":"max-video-preview:-1"},"canonical":"https:\/\/www.fcbarcelonanoticias.com\/en\/fc-barcelona\/the-1x1-of-the-barcelona-in-front-of-the-juventus-ida-1-4-champions_198824_102.html","og_locale":"en_US","og_type":"article","og_title":"The 1x1 of the Barcelona in front of the Juventus (Ida 1\/4 Champions)","og_description":"The FC Barcelona cuaj\u00f3 a bad performance in general lines against the Juventus of Tur\u00edn in the gone of quarter-finals of Champions League...","og_url":"https:\/\/www.fcbarcelonanoticias.com\/en\/fc-barcelona\/the-1x1-of-the-barcelona-in-front-of-the-juventus-ida-1-4-champions_198824_102.html","og_site_name":"EN - FC Barcelona Noticias","article_published_time":"2017-04-11T23:08:00+00:00","article_modified_time":"2017-04-11T23:09:00+00:00","og_image":[{"width":761,"height":428,"url":"https:\/\/www.fcbarcelonanoticias.com\/en\/wp-content\/uploads\/sites\/2\/2017\/04\/1x1-juventus-barca-215190.jpeg","type":"image\/jpeg"}],"author":"Carlos Dom\u00ednguez","twitter_card":"summary_large_image","twitter_misc":{"Written by":"Carlos Dom\u00ednguez","Est. reading time":"4 minutes"},"schema":{"@context":"https:\/\/schema.org","@graph":[{"@type":"Article","@id":"https:\/\/www.fcbarcelonanoticias.com\/en\/fc-barcelona\/the-1x1-of-the-barcelona-in-front-of-the-juventus-ida-1-4-champions_198824_102.html#article","isPartOf":{"@id":"https:\/\/www.fcbarcelonanoticias.com\/en\/fc-barcelona\/the-1x1-of-the-barcelona-in-front-of-the-juventus-ida-1-4-champions_198824_102.html"},"author":{"name":"Carlos Dom\u00ednguez","@id":"https:\/\/www.fcbarcelonanoticias.com\/en\/#\/schema\/person\/888e29b17b79c70d1c617d8a7bc9b8c6"},"headline":"The 1&#215;1 of the Barcelona in front of the Juventus (Ida 1\/4 Champions)","datePublished":"2017-04-11T23:08:00+00:00","dateModified":"2017-04-11T23:09:00+00:00","mainEntityOfPage":{"@id":"https:\/\/www.fcbarcelonanoticias.com\/en\/fc-barcelona\/the-1x1-of-the-barcelona-in-front-of-the-juventus-ida-1-4-champions_198824_102.html"},"wordCount":743,"image":{"@id":"https:\/\/www.fcbarcelonanoticias.com\/en\/fc-barcelona\/the-1x1-of-the-barcelona-in-front-of-the-juventus-ida-1-4-champions_198824_102.html#primaryimage"},"thumbnailUrl":"https:\/\/www.fcbarcelonanoticias.com\/en\/wp-content\/uploads\/sites\/2\/2017\/04\/1x1-juventus-barca-215190.jpeg","keywords":["Juventus","The 1x1"],"articleSection":["FC Barcelona"],"inLanguage":"en-US"},{"@type":"WebPage","@id":"https:\/\/www.fcbarcelonanoticias.com\/en\/fc-barcelona\/the-1x1-of-the-barcelona-in-front-of-the-juventus-ida-1-4-champions_198824_102.html","url":"https:\/\/www.fcbarcelonanoticias.com\/en\/fc-barcelona\/the-1x1-of-the-barcelona-in-front-of-the-juventus-ida-1-4-champions_198824_102.html","name":"The 1x1 of the Barcelona in front of the Juventus (Ida 1\/4 Champions)","isPartOf":{"@id":"https:\/\/www.fcbarcelonanoticias.com\/en\/#website"},"primaryImageOfPage":{"@id":"https:\/\/www.fcbarcelonanoticias.com\/en\/fc-barcelona\/the-1x1-of-the-barcelona-in-front-of-the-juventus-ida-1-4-champions_198824_102.html#primaryimage"},"image":{"@id":"https:\/\/www.fcbarcelonanoticias.com\/en\/fc-barcelona\/the-1x1-of-the-barcelona-in-front-of-the-juventus-ida-1-4-champions_198824_102.html#primaryimage"},"thumbnailUrl":"https:\/\/www.fcbarcelonanoticias.com\/en\/wp-content\/uploads\/sites\/2\/2017\/04\/1x1-juventus-barca-215190.jpeg","datePublished":"2017-04-11T23:08:00+00:00","dateModified":"2017-04-11T23:09:00+00:00","author":{"@id":"https:\/\/www.fcbarcelonanoticias.com\/en\/#\/schema\/person\/888e29b17b79c70d1c617d8a7bc9b8c6"},"description":"The FC Barcelona cuaj\u00f3 a bad performance in general lines against the Juventus of Tur\u00edn in the gone of quarter-finals of Champions League...","breadcrumb":{"@id":"https:\/\/www.fcbarcelonanoticias.com\/en\/fc-barcelona\/the-1x1-of-the-barcelona-in-front-of-the-juventus-ida-1-4-champions_198824_102.html#breadcrumb"},"inLanguage":"en-US","potentialAction":[{"@type":"ReadAction","target":["https:\/\/www.fcbarcelonanoticias.com\/en\/fc-barcelona\/the-1x1-of-the-barcelona-in-front-of-the-juventus-ida-1-4-champions_198824_102.html"]}]},{"@type":"ImageObject","inLanguage":"en-US","@id":"https:\/\/www.fcbarcelonanoticias.com\/en\/fc-barcelona\/the-1x1-of-the-barcelona-in-front-of-the-juventus-ida-1-4-champions_198824_102.html#primaryimage","url":"https:\/\/www.fcbarcelonanoticias.com\/en\/wp-content\/uploads\/sites\/2\/2017\/04\/1x1-juventus-barca-215190.jpeg","contentUrl":"https:\/\/www.fcbarcelonanoticias.com\/en\/wp-content\/uploads\/sites\/2\/2017\/04\/1x1-juventus-barca-215190.jpeg","width":761,"height":428},{"@type":"BreadcrumbList","@id":"https:\/\/www.fcbarcelonanoticias.com\/en\/fc-barcelona\/the-1x1-of-the-barcelona-in-front-of-the-juventus-ida-1-4-champions_198824_102.html#breadcrumb","itemListElement":[{"@type":"ListItem","position":1,"name":"Portada","item":"https:\/\/www.fcbarcelonanoticias.com\/en\/"},{"@type":"ListItem","position":2,"name":"The 1&#215;1 of the Barcelona in front of the Juventus (Ida 1\/4 Champions)"}]},{"@type":"WebSite","@id":"https:\/\/www.fcbarcelonanoticias.com\/en\/#website","url":"https:\/\/www.fcbarcelonanoticias.com\/en\/","name":"EN - FC Barcelona Noticias","description":"","potentialAction":[{"@type":"SearchAction","target":{"@type":"EntryPoint","urlTemplate":"https:\/\/www.fcbarcelonanoticias.com\/en\/?s={search_term_string}"},"query-input":{"@type":"PropertyValueSpecification","valueRequired":true,"valueName":"search_term_string"}}],"inLanguage":"en-US"},{"@type":"Person","@id":"https:\/\/www.fcbarcelonanoticias.com\/en\/#\/schema\/person\/888e29b17b79c70d1c617d8a7bc9b8c6","name":"Carlos Dom\u00ednguez","image":{"@type":"ImageObject","inLanguage":"en-US","@id":"https:\/\/secure.gravatar.com\/avatar\/?s=96&d=mm&r=g","url":"https:\/\/secure.gravatar.com\/avatar\/?s=96&d=mm&r=g","contentUrl":"https:\/\/secure.gravatar.com\/avatar\/?s=96&d=mm&r=g","caption":"Carlos Dom\u00ednguez"},"url":"https:\/\/www.fcbarcelonanoticias.com\/en\/carlos-dominguez_2_115.html"}]}},"_links":{"self":[{"href":"https:\/\/www.fcbarcelonanoticias.com\/en\/wp-json\/wp\/v2\/posts\/28082","targetHints":{"allow":["GET"]}}],"collection":[{"href":"https:\/\/www.fcbarcelonanoticias.com\/en\/wp-json\/wp\/v2\/posts"}],"about":[{"href":"https:\/\/www.fcbarcelonanoticias.com\/en\/wp-json\/wp\/v2\/types\/post"}],"author":[{"embeddable":true,"href":"https:\/\/www.fcbarcelonanoticias.com\/en\/wp-json\/wp\/v2\/users\/366"}],"replies":[{"embeddable":true,"href":"https:\/\/www.fcbarcelonanoticias.com\/en\/wp-json\/wp\/v2\/comments?post=28082"}],"version-history":[{"count":1,"href":"https:\/\/www.fcbarcelonanoticias.com\/en\/wp-json\/wp\/v2\/posts\/28082\/revisions"}],"predecessor-version":[{"id":109892,"href":"https:\/\/www.fcbarcelonanoticias.com\/en\/wp-json\/wp\/v2\/posts\/28082\/revisions\/109892"}],"wp:featuredmedia":[{"embeddable":true,"href":"https:\/\/www.fcbarcelonanoticias.com\/en\/wp-json\/wp\/v2\/media\/28083"}],"wp:attachment":[{"href":"https:\/\/www.fcbarcelonanoticias.com\/en\/wp-json\/wp\/v2\/media?parent=28082"}],"wp:term":[{"taxonomy":"category","embeddable":true,"href":"https:\/\/www.fcbarcelonanoticias.com\/en\/wp-json\/wp\/v2\/categories?post=28082"},{"taxonomy":"post_tag","embeddable":true,"href":"https:\/\/www.fcbarcelonanoticias.com\/en\/wp-json\/wp\/v2\/tags?post=28082"}],"curies":[{"name":"wp","href":"https:\/\/api.w.org\/{rel}","templated":true}]}}