{"id":28257,"date":"2023-10-11T10:15:00","date_gmt":"2023-10-11T08:15:00","guid":{"rendered":"https:\/\/weisetech.dev\/fc-barcelona-noticias\/en\/the-1x1-of-the-footballers-that-left-the-barca-during-the-last-summer_296972_102\/"},"modified":"2023-10-11T10:15:00","modified_gmt":"2023-10-11T08:15:00","slug":"the-1x1-of-the-footballers-that-left-the-barca-during-the-last-summer_296972_102","status":"publish","type":"post","link":"https:\/\/www.fcbarcelonanoticias.com\/en\/fc-barcelona\/the-1x1-of-the-footballers-that-left-the-barca-during-the-last-summer_296972_102.html","title":{"rendered":"The 1&#215;1 of the footballers who left Bar\u00e7a during the last summer"},"content":{"rendered":"<h2 class=\"wp-block-heading\">The 2023\/2024 season began a little less than three months ago and there is already something to define the performance of the five players who left FC Barcelona during the last summer transfer market<\/h2>  \r\n<div class=\"article-addons\">\r\n    <a href=\"https:\/\/www.fcbarcelonanoticias.com\/en\/calendar-fc-barcelona.html\"\r\n       target=\"_self\"\r\n       title=\"Calendar of FC Barcelona\"\r\n       class=\"blue-gredient-btn\">\r\n       \r\n        Calendar of FC Barcelona    <\/a>\r\n<\/div>   <p>In addition to the numerous cessions that the FC Barcelona completed in the last market of signings estival to relocate to praises players that do not hinder in the plans of Xavi Hern\u00e1ndez or that had manifested his wish to go out to look for more opportunities, went five the players that did his cases to abandon definitively the City Condal in research of new challenges to sportive level. <strong>To continuation, in FCBN review how is going them:<\/strong><\/p>  <h2>Jordi Alba, settled in the Inter Miami<\/h2>  <p>The left side abandoned the Bar\u00e7a to give step to the new blood, in front of the big competition that there was in his place with Alejandro Balde like big protagonist and indisputable headline from beginnings of the past season. Jordi Alba landed in Miami, where shares with Leo Messi and Sergio Busquets, and is indisputable in the plans of the &#8216;Tata&#8217; Martino. In eleven parties contested, has participated in four goals: two annotated them he and delivered two assistances. <strong>It won the League Cups, although they remained &#8216;KO&#8217; in the MLS.<\/strong><\/p>  <h2>Sergio Busquets, indisputable in Miami<\/h2>  <p>To the equal that Jordi Alba, during the end of the past campaign Busquets preferred to step at the side and that began a new stage in the centre of the field of the Bar\u00e7a, although they offered him renew. It landed in the Inter of Miami where also is an indisputable player, c<strong>on 18 parties registered in which it has gone back to feel protagonist. <\/strong>It raised the Leagues Cup and is nominated to the MVP of the MLS and signing with greater impact, to the equal that Leo Messi.<\/p>  <h2>Ousmane Demb\u00e9l\u00e9, with a lot for showing in Paris<\/h2>  <p>The French attacker was the big surprise of the summer when, in the final stretch of turns it of pre-season by United States, desvel\u00f3 that it had accepted an offer of the PSG and would execute the private clause that allowed him go out by 50 million euros. Although it is indisputable in the plans of the Paris Saint-Germain, has not finished of despuntar. It is a player that participates a lot, that desequilibra and generates danger, but does not finish to mark the difference.<strong> In nine parties, has delivered two assistances, against the Marseilles and Rennes. <\/strong><\/p>  <h2>Ez Abde, &#8216;hunting&#8217; opportunities<\/h2>  <p>The Real Betis paid 7,5 million euros to do with 50% of his rights in the last day of the market estival and still has not been able to settle in the plans of Manuel Pellegrini. It premi\u00e8red like goleador in front of Valencia and sum three titularities, but<strong> has left the feeling that it still has not fit in the approach of the Chilean trainer. H<\/strong>abr\u00e1 That expect to see if it can &#8216;claim&#8217; after the stop of selections.<\/p>  <h2>Franck Kessi\u00e9, a new life in Saudi Arabia<\/h2>  <p>If there is somebody to the that has seated him of wonder his exit of the Bar\u00e7a is to the midfield player costamarfile\u00f1o, the one who is indisputable in the To the-Ahli and has destapado like goleador. In what it goes of season, has contested eleven clashes and has seen goal in four opportunities. It is being important in the career by the Saudi Pro League.<\/p> ","protected":false},"excerpt":{"rendered":"<p>The 2023\/2024 season began a little less than three months ago and there is already something to define the performance of the five players who left FC Barcelona during the last summer transfer market In addition to the numerous cessions that the FC Barcelona completed in the last market of signings estival to relocate to [&hellip;]<\/p>\n","protected":false},"author":0,"featured_media":16839,"comment_status":"closed","ping_status":"open","sticky":false,"template":"","format":"standard","meta":{"_acf_changed":false,"inline_featured_image":false,"_nextfly_llmd_date_locked":false,"footnotes":""},"categories":[111],"tags":[146,305,280,166],"class_list":["post-28257","post","type-post","status-publish","format-standard","has-post-thumbnail","hentry","category-fc-barcelona","tag-dembele","tag-frank-kessie","tag-jordi-alba","tag-sergio-busquets"],"acf":[],"yoast_head":"<!-- This site is optimized with the Yoast SEO plugin v27.3 - https:\/\/yoast.com\/product\/yoast-seo-wordpress\/ -->\n<title>The 1x1 of the footballers who left Bar\u00e7a during the last summer<\/title>\n<meta name=\"description\" content=\"The season 2023\/2024 began recently less than three months and already there is with what define the performance of the four players that abandoned the FC Barcelona during the last market of signings estival\" \/>\n<meta name=\"robots\" content=\"index, follow, max-snippet:-1, max-image-preview:large, max-video-preview:-1\" \/>\n<link rel=\"canonical\" href=\"https:\/\/www.fcbarcelonanoticias.com\/en\/fc-barcelona\/the-1x1-of-the-footballers-that-left-the-barca-during-the-last-summer_296972_102.html\" \/>\n<meta property=\"og:locale\" content=\"en_US\" \/>\n<meta property=\"og:type\" content=\"article\" \/>\n<meta property=\"og:title\" content=\"The 1x1 of the footballers who left Bar\u00e7a during the last summer\" \/>\n<meta property=\"og:description\" content=\"The season 2023\/2024 began recently less than three months and already there is with what define the performance of the four players that abandoned the FC Barcelona during the last market of signings estival\" \/>\n<meta property=\"og:url\" content=\"https:\/\/www.fcbarcelonanoticias.com\/en\/fc-barcelona\/the-1x1-of-the-footballers-that-left-the-barca-during-the-last-summer_296972_102.html\" \/>\n<meta property=\"og:site_name\" content=\"EN - FC Barcelona Noticias\" \/>\n<meta property=\"article:published_time\" content=\"2023-10-11T08:15:00+00:00\" \/>\n<meta property=\"og:image\" content=\"https:\/\/www.fcbarcelonanoticias.com\/en\/wp-content\/uploads\/sites\/2\/2023\/11\/ousmane-dembele-psg.jpeg\" \/>\n\t<meta property=\"og:image:width\" content=\"1300\" \/>\n\t<meta property=\"og:image:height\" content=\"732\" \/>\n\t<meta property=\"og:image:type\" content=\"image\/jpeg\" \/>\n<meta name=\"twitter:card\" content=\"summary_large_image\" \/>\n<meta name=\"twitter:label1\" content=\"Est. reading time\" \/>\n\t<meta name=\"twitter:data1\" content=\"3 minutes\" \/>\n<script type=\"application\/ld+json\" class=\"yoast-schema-graph\">{\"@context\":\"https:\\\/\\\/schema.org\",\"@graph\":[{\"@type\":\"Article\",\"@id\":\"https:\\\/\\\/www.fcbarcelonanoticias.com\\\/en\\\/fc-barcelona\\\/the-1x1-of-the-footballers-that-left-the-barca-during-the-last-summer_296972_102.html#article\",\"isPartOf\":{\"@id\":\"https:\\\/\\\/www.fcbarcelonanoticias.com\\\/en\\\/fc-barcelona\\\/the-1x1-of-the-footballers-that-left-the-barca-during-the-last-summer_296972_102.html\"},\"author\":{\"name\":\"\",\"@id\":\"\"},\"headline\":\"The 1&#215;1 of the footballers who left Bar\u00e7a during the last summer\",\"datePublished\":\"2023-10-11T08:15:00+00:00\",\"mainEntityOfPage\":{\"@id\":\"https:\\\/\\\/www.fcbarcelonanoticias.com\\\/en\\\/fc-barcelona\\\/the-1x1-of-the-footballers-that-left-the-barca-during-the-last-summer_296972_102.html\"},\"wordCount\":586,\"image\":{\"@id\":\"https:\\\/\\\/www.fcbarcelonanoticias.com\\\/en\\\/fc-barcelona\\\/the-1x1-of-the-footballers-that-left-the-barca-during-the-last-summer_296972_102.html#primaryimage\"},\"thumbnailUrl\":\"https:\\\/\\\/www.fcbarcelonanoticias.com\\\/en\\\/wp-content\\\/uploads\\\/sites\\\/2\\\/2023\\\/11\\\/ousmane-dembele-psg.jpeg\",\"keywords\":[\"Demb\u00e9l\u00e9\",\"Frank Kessi\u00e9\",\"Jordi Alba\",\"Sergio Busquets\"],\"articleSection\":[\"FC Barcelona\"],\"inLanguage\":\"en-US\"},{\"@type\":\"WebPage\",\"@id\":\"https:\\\/\\\/www.fcbarcelonanoticias.com\\\/en\\\/fc-barcelona\\\/the-1x1-of-the-footballers-that-left-the-barca-during-the-last-summer_296972_102.html\",\"url\":\"https:\\\/\\\/www.fcbarcelonanoticias.com\\\/en\\\/fc-barcelona\\\/the-1x1-of-the-footballers-that-left-the-barca-during-the-last-summer_296972_102.html\",\"name\":\"The 1x1 of the footballers who left Bar\u00e7a during the last summer\",\"isPartOf\":{\"@id\":\"https:\\\/\\\/www.fcbarcelonanoticias.com\\\/en\\\/#website\"},\"primaryImageOfPage\":{\"@id\":\"https:\\\/\\\/www.fcbarcelonanoticias.com\\\/en\\\/fc-barcelona\\\/the-1x1-of-the-footballers-that-left-the-barca-during-the-last-summer_296972_102.html#primaryimage\"},\"image\":{\"@id\":\"https:\\\/\\\/www.fcbarcelonanoticias.com\\\/en\\\/fc-barcelona\\\/the-1x1-of-the-footballers-that-left-the-barca-during-the-last-summer_296972_102.html#primaryimage\"},\"thumbnailUrl\":\"https:\\\/\\\/www.fcbarcelonanoticias.com\\\/en\\\/wp-content\\\/uploads\\\/sites\\\/2\\\/2023\\\/11\\\/ousmane-dembele-psg.jpeg\",\"datePublished\":\"2023-10-11T08:15:00+00:00\",\"author\":{\"@id\":\"\"},\"description\":\"The season 2023\\\/2024 began recently less than three months and already there is with what define the performance of the four players that abandoned the FC Barcelona during the last market of signings estival\",\"breadcrumb\":{\"@id\":\"https:\\\/\\\/www.fcbarcelonanoticias.com\\\/en\\\/fc-barcelona\\\/the-1x1-of-the-footballers-that-left-the-barca-during-the-last-summer_296972_102.html#breadcrumb\"},\"inLanguage\":\"en-US\",\"potentialAction\":[{\"@type\":\"ReadAction\",\"target\":[\"https:\\\/\\\/www.fcbarcelonanoticias.com\\\/en\\\/fc-barcelona\\\/the-1x1-of-the-footballers-that-left-the-barca-during-the-last-summer_296972_102.html\"]}]},{\"@type\":\"ImageObject\",\"inLanguage\":\"en-US\",\"@id\":\"https:\\\/\\\/www.fcbarcelonanoticias.com\\\/en\\\/fc-barcelona\\\/the-1x1-of-the-footballers-that-left-the-barca-during-the-last-summer_296972_102.html#primaryimage\",\"url\":\"https:\\\/\\\/www.fcbarcelonanoticias.com\\\/en\\\/wp-content\\\/uploads\\\/sites\\\/2\\\/2023\\\/11\\\/ousmane-dembele-psg.jpeg\",\"contentUrl\":\"https:\\\/\\\/www.fcbarcelonanoticias.com\\\/en\\\/wp-content\\\/uploads\\\/sites\\\/2\\\/2023\\\/11\\\/ousmane-dembele-psg.jpeg\",\"width\":1300,\"height\":732},{\"@type\":\"BreadcrumbList\",\"@id\":\"https:\\\/\\\/www.fcbarcelonanoticias.com\\\/en\\\/fc-barcelona\\\/the-1x1-of-the-footballers-that-left-the-barca-during-the-last-summer_296972_102.html#breadcrumb\",\"itemListElement\":[{\"@type\":\"ListItem\",\"position\":1,\"name\":\"Portada\",\"item\":\"https:\\\/\\\/www.fcbarcelonanoticias.com\\\/en\\\/\"},{\"@type\":\"ListItem\",\"position\":2,\"name\":\"The 1&#215;1 of the footballers who left Bar\u00e7a during the last summer\"}]},{\"@type\":\"WebSite\",\"@id\":\"https:\\\/\\\/www.fcbarcelonanoticias.com\\\/en\\\/#website\",\"url\":\"https:\\\/\\\/www.fcbarcelonanoticias.com\\\/en\\\/\",\"name\":\"EN - FC Barcelona Noticias\",\"description\":\"\",\"potentialAction\":[{\"@type\":\"SearchAction\",\"target\":{\"@type\":\"EntryPoint\",\"urlTemplate\":\"https:\\\/\\\/www.fcbarcelonanoticias.com\\\/en\\\/?s={search_term_string}\"},\"query-input\":{\"@type\":\"PropertyValueSpecification\",\"valueRequired\":true,\"valueName\":\"search_term_string\"}}],\"inLanguage\":\"en-US\"}]}<\/script>\n<!-- \/ Yoast SEO plugin. -->","yoast_head_json":{"title":"The 1x1 of the footballers who left Bar\u00e7a during the last summer","description":"The season 2023\/2024 began recently less than three months and already there is with what define the performance of the four players that abandoned the FC Barcelona during the last market of signings estival","robots":{"index":"index","follow":"follow","max-snippet":"max-snippet:-1","max-image-preview":"max-image-preview:large","max-video-preview":"max-video-preview:-1"},"canonical":"https:\/\/www.fcbarcelonanoticias.com\/en\/fc-barcelona\/the-1x1-of-the-footballers-that-left-the-barca-during-the-last-summer_296972_102.html","og_locale":"en_US","og_type":"article","og_title":"The 1x1 of the footballers who left Bar\u00e7a during the last summer","og_description":"The season 2023\/2024 began recently less than three months and already there is with what define the performance of the four players that abandoned the FC Barcelona during the last market of signings estival","og_url":"https:\/\/www.fcbarcelonanoticias.com\/en\/fc-barcelona\/the-1x1-of-the-footballers-that-left-the-barca-during-the-last-summer_296972_102.html","og_site_name":"EN - FC Barcelona Noticias","article_published_time":"2023-10-11T08:15:00+00:00","og_image":[{"width":1300,"height":732,"url":"https:\/\/www.fcbarcelonanoticias.com\/en\/wp-content\/uploads\/sites\/2\/2023\/11\/ousmane-dembele-psg.jpeg","type":"image\/jpeg"}],"twitter_card":"summary_large_image","twitter_misc":{"Est. reading time":"3 minutes"},"schema":{"@context":"https:\/\/schema.org","@graph":[{"@type":"Article","@id":"https:\/\/www.fcbarcelonanoticias.com\/en\/fc-barcelona\/the-1x1-of-the-footballers-that-left-the-barca-during-the-last-summer_296972_102.html#article","isPartOf":{"@id":"https:\/\/www.fcbarcelonanoticias.com\/en\/fc-barcelona\/the-1x1-of-the-footballers-that-left-the-barca-during-the-last-summer_296972_102.html"},"author":{"name":"","@id":""},"headline":"The 1&#215;1 of the footballers who left Bar\u00e7a during the last summer","datePublished":"2023-10-11T08:15:00+00:00","mainEntityOfPage":{"@id":"https:\/\/www.fcbarcelonanoticias.com\/en\/fc-barcelona\/the-1x1-of-the-footballers-that-left-the-barca-during-the-last-summer_296972_102.html"},"wordCount":586,"image":{"@id":"https:\/\/www.fcbarcelonanoticias.com\/en\/fc-barcelona\/the-1x1-of-the-footballers-that-left-the-barca-during-the-last-summer_296972_102.html#primaryimage"},"thumbnailUrl":"https:\/\/www.fcbarcelonanoticias.com\/en\/wp-content\/uploads\/sites\/2\/2023\/11\/ousmane-dembele-psg.jpeg","keywords":["Demb\u00e9l\u00e9","Frank Kessi\u00e9","Jordi Alba","Sergio Busquets"],"articleSection":["FC Barcelona"],"inLanguage":"en-US"},{"@type":"WebPage","@id":"https:\/\/www.fcbarcelonanoticias.com\/en\/fc-barcelona\/the-1x1-of-the-footballers-that-left-the-barca-during-the-last-summer_296972_102.html","url":"https:\/\/www.fcbarcelonanoticias.com\/en\/fc-barcelona\/the-1x1-of-the-footballers-that-left-the-barca-during-the-last-summer_296972_102.html","name":"The 1x1 of the footballers who left Bar\u00e7a during the last summer","isPartOf":{"@id":"https:\/\/www.fcbarcelonanoticias.com\/en\/#website"},"primaryImageOfPage":{"@id":"https:\/\/www.fcbarcelonanoticias.com\/en\/fc-barcelona\/the-1x1-of-the-footballers-that-left-the-barca-during-the-last-summer_296972_102.html#primaryimage"},"image":{"@id":"https:\/\/www.fcbarcelonanoticias.com\/en\/fc-barcelona\/the-1x1-of-the-footballers-that-left-the-barca-during-the-last-summer_296972_102.html#primaryimage"},"thumbnailUrl":"https:\/\/www.fcbarcelonanoticias.com\/en\/wp-content\/uploads\/sites\/2\/2023\/11\/ousmane-dembele-psg.jpeg","datePublished":"2023-10-11T08:15:00+00:00","author":{"@id":""},"description":"The season 2023\/2024 began recently less than three months and already there is with what define the performance of the four players that abandoned the FC Barcelona during the last market of signings estival","breadcrumb":{"@id":"https:\/\/www.fcbarcelonanoticias.com\/en\/fc-barcelona\/the-1x1-of-the-footballers-that-left-the-barca-during-the-last-summer_296972_102.html#breadcrumb"},"inLanguage":"en-US","potentialAction":[{"@type":"ReadAction","target":["https:\/\/www.fcbarcelonanoticias.com\/en\/fc-barcelona\/the-1x1-of-the-footballers-that-left-the-barca-during-the-last-summer_296972_102.html"]}]},{"@type":"ImageObject","inLanguage":"en-US","@id":"https:\/\/www.fcbarcelonanoticias.com\/en\/fc-barcelona\/the-1x1-of-the-footballers-that-left-the-barca-during-the-last-summer_296972_102.html#primaryimage","url":"https:\/\/www.fcbarcelonanoticias.com\/en\/wp-content\/uploads\/sites\/2\/2023\/11\/ousmane-dembele-psg.jpeg","contentUrl":"https:\/\/www.fcbarcelonanoticias.com\/en\/wp-content\/uploads\/sites\/2\/2023\/11\/ousmane-dembele-psg.jpeg","width":1300,"height":732},{"@type":"BreadcrumbList","@id":"https:\/\/www.fcbarcelonanoticias.com\/en\/fc-barcelona\/the-1x1-of-the-footballers-that-left-the-barca-during-the-last-summer_296972_102.html#breadcrumb","itemListElement":[{"@type":"ListItem","position":1,"name":"Portada","item":"https:\/\/www.fcbarcelonanoticias.com\/en\/"},{"@type":"ListItem","position":2,"name":"The 1&#215;1 of the footballers who left Bar\u00e7a during the last summer"}]},{"@type":"WebSite","@id":"https:\/\/www.fcbarcelonanoticias.com\/en\/#website","url":"https:\/\/www.fcbarcelonanoticias.com\/en\/","name":"EN - FC Barcelona Noticias","description":"","potentialAction":[{"@type":"SearchAction","target":{"@type":"EntryPoint","urlTemplate":"https:\/\/www.fcbarcelonanoticias.com\/en\/?s={search_term_string}"},"query-input":{"@type":"PropertyValueSpecification","valueRequired":true,"valueName":"search_term_string"}}],"inLanguage":"en-US"}]}},"_links":{"self":[{"href":"https:\/\/www.fcbarcelonanoticias.com\/en\/wp-json\/wp\/v2\/posts\/28257","targetHints":{"allow":["GET"]}}],"collection":[{"href":"https:\/\/www.fcbarcelonanoticias.com\/en\/wp-json\/wp\/v2\/posts"}],"about":[{"href":"https:\/\/www.fcbarcelonanoticias.com\/en\/wp-json\/wp\/v2\/types\/post"}],"replies":[{"embeddable":true,"href":"https:\/\/www.fcbarcelonanoticias.com\/en\/wp-json\/wp\/v2\/comments?post=28257"}],"version-history":[{"count":1,"href":"https:\/\/www.fcbarcelonanoticias.com\/en\/wp-json\/wp\/v2\/posts\/28257\/revisions"}],"predecessor-version":[{"id":110000,"href":"https:\/\/www.fcbarcelonanoticias.com\/en\/wp-json\/wp\/v2\/posts\/28257\/revisions\/110000"}],"wp:featuredmedia":[{"embeddable":true,"href":"https:\/\/www.fcbarcelonanoticias.com\/en\/wp-json\/wp\/v2\/media\/16839"}],"wp:attachment":[{"href":"https:\/\/www.fcbarcelonanoticias.com\/en\/wp-json\/wp\/v2\/media?parent=28257"}],"wp:term":[{"taxonomy":"category","embeddable":true,"href":"https:\/\/www.fcbarcelonanoticias.com\/en\/wp-json\/wp\/v2\/categories?post=28257"},{"taxonomy":"post_tag","embeddable":true,"href":"https:\/\/www.fcbarcelonanoticias.com\/en\/wp-json\/wp\/v2\/tags?post=28257"}],"curies":[{"name":"wp","href":"https:\/\/api.w.org\/{rel}","templated":true}]}}