{"id":28284,"date":"2024-09-01T21:20:00","date_gmt":"2024-09-01T19:20:00","guid":{"rendered":"https:\/\/weisetech.dev\/fc-barcelona-noticias\/en\/the-9-fc-barcelona-players-who-were-called-up-by-their-national-teams-during-the-september-break_306978_102\/"},"modified":"2024-09-03T19:14:00","modified_gmt":"2024-09-03T17:14:00","slug":"the-9-fc-barcelona-players-who-were-called-up-by-their-national-teams-during-the-september-break_306978_102","status":"publish","type":"post","link":"https:\/\/www.fcbarcelonanoticias.com\/en\/fc-barcelona\/the-9-fc-barcelona-players-who-were-called-up-by-their-national-teams-during-the-september-break_306978_102.html","title":{"rendered":"The 9 FC Barcelona players who were called up by their national teams during the September break"},"content":{"rendered":"<h2 class=\"wp-block-heading\">FC Barcelona and Hansi Flick already know who the 9 players are that they will have to loan to four European teams for the next international matches, including the first rounds of the UEFA Nations League<\/h2>  \r\n<div class=\"article-addons\">\r\n    <a href=\"https:\/\/www.fcbarcelonanoticias.com\/en\/calendar-fc-barcelona.html\"\r\n       target=\"_self\"\r\n       title=\"Calendar of FC Barcelona\"\r\n       class=\"blue-gredient-btn\">\r\n       \r\n        Calendar of FC Barcelona    <\/a>\r\n<\/div>   <p><strong>There are nine FC Barcelona players who we will see in action with their national teams in the first break of the 2024\/25 season.<\/strong> The players managed by Hansi Flick will be divided into four teams. Seven of them will play the first two matchdays of the 2024\/25 UEFA Nations League season, which starts this September. The other two will be called up for the qualifying matches for the European Under-21 Championship.<\/p>  <h2>7 Bar\u00e7a players will play in the Nations League<\/h2>  <p>For the Spanish national team, Luis de la Fuente called up four Bar\u00e7a players. <strong>These are Dani Olmo, Lamine Yamal, Pedri and Ferran<\/strong>. First they will play against Serbia in Belgrade in a match that will be played on Thursday, September 5 at 8:45 p.m. (Spanish time) and then they will face Switzerland in Geneva on Sunday, September 8 at 8:45 p.m. (Spanish time). These will be their first matches after being crowned Euro 2024 champions.<\/p>  <p><strong>In the French national team we will see Jules Kound\u00e9, who is one of the best players in Didier Deschamps&#8217; squad.<\/strong> The French will face Italy on Friday, September 6 at 20:45 (Spanish time) and then Belgium on Monday, September 9 at 20:45 (Spanish time).<\/p>  <p><strong>Marc-Andr\u00e9 ter Stegen will have the opportunity to be the new number &#8216;1&#8217; of the German team<\/strong> led by Julian Nagelsmann, remembering that Manuel Neuer announced his retirement as an international a few days ago. In the Nations League, they will face Hungary on Saturday, September 7 at 20:45 (Spanish time) and the Netherlands on Tuesday, September 10 at 20:45 (Spanish time).<\/p>  <p><strong>Robert Lewandowski closes this list. <\/strong>The striker will play for Poland against Scotland on Thursday 5 September at 20:45 (Spanish time) and will then face Croatia on Sunday 8 September at 20:45 (Spanish time). All Nations League matches will be broadcast on TVE LA1 and UEFA.com (Free).<\/p>  <h2>Cubars\u00ed and Torre with the Spanish Under-21s<\/h2>  <p>For their part, <strong>Pau Cubars\u00ed and Pablo Torre will have international commitments with the Spanish Under-21 team<\/strong>, where they were called up by Santi Denia for the qualifying matches for the European Championship in the category that will be played in 2025. On Friday, September 6, they will face Scotland at 8:00 p.m. (Spanish time) and on Tuesday, September 10, they will face Hungary at 5:45 p.m. (Spanish time). These matches can be seen on TVE&#8217;s La 2.<strong> Initially, Ferm\u00edn L\u00f3pez had been called up in place of Torre, but the player suffered a muscle injury and will return to Barcelona to begin his recovery. <\/strong>His teammate from the Blaugrana team will replace him in the &#8216;La Rojita&#8217; squad.<\/p> ","protected":false},"excerpt":{"rendered":"<p>FC Barcelona and Hansi Flick already know who the 9 players are that they will have to loan to four European teams for the next international matches, including the first rounds of the UEFA Nations League There are nine FC Barcelona players who we will see in action with their national teams in the first [&hellip;]<\/p>\n","protected":false},"author":357,"featured_media":28285,"comment_status":"closed","ping_status":"open","sticky":false,"template":"","format":"standard","meta":{"_acf_changed":false,"inline_featured_image":false,"_nextfly_llmd_date_locked":false,"footnotes":""},"categories":[111],"tags":[184,91,140],"class_list":["post-28284","post","type-post","status-publish","format-standard","has-post-thumbnail","hentry","category-fc-barcelona","tag-fc-barcelona-squad-lists","tag-national-teams","tag-uefa-nations-league"],"acf":[],"yoast_head":"<!-- This site is optimized with the Yoast SEO plugin v27.3 - https:\/\/yoast.com\/product\/yoast-seo-wordpress\/ -->\n<title>The 9 FC Barcelona players who were called up by their national teams during the September break<\/title>\n<meta name=\"description\" content=\"FC Barcelona and Hansi Flick already know who the 9 players are that they will have to loan to four European teams for the next international matches, including the first rounds of the UEFA Nations League\" \/>\n<meta name=\"robots\" content=\"index, follow, max-snippet:-1, max-image-preview:large, max-video-preview:-1\" \/>\n<link rel=\"canonical\" href=\"https:\/\/www.fcbarcelonanoticias.com\/en\/fc-barcelona\/the-9-fc-barcelona-players-who-were-called-up-by-their-national-teams-during-the-september-break_306978_102.html\" \/>\n<meta property=\"og:locale\" content=\"en_US\" \/>\n<meta property=\"og:type\" content=\"article\" \/>\n<meta property=\"og:title\" content=\"The 9 FC Barcelona players who were called up by their national teams during the September break\" \/>\n<meta property=\"og:description\" content=\"FC Barcelona and Hansi Flick already know who the 9 players are that they will have to loan to four European teams for the next international matches, including the first rounds of the UEFA Nations League\" \/>\n<meta property=\"og:url\" content=\"https:\/\/www.fcbarcelonanoticias.com\/en\/fc-barcelona\/the-9-fc-barcelona-players-who-were-called-up-by-their-national-teams-during-the-september-break_306978_102.html\" \/>\n<meta property=\"og:site_name\" content=\"EN - FC Barcelona Noticias\" \/>\n<meta property=\"article:published_time\" content=\"2024-09-01T19:20:00+00:00\" \/>\n<meta property=\"article:modified_time\" content=\"2024-09-03T17:14:00+00:00\" \/>\n<meta property=\"og:image\" content=\"https:\/\/www.fcbarcelonanoticias.com\/en\/wp-content\/uploads\/sites\/2\/2024\/09\/ferran-torres-fermin-y-lamine-yamal-en-un-partido-del-fc-barcelona-scaled.jpeg\" \/>\n\t<meta property=\"og:image:width\" content=\"2560\" \/>\n\t<meta property=\"og:image:height\" content=\"1442\" \/>\n\t<meta property=\"og:image:type\" content=\"image\/jpeg\" \/>\n<meta name=\"author\" content=\"Erika Moya\" \/>\n<meta name=\"twitter:card\" content=\"summary_large_image\" \/>\n<meta name=\"twitter:label1\" content=\"Written by\" \/>\n\t<meta name=\"twitter:data1\" content=\"Erika Moya\" \/>\n\t<meta name=\"twitter:label2\" content=\"Est. reading time\" \/>\n\t<meta name=\"twitter:data2\" content=\"2 minutes\" \/>\n<script type=\"application\/ld+json\" class=\"yoast-schema-graph\">{\"@context\":\"https:\\\/\\\/schema.org\",\"@graph\":[{\"@type\":\"Article\",\"@id\":\"https:\\\/\\\/www.fcbarcelonanoticias.com\\\/en\\\/fc-barcelona\\\/the-9-fc-barcelona-players-who-were-called-up-by-their-national-teams-during-the-september-break_306978_102.html#article\",\"isPartOf\":{\"@id\":\"https:\\\/\\\/www.fcbarcelonanoticias.com\\\/en\\\/fc-barcelona\\\/the-9-fc-barcelona-players-who-were-called-up-by-their-national-teams-during-the-september-break_306978_102.html\"},\"author\":{\"name\":\"Erika Moya\",\"@id\":\"https:\\\/\\\/www.fcbarcelonanoticias.com\\\/en\\\/#\\\/schema\\\/person\\\/5dc3a41c52ab542cf24a2fbe3489c561\"},\"headline\":\"The 9 FC Barcelona players who were called up by their national teams during the September break\",\"datePublished\":\"2024-09-01T19:20:00+00:00\",\"dateModified\":\"2024-09-03T17:14:00+00:00\",\"mainEntityOfPage\":{\"@id\":\"https:\\\/\\\/www.fcbarcelonanoticias.com\\\/en\\\/fc-barcelona\\\/the-9-fc-barcelona-players-who-were-called-up-by-their-national-teams-during-the-september-break_306978_102.html\"},\"wordCount\":472,\"image\":{\"@id\":\"https:\\\/\\\/www.fcbarcelonanoticias.com\\\/en\\\/fc-barcelona\\\/the-9-fc-barcelona-players-who-were-called-up-by-their-national-teams-during-the-september-break_306978_102.html#primaryimage\"},\"thumbnailUrl\":\"https:\\\/\\\/www.fcbarcelonanoticias.com\\\/en\\\/wp-content\\\/uploads\\\/sites\\\/2\\\/2024\\\/09\\\/ferran-torres-fermin-y-lamine-yamal-en-un-partido-del-fc-barcelona-scaled.jpeg\",\"keywords\":[\"FC Barcelona Squad Lists\",\"National Teams\",\"UEFA Nations League\"],\"articleSection\":[\"FC Barcelona\"],\"inLanguage\":\"en-US\"},{\"@type\":\"WebPage\",\"@id\":\"https:\\\/\\\/www.fcbarcelonanoticias.com\\\/en\\\/fc-barcelona\\\/the-9-fc-barcelona-players-who-were-called-up-by-their-national-teams-during-the-september-break_306978_102.html\",\"url\":\"https:\\\/\\\/www.fcbarcelonanoticias.com\\\/en\\\/fc-barcelona\\\/the-9-fc-barcelona-players-who-were-called-up-by-their-national-teams-during-the-september-break_306978_102.html\",\"name\":\"The 9 FC Barcelona players who were called up by their national teams during the September break\",\"isPartOf\":{\"@id\":\"https:\\\/\\\/www.fcbarcelonanoticias.com\\\/en\\\/#website\"},\"primaryImageOfPage\":{\"@id\":\"https:\\\/\\\/www.fcbarcelonanoticias.com\\\/en\\\/fc-barcelona\\\/the-9-fc-barcelona-players-who-were-called-up-by-their-national-teams-during-the-september-break_306978_102.html#primaryimage\"},\"image\":{\"@id\":\"https:\\\/\\\/www.fcbarcelonanoticias.com\\\/en\\\/fc-barcelona\\\/the-9-fc-barcelona-players-who-were-called-up-by-their-national-teams-during-the-september-break_306978_102.html#primaryimage\"},\"thumbnailUrl\":\"https:\\\/\\\/www.fcbarcelonanoticias.com\\\/en\\\/wp-content\\\/uploads\\\/sites\\\/2\\\/2024\\\/09\\\/ferran-torres-fermin-y-lamine-yamal-en-un-partido-del-fc-barcelona-scaled.jpeg\",\"datePublished\":\"2024-09-01T19:20:00+00:00\",\"dateModified\":\"2024-09-03T17:14:00+00:00\",\"author\":{\"@id\":\"https:\\\/\\\/www.fcbarcelonanoticias.com\\\/en\\\/#\\\/schema\\\/person\\\/5dc3a41c52ab542cf24a2fbe3489c561\"},\"description\":\"FC Barcelona and Hansi Flick already know who the 9 players are that they will have to loan to four European teams for the next international matches, including the first rounds of the UEFA Nations League\",\"breadcrumb\":{\"@id\":\"https:\\\/\\\/www.fcbarcelonanoticias.com\\\/en\\\/fc-barcelona\\\/the-9-fc-barcelona-players-who-were-called-up-by-their-national-teams-during-the-september-break_306978_102.html#breadcrumb\"},\"inLanguage\":\"en-US\",\"potentialAction\":[{\"@type\":\"ReadAction\",\"target\":[\"https:\\\/\\\/www.fcbarcelonanoticias.com\\\/en\\\/fc-barcelona\\\/the-9-fc-barcelona-players-who-were-called-up-by-their-national-teams-during-the-september-break_306978_102.html\"]}]},{\"@type\":\"ImageObject\",\"inLanguage\":\"en-US\",\"@id\":\"https:\\\/\\\/www.fcbarcelonanoticias.com\\\/en\\\/fc-barcelona\\\/the-9-fc-barcelona-players-who-were-called-up-by-their-national-teams-during-the-september-break_306978_102.html#primaryimage\",\"url\":\"https:\\\/\\\/www.fcbarcelonanoticias.com\\\/en\\\/wp-content\\\/uploads\\\/sites\\\/2\\\/2024\\\/09\\\/ferran-torres-fermin-y-lamine-yamal-en-un-partido-del-fc-barcelona-scaled.jpeg\",\"contentUrl\":\"https:\\\/\\\/www.fcbarcelonanoticias.com\\\/en\\\/wp-content\\\/uploads\\\/sites\\\/2\\\/2024\\\/09\\\/ferran-torres-fermin-y-lamine-yamal-en-un-partido-del-fc-barcelona-scaled.jpeg\",\"width\":2560,\"height\":1442},{\"@type\":\"BreadcrumbList\",\"@id\":\"https:\\\/\\\/www.fcbarcelonanoticias.com\\\/en\\\/fc-barcelona\\\/the-9-fc-barcelona-players-who-were-called-up-by-their-national-teams-during-the-september-break_306978_102.html#breadcrumb\",\"itemListElement\":[{\"@type\":\"ListItem\",\"position\":1,\"name\":\"Portada\",\"item\":\"https:\\\/\\\/www.fcbarcelonanoticias.com\\\/en\\\/\"},{\"@type\":\"ListItem\",\"position\":2,\"name\":\"The 9 FC Barcelona players who were called up by their national teams during the September break\"}]},{\"@type\":\"WebSite\",\"@id\":\"https:\\\/\\\/www.fcbarcelonanoticias.com\\\/en\\\/#website\",\"url\":\"https:\\\/\\\/www.fcbarcelonanoticias.com\\\/en\\\/\",\"name\":\"EN - FC Barcelona Noticias\",\"description\":\"\",\"potentialAction\":[{\"@type\":\"SearchAction\",\"target\":{\"@type\":\"EntryPoint\",\"urlTemplate\":\"https:\\\/\\\/www.fcbarcelonanoticias.com\\\/en\\\/?s={search_term_string}\"},\"query-input\":{\"@type\":\"PropertyValueSpecification\",\"valueRequired\":true,\"valueName\":\"search_term_string\"}}],\"inLanguage\":\"en-US\"},{\"@type\":\"Person\",\"@id\":\"https:\\\/\\\/www.fcbarcelonanoticias.com\\\/en\\\/#\\\/schema\\\/person\\\/5dc3a41c52ab542cf24a2fbe3489c561\",\"name\":\"Erika Moya\",\"image\":{\"@type\":\"ImageObject\",\"inLanguage\":\"en-US\",\"@id\":\"https:\\\/\\\/secure.gravatar.com\\\/avatar\\\/?s=96&d=mm&r=g\",\"url\":\"https:\\\/\\\/secure.gravatar.com\\\/avatar\\\/?s=96&d=mm&r=g\",\"contentUrl\":\"https:\\\/\\\/secure.gravatar.com\\\/avatar\\\/?s=96&d=mm&r=g\",\"caption\":\"Erika Moya\"},\"description\":\"Erika est\u00e1 estudiando Periodismo y llega a FCBN con el objetivo de cubrir la actualidad del F\u00fatbol Femenino, con especial cari\u00f1o\u00a0a todo lo que rodea al Bar\u00e7a Femenino. Apasionada del deporte, combina su formaci\u00f3n acad\u00e9mica con su labor divulgativa.\",\"url\":\"https:\\\/\\\/www.fcbarcelonanoticias.com\\\/en\\\/fc-barcelona\\\/erika-moya_29_115.html\"}]}<\/script>\n<!-- \/ Yoast SEO plugin. -->","yoast_head_json":{"title":"The 9 FC Barcelona players who were called up by their national teams during the September break","description":"FC Barcelona and Hansi Flick already know who the 9 players are that they will have to loan to four European teams for the next international matches, including the first rounds of the UEFA Nations League","robots":{"index":"index","follow":"follow","max-snippet":"max-snippet:-1","max-image-preview":"max-image-preview:large","max-video-preview":"max-video-preview:-1"},"canonical":"https:\/\/www.fcbarcelonanoticias.com\/en\/fc-barcelona\/the-9-fc-barcelona-players-who-were-called-up-by-their-national-teams-during-the-september-break_306978_102.html","og_locale":"en_US","og_type":"article","og_title":"The 9 FC Barcelona players who were called up by their national teams during the September break","og_description":"FC Barcelona and Hansi Flick already know who the 9 players are that they will have to loan to four European teams for the next international matches, including the first rounds of the UEFA Nations League","og_url":"https:\/\/www.fcbarcelonanoticias.com\/en\/fc-barcelona\/the-9-fc-barcelona-players-who-were-called-up-by-their-national-teams-during-the-september-break_306978_102.html","og_site_name":"EN - FC Barcelona Noticias","article_published_time":"2024-09-01T19:20:00+00:00","article_modified_time":"2024-09-03T17:14:00+00:00","og_image":[{"width":2560,"height":1442,"url":"https:\/\/www.fcbarcelonanoticias.com\/en\/wp-content\/uploads\/sites\/2\/2024\/09\/ferran-torres-fermin-y-lamine-yamal-en-un-partido-del-fc-barcelona-scaled.jpeg","type":"image\/jpeg"}],"author":"Erika Moya","twitter_card":"summary_large_image","twitter_misc":{"Written by":"Erika Moya","Est. reading time":"2 minutes"},"schema":{"@context":"https:\/\/schema.org","@graph":[{"@type":"Article","@id":"https:\/\/www.fcbarcelonanoticias.com\/en\/fc-barcelona\/the-9-fc-barcelona-players-who-were-called-up-by-their-national-teams-during-the-september-break_306978_102.html#article","isPartOf":{"@id":"https:\/\/www.fcbarcelonanoticias.com\/en\/fc-barcelona\/the-9-fc-barcelona-players-who-were-called-up-by-their-national-teams-during-the-september-break_306978_102.html"},"author":{"name":"Erika Moya","@id":"https:\/\/www.fcbarcelonanoticias.com\/en\/#\/schema\/person\/5dc3a41c52ab542cf24a2fbe3489c561"},"headline":"The 9 FC Barcelona players who were called up by their national teams during the September break","datePublished":"2024-09-01T19:20:00+00:00","dateModified":"2024-09-03T17:14:00+00:00","mainEntityOfPage":{"@id":"https:\/\/www.fcbarcelonanoticias.com\/en\/fc-barcelona\/the-9-fc-barcelona-players-who-were-called-up-by-their-national-teams-during-the-september-break_306978_102.html"},"wordCount":472,"image":{"@id":"https:\/\/www.fcbarcelonanoticias.com\/en\/fc-barcelona\/the-9-fc-barcelona-players-who-were-called-up-by-their-national-teams-during-the-september-break_306978_102.html#primaryimage"},"thumbnailUrl":"https:\/\/www.fcbarcelonanoticias.com\/en\/wp-content\/uploads\/sites\/2\/2024\/09\/ferran-torres-fermin-y-lamine-yamal-en-un-partido-del-fc-barcelona-scaled.jpeg","keywords":["FC Barcelona Squad Lists","National Teams","UEFA Nations League"],"articleSection":["FC Barcelona"],"inLanguage":"en-US"},{"@type":"WebPage","@id":"https:\/\/www.fcbarcelonanoticias.com\/en\/fc-barcelona\/the-9-fc-barcelona-players-who-were-called-up-by-their-national-teams-during-the-september-break_306978_102.html","url":"https:\/\/www.fcbarcelonanoticias.com\/en\/fc-barcelona\/the-9-fc-barcelona-players-who-were-called-up-by-their-national-teams-during-the-september-break_306978_102.html","name":"The 9 FC Barcelona players who were called up by their national teams during the September break","isPartOf":{"@id":"https:\/\/www.fcbarcelonanoticias.com\/en\/#website"},"primaryImageOfPage":{"@id":"https:\/\/www.fcbarcelonanoticias.com\/en\/fc-barcelona\/the-9-fc-barcelona-players-who-were-called-up-by-their-national-teams-during-the-september-break_306978_102.html#primaryimage"},"image":{"@id":"https:\/\/www.fcbarcelonanoticias.com\/en\/fc-barcelona\/the-9-fc-barcelona-players-who-were-called-up-by-their-national-teams-during-the-september-break_306978_102.html#primaryimage"},"thumbnailUrl":"https:\/\/www.fcbarcelonanoticias.com\/en\/wp-content\/uploads\/sites\/2\/2024\/09\/ferran-torres-fermin-y-lamine-yamal-en-un-partido-del-fc-barcelona-scaled.jpeg","datePublished":"2024-09-01T19:20:00+00:00","dateModified":"2024-09-03T17:14:00+00:00","author":{"@id":"https:\/\/www.fcbarcelonanoticias.com\/en\/#\/schema\/person\/5dc3a41c52ab542cf24a2fbe3489c561"},"description":"FC Barcelona and Hansi Flick already know who the 9 players are that they will have to loan to four European teams for the next international matches, including the first rounds of the UEFA Nations League","breadcrumb":{"@id":"https:\/\/www.fcbarcelonanoticias.com\/en\/fc-barcelona\/the-9-fc-barcelona-players-who-were-called-up-by-their-national-teams-during-the-september-break_306978_102.html#breadcrumb"},"inLanguage":"en-US","potentialAction":[{"@type":"ReadAction","target":["https:\/\/www.fcbarcelonanoticias.com\/en\/fc-barcelona\/the-9-fc-barcelona-players-who-were-called-up-by-their-national-teams-during-the-september-break_306978_102.html"]}]},{"@type":"ImageObject","inLanguage":"en-US","@id":"https:\/\/www.fcbarcelonanoticias.com\/en\/fc-barcelona\/the-9-fc-barcelona-players-who-were-called-up-by-their-national-teams-during-the-september-break_306978_102.html#primaryimage","url":"https:\/\/www.fcbarcelonanoticias.com\/en\/wp-content\/uploads\/sites\/2\/2024\/09\/ferran-torres-fermin-y-lamine-yamal-en-un-partido-del-fc-barcelona-scaled.jpeg","contentUrl":"https:\/\/www.fcbarcelonanoticias.com\/en\/wp-content\/uploads\/sites\/2\/2024\/09\/ferran-torres-fermin-y-lamine-yamal-en-un-partido-del-fc-barcelona-scaled.jpeg","width":2560,"height":1442},{"@type":"BreadcrumbList","@id":"https:\/\/www.fcbarcelonanoticias.com\/en\/fc-barcelona\/the-9-fc-barcelona-players-who-were-called-up-by-their-national-teams-during-the-september-break_306978_102.html#breadcrumb","itemListElement":[{"@type":"ListItem","position":1,"name":"Portada","item":"https:\/\/www.fcbarcelonanoticias.com\/en\/"},{"@type":"ListItem","position":2,"name":"The 9 FC Barcelona players who were called up by their national teams during the September break"}]},{"@type":"WebSite","@id":"https:\/\/www.fcbarcelonanoticias.com\/en\/#website","url":"https:\/\/www.fcbarcelonanoticias.com\/en\/","name":"EN - FC Barcelona Noticias","description":"","potentialAction":[{"@type":"SearchAction","target":{"@type":"EntryPoint","urlTemplate":"https:\/\/www.fcbarcelonanoticias.com\/en\/?s={search_term_string}"},"query-input":{"@type":"PropertyValueSpecification","valueRequired":true,"valueName":"search_term_string"}}],"inLanguage":"en-US"},{"@type":"Person","@id":"https:\/\/www.fcbarcelonanoticias.com\/en\/#\/schema\/person\/5dc3a41c52ab542cf24a2fbe3489c561","name":"Erika Moya","image":{"@type":"ImageObject","inLanguage":"en-US","@id":"https:\/\/secure.gravatar.com\/avatar\/?s=96&d=mm&r=g","url":"https:\/\/secure.gravatar.com\/avatar\/?s=96&d=mm&r=g","contentUrl":"https:\/\/secure.gravatar.com\/avatar\/?s=96&d=mm&r=g","caption":"Erika Moya"},"description":"Erika est\u00e1 estudiando Periodismo y llega a FCBN con el objetivo de cubrir la actualidad del F\u00fatbol Femenino, con especial cari\u00f1o\u00a0a todo lo que rodea al Bar\u00e7a Femenino. Apasionada del deporte, combina su formaci\u00f3n acad\u00e9mica con su labor divulgativa.","url":"https:\/\/www.fcbarcelonanoticias.com\/en\/fc-barcelona\/erika-moya_29_115.html"}]}},"_links":{"self":[{"href":"https:\/\/www.fcbarcelonanoticias.com\/en\/wp-json\/wp\/v2\/posts\/28284","targetHints":{"allow":["GET"]}}],"collection":[{"href":"https:\/\/www.fcbarcelonanoticias.com\/en\/wp-json\/wp\/v2\/posts"}],"about":[{"href":"https:\/\/www.fcbarcelonanoticias.com\/en\/wp-json\/wp\/v2\/types\/post"}],"author":[{"embeddable":true,"href":"https:\/\/www.fcbarcelonanoticias.com\/en\/wp-json\/wp\/v2\/users\/357"}],"replies":[{"embeddable":true,"href":"https:\/\/www.fcbarcelonanoticias.com\/en\/wp-json\/wp\/v2\/comments?post=28284"}],"version-history":[{"count":1,"href":"https:\/\/www.fcbarcelonanoticias.com\/en\/wp-json\/wp\/v2\/posts\/28284\/revisions"}],"predecessor-version":[{"id":109939,"href":"https:\/\/www.fcbarcelonanoticias.com\/en\/wp-json\/wp\/v2\/posts\/28284\/revisions\/109939"}],"wp:featuredmedia":[{"embeddable":true,"href":"https:\/\/www.fcbarcelonanoticias.com\/en\/wp-json\/wp\/v2\/media\/28285"}],"wp:attachment":[{"href":"https:\/\/www.fcbarcelonanoticias.com\/en\/wp-json\/wp\/v2\/media?parent=28284"}],"wp:term":[{"taxonomy":"category","embeddable":true,"href":"https:\/\/www.fcbarcelonanoticias.com\/en\/wp-json\/wp\/v2\/categories?post=28284"},{"taxonomy":"post_tag","embeddable":true,"href":"https:\/\/www.fcbarcelonanoticias.com\/en\/wp-json\/wp\/v2\/tags?post=28284"}],"curies":[{"name":"wp","href":"https:\/\/api.w.org\/{rel}","templated":true}]}}