{"id":28346,"date":"2024-07-03T14:15:00","date_gmt":"2024-07-03T12:15:00","guid":{"rendered":"https:\/\/weisetech.dev\/fc-barcelona-noticias\/en\/the-answer-of-joao-felix-that-evidence-the-break-of-his-relation-with-griezmann-and-the-athletic_305090_102\/"},"modified":"2024-07-03T14:16:00","modified_gmt":"2024-07-03T12:16:00","slug":"the-answer-of-joao-felix-that-evidence-the-break-of-his-relation-with-griezmann-and-the-athletic_305090_102","status":"publish","type":"post","link":"https:\/\/www.fcbarcelonanoticias.com\/en\/fc-barcelona\/the-answer-of-joao-felix-that-evidence-the-break-of-his-relation-with-griezmann-and-the-athletic_305090_102.html","title":{"rendered":"Joao F\u00e9lix&#8217;s response that shows the &#8216;break&#8217; of his relationship with Griezmann and Atl\u00e9tico"},"content":{"rendered":"<h2 class=\"wp-block-heading\">Joao F\u00e9lix carried out a questionnaire whose answers will not go unnoticed. In addition to leaving several &#8216;winks&#8217; to Bar\u00e7a, the Portuguese &#8216;moved on&#8217; from his former teammate Antoine Griezmann, with whom he maintains a distant relationship<\/h2>  \r\n<div class=\"article-addons\">\r\n    <a href=\"https:\/\/www.fcbarcelonanoticias.com\/en\/calendar-fc-barcelona.html\"\r\n       target=\"_self\"\r\n       title=\"Calendar of FC Barcelona\"\r\n       class=\"blue-gredient-btn\">\r\n       \r\n        Calendar of FC Barcelona    <\/a>\r\n<\/div>   <p>The relation of <a data-external=\"0\" data-intl-links-en=\"https:\/\/www.fcbarcelonanoticias.com\/en\/tags\/joao-felix\" data-intl-links-es=\"https:\/\/www.fcbarcelonanoticias.com\/tags\/joao-felix\" href=\"https:\/\/www.fcbarcelonanoticias.com\/en\/tags\/joao-felix.html\" rel=\"follow\" target=\"_self\" title=\"Joao F\u00e9lix\">Joao F\u00e9lix<\/a> with <a data-external=\"0\" data-intl-links-en=\"https:\/\/www.fcbarcelonanoticias.com\/en\/tags\/atletico-de-madrid\" data-intl-links-es=\"https:\/\/www.fcbarcelonanoticias.com\/tags\/atletico-de-madrid\" href=\"https:\/\/www.fcbarcelonanoticias.com\/en\/tags\/atletico-de-madrid.html\" rel=\"follow\" target=\"_self\" title=\"Atl\u00e9tico de Madrid\">the Athletic of Madrid<\/a> seems &#8216;break&#8217; increasingly. The Portuguese did not go out of the C\u00edvitas Metropolitan in the best terms and like this leaves it see when has the opportunity. For example, it does some months confessed that the goal that more had thrilled him dressing the Barcelona T-shirt was the one who marked in front of the cochoneros in Montju\u00efc,<strong> and now has done a &#8216;desplante&#8217; to Griezmann that has not happened unobserved<\/strong>.<\/p>  <p><strong>The attacker subjected to a test where went him comparing to different players and he had to decide to which of the two chose <\/strong>. Between Buffon and Boxes, preferred to Buffon; between Nani and Figo, chose to Figo; Robben or Hazard? It remained with Hazard; between Van Persie or Rooney, chose to Van Persie; Modric or Sneijder? It chose to Modric; between Sergio Bouquets or Chiellini, remained with Bouquets. Likewise, between Cristiano Ronaldo and Torres chose to his current mate of Selection.<\/p>  <p>In the half,<strong> to the &#8216;Menino&#8217; gave him to choose between Thomas M\u00fcller and his ex mate in the Atleti, Antoine Griezmann. After meditarlo a while, the forward decanted by the German of the Bayern<\/strong>. An answer, what less, surprising, since in addition to sharing changing room, the French was the first in treating of arroparle and help him in his arrival to pertinent Madrid of the Benfica.<\/p>  <p>In spite of this,<strong> the relation between both footballers saw seriously deteriorated during the past summer, when the attitudes of Joao generated a big discontent in the changing room colchonero<\/strong> and that finished with his cession to the FC Barcelona. This Friday could see the faces again in the quarter-finals of the Eurocopa, when France and Portugal confront to define to one of the semifinalists of the tournament.<\/p>  <h2>&#8216;Winks&#8217; to the Bar\u00e7a<\/h2>  <p>In addition to the &#8216;ugly&#8217; made to Griezmann,<strong> Joao F\u00e9lix also left several &#8216;winks&#8217; to a series of legends of the Bar\u00e7a<\/strong>. For example, between Lewandowski and Ibrahimovic, chose to the Pole, with the one who shared changing room this last campaign. Besides, it chose to Xavi on Pirlo, to Henry in place of Of Piero, to Jordi Alba to the detriment of Lahm and to Iniesta on Zidane. A clear message of a footballer that could go back to dress the casaca blaugrana this season if the cul\u00e9s achieve to balance his accounts.<\/p> ","protected":false},"excerpt":{"rendered":"<p>Joao F\u00e9lix carried out a questionnaire whose answers will not go unnoticed. In addition to leaving several &#8216;winks&#8217; to Bar\u00e7a, the Portuguese &#8216;moved on&#8217; from his former teammate Antoine Griezmann, with whom he maintains a distant relationship The relation of Joao F\u00e9lix with the Athletic of Madrid seems &#8216;break&#8217; increasingly. The Portuguese did not go [&hellip;]<\/p>\n","protected":false},"author":358,"featured_media":28347,"comment_status":"closed","ping_status":"open","sticky":false,"template":"","format":"standard","meta":{"_acf_changed":false,"inline_featured_image":false,"_nextfly_llmd_date_locked":false,"footnotes":""},"categories":[111],"tags":[168,145,239,280,48],"class_list":["post-28346","post","type-post","status-publish","format-standard","has-post-thumbnail","hentry","category-fc-barcelona","tag-andres-iniesta","tag-griezmann","tag-joao-felix","tag-jordi-alba","tag-xavi-hernandez"],"acf":[],"yoast_head":"<!-- This site is optimized with the Yoast SEO plugin v27.3 - https:\/\/yoast.com\/product\/yoast-seo-wordpress\/ -->\n<title>The answer of Joao F\u00e9lix that evidence the &#039;break&#039; of his relation with Griezmann and the Athletic<\/title>\n<meta name=\"description\" content=\"Joao F\u00e9lix made a questionnaire whose answers will not happen unobserved. In addition to leaving several &#039;winks&#039; to the Bar\u00e7a, the Portuguese &#039;happened&#039; of his ex mate Antoine Griezmann, with the one who keeps a distant relation\" \/>\n<meta name=\"robots\" content=\"index, follow, max-snippet:-1, max-image-preview:large, max-video-preview:-1\" \/>\n<link rel=\"canonical\" href=\"https:\/\/www.fcbarcelonanoticias.com\/en\/fc-barcelona\/the-answer-of-joao-felix-that-evidence-the-break-of-his-relation-with-griezmann-and-the-athletic_305090_102.html\" \/>\n<meta property=\"og:locale\" content=\"en_US\" \/>\n<meta property=\"og:type\" content=\"article\" \/>\n<meta property=\"og:title\" content=\"The answer of Joao F\u00e9lix that evidence the &#039;break&#039; of his relation with Griezmann and the Athletic\" \/>\n<meta property=\"og:description\" content=\"Joao F\u00e9lix made a questionnaire whose answers will not happen unobserved. In addition to leaving several &#039;winks&#039; to the Bar\u00e7a, the Portuguese &#039;happened&#039; of his ex mate Antoine Griezmann, with the one who keeps a distant relation\" \/>\n<meta property=\"og:url\" content=\"https:\/\/www.fcbarcelonanoticias.com\/en\/fc-barcelona\/the-answer-of-joao-felix-that-evidence-the-break-of-his-relation-with-griezmann-and-the-athletic_305090_102.html\" \/>\n<meta property=\"og:site_name\" content=\"EN - FC Barcelona Noticias\" \/>\n<meta property=\"article:published_time\" content=\"2024-07-03T12:15:00+00:00\" \/>\n<meta property=\"article:modified_time\" content=\"2024-07-03T12:16:00+00:00\" \/>\n<meta property=\"og:image\" content=\"https:\/\/www.fcbarcelonanoticias.com\/en\/wp-content\/uploads\/sites\/2\/2024\/07\/joao-felix-y-antoine-griezmann-en-el-atletico-de-madrid.jpeg\" \/>\n\t<meta property=\"og:image:width\" content=\"1200\" \/>\n\t<meta property=\"og:image:height\" content=\"675\" \/>\n\t<meta property=\"og:image:type\" content=\"image\/jpeg\" \/>\n<meta name=\"author\" content=\"Juan Pablo Berdugo\" \/>\n<meta name=\"twitter:card\" content=\"summary_large_image\" \/>\n<meta name=\"twitter:label1\" content=\"Written by\" \/>\n\t<meta name=\"twitter:data1\" content=\"Juan Pablo Berdugo\" \/>\n\t<meta name=\"twitter:label2\" content=\"Est. reading time\" \/>\n\t<meta name=\"twitter:data2\" content=\"2 minutes\" \/>\n<script type=\"application\/ld+json\" class=\"yoast-schema-graph\">{\"@context\":\"https:\\\/\\\/schema.org\",\"@graph\":[{\"@type\":\"Article\",\"@id\":\"https:\\\/\\\/www.fcbarcelonanoticias.com\\\/en\\\/fc-barcelona\\\/the-answer-of-joao-felix-that-evidence-the-break-of-his-relation-with-griezmann-and-the-athletic_305090_102.html#article\",\"isPartOf\":{\"@id\":\"https:\\\/\\\/www.fcbarcelonanoticias.com\\\/en\\\/fc-barcelona\\\/the-answer-of-joao-felix-that-evidence-the-break-of-his-relation-with-griezmann-and-the-athletic_305090_102.html\"},\"author\":{\"name\":\"Juan Pablo Berdugo\",\"@id\":\"https:\\\/\\\/www.fcbarcelonanoticias.com\\\/en\\\/#\\\/schema\\\/person\\\/88d756918a0a1ae9fa593b5edddd1815\"},\"headline\":\"Joao F\u00e9lix&#8217;s response that shows the &#8216;break&#8217; of his relationship with Griezmann and Atl\u00e9tico\",\"datePublished\":\"2024-07-03T12:15:00+00:00\",\"dateModified\":\"2024-07-03T12:16:00+00:00\",\"mainEntityOfPage\":{\"@id\":\"https:\\\/\\\/www.fcbarcelonanoticias.com\\\/en\\\/fc-barcelona\\\/the-answer-of-joao-felix-that-evidence-the-break-of-his-relation-with-griezmann-and-the-athletic_305090_102.html\"},\"wordCount\":461,\"image\":{\"@id\":\"https:\\\/\\\/www.fcbarcelonanoticias.com\\\/en\\\/fc-barcelona\\\/the-answer-of-joao-felix-that-evidence-the-break-of-his-relation-with-griezmann-and-the-athletic_305090_102.html#primaryimage\"},\"thumbnailUrl\":\"https:\\\/\\\/www.fcbarcelonanoticias.com\\\/en\\\/wp-content\\\/uploads\\\/sites\\\/2\\\/2024\\\/07\\\/joao-felix-y-antoine-griezmann-en-el-atletico-de-madrid.jpeg\",\"keywords\":[\"Andr\u00e9s Iniesta\",\"Griezmann\",\"Joao F\u00e9lix\",\"Jordi Alba\",\"Xavi Hern\u00e1ndez\"],\"articleSection\":[\"FC Barcelona\"],\"inLanguage\":\"en-US\"},{\"@type\":\"WebPage\",\"@id\":\"https:\\\/\\\/www.fcbarcelonanoticias.com\\\/en\\\/fc-barcelona\\\/the-answer-of-joao-felix-that-evidence-the-break-of-his-relation-with-griezmann-and-the-athletic_305090_102.html\",\"url\":\"https:\\\/\\\/www.fcbarcelonanoticias.com\\\/en\\\/fc-barcelona\\\/the-answer-of-joao-felix-that-evidence-the-break-of-his-relation-with-griezmann-and-the-athletic_305090_102.html\",\"name\":\"The answer of Joao F\u00e9lix that evidence the 'break' of his relation with Griezmann and the Athletic\",\"isPartOf\":{\"@id\":\"https:\\\/\\\/www.fcbarcelonanoticias.com\\\/en\\\/#website\"},\"primaryImageOfPage\":{\"@id\":\"https:\\\/\\\/www.fcbarcelonanoticias.com\\\/en\\\/fc-barcelona\\\/the-answer-of-joao-felix-that-evidence-the-break-of-his-relation-with-griezmann-and-the-athletic_305090_102.html#primaryimage\"},\"image\":{\"@id\":\"https:\\\/\\\/www.fcbarcelonanoticias.com\\\/en\\\/fc-barcelona\\\/the-answer-of-joao-felix-that-evidence-the-break-of-his-relation-with-griezmann-and-the-athletic_305090_102.html#primaryimage\"},\"thumbnailUrl\":\"https:\\\/\\\/www.fcbarcelonanoticias.com\\\/en\\\/wp-content\\\/uploads\\\/sites\\\/2\\\/2024\\\/07\\\/joao-felix-y-antoine-griezmann-en-el-atletico-de-madrid.jpeg\",\"datePublished\":\"2024-07-03T12:15:00+00:00\",\"dateModified\":\"2024-07-03T12:16:00+00:00\",\"author\":{\"@id\":\"https:\\\/\\\/www.fcbarcelonanoticias.com\\\/en\\\/#\\\/schema\\\/person\\\/88d756918a0a1ae9fa593b5edddd1815\"},\"description\":\"Joao F\u00e9lix made a questionnaire whose answers will not happen unobserved. In addition to leaving several 'winks' to the Bar\u00e7a, the Portuguese 'happened' of his ex mate Antoine Griezmann, with the one who keeps a distant relation\",\"breadcrumb\":{\"@id\":\"https:\\\/\\\/www.fcbarcelonanoticias.com\\\/en\\\/fc-barcelona\\\/the-answer-of-joao-felix-that-evidence-the-break-of-his-relation-with-griezmann-and-the-athletic_305090_102.html#breadcrumb\"},\"inLanguage\":\"en-US\",\"potentialAction\":[{\"@type\":\"ReadAction\",\"target\":[\"https:\\\/\\\/www.fcbarcelonanoticias.com\\\/en\\\/fc-barcelona\\\/the-answer-of-joao-felix-that-evidence-the-break-of-his-relation-with-griezmann-and-the-athletic_305090_102.html\"]}]},{\"@type\":\"ImageObject\",\"inLanguage\":\"en-US\",\"@id\":\"https:\\\/\\\/www.fcbarcelonanoticias.com\\\/en\\\/fc-barcelona\\\/the-answer-of-joao-felix-that-evidence-the-break-of-his-relation-with-griezmann-and-the-athletic_305090_102.html#primaryimage\",\"url\":\"https:\\\/\\\/www.fcbarcelonanoticias.com\\\/en\\\/wp-content\\\/uploads\\\/sites\\\/2\\\/2024\\\/07\\\/joao-felix-y-antoine-griezmann-en-el-atletico-de-madrid.jpeg\",\"contentUrl\":\"https:\\\/\\\/www.fcbarcelonanoticias.com\\\/en\\\/wp-content\\\/uploads\\\/sites\\\/2\\\/2024\\\/07\\\/joao-felix-y-antoine-griezmann-en-el-atletico-de-madrid.jpeg\",\"width\":1200,\"height\":675},{\"@type\":\"BreadcrumbList\",\"@id\":\"https:\\\/\\\/www.fcbarcelonanoticias.com\\\/en\\\/fc-barcelona\\\/the-answer-of-joao-felix-that-evidence-the-break-of-his-relation-with-griezmann-and-the-athletic_305090_102.html#breadcrumb\",\"itemListElement\":[{\"@type\":\"ListItem\",\"position\":1,\"name\":\"Portada\",\"item\":\"https:\\\/\\\/www.fcbarcelonanoticias.com\\\/en\\\/\"},{\"@type\":\"ListItem\",\"position\":2,\"name\":\"Joao F\u00e9lix&#8217;s response that shows the &#8216;break&#8217; of his relationship with Griezmann and Atl\u00e9tico\"}]},{\"@type\":\"WebSite\",\"@id\":\"https:\\\/\\\/www.fcbarcelonanoticias.com\\\/en\\\/#website\",\"url\":\"https:\\\/\\\/www.fcbarcelonanoticias.com\\\/en\\\/\",\"name\":\"EN - FC Barcelona Noticias\",\"description\":\"\",\"potentialAction\":[{\"@type\":\"SearchAction\",\"target\":{\"@type\":\"EntryPoint\",\"urlTemplate\":\"https:\\\/\\\/www.fcbarcelonanoticias.com\\\/en\\\/?s={search_term_string}\"},\"query-input\":{\"@type\":\"PropertyValueSpecification\",\"valueRequired\":true,\"valueName\":\"search_term_string\"}}],\"inLanguage\":\"en-US\"},{\"@type\":\"Person\",\"@id\":\"https:\\\/\\\/www.fcbarcelonanoticias.com\\\/en\\\/#\\\/schema\\\/person\\\/88d756918a0a1ae9fa593b5edddd1815\",\"name\":\"Juan Pablo Berdugo\",\"image\":{\"@type\":\"ImageObject\",\"inLanguage\":\"en-US\",\"@id\":\"https:\\\/\\\/secure.gravatar.com\\\/avatar\\\/?s=96&d=mm&r=g\",\"url\":\"https:\\\/\\\/secure.gravatar.com\\\/avatar\\\/?s=96&d=mm&r=g\",\"contentUrl\":\"https:\\\/\\\/secure.gravatar.com\\\/avatar\\\/?s=96&d=mm&r=g\",\"caption\":\"Juan Pablo Berdugo\"},\"description\":\"Juan Pablo Berdugo es graduado en Periodismo. Colabora con FCBN como especialista en informaci\u00f3n del primer equipo del FC Barcelona, f\u00fatbol internacional y mercado de fichajes. Destaca por su enfoque anal\u00edtico, su rigor informativo y su capacidad para detectar tendencias emergentes en el f\u00fatbol global.\",\"url\":\"https:\\\/\\\/www.fcbarcelonanoticias.com\\\/en\\\/fc-barcelona\\\/juan-pablo-berdugo_18_115.html\"}]}<\/script>\n<!-- \/ Yoast SEO plugin. -->","yoast_head_json":{"title":"The answer of Joao F\u00e9lix that evidence the 'break' of his relation with Griezmann and the Athletic","description":"Joao F\u00e9lix made a questionnaire whose answers will not happen unobserved. In addition to leaving several 'winks' to the Bar\u00e7a, the Portuguese 'happened' of his ex mate Antoine Griezmann, with the one who keeps a distant relation","robots":{"index":"index","follow":"follow","max-snippet":"max-snippet:-1","max-image-preview":"max-image-preview:large","max-video-preview":"max-video-preview:-1"},"canonical":"https:\/\/www.fcbarcelonanoticias.com\/en\/fc-barcelona\/the-answer-of-joao-felix-that-evidence-the-break-of-his-relation-with-griezmann-and-the-athletic_305090_102.html","og_locale":"en_US","og_type":"article","og_title":"The answer of Joao F\u00e9lix that evidence the 'break' of his relation with Griezmann and the Athletic","og_description":"Joao F\u00e9lix made a questionnaire whose answers will not happen unobserved. In addition to leaving several 'winks' to the Bar\u00e7a, the Portuguese 'happened' of his ex mate Antoine Griezmann, with the one who keeps a distant relation","og_url":"https:\/\/www.fcbarcelonanoticias.com\/en\/fc-barcelona\/the-answer-of-joao-felix-that-evidence-the-break-of-his-relation-with-griezmann-and-the-athletic_305090_102.html","og_site_name":"EN - FC Barcelona Noticias","article_published_time":"2024-07-03T12:15:00+00:00","article_modified_time":"2024-07-03T12:16:00+00:00","og_image":[{"width":1200,"height":675,"url":"https:\/\/www.fcbarcelonanoticias.com\/en\/wp-content\/uploads\/sites\/2\/2024\/07\/joao-felix-y-antoine-griezmann-en-el-atletico-de-madrid.jpeg","type":"image\/jpeg"}],"author":"Juan Pablo Berdugo","twitter_card":"summary_large_image","twitter_misc":{"Written by":"Juan Pablo Berdugo","Est. reading time":"2 minutes"},"schema":{"@context":"https:\/\/schema.org","@graph":[{"@type":"Article","@id":"https:\/\/www.fcbarcelonanoticias.com\/en\/fc-barcelona\/the-answer-of-joao-felix-that-evidence-the-break-of-his-relation-with-griezmann-and-the-athletic_305090_102.html#article","isPartOf":{"@id":"https:\/\/www.fcbarcelonanoticias.com\/en\/fc-barcelona\/the-answer-of-joao-felix-that-evidence-the-break-of-his-relation-with-griezmann-and-the-athletic_305090_102.html"},"author":{"name":"Juan Pablo Berdugo","@id":"https:\/\/www.fcbarcelonanoticias.com\/en\/#\/schema\/person\/88d756918a0a1ae9fa593b5edddd1815"},"headline":"Joao F\u00e9lix&#8217;s response that shows the &#8216;break&#8217; of his relationship with Griezmann and Atl\u00e9tico","datePublished":"2024-07-03T12:15:00+00:00","dateModified":"2024-07-03T12:16:00+00:00","mainEntityOfPage":{"@id":"https:\/\/www.fcbarcelonanoticias.com\/en\/fc-barcelona\/the-answer-of-joao-felix-that-evidence-the-break-of-his-relation-with-griezmann-and-the-athletic_305090_102.html"},"wordCount":461,"image":{"@id":"https:\/\/www.fcbarcelonanoticias.com\/en\/fc-barcelona\/the-answer-of-joao-felix-that-evidence-the-break-of-his-relation-with-griezmann-and-the-athletic_305090_102.html#primaryimage"},"thumbnailUrl":"https:\/\/www.fcbarcelonanoticias.com\/en\/wp-content\/uploads\/sites\/2\/2024\/07\/joao-felix-y-antoine-griezmann-en-el-atletico-de-madrid.jpeg","keywords":["Andr\u00e9s Iniesta","Griezmann","Joao F\u00e9lix","Jordi Alba","Xavi Hern\u00e1ndez"],"articleSection":["FC Barcelona"],"inLanguage":"en-US"},{"@type":"WebPage","@id":"https:\/\/www.fcbarcelonanoticias.com\/en\/fc-barcelona\/the-answer-of-joao-felix-that-evidence-the-break-of-his-relation-with-griezmann-and-the-athletic_305090_102.html","url":"https:\/\/www.fcbarcelonanoticias.com\/en\/fc-barcelona\/the-answer-of-joao-felix-that-evidence-the-break-of-his-relation-with-griezmann-and-the-athletic_305090_102.html","name":"The answer of Joao F\u00e9lix that evidence the 'break' of his relation with Griezmann and the Athletic","isPartOf":{"@id":"https:\/\/www.fcbarcelonanoticias.com\/en\/#website"},"primaryImageOfPage":{"@id":"https:\/\/www.fcbarcelonanoticias.com\/en\/fc-barcelona\/the-answer-of-joao-felix-that-evidence-the-break-of-his-relation-with-griezmann-and-the-athletic_305090_102.html#primaryimage"},"image":{"@id":"https:\/\/www.fcbarcelonanoticias.com\/en\/fc-barcelona\/the-answer-of-joao-felix-that-evidence-the-break-of-his-relation-with-griezmann-and-the-athletic_305090_102.html#primaryimage"},"thumbnailUrl":"https:\/\/www.fcbarcelonanoticias.com\/en\/wp-content\/uploads\/sites\/2\/2024\/07\/joao-felix-y-antoine-griezmann-en-el-atletico-de-madrid.jpeg","datePublished":"2024-07-03T12:15:00+00:00","dateModified":"2024-07-03T12:16:00+00:00","author":{"@id":"https:\/\/www.fcbarcelonanoticias.com\/en\/#\/schema\/person\/88d756918a0a1ae9fa593b5edddd1815"},"description":"Joao F\u00e9lix made a questionnaire whose answers will not happen unobserved. In addition to leaving several 'winks' to the Bar\u00e7a, the Portuguese 'happened' of his ex mate Antoine Griezmann, with the one who keeps a distant relation","breadcrumb":{"@id":"https:\/\/www.fcbarcelonanoticias.com\/en\/fc-barcelona\/the-answer-of-joao-felix-that-evidence-the-break-of-his-relation-with-griezmann-and-the-athletic_305090_102.html#breadcrumb"},"inLanguage":"en-US","potentialAction":[{"@type":"ReadAction","target":["https:\/\/www.fcbarcelonanoticias.com\/en\/fc-barcelona\/the-answer-of-joao-felix-that-evidence-the-break-of-his-relation-with-griezmann-and-the-athletic_305090_102.html"]}]},{"@type":"ImageObject","inLanguage":"en-US","@id":"https:\/\/www.fcbarcelonanoticias.com\/en\/fc-barcelona\/the-answer-of-joao-felix-that-evidence-the-break-of-his-relation-with-griezmann-and-the-athletic_305090_102.html#primaryimage","url":"https:\/\/www.fcbarcelonanoticias.com\/en\/wp-content\/uploads\/sites\/2\/2024\/07\/joao-felix-y-antoine-griezmann-en-el-atletico-de-madrid.jpeg","contentUrl":"https:\/\/www.fcbarcelonanoticias.com\/en\/wp-content\/uploads\/sites\/2\/2024\/07\/joao-felix-y-antoine-griezmann-en-el-atletico-de-madrid.jpeg","width":1200,"height":675},{"@type":"BreadcrumbList","@id":"https:\/\/www.fcbarcelonanoticias.com\/en\/fc-barcelona\/the-answer-of-joao-felix-that-evidence-the-break-of-his-relation-with-griezmann-and-the-athletic_305090_102.html#breadcrumb","itemListElement":[{"@type":"ListItem","position":1,"name":"Portada","item":"https:\/\/www.fcbarcelonanoticias.com\/en\/"},{"@type":"ListItem","position":2,"name":"Joao F\u00e9lix&#8217;s response that shows the &#8216;break&#8217; of his relationship with Griezmann and Atl\u00e9tico"}]},{"@type":"WebSite","@id":"https:\/\/www.fcbarcelonanoticias.com\/en\/#website","url":"https:\/\/www.fcbarcelonanoticias.com\/en\/","name":"EN - FC Barcelona Noticias","description":"","potentialAction":[{"@type":"SearchAction","target":{"@type":"EntryPoint","urlTemplate":"https:\/\/www.fcbarcelonanoticias.com\/en\/?s={search_term_string}"},"query-input":{"@type":"PropertyValueSpecification","valueRequired":true,"valueName":"search_term_string"}}],"inLanguage":"en-US"},{"@type":"Person","@id":"https:\/\/www.fcbarcelonanoticias.com\/en\/#\/schema\/person\/88d756918a0a1ae9fa593b5edddd1815","name":"Juan Pablo Berdugo","image":{"@type":"ImageObject","inLanguage":"en-US","@id":"https:\/\/secure.gravatar.com\/avatar\/?s=96&d=mm&r=g","url":"https:\/\/secure.gravatar.com\/avatar\/?s=96&d=mm&r=g","contentUrl":"https:\/\/secure.gravatar.com\/avatar\/?s=96&d=mm&r=g","caption":"Juan Pablo Berdugo"},"description":"Juan Pablo Berdugo es graduado en Periodismo. Colabora con FCBN como especialista en informaci\u00f3n del primer equipo del FC Barcelona, f\u00fatbol internacional y mercado de fichajes. Destaca por su enfoque anal\u00edtico, su rigor informativo y su capacidad para detectar tendencias emergentes en el f\u00fatbol global.","url":"https:\/\/www.fcbarcelonanoticias.com\/en\/fc-barcelona\/juan-pablo-berdugo_18_115.html"}]}},"_links":{"self":[{"href":"https:\/\/www.fcbarcelonanoticias.com\/en\/wp-json\/wp\/v2\/posts\/28346","targetHints":{"allow":["GET"]}}],"collection":[{"href":"https:\/\/www.fcbarcelonanoticias.com\/en\/wp-json\/wp\/v2\/posts"}],"about":[{"href":"https:\/\/www.fcbarcelonanoticias.com\/en\/wp-json\/wp\/v2\/types\/post"}],"author":[{"embeddable":true,"href":"https:\/\/www.fcbarcelonanoticias.com\/en\/wp-json\/wp\/v2\/users\/358"}],"replies":[{"embeddable":true,"href":"https:\/\/www.fcbarcelonanoticias.com\/en\/wp-json\/wp\/v2\/comments?post=28346"}],"version-history":[{"count":1,"href":"https:\/\/www.fcbarcelonanoticias.com\/en\/wp-json\/wp\/v2\/posts\/28346\/revisions"}],"predecessor-version":[{"id":110079,"href":"https:\/\/www.fcbarcelonanoticias.com\/en\/wp-json\/wp\/v2\/posts\/28346\/revisions\/110079"}],"wp:featuredmedia":[{"embeddable":true,"href":"https:\/\/www.fcbarcelonanoticias.com\/en\/wp-json\/wp\/v2\/media\/28347"}],"wp:attachment":[{"href":"https:\/\/www.fcbarcelonanoticias.com\/en\/wp-json\/wp\/v2\/media?parent=28346"}],"wp:term":[{"taxonomy":"category","embeddable":true,"href":"https:\/\/www.fcbarcelonanoticias.com\/en\/wp-json\/wp\/v2\/categories?post=28346"},{"taxonomy":"post_tag","embeddable":true,"href":"https:\/\/www.fcbarcelonanoticias.com\/en\/wp-json\/wp\/v2\/tags?post=28346"}],"curies":[{"name":"wp","href":"https:\/\/api.w.org\/{rel}","templated":true}]}}