{"id":28471,"date":"2024-05-24T11:59:00","date_gmt":"2024-05-24T09:59:00","guid":{"rendered":"https:\/\/weisetech.dev\/fc-barcelona-noticias\/en\/the-audience-in-accordance-with-the-barca-it-remains-cancelled-the-crime-of-cohecho-in-the-case-nbsp-negreira_303806_102\/"},"modified":"2024-05-24T12:27:00","modified_gmt":"2024-05-24T10:27:00","slug":"the-audience-in-accordance-with-the-barca-it-remains-cancelled-the-crime-of-cohecho-in-the-case-nbsp-negreira_303806_102","status":"publish","type":"post","link":"https:\/\/www.fcbarcelonanoticias.com\/en\/fc-barcelona\/the-audience-in-accordance-with-the-barca-it-remains-cancelled-the-crime-of-cohecho-in-the-case-nbsp-negreira_303806_102.html","title":{"rendered":"The Audience, in agreement with Bar\u00e7a! The crime of bribery in the &#8216;Negreira case&#8217; is annulled"},"content":{"rendered":"<h2 class=\"wp-block-heading\">FC Barcelona has received the reason from the Court of the City of Barcelona after the elimination of the crime of bribery in the investigation of the &#8216;Negreira case&#8217; was announced.<\/h2>  \r\n<div class=\"article-addons\">\r\n    <a href=\"https:\/\/www.fcbarcelonanoticias.com\/en\/calendar-fc-barcelona.html\"\r\n       target=\"_self\"\r\n       title=\"Calendar of FC Barcelona\"\r\n       class=\"blue-gredient-btn\">\r\n       \r\n        Calendar of FC Barcelona    <\/a>\r\n<\/div>   <p>News very positive <a data-external=\"0\" data-intl-links-en=\"https:\/\/www.fcbarcelonanoticias.com\/en\/fc-barcelona\/victor-font-urges-to-joan-laporta-to-resign-like-president-nbsp-of-the-nbsp-barca_303776_102.html\" data-intl-links-es=\"https:\/\/www.fcbarcelonanoticias.com\/fc-barcelona\/victor-font-insta-joan-laporta-dimitir-como-presidente-del-fc-barcelona_303776_102.html\" href=\"https:\/\/www.fcbarcelonanoticias.com\/en\/fc-barcelona\/victor-font-urges-to-joan-laporta-to-resign-like-president-nbsp-of-the-nbsp-barca_303776_102.html\" rel=\"follow\" target=\"_self\" title=\"V\u00edctor Font insta a Joan Laporta a dimitir como presidente&nbsp;del&nbsp;FC Barcelona\">for the FC Barcelona<\/a> this Friday afterwards that <strong>the Audience of Barcelona announced the decision of the judge of the &#8216;case Negreira&#8217; to revoke a crime of cohecho to the club and to the directors investigated by the payments to the exvicepresidente of the Technical Committee of Referees (CTA).<\/strong> Like this it informs it &#8216;EFE&#8217;, signalling that the decision has been firm by part of the section 21\u00aa of the Audience.<\/p>  <p>Of this way, the Audience gives the reason to the Fiscal\u00eda Anticorrupci\u00f3n and to the defences and cancels the imputaci\u00f3n of cohecho in the case, which himself that follows keeping by the moment other crimes, between which finds the one of sportive corruption<strong>. The investigation will continue against the rest of investigated, between which find the ex Barcelona presidents, Josep Maria Bartomeu and Sandro Rosell.<\/strong><\/p>  <h2>The decision has showed that the ideal of the judge was not the most hit<\/h2>  <p>It fits to highlight that the judge argued in his moment, when attributing a crime of cohecho to the investigated, that the payments effected by the Catalan entity <strong>&#8220;produced the referee&#8217;s effects wished by the FC Barcelona, in such a way that it had to exist an inequality in the deal with other teams and the consequent corruption sist\u00e9mica in the group of the Spanish arbitration&#8221;, ensured.<\/strong><\/p>  <h2>Joan Laporta will keep out of the penal investigation<\/h2>  <p>Regarding the legal, the decision refuses that the club or Joan Laporta have committed a crime of cohecho in the &#8216;case Negreira&#8217; and causes of immediate way that <a data-external=\"0\" data-intl-links-en=\"https:\/\/www.fcbarcelonanoticias.com\/en\/club\/message-xavi-laporta-also-travel-seville-barca-this-sunday_303733_102.html\" data-intl-links-es=\"https:\/\/www.fcbarcelonanoticias.com\/club\/mensaje-xavi-laporta-tampoco-viajaria-sevilla-barca-este-domingo_303733_102.html\" href=\"https:\/\/www.fcbarcelonanoticias.com\/en\/club\/message-xavi-laporta-also-travel-seville-barca-this-sunday_303733_102.html\" rel=\"follow\" target=\"_self\" title=\"\u00bfMensaje para Xavi? Laporta tampoco viajar\u00eda al Sevilla-Bar\u00e7a este domingo\">the responsible maximum of the Barcelona club<\/a> leave to be investigated. <strong>Likewise, it withdraws this penal type, esgrimido by the judge Joaqu\u00edn Aguirre, when considering that the exvicepresidente of the referees had category of public civil servant when it earned 8 millions of the Bar\u00e7a during two decades in return of referee&#8217;s consultancys.<\/strong><\/p> ","protected":false},"excerpt":{"rendered":"<p>FC Barcelona has received the reason from the Court of the City of Barcelona after the elimination of the crime of bribery in the investigation of the &#8216;Negreira case&#8217; was announced. News very positive for the FC Barcelona this Friday afterwards that the Audience of Barcelona announced the decision of the judge of the &#8216;case [&hellip;]<\/p>\n","protected":false},"author":345,"featured_media":20326,"comment_status":"closed","ping_status":"open","sticky":false,"template":"","format":"standard","meta":{"_acf_changed":false,"inline_featured_image":false,"_nextfly_llmd_date_locked":false,"footnotes":""},"categories":[111],"tags":[270,158,333],"class_list":["post-28471","post","type-post","status-publish","format-standard","has-post-thumbnail","hentry","category-fc-barcelona","tag-case-negreira","tag-joan-laporta","tag-josep-maria-bartomeu"],"acf":[],"yoast_head":"<!-- This site is optimized with the Yoast SEO plugin v27.3 - https:\/\/yoast.com\/product\/yoast-seo-wordpress\/ -->\n<title>The Audience, in agreement with Bar\u00e7a! The crime of bribery in the &#039;Negreira case&#039; is annulled<\/title>\n<meta name=\"description\" content=\"FC Barcelona has received the reason from the Court of the City of Barcelona after the elimination of the crime of bribery in the investigation of the &#039;Negreira case&#039; was announced.\" \/>\n<meta name=\"robots\" content=\"index, follow, max-snippet:-1, max-image-preview:large, max-video-preview:-1\" \/>\n<link rel=\"canonical\" href=\"https:\/\/www.fcbarcelonanoticias.com\/en\/fc-barcelona\/the-audience-in-accordance-with-the-barca-it-remains-cancelled-the-crime-of-cohecho-in-the-case-nbsp-negreira_303806_102.html\" \/>\n<meta property=\"og:locale\" content=\"en_US\" \/>\n<meta property=\"og:type\" content=\"article\" \/>\n<meta property=\"og:title\" content=\"The Audience, in agreement with Bar\u00e7a! The crime of bribery in the &#039;Negreira case&#039; is annulled\" \/>\n<meta property=\"og:description\" content=\"FC Barcelona has received the reason from the Court of the City of Barcelona after the elimination of the crime of bribery in the investigation of the &#039;Negreira case&#039; was announced.\" \/>\n<meta property=\"og:url\" content=\"https:\/\/www.fcbarcelonanoticias.com\/en\/fc-barcelona\/the-audience-in-accordance-with-the-barca-it-remains-cancelled-the-crime-of-cohecho-in-the-case-nbsp-negreira_303806_102.html\" \/>\n<meta property=\"og:site_name\" content=\"EN - FC Barcelona Noticias\" \/>\n<meta property=\"article:published_time\" content=\"2024-05-24T09:59:00+00:00\" \/>\n<meta property=\"article:modified_time\" content=\"2024-05-24T10:27:00+00:00\" \/>\n<meta property=\"og:image\" content=\"https:\/\/www.fcbarcelonanoticias.com\/en\/wp-content\/uploads\/sites\/2\/2024\/01\/joan-laporta-con-uno-de-los-informes-del-caso-negreira.jpeg\" \/>\n\t<meta property=\"og:image:width\" content=\"1200\" \/>\n\t<meta property=\"og:image:height\" content=\"675\" \/>\n\t<meta property=\"og:image:type\" content=\"image\/jpeg\" \/>\n<meta name=\"author\" content=\"Carlos Montenegro\" \/>\n<meta name=\"twitter:card\" content=\"summary_large_image\" \/>\n<meta name=\"twitter:label1\" content=\"Written by\" \/>\n\t<meta name=\"twitter:data1\" content=\"Carlos Montenegro\" \/>\n\t<meta name=\"twitter:label2\" content=\"Est. reading time\" \/>\n\t<meta name=\"twitter:data2\" content=\"2 minutes\" \/>\n<script type=\"application\/ld+json\" class=\"yoast-schema-graph\">{\"@context\":\"https:\\\/\\\/schema.org\",\"@graph\":[{\"@type\":\"Article\",\"@id\":\"https:\\\/\\\/www.fcbarcelonanoticias.com\\\/en\\\/fc-barcelona\\\/the-audience-in-accordance-with-the-barca-it-remains-cancelled-the-crime-of-cohecho-in-the-case-nbsp-negreira_303806_102.html#article\",\"isPartOf\":{\"@id\":\"https:\\\/\\\/www.fcbarcelonanoticias.com\\\/en\\\/fc-barcelona\\\/the-audience-in-accordance-with-the-barca-it-remains-cancelled-the-crime-of-cohecho-in-the-case-nbsp-negreira_303806_102.html\"},\"author\":{\"name\":\"Carlos Montenegro\",\"@id\":\"https:\\\/\\\/www.fcbarcelonanoticias.com\\\/en\\\/#\\\/schema\\\/person\\\/aa1d038709c262cb247e240f6b39bbf5\"},\"headline\":\"The Audience, in agreement with Bar\u00e7a! The crime of bribery in the &#8216;Negreira case&#8217; is annulled\",\"datePublished\":\"2024-05-24T09:59:00+00:00\",\"dateModified\":\"2024-05-24T10:27:00+00:00\",\"mainEntityOfPage\":{\"@id\":\"https:\\\/\\\/www.fcbarcelonanoticias.com\\\/en\\\/fc-barcelona\\\/the-audience-in-accordance-with-the-barca-it-remains-cancelled-the-crime-of-cohecho-in-the-case-nbsp-negreira_303806_102.html\"},\"wordCount\":365,\"image\":{\"@id\":\"https:\\\/\\\/www.fcbarcelonanoticias.com\\\/en\\\/fc-barcelona\\\/the-audience-in-accordance-with-the-barca-it-remains-cancelled-the-crime-of-cohecho-in-the-case-nbsp-negreira_303806_102.html#primaryimage\"},\"thumbnailUrl\":\"https:\\\/\\\/www.fcbarcelonanoticias.com\\\/en\\\/wp-content\\\/uploads\\\/sites\\\/2\\\/2024\\\/01\\\/joan-laporta-con-uno-de-los-informes-del-caso-negreira.jpeg\",\"keywords\":[\"Case Negreira\",\"Joan Laporta\",\"Josep Maria Bartomeu\"],\"articleSection\":[\"FC Barcelona\"],\"inLanguage\":\"en-US\"},{\"@type\":\"WebPage\",\"@id\":\"https:\\\/\\\/www.fcbarcelonanoticias.com\\\/en\\\/fc-barcelona\\\/the-audience-in-accordance-with-the-barca-it-remains-cancelled-the-crime-of-cohecho-in-the-case-nbsp-negreira_303806_102.html\",\"url\":\"https:\\\/\\\/www.fcbarcelonanoticias.com\\\/en\\\/fc-barcelona\\\/the-audience-in-accordance-with-the-barca-it-remains-cancelled-the-crime-of-cohecho-in-the-case-nbsp-negreira_303806_102.html\",\"name\":\"The Audience, in agreement with Bar\u00e7a! The crime of bribery in the 'Negreira case' is annulled\",\"isPartOf\":{\"@id\":\"https:\\\/\\\/www.fcbarcelonanoticias.com\\\/en\\\/#website\"},\"primaryImageOfPage\":{\"@id\":\"https:\\\/\\\/www.fcbarcelonanoticias.com\\\/en\\\/fc-barcelona\\\/the-audience-in-accordance-with-the-barca-it-remains-cancelled-the-crime-of-cohecho-in-the-case-nbsp-negreira_303806_102.html#primaryimage\"},\"image\":{\"@id\":\"https:\\\/\\\/www.fcbarcelonanoticias.com\\\/en\\\/fc-barcelona\\\/the-audience-in-accordance-with-the-barca-it-remains-cancelled-the-crime-of-cohecho-in-the-case-nbsp-negreira_303806_102.html#primaryimage\"},\"thumbnailUrl\":\"https:\\\/\\\/www.fcbarcelonanoticias.com\\\/en\\\/wp-content\\\/uploads\\\/sites\\\/2\\\/2024\\\/01\\\/joan-laporta-con-uno-de-los-informes-del-caso-negreira.jpeg\",\"datePublished\":\"2024-05-24T09:59:00+00:00\",\"dateModified\":\"2024-05-24T10:27:00+00:00\",\"author\":{\"@id\":\"https:\\\/\\\/www.fcbarcelonanoticias.com\\\/en\\\/#\\\/schema\\\/person\\\/aa1d038709c262cb247e240f6b39bbf5\"},\"description\":\"FC Barcelona has received the reason from the Court of the City of Barcelona after the elimination of the crime of bribery in the investigation of the 'Negreira case' was announced.\",\"breadcrumb\":{\"@id\":\"https:\\\/\\\/www.fcbarcelonanoticias.com\\\/en\\\/fc-barcelona\\\/the-audience-in-accordance-with-the-barca-it-remains-cancelled-the-crime-of-cohecho-in-the-case-nbsp-negreira_303806_102.html#breadcrumb\"},\"inLanguage\":\"en-US\",\"potentialAction\":[{\"@type\":\"ReadAction\",\"target\":[\"https:\\\/\\\/www.fcbarcelonanoticias.com\\\/en\\\/fc-barcelona\\\/the-audience-in-accordance-with-the-barca-it-remains-cancelled-the-crime-of-cohecho-in-the-case-nbsp-negreira_303806_102.html\"]}]},{\"@type\":\"ImageObject\",\"inLanguage\":\"en-US\",\"@id\":\"https:\\\/\\\/www.fcbarcelonanoticias.com\\\/en\\\/fc-barcelona\\\/the-audience-in-accordance-with-the-barca-it-remains-cancelled-the-crime-of-cohecho-in-the-case-nbsp-negreira_303806_102.html#primaryimage\",\"url\":\"https:\\\/\\\/www.fcbarcelonanoticias.com\\\/en\\\/wp-content\\\/uploads\\\/sites\\\/2\\\/2024\\\/01\\\/joan-laporta-con-uno-de-los-informes-del-caso-negreira.jpeg\",\"contentUrl\":\"https:\\\/\\\/www.fcbarcelonanoticias.com\\\/en\\\/wp-content\\\/uploads\\\/sites\\\/2\\\/2024\\\/01\\\/joan-laporta-con-uno-de-los-informes-del-caso-negreira.jpeg\",\"width\":1200,\"height\":675},{\"@type\":\"BreadcrumbList\",\"@id\":\"https:\\\/\\\/www.fcbarcelonanoticias.com\\\/en\\\/fc-barcelona\\\/the-audience-in-accordance-with-the-barca-it-remains-cancelled-the-crime-of-cohecho-in-the-case-nbsp-negreira_303806_102.html#breadcrumb\",\"itemListElement\":[{\"@type\":\"ListItem\",\"position\":1,\"name\":\"Portada\",\"item\":\"https:\\\/\\\/www.fcbarcelonanoticias.com\\\/en\\\/\"},{\"@type\":\"ListItem\",\"position\":2,\"name\":\"The Audience, in agreement with Bar\u00e7a! The crime of bribery in the &#8216;Negreira case&#8217; is annulled\"}]},{\"@type\":\"WebSite\",\"@id\":\"https:\\\/\\\/www.fcbarcelonanoticias.com\\\/en\\\/#website\",\"url\":\"https:\\\/\\\/www.fcbarcelonanoticias.com\\\/en\\\/\",\"name\":\"EN - FC Barcelona Noticias\",\"description\":\"\",\"potentialAction\":[{\"@type\":\"SearchAction\",\"target\":{\"@type\":\"EntryPoint\",\"urlTemplate\":\"https:\\\/\\\/www.fcbarcelonanoticias.com\\\/en\\\/?s={search_term_string}\"},\"query-input\":{\"@type\":\"PropertyValueSpecification\",\"valueRequired\":true,\"valueName\":\"search_term_string\"}}],\"inLanguage\":\"en-US\"},{\"@type\":\"Person\",\"@id\":\"https:\\\/\\\/www.fcbarcelonanoticias.com\\\/en\\\/#\\\/schema\\\/person\\\/aa1d038709c262cb247e240f6b39bbf5\",\"name\":\"Carlos Montenegro\",\"image\":{\"@type\":\"ImageObject\",\"inLanguage\":\"en-US\",\"@id\":\"https:\\\/\\\/secure.gravatar.com\\\/avatar\\\/?s=96&d=mm&r=g\",\"url\":\"https:\\\/\\\/secure.gravatar.com\\\/avatar\\\/?s=96&d=mm&r=g\",\"contentUrl\":\"https:\\\/\\\/secure.gravatar.com\\\/avatar\\\/?s=96&d=mm&r=g\",\"caption\":\"Carlos Montenegro\"},\"url\":\"https:\\\/\\\/www.fcbarcelonanoticias.com\\\/en\\\/carlos-montenegro_20_115.html\"}]}<\/script>\n<!-- \/ Yoast SEO plugin. -->","yoast_head_json":{"title":"The Audience, in agreement with Bar\u00e7a! The crime of bribery in the 'Negreira case' is annulled","description":"FC Barcelona has received the reason from the Court of the City of Barcelona after the elimination of the crime of bribery in the investigation of the 'Negreira case' was announced.","robots":{"index":"index","follow":"follow","max-snippet":"max-snippet:-1","max-image-preview":"max-image-preview:large","max-video-preview":"max-video-preview:-1"},"canonical":"https:\/\/www.fcbarcelonanoticias.com\/en\/fc-barcelona\/the-audience-in-accordance-with-the-barca-it-remains-cancelled-the-crime-of-cohecho-in-the-case-nbsp-negreira_303806_102.html","og_locale":"en_US","og_type":"article","og_title":"The Audience, in agreement with Bar\u00e7a! The crime of bribery in the 'Negreira case' is annulled","og_description":"FC Barcelona has received the reason from the Court of the City of Barcelona after the elimination of the crime of bribery in the investigation of the 'Negreira case' was announced.","og_url":"https:\/\/www.fcbarcelonanoticias.com\/en\/fc-barcelona\/the-audience-in-accordance-with-the-barca-it-remains-cancelled-the-crime-of-cohecho-in-the-case-nbsp-negreira_303806_102.html","og_site_name":"EN - FC Barcelona Noticias","article_published_time":"2024-05-24T09:59:00+00:00","article_modified_time":"2024-05-24T10:27:00+00:00","og_image":[{"width":1200,"height":675,"url":"https:\/\/www.fcbarcelonanoticias.com\/en\/wp-content\/uploads\/sites\/2\/2024\/01\/joan-laporta-con-uno-de-los-informes-del-caso-negreira.jpeg","type":"image\/jpeg"}],"author":"Carlos Montenegro","twitter_card":"summary_large_image","twitter_misc":{"Written by":"Carlos Montenegro","Est. reading time":"2 minutes"},"schema":{"@context":"https:\/\/schema.org","@graph":[{"@type":"Article","@id":"https:\/\/www.fcbarcelonanoticias.com\/en\/fc-barcelona\/the-audience-in-accordance-with-the-barca-it-remains-cancelled-the-crime-of-cohecho-in-the-case-nbsp-negreira_303806_102.html#article","isPartOf":{"@id":"https:\/\/www.fcbarcelonanoticias.com\/en\/fc-barcelona\/the-audience-in-accordance-with-the-barca-it-remains-cancelled-the-crime-of-cohecho-in-the-case-nbsp-negreira_303806_102.html"},"author":{"name":"Carlos Montenegro","@id":"https:\/\/www.fcbarcelonanoticias.com\/en\/#\/schema\/person\/aa1d038709c262cb247e240f6b39bbf5"},"headline":"The Audience, in agreement with Bar\u00e7a! The crime of bribery in the &#8216;Negreira case&#8217; is annulled","datePublished":"2024-05-24T09:59:00+00:00","dateModified":"2024-05-24T10:27:00+00:00","mainEntityOfPage":{"@id":"https:\/\/www.fcbarcelonanoticias.com\/en\/fc-barcelona\/the-audience-in-accordance-with-the-barca-it-remains-cancelled-the-crime-of-cohecho-in-the-case-nbsp-negreira_303806_102.html"},"wordCount":365,"image":{"@id":"https:\/\/www.fcbarcelonanoticias.com\/en\/fc-barcelona\/the-audience-in-accordance-with-the-barca-it-remains-cancelled-the-crime-of-cohecho-in-the-case-nbsp-negreira_303806_102.html#primaryimage"},"thumbnailUrl":"https:\/\/www.fcbarcelonanoticias.com\/en\/wp-content\/uploads\/sites\/2\/2024\/01\/joan-laporta-con-uno-de-los-informes-del-caso-negreira.jpeg","keywords":["Case Negreira","Joan Laporta","Josep Maria Bartomeu"],"articleSection":["FC Barcelona"],"inLanguage":"en-US"},{"@type":"WebPage","@id":"https:\/\/www.fcbarcelonanoticias.com\/en\/fc-barcelona\/the-audience-in-accordance-with-the-barca-it-remains-cancelled-the-crime-of-cohecho-in-the-case-nbsp-negreira_303806_102.html","url":"https:\/\/www.fcbarcelonanoticias.com\/en\/fc-barcelona\/the-audience-in-accordance-with-the-barca-it-remains-cancelled-the-crime-of-cohecho-in-the-case-nbsp-negreira_303806_102.html","name":"The Audience, in agreement with Bar\u00e7a! The crime of bribery in the 'Negreira case' is annulled","isPartOf":{"@id":"https:\/\/www.fcbarcelonanoticias.com\/en\/#website"},"primaryImageOfPage":{"@id":"https:\/\/www.fcbarcelonanoticias.com\/en\/fc-barcelona\/the-audience-in-accordance-with-the-barca-it-remains-cancelled-the-crime-of-cohecho-in-the-case-nbsp-negreira_303806_102.html#primaryimage"},"image":{"@id":"https:\/\/www.fcbarcelonanoticias.com\/en\/fc-barcelona\/the-audience-in-accordance-with-the-barca-it-remains-cancelled-the-crime-of-cohecho-in-the-case-nbsp-negreira_303806_102.html#primaryimage"},"thumbnailUrl":"https:\/\/www.fcbarcelonanoticias.com\/en\/wp-content\/uploads\/sites\/2\/2024\/01\/joan-laporta-con-uno-de-los-informes-del-caso-negreira.jpeg","datePublished":"2024-05-24T09:59:00+00:00","dateModified":"2024-05-24T10:27:00+00:00","author":{"@id":"https:\/\/www.fcbarcelonanoticias.com\/en\/#\/schema\/person\/aa1d038709c262cb247e240f6b39bbf5"},"description":"FC Barcelona has received the reason from the Court of the City of Barcelona after the elimination of the crime of bribery in the investigation of the 'Negreira case' was announced.","breadcrumb":{"@id":"https:\/\/www.fcbarcelonanoticias.com\/en\/fc-barcelona\/the-audience-in-accordance-with-the-barca-it-remains-cancelled-the-crime-of-cohecho-in-the-case-nbsp-negreira_303806_102.html#breadcrumb"},"inLanguage":"en-US","potentialAction":[{"@type":"ReadAction","target":["https:\/\/www.fcbarcelonanoticias.com\/en\/fc-barcelona\/the-audience-in-accordance-with-the-barca-it-remains-cancelled-the-crime-of-cohecho-in-the-case-nbsp-negreira_303806_102.html"]}]},{"@type":"ImageObject","inLanguage":"en-US","@id":"https:\/\/www.fcbarcelonanoticias.com\/en\/fc-barcelona\/the-audience-in-accordance-with-the-barca-it-remains-cancelled-the-crime-of-cohecho-in-the-case-nbsp-negreira_303806_102.html#primaryimage","url":"https:\/\/www.fcbarcelonanoticias.com\/en\/wp-content\/uploads\/sites\/2\/2024\/01\/joan-laporta-con-uno-de-los-informes-del-caso-negreira.jpeg","contentUrl":"https:\/\/www.fcbarcelonanoticias.com\/en\/wp-content\/uploads\/sites\/2\/2024\/01\/joan-laporta-con-uno-de-los-informes-del-caso-negreira.jpeg","width":1200,"height":675},{"@type":"BreadcrumbList","@id":"https:\/\/www.fcbarcelonanoticias.com\/en\/fc-barcelona\/the-audience-in-accordance-with-the-barca-it-remains-cancelled-the-crime-of-cohecho-in-the-case-nbsp-negreira_303806_102.html#breadcrumb","itemListElement":[{"@type":"ListItem","position":1,"name":"Portada","item":"https:\/\/www.fcbarcelonanoticias.com\/en\/"},{"@type":"ListItem","position":2,"name":"The Audience, in agreement with Bar\u00e7a! The crime of bribery in the &#8216;Negreira case&#8217; is annulled"}]},{"@type":"WebSite","@id":"https:\/\/www.fcbarcelonanoticias.com\/en\/#website","url":"https:\/\/www.fcbarcelonanoticias.com\/en\/","name":"EN - FC Barcelona Noticias","description":"","potentialAction":[{"@type":"SearchAction","target":{"@type":"EntryPoint","urlTemplate":"https:\/\/www.fcbarcelonanoticias.com\/en\/?s={search_term_string}"},"query-input":{"@type":"PropertyValueSpecification","valueRequired":true,"valueName":"search_term_string"}}],"inLanguage":"en-US"},{"@type":"Person","@id":"https:\/\/www.fcbarcelonanoticias.com\/en\/#\/schema\/person\/aa1d038709c262cb247e240f6b39bbf5","name":"Carlos Montenegro","image":{"@type":"ImageObject","inLanguage":"en-US","@id":"https:\/\/secure.gravatar.com\/avatar\/?s=96&d=mm&r=g","url":"https:\/\/secure.gravatar.com\/avatar\/?s=96&d=mm&r=g","contentUrl":"https:\/\/secure.gravatar.com\/avatar\/?s=96&d=mm&r=g","caption":"Carlos Montenegro"},"url":"https:\/\/www.fcbarcelonanoticias.com\/en\/carlos-montenegro_20_115.html"}]}},"_links":{"self":[{"href":"https:\/\/www.fcbarcelonanoticias.com\/en\/wp-json\/wp\/v2\/posts\/28471","targetHints":{"allow":["GET"]}}],"collection":[{"href":"https:\/\/www.fcbarcelonanoticias.com\/en\/wp-json\/wp\/v2\/posts"}],"about":[{"href":"https:\/\/www.fcbarcelonanoticias.com\/en\/wp-json\/wp\/v2\/types\/post"}],"author":[{"embeddable":true,"href":"https:\/\/www.fcbarcelonanoticias.com\/en\/wp-json\/wp\/v2\/users\/345"}],"replies":[{"embeddable":true,"href":"https:\/\/www.fcbarcelonanoticias.com\/en\/wp-json\/wp\/v2\/comments?post=28471"}],"version-history":[{"count":1,"href":"https:\/\/www.fcbarcelonanoticias.com\/en\/wp-json\/wp\/v2\/posts\/28471\/revisions"}],"predecessor-version":[{"id":110248,"href":"https:\/\/www.fcbarcelonanoticias.com\/en\/wp-json\/wp\/v2\/posts\/28471\/revisions\/110248"}],"wp:featuredmedia":[{"embeddable":true,"href":"https:\/\/www.fcbarcelonanoticias.com\/en\/wp-json\/wp\/v2\/media\/20326"}],"wp:attachment":[{"href":"https:\/\/www.fcbarcelonanoticias.com\/en\/wp-json\/wp\/v2\/media?parent=28471"}],"wp:term":[{"taxonomy":"category","embeddable":true,"href":"https:\/\/www.fcbarcelonanoticias.com\/en\/wp-json\/wp\/v2\/categories?post=28471"},{"taxonomy":"post_tag","embeddable":true,"href":"https:\/\/www.fcbarcelonanoticias.com\/en\/wp-json\/wp\/v2\/tags?post=28471"}],"curies":[{"name":"wp","href":"https:\/\/api.w.org\/{rel}","templated":true}]}}