{"id":28763,"date":"2024-06-06T19:15:00","date_gmt":"2024-06-06T17:15:00","guid":{"rendered":"https:\/\/weisetech.dev\/fc-barcelona-noticias\/en\/the-barca-has-the-future-ensured-with-the-masia_304230_102\/"},"modified":"2024-06-07T03:56:00","modified_gmt":"2024-06-07T01:56:00","slug":"the-barca-has-the-future-ensured-with-the-masia_304230_102","status":"publish","type":"post","link":"https:\/\/www.fcbarcelonanoticias.com\/en\/fc-barcelona\/the-barca-has-the-future-ensured-with-the-masia_304230_102.html","title":{"rendered":"Bar\u00e7a has its future assured with La Masia"},"content":{"rendered":"<h2 class=\"wp-block-heading\">Bar\u00e7a&#8217;s future is well secured. Deco has been in charge of extending the contracts of Lamine Yamal, Pau Cubars\u00ed, Ferm\u00edn L\u00f3pez, H\u00e9ctor Fort and Marc Casad\u00f3 to avoid external threats and reinforce the project<\/h2>  \r\n<div class=\"article-addons\">\r\n    <a href=\"https:\/\/www.fcbarcelonanoticias.com\/en\/calendar-fc-barcelona.html\"\r\n       target=\"_self\"\r\n       title=\"Calendar of FC Barcelona\"\r\n       class=\"blue-gredient-btn\">\r\n       \r\n        Calendar of FC Barcelona    <\/a>\r\n<\/div>   <p>The future of the <a data-external=\"0\" data-intl-links-en=\"https:\/\/www.fcbarcelonanoticias.com\/en\/fc-barcelona\" data-intl-links-es=\"https:\/\/www.fcbarcelonanoticias.com\/fc-barcelona\" href=\"https:\/\/www.fcbarcelonanoticias.com\/en\/football-soccer\/fc-barcelona.html\" rel=\"follow\" target=\"_self\" title=\"FC Barcelona\">FC Barcelona<\/a> is more than promising thanks to the Masia. The club, of the hand of the sportive director of the entity Deco, have put like priority in his diary ensure the next years of the club with the big &#8216;jewels&#8217; of the filial blaugrana. Along the last months, <strong>the Portuguese director has put all his efforts in &#8216;armour&#8217; to the greater promises of the quarry<\/strong>, on those who will build the new project cul\u00e9. &#8220;It is a gift have to youngsters like Lamine, Cubars\u00ed and Ferm\u00edn&#8221;, ensured the ex player in April.<\/p>  <p>Of this way, all the parts involved have put &#8216;hands to the work&#8217; to renew the agreements of these &#8216;perlas&#8217;. The first in signing his extension was <a data-external=\"0\" data-intl-links-en=\"https:\/\/www.fcbarcelonanoticias.com\/en\/tags\/fermin-lopez\" data-intl-links-es=\"https:\/\/www.fcbarcelonanoticias.com\/tags\/fermin-lopez\" href=\"https:\/\/www.fcbarcelonanoticias.com\/en\/player\/fermin-lopez.html\" rel=\"follow\" target=\"_self\" title=\"Ferm\u00edn L\u00f3pez\">Ferm\u00edn L\u00f3pez<\/a>. On 29 August 2023, the canterano that had gone back to the club after making big season in the Linares in First RFEF,<strong> expanded an agreement that won in 2024 until 2027 after having stood out in the pre-season<\/strong>, debuting like goleador in front of the Real Madrid. His clause of rescission remained pactada in 400 million euros, but after an immense campaign under the orders of Xavi, the Bar\u00e7a understands that it is necessary to improve him in what it can those conditions of the past summer to the mediocentro, the one who on 11 May fulfilled grieve 21 years.<\/p>  <p>Months afterwards, Lamine Yamal stamped his signature in a new agreement. The player encaraba his last year of agreement when initiating the course 2023-2024, &#8216;lighting the alarms&#8217; in Can Bar\u00e7a. The big &#8216;jewel&#8217; of the quarry, historical title with hardly 16 years, <strong>expanded his bond with the club in October of 2023, with a clause of rescission of 1.000 million euros<\/strong>. The deal remained pactado two-phase, being the first the one who respects the valid rule with regard to the minors of age, by what agreed sign until 2026. Nevertheless, when the attacker fulfil 18 years, agreed with his agent Jorge Mendes a second enlargement by five years more, until 2031.<\/p>  <p>By his part, the past 9 May 2024, the club closed the enlargement of agreement until 2027 of the big disclosure of the season, Pau Cubars\u00ed. The central of 17 years made a campaign for the memory, consolidating as indisputable in the first team and achieving be international absolute with Spain, being summoned to the Euro 2024. <strong>His clause of rescission remained pactada in 500 million euros and, to the equal that Lamine, his bond would extend by more time when fulfilling the 18 years<\/strong>.<\/p>  <h2>Two new irruptions<\/h2>  <p>Likewise, the Bar\u00e7a has ensured to which expect that they are the two big irruptions of the new season. The first of them, H\u00e9ctor Fort, side of hardly 17 years that expanded his agreement this 28 May. <strong>The previous agreement expired in 2025, by what the Catalan entity renewed him until 2026<\/strong>. The club repeated the same formula that with Cubars\u00ed and Yamal, pactando with his agency the automatic extension of his bond until 2029 once fulfil the 18 years.<\/p>  <p>Finally, <strong>Marc Casad\u00f3 has signed until 2027, as they aim from &#8216;Sportive World&#8217;.<\/strong> The mediocampista of 20 years is the last bet of the blaugrana, that see in the captain of the filial the ideal relief for the position of the pivote. In the meantime, Deco and company are in conversations to extend the agreement of Marc Guiu, that has his 18 years already has annotated two goals in 7 parties with the first team.<\/p>  <p>&nbsp;<\/p>  <p>&nbsp;<\/p> ","protected":false},"excerpt":{"rendered":"<p>Bar\u00e7a&#8217;s future is well secured. Deco has been in charge of extending the contracts of Lamine Yamal, Pau Cubars\u00ed, Ferm\u00edn L\u00f3pez, H\u00e9ctor Fort and Marc Casad\u00f3 to avoid external threats and reinforce the project The future of the FC Barcelona is more than promising thanks to the Masia. The club, of the hand of the [&hellip;]<\/p>\n","protected":false},"author":358,"featured_media":23580,"comment_status":"closed","ping_status":"open","sticky":false,"template":"","format":"standard","meta":{"_acf_changed":false,"inline_featured_image":false,"_nextfly_llmd_date_locked":false,"footnotes":""},"categories":[111],"tags":[181],"class_list":["post-28763","post","type-post","status-publish","format-standard","has-post-thumbnail","hentry","category-fc-barcelona","tag-the-masia"],"acf":[],"yoast_head":"<!-- This site is optimized with the Yoast SEO plugin v27.3 - https:\/\/yoast.com\/product\/yoast-seo-wordpress\/ -->\n<title>The Bar\u00e7a has the future ensured with the Masia<\/title>\n<meta name=\"description\" content=\"The future of the Bar\u00e7aest\u00e1 very ensured. Deco Has commissioned to extend the agreements of Lamine Yamal, Pau Cubars\u00ed, Ferm\u00edn L\u00f3pez, H\u00e9ctor Fort and Marc Casad\u00f3 to avoid external threats and reinforce the project\" \/>\n<meta name=\"robots\" content=\"index, follow, max-snippet:-1, max-image-preview:large, max-video-preview:-1\" \/>\n<link rel=\"canonical\" href=\"https:\/\/www.fcbarcelonanoticias.com\/en\/fc-barcelona\/the-barca-has-the-future-ensured-with-the-masia_304230_102.html\" \/>\n<meta property=\"og:locale\" content=\"en_US\" \/>\n<meta property=\"og:type\" content=\"article\" \/>\n<meta property=\"og:title\" content=\"The Bar\u00e7a has the future ensured with the Masia\" \/>\n<meta property=\"og:description\" content=\"The future of the Bar\u00e7aest\u00e1 very ensured. Deco Has commissioned to extend the agreements of Lamine Yamal, Pau Cubars\u00ed, Ferm\u00edn L\u00f3pez, H\u00e9ctor Fort and Marc Casad\u00f3 to avoid external threats and reinforce the project\" \/>\n<meta property=\"og:url\" content=\"https:\/\/www.fcbarcelonanoticias.com\/en\/fc-barcelona\/the-barca-has-the-future-ensured-with-the-masia_304230_102.html\" \/>\n<meta property=\"og:site_name\" content=\"EN - FC Barcelona Noticias\" \/>\n<meta property=\"article:published_time\" content=\"2024-06-06T17:15:00+00:00\" \/>\n<meta property=\"article:modified_time\" content=\"2024-06-07T01:56:00+00:00\" \/>\n<meta property=\"og:image\" content=\"https:\/\/www.fcbarcelonanoticias.com\/en\/wp-content\/uploads\/sites\/2\/2024\/05\/lamine-fermin-cubarsi-1.jpeg\" \/>\n\t<meta property=\"og:image:width\" content=\"1300\" \/>\n\t<meta property=\"og:image:height\" content=\"732\" \/>\n\t<meta property=\"og:image:type\" content=\"image\/jpeg\" \/>\n<meta name=\"author\" content=\"Juan Pablo Berdugo\" \/>\n<meta name=\"twitter:card\" content=\"summary_large_image\" \/>\n<meta name=\"twitter:label1\" content=\"Written by\" \/>\n\t<meta name=\"twitter:data1\" content=\"Juan Pablo Berdugo\" \/>\n\t<meta name=\"twitter:label2\" content=\"Est. reading time\" \/>\n\t<meta name=\"twitter:data2\" content=\"3 minutes\" \/>\n<script type=\"application\/ld+json\" class=\"yoast-schema-graph\">{\"@context\":\"https:\\\/\\\/schema.org\",\"@graph\":[{\"@type\":\"Article\",\"@id\":\"https:\\\/\\\/www.fcbarcelonanoticias.com\\\/en\\\/fc-barcelona\\\/the-barca-has-the-future-ensured-with-the-masia_304230_102.html#article\",\"isPartOf\":{\"@id\":\"https:\\\/\\\/www.fcbarcelonanoticias.com\\\/en\\\/fc-barcelona\\\/the-barca-has-the-future-ensured-with-the-masia_304230_102.html\"},\"author\":{\"name\":\"Juan Pablo Berdugo\",\"@id\":\"https:\\\/\\\/www.fcbarcelonanoticias.com\\\/en\\\/#\\\/schema\\\/person\\\/88d756918a0a1ae9fa593b5edddd1815\"},\"headline\":\"Bar\u00e7a has its future assured with La Masia\",\"datePublished\":\"2024-06-06T17:15:00+00:00\",\"dateModified\":\"2024-06-07T01:56:00+00:00\",\"mainEntityOfPage\":{\"@id\":\"https:\\\/\\\/www.fcbarcelonanoticias.com\\\/en\\\/fc-barcelona\\\/the-barca-has-the-future-ensured-with-the-masia_304230_102.html\"},\"wordCount\":608,\"image\":{\"@id\":\"https:\\\/\\\/www.fcbarcelonanoticias.com\\\/en\\\/fc-barcelona\\\/the-barca-has-the-future-ensured-with-the-masia_304230_102.html#primaryimage\"},\"thumbnailUrl\":\"https:\\\/\\\/www.fcbarcelonanoticias.com\\\/en\\\/wp-content\\\/uploads\\\/sites\\\/2\\\/2024\\\/05\\\/lamine-fermin-cubarsi-1.jpeg\",\"keywords\":[\"The Masia\"],\"articleSection\":[\"FC Barcelona\"],\"inLanguage\":\"en-US\"},{\"@type\":\"WebPage\",\"@id\":\"https:\\\/\\\/www.fcbarcelonanoticias.com\\\/en\\\/fc-barcelona\\\/the-barca-has-the-future-ensured-with-the-masia_304230_102.html\",\"url\":\"https:\\\/\\\/www.fcbarcelonanoticias.com\\\/en\\\/fc-barcelona\\\/the-barca-has-the-future-ensured-with-the-masia_304230_102.html\",\"name\":\"The Bar\u00e7a has the future ensured with the Masia\",\"isPartOf\":{\"@id\":\"https:\\\/\\\/www.fcbarcelonanoticias.com\\\/en\\\/#website\"},\"primaryImageOfPage\":{\"@id\":\"https:\\\/\\\/www.fcbarcelonanoticias.com\\\/en\\\/fc-barcelona\\\/the-barca-has-the-future-ensured-with-the-masia_304230_102.html#primaryimage\"},\"image\":{\"@id\":\"https:\\\/\\\/www.fcbarcelonanoticias.com\\\/en\\\/fc-barcelona\\\/the-barca-has-the-future-ensured-with-the-masia_304230_102.html#primaryimage\"},\"thumbnailUrl\":\"https:\\\/\\\/www.fcbarcelonanoticias.com\\\/en\\\/wp-content\\\/uploads\\\/sites\\\/2\\\/2024\\\/05\\\/lamine-fermin-cubarsi-1.jpeg\",\"datePublished\":\"2024-06-06T17:15:00+00:00\",\"dateModified\":\"2024-06-07T01:56:00+00:00\",\"author\":{\"@id\":\"https:\\\/\\\/www.fcbarcelonanoticias.com\\\/en\\\/#\\\/schema\\\/person\\\/88d756918a0a1ae9fa593b5edddd1815\"},\"description\":\"The future of the Bar\u00e7aest\u00e1 very ensured. Deco Has commissioned to extend the agreements of Lamine Yamal, Pau Cubars\u00ed, Ferm\u00edn L\u00f3pez, H\u00e9ctor Fort and Marc Casad\u00f3 to avoid external threats and reinforce the project\",\"breadcrumb\":{\"@id\":\"https:\\\/\\\/www.fcbarcelonanoticias.com\\\/en\\\/fc-barcelona\\\/the-barca-has-the-future-ensured-with-the-masia_304230_102.html#breadcrumb\"},\"inLanguage\":\"en-US\",\"potentialAction\":[{\"@type\":\"ReadAction\",\"target\":[\"https:\\\/\\\/www.fcbarcelonanoticias.com\\\/en\\\/fc-barcelona\\\/the-barca-has-the-future-ensured-with-the-masia_304230_102.html\"]}]},{\"@type\":\"ImageObject\",\"inLanguage\":\"en-US\",\"@id\":\"https:\\\/\\\/www.fcbarcelonanoticias.com\\\/en\\\/fc-barcelona\\\/the-barca-has-the-future-ensured-with-the-masia_304230_102.html#primaryimage\",\"url\":\"https:\\\/\\\/www.fcbarcelonanoticias.com\\\/en\\\/wp-content\\\/uploads\\\/sites\\\/2\\\/2024\\\/05\\\/lamine-fermin-cubarsi-1.jpeg\",\"contentUrl\":\"https:\\\/\\\/www.fcbarcelonanoticias.com\\\/en\\\/wp-content\\\/uploads\\\/sites\\\/2\\\/2024\\\/05\\\/lamine-fermin-cubarsi-1.jpeg\",\"width\":1300,\"height\":732},{\"@type\":\"BreadcrumbList\",\"@id\":\"https:\\\/\\\/www.fcbarcelonanoticias.com\\\/en\\\/fc-barcelona\\\/the-barca-has-the-future-ensured-with-the-masia_304230_102.html#breadcrumb\",\"itemListElement\":[{\"@type\":\"ListItem\",\"position\":1,\"name\":\"Portada\",\"item\":\"https:\\\/\\\/www.fcbarcelonanoticias.com\\\/en\\\/\"},{\"@type\":\"ListItem\",\"position\":2,\"name\":\"Bar\u00e7a has its future assured with La Masia\"}]},{\"@type\":\"WebSite\",\"@id\":\"https:\\\/\\\/www.fcbarcelonanoticias.com\\\/en\\\/#website\",\"url\":\"https:\\\/\\\/www.fcbarcelonanoticias.com\\\/en\\\/\",\"name\":\"EN - FC Barcelona Noticias\",\"description\":\"\",\"potentialAction\":[{\"@type\":\"SearchAction\",\"target\":{\"@type\":\"EntryPoint\",\"urlTemplate\":\"https:\\\/\\\/www.fcbarcelonanoticias.com\\\/en\\\/?s={search_term_string}\"},\"query-input\":{\"@type\":\"PropertyValueSpecification\",\"valueRequired\":true,\"valueName\":\"search_term_string\"}}],\"inLanguage\":\"en-US\"},{\"@type\":\"Person\",\"@id\":\"https:\\\/\\\/www.fcbarcelonanoticias.com\\\/en\\\/#\\\/schema\\\/person\\\/88d756918a0a1ae9fa593b5edddd1815\",\"name\":\"Juan Pablo Berdugo\",\"image\":{\"@type\":\"ImageObject\",\"inLanguage\":\"en-US\",\"@id\":\"https:\\\/\\\/secure.gravatar.com\\\/avatar\\\/?s=96&d=mm&r=g\",\"url\":\"https:\\\/\\\/secure.gravatar.com\\\/avatar\\\/?s=96&d=mm&r=g\",\"contentUrl\":\"https:\\\/\\\/secure.gravatar.com\\\/avatar\\\/?s=96&d=mm&r=g\",\"caption\":\"Juan Pablo Berdugo\"},\"description\":\"Juan Pablo Berdugo es graduado en Periodismo. Colabora con FCBN como especialista en informaci\u00f3n del primer equipo del FC Barcelona, f\u00fatbol internacional y mercado de fichajes. Destaca por su enfoque anal\u00edtico, su rigor informativo y su capacidad para detectar tendencias emergentes en el f\u00fatbol global.\",\"url\":\"https:\\\/\\\/www.fcbarcelonanoticias.com\\\/en\\\/fc-barcelona\\\/juan-pablo-berdugo_18_115.html\"}]}<\/script>\n<!-- \/ Yoast SEO plugin. -->","yoast_head_json":{"title":"The Bar\u00e7a has the future ensured with the Masia","description":"The future of the Bar\u00e7aest\u00e1 very ensured. Deco Has commissioned to extend the agreements of Lamine Yamal, Pau Cubars\u00ed, Ferm\u00edn L\u00f3pez, H\u00e9ctor Fort and Marc Casad\u00f3 to avoid external threats and reinforce the project","robots":{"index":"index","follow":"follow","max-snippet":"max-snippet:-1","max-image-preview":"max-image-preview:large","max-video-preview":"max-video-preview:-1"},"canonical":"https:\/\/www.fcbarcelonanoticias.com\/en\/fc-barcelona\/the-barca-has-the-future-ensured-with-the-masia_304230_102.html","og_locale":"en_US","og_type":"article","og_title":"The Bar\u00e7a has the future ensured with the Masia","og_description":"The future of the Bar\u00e7aest\u00e1 very ensured. Deco Has commissioned to extend the agreements of Lamine Yamal, Pau Cubars\u00ed, Ferm\u00edn L\u00f3pez, H\u00e9ctor Fort and Marc Casad\u00f3 to avoid external threats and reinforce the project","og_url":"https:\/\/www.fcbarcelonanoticias.com\/en\/fc-barcelona\/the-barca-has-the-future-ensured-with-the-masia_304230_102.html","og_site_name":"EN - FC Barcelona Noticias","article_published_time":"2024-06-06T17:15:00+00:00","article_modified_time":"2024-06-07T01:56:00+00:00","og_image":[{"width":1300,"height":732,"url":"https:\/\/www.fcbarcelonanoticias.com\/en\/wp-content\/uploads\/sites\/2\/2024\/05\/lamine-fermin-cubarsi-1.jpeg","type":"image\/jpeg"}],"author":"Juan Pablo Berdugo","twitter_card":"summary_large_image","twitter_misc":{"Written by":"Juan Pablo Berdugo","Est. reading time":"3 minutes"},"schema":{"@context":"https:\/\/schema.org","@graph":[{"@type":"Article","@id":"https:\/\/www.fcbarcelonanoticias.com\/en\/fc-barcelona\/the-barca-has-the-future-ensured-with-the-masia_304230_102.html#article","isPartOf":{"@id":"https:\/\/www.fcbarcelonanoticias.com\/en\/fc-barcelona\/the-barca-has-the-future-ensured-with-the-masia_304230_102.html"},"author":{"name":"Juan Pablo Berdugo","@id":"https:\/\/www.fcbarcelonanoticias.com\/en\/#\/schema\/person\/88d756918a0a1ae9fa593b5edddd1815"},"headline":"Bar\u00e7a has its future assured with La Masia","datePublished":"2024-06-06T17:15:00+00:00","dateModified":"2024-06-07T01:56:00+00:00","mainEntityOfPage":{"@id":"https:\/\/www.fcbarcelonanoticias.com\/en\/fc-barcelona\/the-barca-has-the-future-ensured-with-the-masia_304230_102.html"},"wordCount":608,"image":{"@id":"https:\/\/www.fcbarcelonanoticias.com\/en\/fc-barcelona\/the-barca-has-the-future-ensured-with-the-masia_304230_102.html#primaryimage"},"thumbnailUrl":"https:\/\/www.fcbarcelonanoticias.com\/en\/wp-content\/uploads\/sites\/2\/2024\/05\/lamine-fermin-cubarsi-1.jpeg","keywords":["The Masia"],"articleSection":["FC Barcelona"],"inLanguage":"en-US"},{"@type":"WebPage","@id":"https:\/\/www.fcbarcelonanoticias.com\/en\/fc-barcelona\/the-barca-has-the-future-ensured-with-the-masia_304230_102.html","url":"https:\/\/www.fcbarcelonanoticias.com\/en\/fc-barcelona\/the-barca-has-the-future-ensured-with-the-masia_304230_102.html","name":"The Bar\u00e7a has the future ensured with the Masia","isPartOf":{"@id":"https:\/\/www.fcbarcelonanoticias.com\/en\/#website"},"primaryImageOfPage":{"@id":"https:\/\/www.fcbarcelonanoticias.com\/en\/fc-barcelona\/the-barca-has-the-future-ensured-with-the-masia_304230_102.html#primaryimage"},"image":{"@id":"https:\/\/www.fcbarcelonanoticias.com\/en\/fc-barcelona\/the-barca-has-the-future-ensured-with-the-masia_304230_102.html#primaryimage"},"thumbnailUrl":"https:\/\/www.fcbarcelonanoticias.com\/en\/wp-content\/uploads\/sites\/2\/2024\/05\/lamine-fermin-cubarsi-1.jpeg","datePublished":"2024-06-06T17:15:00+00:00","dateModified":"2024-06-07T01:56:00+00:00","author":{"@id":"https:\/\/www.fcbarcelonanoticias.com\/en\/#\/schema\/person\/88d756918a0a1ae9fa593b5edddd1815"},"description":"The future of the Bar\u00e7aest\u00e1 very ensured. Deco Has commissioned to extend the agreements of Lamine Yamal, Pau Cubars\u00ed, Ferm\u00edn L\u00f3pez, H\u00e9ctor Fort and Marc Casad\u00f3 to avoid external threats and reinforce the project","breadcrumb":{"@id":"https:\/\/www.fcbarcelonanoticias.com\/en\/fc-barcelona\/the-barca-has-the-future-ensured-with-the-masia_304230_102.html#breadcrumb"},"inLanguage":"en-US","potentialAction":[{"@type":"ReadAction","target":["https:\/\/www.fcbarcelonanoticias.com\/en\/fc-barcelona\/the-barca-has-the-future-ensured-with-the-masia_304230_102.html"]}]},{"@type":"ImageObject","inLanguage":"en-US","@id":"https:\/\/www.fcbarcelonanoticias.com\/en\/fc-barcelona\/the-barca-has-the-future-ensured-with-the-masia_304230_102.html#primaryimage","url":"https:\/\/www.fcbarcelonanoticias.com\/en\/wp-content\/uploads\/sites\/2\/2024\/05\/lamine-fermin-cubarsi-1.jpeg","contentUrl":"https:\/\/www.fcbarcelonanoticias.com\/en\/wp-content\/uploads\/sites\/2\/2024\/05\/lamine-fermin-cubarsi-1.jpeg","width":1300,"height":732},{"@type":"BreadcrumbList","@id":"https:\/\/www.fcbarcelonanoticias.com\/en\/fc-barcelona\/the-barca-has-the-future-ensured-with-the-masia_304230_102.html#breadcrumb","itemListElement":[{"@type":"ListItem","position":1,"name":"Portada","item":"https:\/\/www.fcbarcelonanoticias.com\/en\/"},{"@type":"ListItem","position":2,"name":"Bar\u00e7a has its future assured with La Masia"}]},{"@type":"WebSite","@id":"https:\/\/www.fcbarcelonanoticias.com\/en\/#website","url":"https:\/\/www.fcbarcelonanoticias.com\/en\/","name":"EN - FC Barcelona Noticias","description":"","potentialAction":[{"@type":"SearchAction","target":{"@type":"EntryPoint","urlTemplate":"https:\/\/www.fcbarcelonanoticias.com\/en\/?s={search_term_string}"},"query-input":{"@type":"PropertyValueSpecification","valueRequired":true,"valueName":"search_term_string"}}],"inLanguage":"en-US"},{"@type":"Person","@id":"https:\/\/www.fcbarcelonanoticias.com\/en\/#\/schema\/person\/88d756918a0a1ae9fa593b5edddd1815","name":"Juan Pablo Berdugo","image":{"@type":"ImageObject","inLanguage":"en-US","@id":"https:\/\/secure.gravatar.com\/avatar\/?s=96&d=mm&r=g","url":"https:\/\/secure.gravatar.com\/avatar\/?s=96&d=mm&r=g","contentUrl":"https:\/\/secure.gravatar.com\/avatar\/?s=96&d=mm&r=g","caption":"Juan Pablo Berdugo"},"description":"Juan Pablo Berdugo es graduado en Periodismo. Colabora con FCBN como especialista en informaci\u00f3n del primer equipo del FC Barcelona, f\u00fatbol internacional y mercado de fichajes. Destaca por su enfoque anal\u00edtico, su rigor informativo y su capacidad para detectar tendencias emergentes en el f\u00fatbol global.","url":"https:\/\/www.fcbarcelonanoticias.com\/en\/fc-barcelona\/juan-pablo-berdugo_18_115.html"}]}},"_links":{"self":[{"href":"https:\/\/www.fcbarcelonanoticias.com\/en\/wp-json\/wp\/v2\/posts\/28763","targetHints":{"allow":["GET"]}}],"collection":[{"href":"https:\/\/www.fcbarcelonanoticias.com\/en\/wp-json\/wp\/v2\/posts"}],"about":[{"href":"https:\/\/www.fcbarcelonanoticias.com\/en\/wp-json\/wp\/v2\/types\/post"}],"author":[{"embeddable":true,"href":"https:\/\/www.fcbarcelonanoticias.com\/en\/wp-json\/wp\/v2\/users\/358"}],"replies":[{"embeddable":true,"href":"https:\/\/www.fcbarcelonanoticias.com\/en\/wp-json\/wp\/v2\/comments?post=28763"}],"version-history":[{"count":1,"href":"https:\/\/www.fcbarcelonanoticias.com\/en\/wp-json\/wp\/v2\/posts\/28763\/revisions"}],"predecessor-version":[{"id":107933,"href":"https:\/\/www.fcbarcelonanoticias.com\/en\/wp-json\/wp\/v2\/posts\/28763\/revisions\/107933"}],"wp:featuredmedia":[{"embeddable":true,"href":"https:\/\/www.fcbarcelonanoticias.com\/en\/wp-json\/wp\/v2\/media\/23580"}],"wp:attachment":[{"href":"https:\/\/www.fcbarcelonanoticias.com\/en\/wp-json\/wp\/v2\/media?parent=28763"}],"wp:term":[{"taxonomy":"category","embeddable":true,"href":"https:\/\/www.fcbarcelonanoticias.com\/en\/wp-json\/wp\/v2\/categories?post=28763"},{"taxonomy":"post_tag","embeddable":true,"href":"https:\/\/www.fcbarcelonanoticias.com\/en\/wp-json\/wp\/v2\/tags?post=28763"}],"curies":[{"name":"wp","href":"https:\/\/api.w.org\/{rel}","templated":true}]}}