{"id":29029,"date":"2017-12-15T17:09:00","date_gmt":"2017-12-15T16:09:00","guid":{"rendered":"https:\/\/weisetech.dev\/fc-barcelona-noticias\/en\/the-barca-wants-a-victory-home-that-it-would-leave-him-more-leader_207705_102\/"},"modified":"2026-04-16T09:40:34","modified_gmt":"2026-04-16T07:40:34","slug":"the-barca-wants-a-victory-home-that-it-would-leave-him-more-leader_207705_102","status":"publish","type":"post","link":"https:\/\/www.fcbarcelonanoticias.com\/en\/fc-barcelona\/the-barca-wants-a-victory-home-that-it-would-leave-him-more-leader_207705_102.html","title":{"rendered":"The Bar\u00e7a wants a victory home that it would leave him more leader"},"content":{"rendered":"<h2 class=\"wp-block-heading\">A Classical in sight, another &#8216;prick&#8217; of Valencia and the FC Barcelona that it wants to sleep more lider after the sixteenth day of LaLiga. The cul\u00e9 want to avoid discontents happened against the Sportive and to do it have to confirm his superiority home<\/h2>  \r\n<div class=\"article-addons\">\r\n    <a href=\"https:\/\/www.fcbarcelonanoticias.com\/en\/calendar-fc-barcelona.html\"\r\n       target=\"_self\"\r\n       title=\"Calendar of FC Barcelona\"\r\n       class=\"blue-gredient-btn\">\r\n       \r\n        Calendar of FC Barcelona    <\/a>\r\n<\/div>   <p>It has sailed by the first stretch of the course with good feelings, but wants to close the 2017 to the big. To the<strong>&nbsp;FC Barcelona <\/strong> him avecina a Classical <strong> <strong><\/strong> in Santiago Bernab\u00e9u, but <strong>could arrive with more advantage at the head of LaLiga and with <a href=\"https:\/\/www.fcbarcelonanoticias.com\/fc-barcelona\/dos-partidos-y-el-objetivo-de-alejar-al-real-madrid-a-14-puntos_207565_102.html\">the intention to give another hit to the classification<\/a><\/strong>. To the&nbsp;<strong>Camp Nou <\/strong>arrives a&nbsp;<strong>Sportive&nbsp;<strong> of the Coru\u00f1a<\/strong>&nbsp;with skin of lamb and mentality of wolf, conscious that although it struggle by not descending, is not the first time that eats  to the Catalans home or to domicile.<\/strong><\/strong><\/p> <p>Although there is good news in the infirmary, the injuries mark the chapter of absences in <strong><a href=\"https:\/\/www.fcbarcelonanoticias.com\/fc-barcelona\/lista-de-convocados-de-valverde-para-el-fc-barcelona-deportivo_207703_102.html\">the list of summoned<\/a>&nbsp;<\/strong>for the meeting, in which they will not be<strong> neither<\/strong><strong>&nbsp;Rafinha Alc\u00e1ntara neither Ousmane Demb\u00e9l\u00e9<\/strong>, that will have to expect some days more, neither neither <strong>S<\/strong><strong>amuel Umtiti<\/strong>, the last of the lesionados. <strong>Burn Turan<\/strong> goes back to remain  went by technical decision and <strong>Javier Mascherano and Andr\u00e9s Iniesta are the big novelties,&nbsp;<\/strong>after training this Friday without problems and obtain the high medical.<\/p> <p>In case to the party were missing him inducements, <strong>the Bar\u00e7a can finish the day with a point more than income on the classified second<\/strong>. Valencia continues desinfl\u00e1ndose, and after his defeat in Ipurua <strong>has yielded his square to the Athletic of Madrid<\/strong>, that has not failed in Wanda Metropolitan but <strong>would remain  to six points of the <a href=\"https:\/\/www.fcbarcelonanoticias.com\/laliga-clasificacion.html\">leadership<\/a> if this Sunday there is Barcelona victory in the City Condal.<\/strong><\/p> <h2>Bar\u00e7a-Sportive: Warned in the Camp Nou<\/h2> <p>After a start of season complicated, <strong>the Sportive of the Coru\u00f1a has stepped forward in his last commitments<\/strong>, and Ernesto Valverde already has warned that it sees him like <a href=\"https:\/\/www.fcbarcelonanoticias.com\/fc-barcelona\/valverde-los-puntos-del-depor-valen-igual-que-los-del-madrid_207694_102.html\"><strong>a dangerous rival<\/strong><\/a>. It does not arrive to the extremes of the last Galicians that &#8216;stole&#8217; in the Camp Nou, but the rival maximum of the Celtic of Vigo also is able of amargar the party to the cul\u00e9s. For the moment, his current series reaches <strong>two victories, a tie and a defeat in the last four parties, the sufficient to leave him to the edge of the zone of descent<\/strong>.<\/p> <p>Regarding particular clashes between Galicians and Catalans goes back to have danger for the Barcelona. The last time that they found  in LaLiga, the Bar\u00e7a gave  an audible thump in Riazor (2-1), and <strong>of his last 10 clashes, <a href=\"https:\/\/www.fcbarcelonanoticias.com\/fc-barcelona\/el-deportivo-un-rival-al-que-el-barca-debe-convertir-en-sencillo_207699_102.html\">only has been able to win 6<\/a><\/strong>. There was also four ties, and in spite of the 4-0 of the past course, <strong>in the two previous did not happen  of the equalised in the feudo barcelonista<\/strong>.&nbsp;<\/p> <p>After the recent trip home and with an only opportunity to follow putting distance to his rivals, there is not place for nothing more than the triumph when tomorrow the referee of start to the party. <strong>Perhaps there are some <a href=\"https:\/\/www.fcbarcelonanoticias.com\/jugadores-fcbarcelona.html\">players<\/a> of soda and notice  that the head already thinks in the Real Madrid, but against the D\u00e9por, the only result that voucher is the one who tie up the three points<\/strong>. Without grantings.<\/p> <h2>Technical index card of the party: FC Barcelona-Sportive&nbsp;<\/h2> <ul> <li><strong>Party: <a href=\"https:\/\/www.fcbarcelonanoticias.com\/en\/laliga.html\">FC Barcelona-Sportive<\/a><\/strong><\/li> <li><strong>Competition: <a href=\"https:\/\/www.fcbarcelonanoticias.com\/en\/laliga-calendario.html\">LaLiga 2017\/18<\/a><\/strong><\/li> <li> <strong>Stadium:&nbsp;Camp Nou&nbsp;<\/strong><a href=\"https:\/\/www.fcbarcelonanoticias.com\/entradas-fcbarcelona.html\"><strong>BUY ENTRANCES<\/strong><\/a> <\/li> <li><strong>Schedules and television: <a href=\"https:\/\/www.fcbarcelonanoticias.com\/laliga\/cuando-y-donde-ver-el-fc-barcelona-vs-deportivo_207682_102.html\">Sunday 17 December 20:45h (Spanish hour)<\/a><\/strong><\/li> <li><strong>Calendar 2017\/18:&nbsp;<a href=\"https:\/\/www.fcbarcelonanoticias.com\/calendario-fcbarcelona.html\">League BBVA, Champions League, Glass of Rey<\/a><\/strong><\/li> <\/ul> ","protected":false},"excerpt":{"rendered":"<p>A Classical in sight, another &#8216;prick&#8217; of Valencia and the FC Barcelona that it wants to sleep more lider after the sixteenth day of LaLiga. The cul\u00e9 want to avoid discontents happened against the Sportive and to do it have to confirm his superiority home It has sailed by the first stretch of the course [&hellip;]<\/p>\n","protected":false},"author":376,"featured_media":29032,"comment_status":"closed","ping_status":"open","sticky":false,"template":"","format":"standard","meta":{"_acf_changed":false,"inline_featured_image":false,"_nextfly_llmd_date_locked":false,"footnotes":""},"categories":[111],"tags":[75,211],"class_list":["post-29029","post","type-post","status-publish","format-standard","has-post-thumbnail","hentry","category-fc-barcelona","tag-deportivo-de-la-coruna","tag-fc-barcelona-next-match-preview"],"acf":[],"yoast_head":"<!-- This site is optimized with the Yoast SEO plugin v27.3 - https:\/\/yoast.com\/product\/yoast-seo-wordpress\/ -->\n<title>The Bar\u00e7a wants a victory home that it would leave him more leader<\/title>\n<meta name=\"description\" content=\"A Classical in sight, another &#039;prick&#039; of Valencia and the FC Barcelona that it wants to sleep more lider after the sixteenth day of LaLiga. The cul\u00e9...\" \/>\n<meta name=\"robots\" content=\"index, follow, max-snippet:-1, max-image-preview:large, max-video-preview:-1\" \/>\n<link rel=\"canonical\" href=\"https:\/\/www.fcbarcelonanoticias.com\/en\/fc-barcelona\/the-barca-wants-a-victory-home-that-it-would-leave-him-more-leader_207705_102.html\" \/>\n<meta property=\"og:locale\" content=\"en_US\" \/>\n<meta property=\"og:type\" content=\"article\" \/>\n<meta property=\"og:title\" content=\"The Bar\u00e7a wants a victory home that it would leave him more leader\" \/>\n<meta property=\"og:description\" content=\"A Classical in sight, another &#039;prick&#039; of Valencia and the FC Barcelona that it wants to sleep more lider after the sixteenth day of LaLiga. The cul\u00e9...\" \/>\n<meta property=\"og:url\" content=\"https:\/\/www.fcbarcelonanoticias.com\/en\/fc-barcelona\/the-barca-wants-a-victory-home-that-it-would-leave-him-more-leader_207705_102.html\" \/>\n<meta property=\"og:site_name\" content=\"EN - FC Barcelona Noticias\" \/>\n<meta property=\"article:published_time\" content=\"2017-12-15T16:09:00+00:00\" \/>\n<meta property=\"article:modified_time\" content=\"2026-04-16T07:40:34+00:00\" \/>\n<meta property=\"og:image\" content=\"https:\/\/www.fcbarcelonanoticias.com\/en\/wp-content\/uploads\/sites\/2\/2017\/12\/previa-barcelona-real-deportivo-237786.jpeg\" \/>\n\t<meta property=\"og:image:width\" content=\"761\" \/>\n\t<meta property=\"og:image:height\" content=\"428\" \/>\n\t<meta property=\"og:image:type\" content=\"image\/jpeg\" \/>\n<meta name=\"author\" content=\"user_4032\" \/>\n<meta name=\"twitter:card\" content=\"summary_large_image\" \/>\n<meta name=\"twitter:label1\" content=\"Written by\" \/>\n\t<meta name=\"twitter:data1\" content=\"user_4032\" \/>\n\t<meta name=\"twitter:label2\" content=\"Est. reading time\" \/>\n\t<meta name=\"twitter:data2\" content=\"3 minutes\" \/>\n<script type=\"application\/ld+json\" class=\"yoast-schema-graph\">{\"@context\":\"https:\\\/\\\/schema.org\",\"@graph\":[{\"@type\":\"Article\",\"@id\":\"https:\\\/\\\/www.fcbarcelonanoticias.com\\\/en\\\/fc-barcelona\\\/the-barca-wants-a-victory-home-that-it-would-leave-him-more-leader_207705_102.html#article\",\"isPartOf\":{\"@id\":\"https:\\\/\\\/www.fcbarcelonanoticias.com\\\/en\\\/fc-barcelona\\\/the-barca-wants-a-victory-home-that-it-would-leave-him-more-leader_207705_102.html\"},\"author\":{\"name\":\"user_4032\",\"@id\":\"https:\\\/\\\/www.fcbarcelonanoticias.com\\\/en\\\/#\\\/schema\\\/person\\\/87b10dbddf72505d2eeba8aaa6c9ba14\"},\"headline\":\"The Bar\u00e7a wants a victory home that it would leave him more leader\",\"datePublished\":\"2017-12-15T16:09:00+00:00\",\"dateModified\":\"2026-04-16T07:40:34+00:00\",\"mainEntityOfPage\":{\"@id\":\"https:\\\/\\\/www.fcbarcelonanoticias.com\\\/en\\\/fc-barcelona\\\/the-barca-wants-a-victory-home-that-it-would-leave-him-more-leader_207705_102.html\"},\"wordCount\":618,\"image\":{\"@id\":\"https:\\\/\\\/www.fcbarcelonanoticias.com\\\/en\\\/fc-barcelona\\\/the-barca-wants-a-victory-home-that-it-would-leave-him-more-leader_207705_102.html#primaryimage\"},\"thumbnailUrl\":\"https:\\\/\\\/www.fcbarcelonanoticias.com\\\/en\\\/wp-content\\\/uploads\\\/sites\\\/2\\\/2017\\\/12\\\/previa-barcelona-real-deportivo-237786.jpeg\",\"keywords\":[\"Deportivo de La Coru\u00f1a\",\"FC Barcelona Match Preview\"],\"articleSection\":[\"FC Barcelona\"],\"inLanguage\":\"en-US\"},{\"@type\":\"WebPage\",\"@id\":\"https:\\\/\\\/www.fcbarcelonanoticias.com\\\/en\\\/fc-barcelona\\\/the-barca-wants-a-victory-home-that-it-would-leave-him-more-leader_207705_102.html\",\"url\":\"https:\\\/\\\/www.fcbarcelonanoticias.com\\\/en\\\/fc-barcelona\\\/the-barca-wants-a-victory-home-that-it-would-leave-him-more-leader_207705_102.html\",\"name\":\"The Bar\u00e7a wants a victory home that it would leave him more leader\",\"isPartOf\":{\"@id\":\"https:\\\/\\\/www.fcbarcelonanoticias.com\\\/en\\\/#website\"},\"primaryImageOfPage\":{\"@id\":\"https:\\\/\\\/www.fcbarcelonanoticias.com\\\/en\\\/fc-barcelona\\\/the-barca-wants-a-victory-home-that-it-would-leave-him-more-leader_207705_102.html#primaryimage\"},\"image\":{\"@id\":\"https:\\\/\\\/www.fcbarcelonanoticias.com\\\/en\\\/fc-barcelona\\\/the-barca-wants-a-victory-home-that-it-would-leave-him-more-leader_207705_102.html#primaryimage\"},\"thumbnailUrl\":\"https:\\\/\\\/www.fcbarcelonanoticias.com\\\/en\\\/wp-content\\\/uploads\\\/sites\\\/2\\\/2017\\\/12\\\/previa-barcelona-real-deportivo-237786.jpeg\",\"datePublished\":\"2017-12-15T16:09:00+00:00\",\"dateModified\":\"2026-04-16T07:40:34+00:00\",\"author\":{\"@id\":\"https:\\\/\\\/www.fcbarcelonanoticias.com\\\/en\\\/#\\\/schema\\\/person\\\/87b10dbddf72505d2eeba8aaa6c9ba14\"},\"description\":\"A Classical in sight, another 'prick' of Valencia and the FC Barcelona that it wants to sleep more lider after the sixteenth day of LaLiga. The cul\u00e9...\",\"breadcrumb\":{\"@id\":\"https:\\\/\\\/www.fcbarcelonanoticias.com\\\/en\\\/fc-barcelona\\\/the-barca-wants-a-victory-home-that-it-would-leave-him-more-leader_207705_102.html#breadcrumb\"},\"inLanguage\":\"en-US\",\"potentialAction\":[{\"@type\":\"ReadAction\",\"target\":[\"https:\\\/\\\/www.fcbarcelonanoticias.com\\\/en\\\/fc-barcelona\\\/the-barca-wants-a-victory-home-that-it-would-leave-him-more-leader_207705_102.html\"]}]},{\"@type\":\"ImageObject\",\"inLanguage\":\"en-US\",\"@id\":\"https:\\\/\\\/www.fcbarcelonanoticias.com\\\/en\\\/fc-barcelona\\\/the-barca-wants-a-victory-home-that-it-would-leave-him-more-leader_207705_102.html#primaryimage\",\"url\":\"https:\\\/\\\/www.fcbarcelonanoticias.com\\\/en\\\/wp-content\\\/uploads\\\/sites\\\/2\\\/2017\\\/12\\\/previa-barcelona-real-deportivo-237786.jpeg\",\"contentUrl\":\"https:\\\/\\\/www.fcbarcelonanoticias.com\\\/en\\\/wp-content\\\/uploads\\\/sites\\\/2\\\/2017\\\/12\\\/previa-barcelona-real-deportivo-237786.jpeg\",\"width\":761,\"height\":428},{\"@type\":\"BreadcrumbList\",\"@id\":\"https:\\\/\\\/www.fcbarcelonanoticias.com\\\/en\\\/fc-barcelona\\\/the-barca-wants-a-victory-home-that-it-would-leave-him-more-leader_207705_102.html#breadcrumb\",\"itemListElement\":[{\"@type\":\"ListItem\",\"position\":1,\"name\":\"Portada\",\"item\":\"https:\\\/\\\/www.fcbarcelonanoticias.com\\\/en\\\/\"},{\"@type\":\"ListItem\",\"position\":2,\"name\":\"The Bar\u00e7a wants a victory home that it would leave him more leader\"}]},{\"@type\":\"WebSite\",\"@id\":\"https:\\\/\\\/www.fcbarcelonanoticias.com\\\/en\\\/#website\",\"url\":\"https:\\\/\\\/www.fcbarcelonanoticias.com\\\/en\\\/\",\"name\":\"EN - FC Barcelona Noticias\",\"description\":\"\",\"potentialAction\":[{\"@type\":\"SearchAction\",\"target\":{\"@type\":\"EntryPoint\",\"urlTemplate\":\"https:\\\/\\\/www.fcbarcelonanoticias.com\\\/en\\\/?s={search_term_string}\"},\"query-input\":{\"@type\":\"PropertyValueSpecification\",\"valueRequired\":true,\"valueName\":\"search_term_string\"}}],\"inLanguage\":\"en-US\"},{\"@type\":\"Person\",\"@id\":\"https:\\\/\\\/www.fcbarcelonanoticias.com\\\/en\\\/#\\\/schema\\\/person\\\/87b10dbddf72505d2eeba8aaa6c9ba14\",\"name\":\"user_4032\",\"image\":{\"@type\":\"ImageObject\",\"inLanguage\":\"en-US\",\"@id\":\"https:\\\/\\\/secure.gravatar.com\\\/avatar\\\/?s=96&d=mm&r=g\",\"url\":\"https:\\\/\\\/secure.gravatar.com\\\/avatar\\\/?s=96&d=mm&r=g\",\"contentUrl\":\"https:\\\/\\\/secure.gravatar.com\\\/avatar\\\/?s=96&d=mm&r=g\",\"caption\":\"user_4032\"},\"url\":\"https:\\\/\\\/www.fcbarcelonanoticias.com\\\/en\\\/user_4032.html\"}]}<\/script>\n<!-- \/ Yoast SEO plugin. -->","yoast_head_json":{"title":"The Bar\u00e7a wants a victory home that it would leave him more leader","description":"A Classical in sight, another 'prick' of Valencia and the FC Barcelona that it wants to sleep more lider after the sixteenth day of LaLiga. The cul\u00e9...","robots":{"index":"index","follow":"follow","max-snippet":"max-snippet:-1","max-image-preview":"max-image-preview:large","max-video-preview":"max-video-preview:-1"},"canonical":"https:\/\/www.fcbarcelonanoticias.com\/en\/fc-barcelona\/the-barca-wants-a-victory-home-that-it-would-leave-him-more-leader_207705_102.html","og_locale":"en_US","og_type":"article","og_title":"The Bar\u00e7a wants a victory home that it would leave him more leader","og_description":"A Classical in sight, another 'prick' of Valencia and the FC Barcelona that it wants to sleep more lider after the sixteenth day of LaLiga. The cul\u00e9...","og_url":"https:\/\/www.fcbarcelonanoticias.com\/en\/fc-barcelona\/the-barca-wants-a-victory-home-that-it-would-leave-him-more-leader_207705_102.html","og_site_name":"EN - FC Barcelona Noticias","article_published_time":"2017-12-15T16:09:00+00:00","article_modified_time":"2026-04-16T07:40:34+00:00","og_image":[{"width":761,"height":428,"url":"https:\/\/www.fcbarcelonanoticias.com\/en\/wp-content\/uploads\/sites\/2\/2017\/12\/previa-barcelona-real-deportivo-237786.jpeg","type":"image\/jpeg"}],"author":"user_4032","twitter_card":"summary_large_image","twitter_misc":{"Written by":"user_4032","Est. reading time":"3 minutes"},"schema":{"@context":"https:\/\/schema.org","@graph":[{"@type":"Article","@id":"https:\/\/www.fcbarcelonanoticias.com\/en\/fc-barcelona\/the-barca-wants-a-victory-home-that-it-would-leave-him-more-leader_207705_102.html#article","isPartOf":{"@id":"https:\/\/www.fcbarcelonanoticias.com\/en\/fc-barcelona\/the-barca-wants-a-victory-home-that-it-would-leave-him-more-leader_207705_102.html"},"author":{"name":"user_4032","@id":"https:\/\/www.fcbarcelonanoticias.com\/en\/#\/schema\/person\/87b10dbddf72505d2eeba8aaa6c9ba14"},"headline":"The Bar\u00e7a wants a victory home that it would leave him more leader","datePublished":"2017-12-15T16:09:00+00:00","dateModified":"2026-04-16T07:40:34+00:00","mainEntityOfPage":{"@id":"https:\/\/www.fcbarcelonanoticias.com\/en\/fc-barcelona\/the-barca-wants-a-victory-home-that-it-would-leave-him-more-leader_207705_102.html"},"wordCount":618,"image":{"@id":"https:\/\/www.fcbarcelonanoticias.com\/en\/fc-barcelona\/the-barca-wants-a-victory-home-that-it-would-leave-him-more-leader_207705_102.html#primaryimage"},"thumbnailUrl":"https:\/\/www.fcbarcelonanoticias.com\/en\/wp-content\/uploads\/sites\/2\/2017\/12\/previa-barcelona-real-deportivo-237786.jpeg","keywords":["Deportivo de La Coru\u00f1a","FC Barcelona Match Preview"],"articleSection":["FC Barcelona"],"inLanguage":"en-US"},{"@type":"WebPage","@id":"https:\/\/www.fcbarcelonanoticias.com\/en\/fc-barcelona\/the-barca-wants-a-victory-home-that-it-would-leave-him-more-leader_207705_102.html","url":"https:\/\/www.fcbarcelonanoticias.com\/en\/fc-barcelona\/the-barca-wants-a-victory-home-that-it-would-leave-him-more-leader_207705_102.html","name":"The Bar\u00e7a wants a victory home that it would leave him more leader","isPartOf":{"@id":"https:\/\/www.fcbarcelonanoticias.com\/en\/#website"},"primaryImageOfPage":{"@id":"https:\/\/www.fcbarcelonanoticias.com\/en\/fc-barcelona\/the-barca-wants-a-victory-home-that-it-would-leave-him-more-leader_207705_102.html#primaryimage"},"image":{"@id":"https:\/\/www.fcbarcelonanoticias.com\/en\/fc-barcelona\/the-barca-wants-a-victory-home-that-it-would-leave-him-more-leader_207705_102.html#primaryimage"},"thumbnailUrl":"https:\/\/www.fcbarcelonanoticias.com\/en\/wp-content\/uploads\/sites\/2\/2017\/12\/previa-barcelona-real-deportivo-237786.jpeg","datePublished":"2017-12-15T16:09:00+00:00","dateModified":"2026-04-16T07:40:34+00:00","author":{"@id":"https:\/\/www.fcbarcelonanoticias.com\/en\/#\/schema\/person\/87b10dbddf72505d2eeba8aaa6c9ba14"},"description":"A Classical in sight, another 'prick' of Valencia and the FC Barcelona that it wants to sleep more lider after the sixteenth day of LaLiga. The cul\u00e9...","breadcrumb":{"@id":"https:\/\/www.fcbarcelonanoticias.com\/en\/fc-barcelona\/the-barca-wants-a-victory-home-that-it-would-leave-him-more-leader_207705_102.html#breadcrumb"},"inLanguage":"en-US","potentialAction":[{"@type":"ReadAction","target":["https:\/\/www.fcbarcelonanoticias.com\/en\/fc-barcelona\/the-barca-wants-a-victory-home-that-it-would-leave-him-more-leader_207705_102.html"]}]},{"@type":"ImageObject","inLanguage":"en-US","@id":"https:\/\/www.fcbarcelonanoticias.com\/en\/fc-barcelona\/the-barca-wants-a-victory-home-that-it-would-leave-him-more-leader_207705_102.html#primaryimage","url":"https:\/\/www.fcbarcelonanoticias.com\/en\/wp-content\/uploads\/sites\/2\/2017\/12\/previa-barcelona-real-deportivo-237786.jpeg","contentUrl":"https:\/\/www.fcbarcelonanoticias.com\/en\/wp-content\/uploads\/sites\/2\/2017\/12\/previa-barcelona-real-deportivo-237786.jpeg","width":761,"height":428},{"@type":"BreadcrumbList","@id":"https:\/\/www.fcbarcelonanoticias.com\/en\/fc-barcelona\/the-barca-wants-a-victory-home-that-it-would-leave-him-more-leader_207705_102.html#breadcrumb","itemListElement":[{"@type":"ListItem","position":1,"name":"Portada","item":"https:\/\/www.fcbarcelonanoticias.com\/en\/"},{"@type":"ListItem","position":2,"name":"The Bar\u00e7a wants a victory home that it would leave him more leader"}]},{"@type":"WebSite","@id":"https:\/\/www.fcbarcelonanoticias.com\/en\/#website","url":"https:\/\/www.fcbarcelonanoticias.com\/en\/","name":"EN - FC Barcelona Noticias","description":"","potentialAction":[{"@type":"SearchAction","target":{"@type":"EntryPoint","urlTemplate":"https:\/\/www.fcbarcelonanoticias.com\/en\/?s={search_term_string}"},"query-input":{"@type":"PropertyValueSpecification","valueRequired":true,"valueName":"search_term_string"}}],"inLanguage":"en-US"},{"@type":"Person","@id":"https:\/\/www.fcbarcelonanoticias.com\/en\/#\/schema\/person\/87b10dbddf72505d2eeba8aaa6c9ba14","name":"user_4032","image":{"@type":"ImageObject","inLanguage":"en-US","@id":"https:\/\/secure.gravatar.com\/avatar\/?s=96&d=mm&r=g","url":"https:\/\/secure.gravatar.com\/avatar\/?s=96&d=mm&r=g","contentUrl":"https:\/\/secure.gravatar.com\/avatar\/?s=96&d=mm&r=g","caption":"user_4032"},"url":"https:\/\/www.fcbarcelonanoticias.com\/en\/user_4032.html"}]}},"_links":{"self":[{"href":"https:\/\/www.fcbarcelonanoticias.com\/en\/wp-json\/wp\/v2\/posts\/29029","targetHints":{"allow":["GET"]}}],"collection":[{"href":"https:\/\/www.fcbarcelonanoticias.com\/en\/wp-json\/wp\/v2\/posts"}],"about":[{"href":"https:\/\/www.fcbarcelonanoticias.com\/en\/wp-json\/wp\/v2\/types\/post"}],"author":[{"embeddable":true,"href":"https:\/\/www.fcbarcelonanoticias.com\/en\/wp-json\/wp\/v2\/users\/376"}],"replies":[{"embeddable":true,"href":"https:\/\/www.fcbarcelonanoticias.com\/en\/wp-json\/wp\/v2\/comments?post=29029"}],"version-history":[{"count":10,"href":"https:\/\/www.fcbarcelonanoticias.com\/en\/wp-json\/wp\/v2\/posts\/29029\/revisions"}],"predecessor-version":[{"id":178320,"href":"https:\/\/www.fcbarcelonanoticias.com\/en\/wp-json\/wp\/v2\/posts\/29029\/revisions\/178320"}],"wp:featuredmedia":[{"embeddable":true,"href":"https:\/\/www.fcbarcelonanoticias.com\/en\/wp-json\/wp\/v2\/media\/29032"}],"wp:attachment":[{"href":"https:\/\/www.fcbarcelonanoticias.com\/en\/wp-json\/wp\/v2\/media?parent=29029"}],"wp:term":[{"taxonomy":"category","embeddable":true,"href":"https:\/\/www.fcbarcelonanoticias.com\/en\/wp-json\/wp\/v2\/categories?post=29029"},{"taxonomy":"post_tag","embeddable":true,"href":"https:\/\/www.fcbarcelonanoticias.com\/en\/wp-json\/wp\/v2\/tags?post=29029"}],"curies":[{"name":"wp","href":"https:\/\/api.w.org\/{rel}","templated":true}]}}