{"id":29696,"date":"2025-08-29T21:26:00","date_gmt":"2025-08-29T19:26:00","guid":{"rendered":"https:\/\/weisetech.dev\/fc-barcelona-noticias\/en\/the-image-of-joan-laporta-that-excites-with-the-return-to-the-camp-nou_314491_102\/"},"modified":"2026-03-27T11:40:25","modified_gmt":"2026-03-27T10:40:25","slug":"the-image-of-joan-laporta-that-excites-with-the-return-to-the-camp-nou_314491_102","status":"publish","type":"post","link":"https:\/\/www.fcbarcelonanoticias.com\/en\/fc-barcelona\/the-image-of-joan-laporta-that-excites-with-the-return-to-the-camp-nou_314491_102.html","title":{"rendered":"The image of Joan Laporta that excites with the return to the Camp Nou"},"content":{"rendered":"<h2 class=\"wp-block-heading\">The viral image of Joan Laporta at the Camp Nou sparks rumors about FC Barcelona&#8217;s return to its temple. Here we tell you everything that is known<\/h2>  \r\n<div class=\"article-addons\">\r\n    <a href=\"https:\/\/www.fcbarcelonanoticias.com\/en\/calendar-fc-barcelona.html\"\r\n       target=\"_self\"\r\n       title=\"Calendar of FC Barcelona\"\r\n       class=\"blue-gredient-btn\">\r\n       \r\n        Calendar of FC Barcelona    <\/a>\r\n<\/div>   <p>The return to the <strong>Spotify Camp Nou<\/strong> by <strong>FC Barcelona<\/strong> seems to be getting closer and closer. In recent weeks, there have been a series of movements that fuel the certainty about the return to the Bar\u00e7a&#8217;s ground after two seasons of exile at the <strong>Estadi Ol\u00edmpic Llu\u00eds Companys (Montju\u00efc)<\/strong>.<\/p>  <p>And yes, after the Bar\u00e7a&#8217;s vice president <strong>Rafa Yuste<\/strong> said in his most recent public appearance: &#8220;I can tell you that <strong>the club will soon announce where we will play<\/strong> and we will make an announcement about it. We will do it when it is appropriate&#8221;, a new clue has emerged that has awakened the illusion of Barcelona fans.<\/p>  <h2>The photo of Joan Laporta at the Camp Nou that generates illusion<\/h2>  <p>An image was leaked on social networks in which the president of the Barcelona team, <strong>Joan Laporta<\/strong>, dressed in a suit and tie, is seen lying chest up on the central circle of the <strong>Camp Nou<\/strong>, smiling and showing his most Barcelona side. In the same photograph, another person is apparently taking the snapshot and several members of the audiovisual content team are talking on the grass of the Bar\u00e7a&#8217;s temple.<\/p>  <div class=\"media media-image\" data-ck-asset-wrapper=\"\"> <div class=\"media-item\"> <img loading=\"lazy\" decoding=\"async\" alt=\"Joan Laporta lying on the Camp Nou pitch\" data-id=\"1518024\" data-resize=\"9\" height=\"563\" src=\"https:\/\/www.fcbarcelonanoticias.com\/wp-content\/uploads\/sites\/2\/2025\/08\/fcbn-bc74c5a1933f5112facf21f615fc7183.jpeg\" title=\"Joan Laporta lying on the Camp Nou pitch\" width=\"1000\"><div class=\"media-title\">Joan Laporta lying on the Camp Nou pitch<\/div> <\/div> <\/div>  <p>In turn, the top Bar\u00e7a&#8217;s leader was not alone. He was accompanied by directors such as <strong>Maria Elena Fort<\/strong>, institutional vice president and spokesperson in charge of <strong>Espai Bar\u00e7a<\/strong>, and <strong>Xavi Puig<\/strong>, head of women&#8217;s football.<\/p>  <h2>Is FC Barcelona preparing the announcement of the return to the Camp Nou?<\/h2>  <p>The big question is inevitable: is the Blaugrana club preparing an audiovisual material to <strong>announce the long-awaited return to the Camp Nou<\/strong>? It should not be forgotten that, although the attempt failed, <strong>Laporta<\/strong> already starred in a similar video on June 25 to promote the return to the Bar\u00e7a&#8217;s coliseum on the occasion of the <strong>Joan Gamper Trophy 2025<\/strong>.<\/p>  <div data-oembed-url=\"https:\/\/x.com\/FCBarcelona_es\/status\/1937775433329647982\"> <blockquote align=\"center\" class=\"twitter-tweet\" data-dnt=\"true\"> <p dir=\"ltr\" lang=\"es\">We return home, let&#8217;s vibrate <a href=\"https:\/\/t.co\/en\/wX56iO3GjJ\">pic.twitter.com\/wX56iO3GjJ<\/a><\/p> \u2014 FC Barcelona (@FCBarcelona_es) <a href=\"https:\/\/twitter.com\/en\/FCBarcelona_es\/status\/1937775433329647982?ref_src=twsrc%5Etfw\">June 25, 2025<\/a> <\/blockquote>  <\/div>  <p>Now, the evidence points to the fact that the situation is different. Although <strong>Barcelona<\/strong> has planned alternatives &#8211; such as playing the match <a data-external=\"0\" data-intl-links-en=\"https:\/\/www.fcbarcelonanoticias.com\/en\/fc-barcelona\/fc-barcelona-activates-plan-in-case-the-camp-nou-is-not-ready-for-the-valencia-match_314429_102.html\" data-intl-links-es=\"https:\/\/www.fcbarcelonanoticias.com\/fc-barcelona\/camp-nou-en-duda-barca-valencia-plan-johan-cruyff_314429_102.html\" href=\"https:\/\/www.fcbarcelonanoticias.com\/en\/fc-barcelona\/fc-barcelona-activates-plan-in-case-the-camp-nou-is-not-ready-for-the-valencia-match_314429_102.html\" rel=\"follow\" target=\"_self\" title=\"El FC Barcelona activa el plan B por si el Camp Nou no est\u00e1 listo ante el Valencia\">against Valencia CF at the Estadi Johan Cruyff<\/a>, since Montju\u00efc is not available for that date &#8211; the intention is clear: the <strong>Camp Nou<\/strong> could reopen its doors very soon.<\/p>  <h2>The key permit that Bar\u00e7a needs to reopen the Camp Nou<\/h2>  <p>The team from the Condal City already has the <a data-external=\"0\" data-intl-links-en=\"https:\/\/www.fcbarcelonanoticias.com\/en\/fc-barcelona\/camp-nou-barca-gets-the-key-permit-and-awaits-city-council-approval_314380_102.html\" data-intl-links-es=\"https:\/\/www.fcbarcelonanoticias.com\/fc-barcelona\/camp-nou-certificado-obra-aprobacion-ayuntamiento_314380_102.html\" href=\"https:\/\/www.fcbarcelonanoticias.com\/en\/fc-barcelona\/camp-nou-barca-gets-the-key-permit-and-awaits-city-council-approval_314380_102.html\" rel=\"follow\" target=\"_self\" title=\"Camp Nou: el Bar\u00e7a consigue el permiso clave y espera el OK del Ayuntamiento\">Final Construction Certificate (CFO) for phase 1A of the stadium<\/a>, which will allow <strong>27,000 seats<\/strong> to be enabled, including the <strong>Tribune<\/strong> and <strong>Gol Sur<\/strong> area. However, the reopening depends on one last step: the Barcelona City Council granting the <strong>first partial occupation<\/strong> permit after inspecting the works.<\/p>  <p>Will it be possible to inaugurate the stadium on September 14, when the Catalans receive <strong>Valencia CF<\/strong> for matchday four of LaLiga EA Sports 2025\/26? It is still uncertain, but what is clear is that <strong>Barcelona<\/strong> is working against the clock to make it a reality.<\/p> ","protected":false},"excerpt":{"rendered":"<p>The viral image of Joan Laporta at the Camp Nou sparks rumors about FC Barcelona&#8217;s return to its temple. Here we tell you everything that is known The return to the Spotify Camp Nou by FC Barcelona seems to be getting closer and closer. In recent weeks, there have been a series of movements that [&hellip;]<\/p>\n","protected":false},"author":355,"featured_media":14527,"comment_status":"closed","ping_status":"open","sticky":false,"template":"","format":"standard","meta":{"_acf_changed":false,"inline_featured_image":false,"_nextfly_llmd_date_locked":false,"footnotes":""},"categories":[111],"tags":[82,158,175],"class_list":["post-29696","post","type-post","status-publish","format-standard","has-post-thumbnail","hentry","category-fc-barcelona","tag-camp-nou","tag-joan-laporta","tag-viral"],"acf":[],"yoast_head":"<!-- This site is optimized with the Yoast SEO plugin v27.3 - https:\/\/yoast.com\/product\/yoast-seo-wordpress\/ -->\n<title>The image of Joan Laporta that excites with the return to the Camp Nou<\/title>\n<meta name=\"description\" content=\"The viral image of Joan Laporta at the Camp Nou sparks rumors about FC Barcelona&#039;s return to its temple. Here we tell you everything that is known\" \/>\n<meta name=\"robots\" content=\"index, follow, max-snippet:-1, max-image-preview:large, max-video-preview:-1\" \/>\n<link rel=\"canonical\" href=\"https:\/\/www.fcbarcelonanoticias.com\/en\/fc-barcelona\/the-image-of-joan-laporta-that-excites-with-the-return-to-the-camp-nou_314491_102.html\" \/>\n<meta property=\"og:locale\" content=\"en_US\" \/>\n<meta property=\"og:type\" content=\"article\" \/>\n<meta property=\"og:title\" content=\"The image of Joan Laporta that excites with the return to the Camp Nou\" \/>\n<meta property=\"og:description\" content=\"The viral image of Joan Laporta at the Camp Nou sparks rumors about FC Barcelona&#039;s return to its temple. Here we tell you everything that is known\" \/>\n<meta property=\"og:url\" content=\"https:\/\/www.fcbarcelonanoticias.com\/en\/fc-barcelona\/the-image-of-joan-laporta-that-excites-with-the-return-to-the-camp-nou_314491_102.html\" \/>\n<meta property=\"og:site_name\" content=\"EN - FC Barcelona Noticias\" \/>\n<meta property=\"article:published_time\" content=\"2025-08-29T19:26:00+00:00\" \/>\n<meta property=\"article:modified_time\" content=\"2026-03-27T10:40:25+00:00\" \/>\n<meta property=\"og:image\" content=\"https:\/\/www.fcbarcelonanoticias.com\/en\/wp-content\/uploads\/sites\/2\/2026\/03\/laporta-se-pronuncia-sobre-el-camp-nou-plazos-licencias-champions-y-el-homenaje-a-messi.jpeg\" \/>\n\t<meta property=\"og:image:width\" content=\"1200\" \/>\n\t<meta property=\"og:image:height\" content=\"675\" \/>\n\t<meta property=\"og:image:type\" content=\"image\/jpeg\" \/>\n<meta name=\"author\" content=\"Kevin G\u00f3mez\" \/>\n<meta name=\"twitter:card\" content=\"summary_large_image\" \/>\n<meta name=\"twitter:label1\" content=\"Written by\" \/>\n\t<meta name=\"twitter:data1\" content=\"Kevin G\u00f3mez\" \/>\n\t<meta name=\"twitter:label2\" content=\"Est. reading time\" \/>\n\t<meta name=\"twitter:data2\" content=\"3 minutes\" \/>\n<script type=\"application\/ld+json\" class=\"yoast-schema-graph\">{\"@context\":\"https:\\\/\\\/schema.org\",\"@graph\":[{\"@type\":\"Article\",\"@id\":\"https:\\\/\\\/www.fcbarcelonanoticias.com\\\/en\\\/fc-barcelona\\\/the-image-of-joan-laporta-that-excites-with-the-return-to-the-camp-nou_314491_102.html#article\",\"isPartOf\":{\"@id\":\"https:\\\/\\\/www.fcbarcelonanoticias.com\\\/en\\\/fc-barcelona\\\/the-image-of-joan-laporta-that-excites-with-the-return-to-the-camp-nou_314491_102.html\"},\"author\":{\"name\":\"Kevin G\u00f3mez\",\"@id\":\"https:\\\/\\\/www.fcbarcelonanoticias.com\\\/en\\\/#\\\/schema\\\/person\\\/991443f134df9a64c6874f96ff984c9d\"},\"headline\":\"The image of Joan Laporta that excites with the return to the Camp Nou\",\"datePublished\":\"2025-08-29T19:26:00+00:00\",\"dateModified\":\"2026-03-27T10:40:25+00:00\",\"mainEntityOfPage\":{\"@id\":\"https:\\\/\\\/www.fcbarcelonanoticias.com\\\/en\\\/fc-barcelona\\\/the-image-of-joan-laporta-that-excites-with-the-return-to-the-camp-nou_314491_102.html\"},\"wordCount\":545,\"image\":{\"@id\":\"https:\\\/\\\/www.fcbarcelonanoticias.com\\\/en\\\/fc-barcelona\\\/the-image-of-joan-laporta-that-excites-with-the-return-to-the-camp-nou_314491_102.html#primaryimage\"},\"thumbnailUrl\":\"https:\\\/\\\/www.fcbarcelonanoticias.com\\\/en\\\/wp-content\\\/uploads\\\/sites\\\/2\\\/2026\\\/03\\\/laporta-se-pronuncia-sobre-el-camp-nou-plazos-licencias-champions-y-el-homenaje-a-messi.jpeg\",\"keywords\":[\"Camp Nou\",\"Joan Laporta\",\"Viral\"],\"articleSection\":[\"FC Barcelona\"],\"inLanguage\":\"en-US\"},{\"@type\":\"WebPage\",\"@id\":\"https:\\\/\\\/www.fcbarcelonanoticias.com\\\/en\\\/fc-barcelona\\\/the-image-of-joan-laporta-that-excites-with-the-return-to-the-camp-nou_314491_102.html\",\"url\":\"https:\\\/\\\/www.fcbarcelonanoticias.com\\\/en\\\/fc-barcelona\\\/the-image-of-joan-laporta-that-excites-with-the-return-to-the-camp-nou_314491_102.html\",\"name\":\"The image of Joan Laporta that excites with the return to the Camp Nou\",\"isPartOf\":{\"@id\":\"https:\\\/\\\/www.fcbarcelonanoticias.com\\\/en\\\/#website\"},\"primaryImageOfPage\":{\"@id\":\"https:\\\/\\\/www.fcbarcelonanoticias.com\\\/en\\\/fc-barcelona\\\/the-image-of-joan-laporta-that-excites-with-the-return-to-the-camp-nou_314491_102.html#primaryimage\"},\"image\":{\"@id\":\"https:\\\/\\\/www.fcbarcelonanoticias.com\\\/en\\\/fc-barcelona\\\/the-image-of-joan-laporta-that-excites-with-the-return-to-the-camp-nou_314491_102.html#primaryimage\"},\"thumbnailUrl\":\"https:\\\/\\\/www.fcbarcelonanoticias.com\\\/en\\\/wp-content\\\/uploads\\\/sites\\\/2\\\/2026\\\/03\\\/laporta-se-pronuncia-sobre-el-camp-nou-plazos-licencias-champions-y-el-homenaje-a-messi.jpeg\",\"datePublished\":\"2025-08-29T19:26:00+00:00\",\"dateModified\":\"2026-03-27T10:40:25+00:00\",\"author\":{\"@id\":\"https:\\\/\\\/www.fcbarcelonanoticias.com\\\/en\\\/#\\\/schema\\\/person\\\/991443f134df9a64c6874f96ff984c9d\"},\"description\":\"The viral image of Joan Laporta at the Camp Nou sparks rumors about FC Barcelona's return to its temple. Here we tell you everything that is known\",\"breadcrumb\":{\"@id\":\"https:\\\/\\\/www.fcbarcelonanoticias.com\\\/en\\\/fc-barcelona\\\/the-image-of-joan-laporta-that-excites-with-the-return-to-the-camp-nou_314491_102.html#breadcrumb\"},\"inLanguage\":\"en-US\",\"potentialAction\":[{\"@type\":\"ReadAction\",\"target\":[\"https:\\\/\\\/www.fcbarcelonanoticias.com\\\/en\\\/fc-barcelona\\\/the-image-of-joan-laporta-that-excites-with-the-return-to-the-camp-nou_314491_102.html\"]}]},{\"@type\":\"ImageObject\",\"inLanguage\":\"en-US\",\"@id\":\"https:\\\/\\\/www.fcbarcelonanoticias.com\\\/en\\\/fc-barcelona\\\/the-image-of-joan-laporta-that-excites-with-the-return-to-the-camp-nou_314491_102.html#primaryimage\",\"url\":\"https:\\\/\\\/www.fcbarcelonanoticias.com\\\/en\\\/wp-content\\\/uploads\\\/sites\\\/2\\\/2026\\\/03\\\/laporta-se-pronuncia-sobre-el-camp-nou-plazos-licencias-champions-y-el-homenaje-a-messi.jpeg\",\"contentUrl\":\"https:\\\/\\\/www.fcbarcelonanoticias.com\\\/en\\\/wp-content\\\/uploads\\\/sites\\\/2\\\/2026\\\/03\\\/laporta-se-pronuncia-sobre-el-camp-nou-plazos-licencias-champions-y-el-homenaje-a-messi.jpeg\",\"width\":1200,\"height\":675},{\"@type\":\"BreadcrumbList\",\"@id\":\"https:\\\/\\\/www.fcbarcelonanoticias.com\\\/en\\\/fc-barcelona\\\/the-image-of-joan-laporta-that-excites-with-the-return-to-the-camp-nou_314491_102.html#breadcrumb\",\"itemListElement\":[{\"@type\":\"ListItem\",\"position\":1,\"name\":\"Portada\",\"item\":\"https:\\\/\\\/www.fcbarcelonanoticias.com\\\/en\\\/\"},{\"@type\":\"ListItem\",\"position\":2,\"name\":\"The image of Joan Laporta that excites with the return to the Camp Nou\"}]},{\"@type\":\"WebSite\",\"@id\":\"https:\\\/\\\/www.fcbarcelonanoticias.com\\\/en\\\/#website\",\"url\":\"https:\\\/\\\/www.fcbarcelonanoticias.com\\\/en\\\/\",\"name\":\"EN - FC Barcelona Noticias\",\"description\":\"\",\"potentialAction\":[{\"@type\":\"SearchAction\",\"target\":{\"@type\":\"EntryPoint\",\"urlTemplate\":\"https:\\\/\\\/www.fcbarcelonanoticias.com\\\/en\\\/?s={search_term_string}\"},\"query-input\":{\"@type\":\"PropertyValueSpecification\",\"valueRequired\":true,\"valueName\":\"search_term_string\"}}],\"inLanguage\":\"en-US\"},{\"@type\":\"Person\",\"@id\":\"https:\\\/\\\/www.fcbarcelonanoticias.com\\\/en\\\/#\\\/schema\\\/person\\\/991443f134df9a64c6874f96ff984c9d\",\"name\":\"Kevin G\u00f3mez\",\"image\":{\"@type\":\"ImageObject\",\"inLanguage\":\"en-US\",\"@id\":\"https:\\\/\\\/secure.gravatar.com\\\/avatar\\\/?s=96&d=mm&r=g\",\"url\":\"https:\\\/\\\/secure.gravatar.com\\\/avatar\\\/?s=96&d=mm&r=g\",\"contentUrl\":\"https:\\\/\\\/secure.gravatar.com\\\/avatar\\\/?s=96&d=mm&r=g\",\"caption\":\"Kevin G\u00f3mez\"},\"description\":\"Licenciado\u00a0en Periodismo y Comunicaci\u00f3n Audiovisual. Redactor en FCBN responsable de cubrir toda\u00a0la informaci\u00f3n del FC Barcelona y las principales competiciones de\u00a0f\u00fatbol.\",\"url\":\"https:\\\/\\\/www.fcbarcelonanoticias.com\\\/en\\\/jugadores\\\/kevin-gomez_23_115.html\"}]}<\/script>\n<!-- \/ Yoast SEO plugin. -->","yoast_head_json":{"title":"The image of Joan Laporta that excites with the return to the Camp Nou","description":"The viral image of Joan Laporta at the Camp Nou sparks rumors about FC Barcelona's return to its temple. Here we tell you everything that is known","robots":{"index":"index","follow":"follow","max-snippet":"max-snippet:-1","max-image-preview":"max-image-preview:large","max-video-preview":"max-video-preview:-1"},"canonical":"https:\/\/www.fcbarcelonanoticias.com\/en\/fc-barcelona\/the-image-of-joan-laporta-that-excites-with-the-return-to-the-camp-nou_314491_102.html","og_locale":"en_US","og_type":"article","og_title":"The image of Joan Laporta that excites with the return to the Camp Nou","og_description":"The viral image of Joan Laporta at the Camp Nou sparks rumors about FC Barcelona's return to its temple. Here we tell you everything that is known","og_url":"https:\/\/www.fcbarcelonanoticias.com\/en\/fc-barcelona\/the-image-of-joan-laporta-that-excites-with-the-return-to-the-camp-nou_314491_102.html","og_site_name":"EN - FC Barcelona Noticias","article_published_time":"2025-08-29T19:26:00+00:00","article_modified_time":"2026-03-27T10:40:25+00:00","og_image":[{"width":1200,"height":675,"url":"https:\/\/www.fcbarcelonanoticias.com\/en\/wp-content\/uploads\/sites\/2\/2026\/03\/laporta-se-pronuncia-sobre-el-camp-nou-plazos-licencias-champions-y-el-homenaje-a-messi.jpeg","type":"image\/jpeg"}],"author":"Kevin G\u00f3mez","twitter_card":"summary_large_image","twitter_misc":{"Written by":"Kevin G\u00f3mez","Est. reading time":"3 minutes"},"schema":{"@context":"https:\/\/schema.org","@graph":[{"@type":"Article","@id":"https:\/\/www.fcbarcelonanoticias.com\/en\/fc-barcelona\/the-image-of-joan-laporta-that-excites-with-the-return-to-the-camp-nou_314491_102.html#article","isPartOf":{"@id":"https:\/\/www.fcbarcelonanoticias.com\/en\/fc-barcelona\/the-image-of-joan-laporta-that-excites-with-the-return-to-the-camp-nou_314491_102.html"},"author":{"name":"Kevin G\u00f3mez","@id":"https:\/\/www.fcbarcelonanoticias.com\/en\/#\/schema\/person\/991443f134df9a64c6874f96ff984c9d"},"headline":"The image of Joan Laporta that excites with the return to the Camp Nou","datePublished":"2025-08-29T19:26:00+00:00","dateModified":"2026-03-27T10:40:25+00:00","mainEntityOfPage":{"@id":"https:\/\/www.fcbarcelonanoticias.com\/en\/fc-barcelona\/the-image-of-joan-laporta-that-excites-with-the-return-to-the-camp-nou_314491_102.html"},"wordCount":545,"image":{"@id":"https:\/\/www.fcbarcelonanoticias.com\/en\/fc-barcelona\/the-image-of-joan-laporta-that-excites-with-the-return-to-the-camp-nou_314491_102.html#primaryimage"},"thumbnailUrl":"https:\/\/www.fcbarcelonanoticias.com\/en\/wp-content\/uploads\/sites\/2\/2026\/03\/laporta-se-pronuncia-sobre-el-camp-nou-plazos-licencias-champions-y-el-homenaje-a-messi.jpeg","keywords":["Camp Nou","Joan Laporta","Viral"],"articleSection":["FC Barcelona"],"inLanguage":"en-US"},{"@type":"WebPage","@id":"https:\/\/www.fcbarcelonanoticias.com\/en\/fc-barcelona\/the-image-of-joan-laporta-that-excites-with-the-return-to-the-camp-nou_314491_102.html","url":"https:\/\/www.fcbarcelonanoticias.com\/en\/fc-barcelona\/the-image-of-joan-laporta-that-excites-with-the-return-to-the-camp-nou_314491_102.html","name":"The image of Joan Laporta that excites with the return to the Camp Nou","isPartOf":{"@id":"https:\/\/www.fcbarcelonanoticias.com\/en\/#website"},"primaryImageOfPage":{"@id":"https:\/\/www.fcbarcelonanoticias.com\/en\/fc-barcelona\/the-image-of-joan-laporta-that-excites-with-the-return-to-the-camp-nou_314491_102.html#primaryimage"},"image":{"@id":"https:\/\/www.fcbarcelonanoticias.com\/en\/fc-barcelona\/the-image-of-joan-laporta-that-excites-with-the-return-to-the-camp-nou_314491_102.html#primaryimage"},"thumbnailUrl":"https:\/\/www.fcbarcelonanoticias.com\/en\/wp-content\/uploads\/sites\/2\/2026\/03\/laporta-se-pronuncia-sobre-el-camp-nou-plazos-licencias-champions-y-el-homenaje-a-messi.jpeg","datePublished":"2025-08-29T19:26:00+00:00","dateModified":"2026-03-27T10:40:25+00:00","author":{"@id":"https:\/\/www.fcbarcelonanoticias.com\/en\/#\/schema\/person\/991443f134df9a64c6874f96ff984c9d"},"description":"The viral image of Joan Laporta at the Camp Nou sparks rumors about FC Barcelona's return to its temple. Here we tell you everything that is known","breadcrumb":{"@id":"https:\/\/www.fcbarcelonanoticias.com\/en\/fc-barcelona\/the-image-of-joan-laporta-that-excites-with-the-return-to-the-camp-nou_314491_102.html#breadcrumb"},"inLanguage":"en-US","potentialAction":[{"@type":"ReadAction","target":["https:\/\/www.fcbarcelonanoticias.com\/en\/fc-barcelona\/the-image-of-joan-laporta-that-excites-with-the-return-to-the-camp-nou_314491_102.html"]}]},{"@type":"ImageObject","inLanguage":"en-US","@id":"https:\/\/www.fcbarcelonanoticias.com\/en\/fc-barcelona\/the-image-of-joan-laporta-that-excites-with-the-return-to-the-camp-nou_314491_102.html#primaryimage","url":"https:\/\/www.fcbarcelonanoticias.com\/en\/wp-content\/uploads\/sites\/2\/2026\/03\/laporta-se-pronuncia-sobre-el-camp-nou-plazos-licencias-champions-y-el-homenaje-a-messi.jpeg","contentUrl":"https:\/\/www.fcbarcelonanoticias.com\/en\/wp-content\/uploads\/sites\/2\/2026\/03\/laporta-se-pronuncia-sobre-el-camp-nou-plazos-licencias-champions-y-el-homenaje-a-messi.jpeg","width":1200,"height":675},{"@type":"BreadcrumbList","@id":"https:\/\/www.fcbarcelonanoticias.com\/en\/fc-barcelona\/the-image-of-joan-laporta-that-excites-with-the-return-to-the-camp-nou_314491_102.html#breadcrumb","itemListElement":[{"@type":"ListItem","position":1,"name":"Portada","item":"https:\/\/www.fcbarcelonanoticias.com\/en\/"},{"@type":"ListItem","position":2,"name":"The image of Joan Laporta that excites with the return to the Camp Nou"}]},{"@type":"WebSite","@id":"https:\/\/www.fcbarcelonanoticias.com\/en\/#website","url":"https:\/\/www.fcbarcelonanoticias.com\/en\/","name":"EN - FC Barcelona Noticias","description":"","potentialAction":[{"@type":"SearchAction","target":{"@type":"EntryPoint","urlTemplate":"https:\/\/www.fcbarcelonanoticias.com\/en\/?s={search_term_string}"},"query-input":{"@type":"PropertyValueSpecification","valueRequired":true,"valueName":"search_term_string"}}],"inLanguage":"en-US"},{"@type":"Person","@id":"https:\/\/www.fcbarcelonanoticias.com\/en\/#\/schema\/person\/991443f134df9a64c6874f96ff984c9d","name":"Kevin G\u00f3mez","image":{"@type":"ImageObject","inLanguage":"en-US","@id":"https:\/\/secure.gravatar.com\/avatar\/?s=96&d=mm&r=g","url":"https:\/\/secure.gravatar.com\/avatar\/?s=96&d=mm&r=g","contentUrl":"https:\/\/secure.gravatar.com\/avatar\/?s=96&d=mm&r=g","caption":"Kevin G\u00f3mez"},"description":"Licenciado\u00a0en Periodismo y Comunicaci\u00f3n Audiovisual. Redactor en FCBN responsable de cubrir toda\u00a0la informaci\u00f3n del FC Barcelona y las principales competiciones de\u00a0f\u00fatbol.","url":"https:\/\/www.fcbarcelonanoticias.com\/en\/jugadores\/kevin-gomez_23_115.html"}]}},"_links":{"self":[{"href":"https:\/\/www.fcbarcelonanoticias.com\/en\/wp-json\/wp\/v2\/posts\/29696","targetHints":{"allow":["GET"]}}],"collection":[{"href":"https:\/\/www.fcbarcelonanoticias.com\/en\/wp-json\/wp\/v2\/posts"}],"about":[{"href":"https:\/\/www.fcbarcelonanoticias.com\/en\/wp-json\/wp\/v2\/types\/post"}],"author":[{"embeddable":true,"href":"https:\/\/www.fcbarcelonanoticias.com\/en\/wp-json\/wp\/v2\/users\/355"}],"replies":[{"embeddable":true,"href":"https:\/\/www.fcbarcelonanoticias.com\/en\/wp-json\/wp\/v2\/comments?post=29696"}],"version-history":[{"count":4,"href":"https:\/\/www.fcbarcelonanoticias.com\/en\/wp-json\/wp\/v2\/posts\/29696\/revisions"}],"predecessor-version":[{"id":161226,"href":"https:\/\/www.fcbarcelonanoticias.com\/en\/wp-json\/wp\/v2\/posts\/29696\/revisions\/161226"}],"wp:featuredmedia":[{"embeddable":true,"href":"https:\/\/www.fcbarcelonanoticias.com\/en\/wp-json\/wp\/v2\/media\/14527"}],"wp:attachment":[{"href":"https:\/\/www.fcbarcelonanoticias.com\/en\/wp-json\/wp\/v2\/media?parent=29696"}],"wp:term":[{"taxonomy":"category","embeddable":true,"href":"https:\/\/www.fcbarcelonanoticias.com\/en\/wp-json\/wp\/v2\/categories?post=29696"},{"taxonomy":"post_tag","embeddable":true,"href":"https:\/\/www.fcbarcelonanoticias.com\/en\/wp-json\/wp\/v2\/tags?post=29696"}],"curies":[{"name":"wp","href":"https:\/\/api.w.org\/{rel}","templated":true}]}}