{"id":29721,"date":"2023-01-14T13:07:00","date_gmt":"2023-01-14T12:07:00","guid":{"rendered":"https:\/\/weisetech.dev\/fc-barcelona-noticias\/en\/the-hard-calendar-of-barca-and-madrid-after-the-supercopa_288610_102\/"},"modified":"2023-01-14T13:07:00","modified_gmt":"2023-01-14T12:07:00","slug":"the-hard-calendar-of-barca-and-madrid-after-the-supercopa_288610_102","status":"publish","type":"post","link":"https:\/\/www.fcbarcelonanoticias.com\/en\/fc-barcelona\/the-hard-calendar-of-barca-and-madrid-after-the-supercopa_288610_102.html","title":{"rendered":"The tough schedule for Bar\u00e7a and Madrid after the Super Cup"},"content":{"rendered":"<h2 class=\"wp-block-heading\">Bar\u00e7a and Madrid will have to face difficult clashes in their next presentations after the Spanish Super Cup. The cul\u00e9s will have several crucial duels in the League and the Cup, while the whites will play one more tournament: the Club World Cup<\/h2>  \r\n<div class=\"article-addons\">\r\n    <a href=\"https:\/\/www.fcbarcelonanoticias.com\/en\/calendar-fc-barcelona.html\"\r\n       target=\"_self\"\r\n       title=\"Calendar of FC Barcelona\"\r\n       class=\"blue-gredient-btn\">\r\n       \r\n        Calendar of FC Barcelona    <\/a>\r\n<\/div>   <p>The <a data-external=\"0\" data-intl-links-en=\"https:\/\/www.fcbarcelonanoticias.com\/en\/supercopa-of-spain\/classical-in-the-supercopa-the-barca-wins-to-the-betis-in-penaltis-and-puts-in-the-final_288560_102.html\" data-intl-links-es=\"https:\/\/www.fcbarcelonanoticias.com\/supercopa-de-espana\/clasico-en-supercopa-barcelona-vence-betis-en-penaltis-se-mete-en-final_288560_102.html\" href=\"https:\/\/www.fcbarcelonanoticias.com\/en\/supercopa-of-spain\/classical-in-the-supercopa-the-barca-wins-to-the-betis-in-penaltis-and-puts-in-the-final_288560_102.html\" rel=\"follow\" target=\"_self\" title=\"\u00a1Cl\u00e1sico en la Supercopa! El Bar\u00e7a vence al Betis en penaltis y se mete en la final\">FC Barcelona and the Real Madrid<\/a> will be contesting once again the final of the Supercopa of Spain, for the first time after the implementation of the new format of &#8216;final four&#8217; that will decide  in Saudi territory. However, <strong>both teams arrive with a hard calendar<\/strong> in the middle of a month in which they will have to contest until three competitions to local level with the corresponding commitments to LaLiga and the Glass of Rey, whereas February marks the reinicio of the activity to international level.<\/p> <p>In addition to being a crash that could alter the list of winners of the competition, that for the moment leads the Bar\u00e7a with 13 trophies, to one of the whites that could equalise them in the leadership, cul\u00e9s and merengues have several pending challenges in the following weeks, by <strong>what will have to try finish the crash with all his pieces<\/strong>, taking in account that each trainer wants to have all his pieces for the rest of parties.<\/p> <p>The Bar\u00e7a, in spite of some tropiezos after the stop mundialista, has come showing a good rhythm, consolidating in the peak of the classification liguera, amen of some marked parties by the controversy. The whites, by his part, have come waning, especially after the defeat in front of the Villarreal in The Ceramics. Even so, <strong>it costs to remember that both teams accessed to the final in both definitions by penaltis in front of the Betis and Valencia<\/strong>, respectively.<\/p> <h4>The calendar of the Bar\u00e7a and the Madrid<\/h4> <p>Once finalised the meeting in Riad, the Barcelona will have to go back to measure  to the AD Ceuta the Thursday 19 January. The day 22 will receive to the Getafe in the frame of LaLiga and the 28 will visit to the Girona (both parties without Robert Lewandowski). On 1 February it will step Benito Villamar\u00edn to measure  to the Betis before receiving to the Seville (5 February) and play in The Ceramics in front of the Villarreal (12 February). <strong>The 16 will contest the playoffs of the Europe League in front of the Manchester United (gone home)<\/strong>, will receive to the C\u00e1diz the 19 before the revancha in Old Trafford (23 February) and will close the second month of the year with a visit to the Almer\u00eda the day 26.<\/p> <p>By his part the Real Madrid has like following rival after the Supercopa of Spain to the Villarreal in the eighth of final of the Glass of the King on 19 January, a crash with flavour to revancha in The Ceramics. The day 22 will visit to the Athletic in Saint Mam\u00e9s in the reinicio of LaLiga and will receive to the Real Sociedad the 29. February will initiate with two bump suspender belts home in front of Valencia (2 February) and of visitor in front of the Mallorca (day 5). It will travel to Morocco to contest the World-wide of Clubs on 8 February and will go back to Spain to receive to the Elche and visit to Osasuna the days 12 and 19 February, respectively. <strong>The closing of the month will be hard, with the visit to the Liverpool in Champions on 21 February and the derbi in front of the Athletic in the Bernab\u00e9u the day 26<\/strong>.<\/p> ","protected":false},"excerpt":{"rendered":"<p>Bar\u00e7a and Madrid will have to face difficult clashes in their next presentations after the Spanish Super Cup. The cul\u00e9s will have several crucial duels in the League and the Cup, while the whites will play one more tournament: the Club World Cup The FC Barcelona and the Real Madrid will be contesting once again [&hellip;]<\/p>\n","protected":false},"author":363,"featured_media":14397,"comment_status":"closed","ping_status":"open","sticky":false,"template":"","format":"standard","meta":{"_acf_changed":false,"inline_featured_image":false,"_nextfly_llmd_date_locked":false,"footnotes":""},"categories":[111],"tags":[59,101,80,93],"class_list":["post-29721","post","type-post","status-publish","format-standard","has-post-thumbnail","hentry","category-fc-barcelona","tag-atletico-de-madrid","tag-liverpool","tag-valencia-cf","tag-villarreal-cf"],"acf":[],"yoast_head":"<!-- This site is optimized with the Yoast SEO plugin v27.3 - https:\/\/yoast.com\/product\/yoast-seo-wordpress\/ -->\n<title>The hard calendar of Bar\u00e7a and Madrid after the Supercopa<\/title>\n<meta name=\"description\" content=\"The Bar\u00e7a and the Madrid will have to face difficult crashes in his next presentations after the Supercopa of Spain. The cul\u00e9s will have several crucial duels in League and Glass, whereas the whites will play a tournament more: the World-wide of Clubs\" \/>\n<meta name=\"robots\" content=\"index, follow, max-snippet:-1, max-image-preview:large, max-video-preview:-1\" \/>\n<link rel=\"canonical\" href=\"https:\/\/www.fcbarcelonanoticias.com\/en\/fc-barcelona\/the-hard-calendar-of-barca-and-madrid-after-the-supercopa_288610_102.html\" \/>\n<meta property=\"og:locale\" content=\"en_US\" \/>\n<meta property=\"og:type\" content=\"article\" \/>\n<meta property=\"og:title\" content=\"The hard calendar of Bar\u00e7a and Madrid after the Supercopa\" \/>\n<meta property=\"og:description\" content=\"The Bar\u00e7a and the Madrid will have to face difficult crashes in his next presentations after the Supercopa of Spain. The cul\u00e9s will have several crucial duels in League and Glass, whereas the whites will play a tournament more: the World-wide of Clubs\" \/>\n<meta property=\"og:url\" content=\"https:\/\/www.fcbarcelonanoticias.com\/en\/fc-barcelona\/the-hard-calendar-of-barca-and-madrid-after-the-supercopa_288610_102.html\" \/>\n<meta property=\"og:site_name\" content=\"EN - FC Barcelona Noticias\" \/>\n<meta property=\"article:published_time\" content=\"2023-01-14T12:07:00+00:00\" \/>\n<meta property=\"og:image\" content=\"https:\/\/www.fcbarcelonanoticias.com\/en\/wp-content\/uploads\/sites\/2\/2023\/01\/fbl-esp-liga-real-madrid-barcelona-1.jpeg\" \/>\n\t<meta property=\"og:image:width\" content=\"1200\" \/>\n\t<meta property=\"og:image:height\" content=\"704\" \/>\n\t<meta property=\"og:image:type\" content=\"image\/jpeg\" \/>\n<meta name=\"author\" content=\"Claudio Betancourt\" \/>\n<meta name=\"twitter:card\" content=\"summary_large_image\" \/>\n<meta name=\"twitter:label1\" content=\"Written by\" \/>\n\t<meta name=\"twitter:data1\" content=\"Claudio Betancourt\" \/>\n\t<meta name=\"twitter:label2\" content=\"Est. reading time\" \/>\n\t<meta name=\"twitter:data2\" content=\"3 minutes\" \/>\n<script type=\"application\/ld+json\" class=\"yoast-schema-graph\">{\"@context\":\"https:\\\/\\\/schema.org\",\"@graph\":[{\"@type\":\"Article\",\"@id\":\"https:\\\/\\\/www.fcbarcelonanoticias.com\\\/en\\\/fc-barcelona\\\/the-hard-calendar-of-barca-and-madrid-after-the-supercopa_288610_102.html#article\",\"isPartOf\":{\"@id\":\"https:\\\/\\\/www.fcbarcelonanoticias.com\\\/en\\\/fc-barcelona\\\/the-hard-calendar-of-barca-and-madrid-after-the-supercopa_288610_102.html\"},\"author\":{\"name\":\"Claudio Betancourt\",\"@id\":\"https:\\\/\\\/www.fcbarcelonanoticias.com\\\/en\\\/#\\\/schema\\\/person\\\/76c77917e39f918eb1604c571055386e\"},\"headline\":\"The tough schedule for Bar\u00e7a and Madrid after the Super Cup\",\"datePublished\":\"2023-01-14T12:07:00+00:00\",\"mainEntityOfPage\":{\"@id\":\"https:\\\/\\\/www.fcbarcelonanoticias.com\\\/en\\\/fc-barcelona\\\/the-hard-calendar-of-barca-and-madrid-after-the-supercopa_288610_102.html\"},\"wordCount\":591,\"image\":{\"@id\":\"https:\\\/\\\/www.fcbarcelonanoticias.com\\\/en\\\/fc-barcelona\\\/the-hard-calendar-of-barca-and-madrid-after-the-supercopa_288610_102.html#primaryimage\"},\"thumbnailUrl\":\"https:\\\/\\\/www.fcbarcelonanoticias.com\\\/en\\\/wp-content\\\/uploads\\\/sites\\\/2\\\/2023\\\/01\\\/fbl-esp-liga-real-madrid-barcelona-1.jpeg\",\"keywords\":[\"Atl\u00e9tico de Madrid\",\"Liverpool\",\"Valencia CF\",\"Villarreal CF\"],\"articleSection\":[\"FC Barcelona\"],\"inLanguage\":\"en-US\"},{\"@type\":\"WebPage\",\"@id\":\"https:\\\/\\\/www.fcbarcelonanoticias.com\\\/en\\\/fc-barcelona\\\/the-hard-calendar-of-barca-and-madrid-after-the-supercopa_288610_102.html\",\"url\":\"https:\\\/\\\/www.fcbarcelonanoticias.com\\\/en\\\/fc-barcelona\\\/the-hard-calendar-of-barca-and-madrid-after-the-supercopa_288610_102.html\",\"name\":\"The hard calendar of Bar\u00e7a and Madrid after the Supercopa\",\"isPartOf\":{\"@id\":\"https:\\\/\\\/www.fcbarcelonanoticias.com\\\/en\\\/#website\"},\"primaryImageOfPage\":{\"@id\":\"https:\\\/\\\/www.fcbarcelonanoticias.com\\\/en\\\/fc-barcelona\\\/the-hard-calendar-of-barca-and-madrid-after-the-supercopa_288610_102.html#primaryimage\"},\"image\":{\"@id\":\"https:\\\/\\\/www.fcbarcelonanoticias.com\\\/en\\\/fc-barcelona\\\/the-hard-calendar-of-barca-and-madrid-after-the-supercopa_288610_102.html#primaryimage\"},\"thumbnailUrl\":\"https:\\\/\\\/www.fcbarcelonanoticias.com\\\/en\\\/wp-content\\\/uploads\\\/sites\\\/2\\\/2023\\\/01\\\/fbl-esp-liga-real-madrid-barcelona-1.jpeg\",\"datePublished\":\"2023-01-14T12:07:00+00:00\",\"author\":{\"@id\":\"https:\\\/\\\/www.fcbarcelonanoticias.com\\\/en\\\/#\\\/schema\\\/person\\\/76c77917e39f918eb1604c571055386e\"},\"description\":\"The Bar\u00e7a and the Madrid will have to face difficult crashes in his next presentations after the Supercopa of Spain. The cul\u00e9s will have several crucial duels in League and Glass, whereas the whites will play a tournament more: the World-wide of Clubs\",\"breadcrumb\":{\"@id\":\"https:\\\/\\\/www.fcbarcelonanoticias.com\\\/en\\\/fc-barcelona\\\/the-hard-calendar-of-barca-and-madrid-after-the-supercopa_288610_102.html#breadcrumb\"},\"inLanguage\":\"en-US\",\"potentialAction\":[{\"@type\":\"ReadAction\",\"target\":[\"https:\\\/\\\/www.fcbarcelonanoticias.com\\\/en\\\/fc-barcelona\\\/the-hard-calendar-of-barca-and-madrid-after-the-supercopa_288610_102.html\"]}]},{\"@type\":\"ImageObject\",\"inLanguage\":\"en-US\",\"@id\":\"https:\\\/\\\/www.fcbarcelonanoticias.com\\\/en\\\/fc-barcelona\\\/the-hard-calendar-of-barca-and-madrid-after-the-supercopa_288610_102.html#primaryimage\",\"url\":\"https:\\\/\\\/www.fcbarcelonanoticias.com\\\/en\\\/wp-content\\\/uploads\\\/sites\\\/2\\\/2023\\\/01\\\/fbl-esp-liga-real-madrid-barcelona-1.jpeg\",\"contentUrl\":\"https:\\\/\\\/www.fcbarcelonanoticias.com\\\/en\\\/wp-content\\\/uploads\\\/sites\\\/2\\\/2023\\\/01\\\/fbl-esp-liga-real-madrid-barcelona-1.jpeg\",\"width\":1200,\"height\":704},{\"@type\":\"BreadcrumbList\",\"@id\":\"https:\\\/\\\/www.fcbarcelonanoticias.com\\\/en\\\/fc-barcelona\\\/the-hard-calendar-of-barca-and-madrid-after-the-supercopa_288610_102.html#breadcrumb\",\"itemListElement\":[{\"@type\":\"ListItem\",\"position\":1,\"name\":\"Portada\",\"item\":\"https:\\\/\\\/www.fcbarcelonanoticias.com\\\/en\\\/\"},{\"@type\":\"ListItem\",\"position\":2,\"name\":\"The tough schedule for Bar\u00e7a and Madrid after the Super Cup\"}]},{\"@type\":\"WebSite\",\"@id\":\"https:\\\/\\\/www.fcbarcelonanoticias.com\\\/en\\\/#website\",\"url\":\"https:\\\/\\\/www.fcbarcelonanoticias.com\\\/en\\\/\",\"name\":\"EN - FC Barcelona Noticias\",\"description\":\"\",\"potentialAction\":[{\"@type\":\"SearchAction\",\"target\":{\"@type\":\"EntryPoint\",\"urlTemplate\":\"https:\\\/\\\/www.fcbarcelonanoticias.com\\\/en\\\/?s={search_term_string}\"},\"query-input\":{\"@type\":\"PropertyValueSpecification\",\"valueRequired\":true,\"valueName\":\"search_term_string\"}}],\"inLanguage\":\"en-US\"},{\"@type\":\"Person\",\"@id\":\"https:\\\/\\\/www.fcbarcelonanoticias.com\\\/en\\\/#\\\/schema\\\/person\\\/76c77917e39f918eb1604c571055386e\",\"name\":\"Claudio Betancourt\",\"image\":{\"@type\":\"ImageObject\",\"inLanguage\":\"en-US\",\"@id\":\"https:\\\/\\\/secure.gravatar.com\\\/avatar\\\/?s=96&d=mm&r=g\",\"url\":\"https:\\\/\\\/secure.gravatar.com\\\/avatar\\\/?s=96&d=mm&r=g\",\"contentUrl\":\"https:\\\/\\\/secure.gravatar.com\\\/avatar\\\/?s=96&d=mm&r=g\",\"caption\":\"Claudio Betancourt\"},\"url\":\"https:\\\/\\\/www.fcbarcelonanoticias.com\\\/en\\\/claudio-betancourt_14_115.html\"}]}<\/script>\n<!-- \/ Yoast SEO plugin. -->","yoast_head_json":{"title":"The hard calendar of Bar\u00e7a and Madrid after the Supercopa","description":"The Bar\u00e7a and the Madrid will have to face difficult crashes in his next presentations after the Supercopa of Spain. The cul\u00e9s will have several crucial duels in League and Glass, whereas the whites will play a tournament more: the World-wide of Clubs","robots":{"index":"index","follow":"follow","max-snippet":"max-snippet:-1","max-image-preview":"max-image-preview:large","max-video-preview":"max-video-preview:-1"},"canonical":"https:\/\/www.fcbarcelonanoticias.com\/en\/fc-barcelona\/the-hard-calendar-of-barca-and-madrid-after-the-supercopa_288610_102.html","og_locale":"en_US","og_type":"article","og_title":"The hard calendar of Bar\u00e7a and Madrid after the Supercopa","og_description":"The Bar\u00e7a and the Madrid will have to face difficult crashes in his next presentations after the Supercopa of Spain. The cul\u00e9s will have several crucial duels in League and Glass, whereas the whites will play a tournament more: the World-wide of Clubs","og_url":"https:\/\/www.fcbarcelonanoticias.com\/en\/fc-barcelona\/the-hard-calendar-of-barca-and-madrid-after-the-supercopa_288610_102.html","og_site_name":"EN - FC Barcelona Noticias","article_published_time":"2023-01-14T12:07:00+00:00","og_image":[{"width":1200,"height":704,"url":"https:\/\/www.fcbarcelonanoticias.com\/en\/wp-content\/uploads\/sites\/2\/2023\/01\/fbl-esp-liga-real-madrid-barcelona-1.jpeg","type":"image\/jpeg"}],"author":"Claudio Betancourt","twitter_card":"summary_large_image","twitter_misc":{"Written by":"Claudio Betancourt","Est. reading time":"3 minutes"},"schema":{"@context":"https:\/\/schema.org","@graph":[{"@type":"Article","@id":"https:\/\/www.fcbarcelonanoticias.com\/en\/fc-barcelona\/the-hard-calendar-of-barca-and-madrid-after-the-supercopa_288610_102.html#article","isPartOf":{"@id":"https:\/\/www.fcbarcelonanoticias.com\/en\/fc-barcelona\/the-hard-calendar-of-barca-and-madrid-after-the-supercopa_288610_102.html"},"author":{"name":"Claudio Betancourt","@id":"https:\/\/www.fcbarcelonanoticias.com\/en\/#\/schema\/person\/76c77917e39f918eb1604c571055386e"},"headline":"The tough schedule for Bar\u00e7a and Madrid after the Super Cup","datePublished":"2023-01-14T12:07:00+00:00","mainEntityOfPage":{"@id":"https:\/\/www.fcbarcelonanoticias.com\/en\/fc-barcelona\/the-hard-calendar-of-barca-and-madrid-after-the-supercopa_288610_102.html"},"wordCount":591,"image":{"@id":"https:\/\/www.fcbarcelonanoticias.com\/en\/fc-barcelona\/the-hard-calendar-of-barca-and-madrid-after-the-supercopa_288610_102.html#primaryimage"},"thumbnailUrl":"https:\/\/www.fcbarcelonanoticias.com\/en\/wp-content\/uploads\/sites\/2\/2023\/01\/fbl-esp-liga-real-madrid-barcelona-1.jpeg","keywords":["Atl\u00e9tico de Madrid","Liverpool","Valencia CF","Villarreal CF"],"articleSection":["FC Barcelona"],"inLanguage":"en-US"},{"@type":"WebPage","@id":"https:\/\/www.fcbarcelonanoticias.com\/en\/fc-barcelona\/the-hard-calendar-of-barca-and-madrid-after-the-supercopa_288610_102.html","url":"https:\/\/www.fcbarcelonanoticias.com\/en\/fc-barcelona\/the-hard-calendar-of-barca-and-madrid-after-the-supercopa_288610_102.html","name":"The hard calendar of Bar\u00e7a and Madrid after the Supercopa","isPartOf":{"@id":"https:\/\/www.fcbarcelonanoticias.com\/en\/#website"},"primaryImageOfPage":{"@id":"https:\/\/www.fcbarcelonanoticias.com\/en\/fc-barcelona\/the-hard-calendar-of-barca-and-madrid-after-the-supercopa_288610_102.html#primaryimage"},"image":{"@id":"https:\/\/www.fcbarcelonanoticias.com\/en\/fc-barcelona\/the-hard-calendar-of-barca-and-madrid-after-the-supercopa_288610_102.html#primaryimage"},"thumbnailUrl":"https:\/\/www.fcbarcelonanoticias.com\/en\/wp-content\/uploads\/sites\/2\/2023\/01\/fbl-esp-liga-real-madrid-barcelona-1.jpeg","datePublished":"2023-01-14T12:07:00+00:00","author":{"@id":"https:\/\/www.fcbarcelonanoticias.com\/en\/#\/schema\/person\/76c77917e39f918eb1604c571055386e"},"description":"The Bar\u00e7a and the Madrid will have to face difficult crashes in his next presentations after the Supercopa of Spain. The cul\u00e9s will have several crucial duels in League and Glass, whereas the whites will play a tournament more: the World-wide of Clubs","breadcrumb":{"@id":"https:\/\/www.fcbarcelonanoticias.com\/en\/fc-barcelona\/the-hard-calendar-of-barca-and-madrid-after-the-supercopa_288610_102.html#breadcrumb"},"inLanguage":"en-US","potentialAction":[{"@type":"ReadAction","target":["https:\/\/www.fcbarcelonanoticias.com\/en\/fc-barcelona\/the-hard-calendar-of-barca-and-madrid-after-the-supercopa_288610_102.html"]}]},{"@type":"ImageObject","inLanguage":"en-US","@id":"https:\/\/www.fcbarcelonanoticias.com\/en\/fc-barcelona\/the-hard-calendar-of-barca-and-madrid-after-the-supercopa_288610_102.html#primaryimage","url":"https:\/\/www.fcbarcelonanoticias.com\/en\/wp-content\/uploads\/sites\/2\/2023\/01\/fbl-esp-liga-real-madrid-barcelona-1.jpeg","contentUrl":"https:\/\/www.fcbarcelonanoticias.com\/en\/wp-content\/uploads\/sites\/2\/2023\/01\/fbl-esp-liga-real-madrid-barcelona-1.jpeg","width":1200,"height":704},{"@type":"BreadcrumbList","@id":"https:\/\/www.fcbarcelonanoticias.com\/en\/fc-barcelona\/the-hard-calendar-of-barca-and-madrid-after-the-supercopa_288610_102.html#breadcrumb","itemListElement":[{"@type":"ListItem","position":1,"name":"Portada","item":"https:\/\/www.fcbarcelonanoticias.com\/en\/"},{"@type":"ListItem","position":2,"name":"The tough schedule for Bar\u00e7a and Madrid after the Super Cup"}]},{"@type":"WebSite","@id":"https:\/\/www.fcbarcelonanoticias.com\/en\/#website","url":"https:\/\/www.fcbarcelonanoticias.com\/en\/","name":"EN - FC Barcelona Noticias","description":"","potentialAction":[{"@type":"SearchAction","target":{"@type":"EntryPoint","urlTemplate":"https:\/\/www.fcbarcelonanoticias.com\/en\/?s={search_term_string}"},"query-input":{"@type":"PropertyValueSpecification","valueRequired":true,"valueName":"search_term_string"}}],"inLanguage":"en-US"},{"@type":"Person","@id":"https:\/\/www.fcbarcelonanoticias.com\/en\/#\/schema\/person\/76c77917e39f918eb1604c571055386e","name":"Claudio Betancourt","image":{"@type":"ImageObject","inLanguage":"en-US","@id":"https:\/\/secure.gravatar.com\/avatar\/?s=96&d=mm&r=g","url":"https:\/\/secure.gravatar.com\/avatar\/?s=96&d=mm&r=g","contentUrl":"https:\/\/secure.gravatar.com\/avatar\/?s=96&d=mm&r=g","caption":"Claudio Betancourt"},"url":"https:\/\/www.fcbarcelonanoticias.com\/en\/claudio-betancourt_14_115.html"}]}},"_links":{"self":[{"href":"https:\/\/www.fcbarcelonanoticias.com\/en\/wp-json\/wp\/v2\/posts\/29721","targetHints":{"allow":["GET"]}}],"collection":[{"href":"https:\/\/www.fcbarcelonanoticias.com\/en\/wp-json\/wp\/v2\/posts"}],"about":[{"href":"https:\/\/www.fcbarcelonanoticias.com\/en\/wp-json\/wp\/v2\/types\/post"}],"author":[{"embeddable":true,"href":"https:\/\/www.fcbarcelonanoticias.com\/en\/wp-json\/wp\/v2\/users\/363"}],"replies":[{"embeddable":true,"href":"https:\/\/www.fcbarcelonanoticias.com\/en\/wp-json\/wp\/v2\/comments?post=29721"}],"version-history":[{"count":1,"href":"https:\/\/www.fcbarcelonanoticias.com\/en\/wp-json\/wp\/v2\/posts\/29721\/revisions"}],"predecessor-version":[{"id":30747,"href":"https:\/\/www.fcbarcelonanoticias.com\/en\/wp-json\/wp\/v2\/posts\/29721\/revisions\/30747"}],"wp:featuredmedia":[{"embeddable":true,"href":"https:\/\/www.fcbarcelonanoticias.com\/en\/wp-json\/wp\/v2\/media\/14397"}],"wp:attachment":[{"href":"https:\/\/www.fcbarcelonanoticias.com\/en\/wp-json\/wp\/v2\/media?parent=29721"}],"wp:term":[{"taxonomy":"category","embeddable":true,"href":"https:\/\/www.fcbarcelonanoticias.com\/en\/wp-json\/wp\/v2\/categories?post=29721"},{"taxonomy":"post_tag","embeddable":true,"href":"https:\/\/www.fcbarcelonanoticias.com\/en\/wp-json\/wp\/v2\/tags?post=29721"}],"curies":[{"name":"wp","href":"https:\/\/api.w.org\/{rel}","templated":true}]}}