{"id":29879,"date":"2022-09-20T02:32:00","date_gmt":"2022-09-20T00:32:00","guid":{"rendered":"https:\/\/weisetech.dev\/fc-barcelona-noticias\/en\/the-big-aim-of-rafa-marquez-with-the-barca-atletic_284538_102\/"},"modified":"2022-09-20T02:32:00","modified_gmt":"2022-09-20T00:32:00","slug":"the-big-aim-of-rafa-marquez-with-the-barca-atletic_284538_102","status":"publish","type":"post","link":"https:\/\/www.fcbarcelonanoticias.com\/en\/fc-barcelona\/the-big-aim-of-rafa-marquez-with-the-barca-atletic_284538_102.html","title":{"rendered":"Rafa M\u00e1rquez&#8217;s great goal with Bar\u00e7a Atl\u00e8tic"},"content":{"rendered":"<h2 class=\"wp-block-heading\">Rafa M\u00e1rquez spoke with &#8216;Mundo Deportivo&#8217; about his first two months as coach of the FC Barcelona subsidiary. For the Mexican, beyond the results, his goal is to train good footballers<\/h2>  \r\n<div class=\"article-addons\">\r\n    <a href=\"https:\/\/www.fcbarcelonanoticias.com\/en\/calendar-fc-barcelona.html\"\r\n       target=\"_self\"\r\n       title=\"Calendar of FC Barcelona\"\r\n       class=\"blue-gredient-btn\">\r\n       \r\n        Calendar of FC Barcelona    <\/a>\r\n<\/div>   <p>The filial of the <a data-external=\"0\" data-intl-links-en=\"https:\/\/www.fcbarcelonanoticias.com\/en\/fc-barcelona\/the-clause-surprise-of-the-barca-with-his-players-yielded_284535_102.html\" data-intl-links-es=\"https:\/\/www.fcbarcelonanoticias.com\/fc-barcelona\/clausula-sorpresa-barcelona-con-sus-jugadores-cedidos_284535_102.html\" href=\"https:\/\/www.fcbarcelonanoticias.com\/en\/fc-barcelona\/the-clause-surprise-of-the-barca-with-his-players-yielded_284535_102.html\" rel=\"follow\" target=\"_self\" title=\"La cl\u00e1usula sorpresa del Bar\u00e7a con sus jugadores cedidos\">FC Barcelona<\/a> has begun the season invicto in four days in the First RFEF, but with a pair of ties that have generated some doubts in the beginning of the season. With the aim to attain at least put in the &#8216;playoff&#8217; of promotion, <strong>Rafa M\u00e1rquez, new technician of the Bar\u00e7a Atl\u00e8tic, did a positive balance of his first two months in the club<\/strong> in which it has debuted like professional technician.<\/p>  <p>In an interview with &#8216;Sportive World&#8217;, the Mexican argued that, further of the results, his priority will be to form good footballers and contribute talents to the first team. <strong>&#8220;My main aim is to develop to the players. If possible inside and out of the field also. Obviously if they accompany the results the team goes to be followed working well and until where give us. Save the category and if it can go up , as better&#8221;<\/strong>, explained M\u00e1rquez.<\/p>  <p>The Bar\u00e7a Atl\u00e8tic comes to equalise the weekend in field of the Amorebieta, his second consecutive tie without goals out of house.<strong> In the Stadium of Football Johan Cruyff, the filial great two victories in front of the Castell\u00f3n (3-2) and the CD Calahorra (2-0).<\/strong> The weekend will receive to the Murcia, club that adds equal quantity of points that the blaugrana (8), with the obligation to win not to lose him stepped to the leader Alcoyano (10 points).<\/p>  <p>On the beginning of the season for his directed, M\u00e1rquez ensured that <strong>&#8220;from the first day there has not been a training in which the boys have not given it 100%. Always they have this big attitude. The most difficult will be to keep it during all the season&#8221;<\/strong>, sustained the Mexican, the one who besides appreciated to the directive for giving him the opportunity to direct. Obviously no it can him say that no <a data-external=\"0\" data-intl-links-en=\"https:\/\/www.fcbarcelonanoticias.com\/en\/club\/communique-of-the-barca-on-the-espai-barca-and-the-next-assembly_284526_102.html\" data-intl-links-es=\"https:\/\/www.fcbarcelonanoticias.com\/club\/comunicado-barcelona-sobre-espai-barca-proxima-asamblea_284526_102.html\" href=\"https:\/\/www.fcbarcelonanoticias.com\/en\/club\/communique-of-the-barca-on-the-espai-barca-and-the-next-assembly_284526_102.html\" rel=\"follow\" target=\"_self\" title=\"Comunicado del Bar\u00e7a sobre el Espai Bar\u00e7a y la pr\u00f3xima Asamblea\">to the Barcelona<\/a>. I came to Spain to do the course of trainer and is very important to go back to which is my house&#8221;, commented the ex head office cul\u00e9, bicampe\u00f3n of Europe in 2006 and 2009.<\/p>  <h3>The keys of the work of Rafa M\u00e1rquez<\/h3>  <p>For the new technician of the filial, work splits it mint is key to take out the best of a very young staff, but also talentosa. &#8220;It serves a lot in his development confront to people with more experience and more physical. <strong>We try to convince that, through our idea, can counter several things, but has been important to work the subject of the mentality. Be youngster does not avoid that you can struggle a ball and the boys interpret it well&#8221;<\/strong>, puntualiz\u00f3 in his interview for &#8216;Sportive World&#8217;.<\/p> ","protected":false},"excerpt":{"rendered":"<p>Rafa M\u00e1rquez spoke with &#8216;Mundo Deportivo&#8217; about his first two months as coach of the FC Barcelona subsidiary. For the Mexican, beyond the results, his goal is to train good footballers The filial of the FC Barcelona has begun the season invicto in four days in the First RFEF, but with a pair of ties [&hellip;]<\/p>\n","protected":false},"author":347,"featured_media":15796,"comment_status":"closed","ping_status":"open","sticky":false,"template":"","format":"standard","meta":{"_acf_changed":false,"inline_featured_image":false,"_nextfly_llmd_date_locked":false,"footnotes":""},"categories":[111],"tags":[],"class_list":["post-29879","post","type-post","status-publish","format-standard","has-post-thumbnail","hentry","category-fc-barcelona"],"acf":[],"yoast_head":"<!-- This site is optimized with the Yoast SEO plugin v27.3 - https:\/\/yoast.com\/product\/yoast-seo-wordpress\/ -->\n<title>The big aim of Rafa M\u00e1rquez with the Bar\u00e7a Atl\u00e8tic<\/title>\n<meta name=\"description\" content=\"Rafa M\u00e1rquez conversed with &#039;Sportive World&#039; on his first two months like technician of the filial of the FC Barcelona. For the Mexican, further of the result...\" \/>\n<meta name=\"robots\" content=\"index, follow, max-snippet:-1, max-image-preview:large, max-video-preview:-1\" \/>\n<link rel=\"canonical\" href=\"https:\/\/www.fcbarcelonanoticias.com\/en\/fc-barcelona\/the-big-aim-of-rafa-marquez-with-the-barca-atletic_284538_102.html\" \/>\n<meta property=\"og:locale\" content=\"en_US\" \/>\n<meta property=\"og:type\" content=\"article\" \/>\n<meta property=\"og:title\" content=\"The big aim of Rafa M\u00e1rquez with the Bar\u00e7a Atl\u00e8tic\" \/>\n<meta property=\"og:description\" content=\"Rafa M\u00e1rquez conversed with &#039;Sportive World&#039; on his first two months like technician of the filial of the FC Barcelona. For the Mexican, further of the result...\" \/>\n<meta property=\"og:url\" content=\"https:\/\/www.fcbarcelonanoticias.com\/en\/fc-barcelona\/the-big-aim-of-rafa-marquez-with-the-barca-atletic_284538_102.html\" \/>\n<meta property=\"og:site_name\" content=\"EN - FC Barcelona Noticias\" \/>\n<meta property=\"article:published_time\" content=\"2022-09-20T00:32:00+00:00\" \/>\n<meta property=\"og:image\" content=\"https:\/\/www.fcbarcelonanoticias.com\/en\/wp-content\/uploads\/sites\/2\/2023\/06\/rafa-marquez-con-el-barca-atletic.jpeg\" \/>\n\t<meta property=\"og:image:width\" content=\"1300\" \/>\n\t<meta property=\"og:image:height\" content=\"728\" \/>\n\t<meta property=\"og:image:type\" content=\"image\/jpeg\" \/>\n<meta name=\"author\" content=\"Andr\u00e9s Quiroz\" \/>\n<meta name=\"twitter:card\" content=\"summary_large_image\" \/>\n<meta name=\"twitter:label1\" content=\"Written by\" \/>\n\t<meta name=\"twitter:data1\" content=\"Andr\u00e9s Quiroz\" \/>\n\t<meta name=\"twitter:label2\" content=\"Est. reading time\" \/>\n\t<meta name=\"twitter:data2\" content=\"2 minutes\" \/>\n<script type=\"application\/ld+json\" class=\"yoast-schema-graph\">{\"@context\":\"https:\\\/\\\/schema.org\",\"@graph\":[{\"@type\":\"Article\",\"@id\":\"https:\\\/\\\/www.fcbarcelonanoticias.com\\\/en\\\/fc-barcelona\\\/the-big-aim-of-rafa-marquez-with-the-barca-atletic_284538_102.html#article\",\"isPartOf\":{\"@id\":\"https:\\\/\\\/www.fcbarcelonanoticias.com\\\/en\\\/fc-barcelona\\\/the-big-aim-of-rafa-marquez-with-the-barca-atletic_284538_102.html\"},\"author\":{\"name\":\"Andr\u00e9s Quiroz\",\"@id\":\"https:\\\/\\\/www.fcbarcelonanoticias.com\\\/en\\\/#\\\/schema\\\/person\\\/c2cd9f6fa1af5c0d0eccd0fefa575c88\"},\"headline\":\"Rafa M\u00e1rquez&#8217;s great goal with Bar\u00e7a Atl\u00e8tic\",\"datePublished\":\"2022-09-20T00:32:00+00:00\",\"mainEntityOfPage\":{\"@id\":\"https:\\\/\\\/www.fcbarcelonanoticias.com\\\/en\\\/fc-barcelona\\\/the-big-aim-of-rafa-marquez-with-the-barca-atletic_284538_102.html\"},\"wordCount\":492,\"image\":{\"@id\":\"https:\\\/\\\/www.fcbarcelonanoticias.com\\\/en\\\/fc-barcelona\\\/the-big-aim-of-rafa-marquez-with-the-barca-atletic_284538_102.html#primaryimage\"},\"thumbnailUrl\":\"https:\\\/\\\/www.fcbarcelonanoticias.com\\\/en\\\/wp-content\\\/uploads\\\/sites\\\/2\\\/2023\\\/06\\\/rafa-marquez-con-el-barca-atletic.jpeg\",\"articleSection\":[\"FC Barcelona\"],\"inLanguage\":\"en-US\"},{\"@type\":\"WebPage\",\"@id\":\"https:\\\/\\\/www.fcbarcelonanoticias.com\\\/en\\\/fc-barcelona\\\/the-big-aim-of-rafa-marquez-with-the-barca-atletic_284538_102.html\",\"url\":\"https:\\\/\\\/www.fcbarcelonanoticias.com\\\/en\\\/fc-barcelona\\\/the-big-aim-of-rafa-marquez-with-the-barca-atletic_284538_102.html\",\"name\":\"The big aim of Rafa M\u00e1rquez with the Bar\u00e7a Atl\u00e8tic\",\"isPartOf\":{\"@id\":\"https:\\\/\\\/www.fcbarcelonanoticias.com\\\/en\\\/#website\"},\"primaryImageOfPage\":{\"@id\":\"https:\\\/\\\/www.fcbarcelonanoticias.com\\\/en\\\/fc-barcelona\\\/the-big-aim-of-rafa-marquez-with-the-barca-atletic_284538_102.html#primaryimage\"},\"image\":{\"@id\":\"https:\\\/\\\/www.fcbarcelonanoticias.com\\\/en\\\/fc-barcelona\\\/the-big-aim-of-rafa-marquez-with-the-barca-atletic_284538_102.html#primaryimage\"},\"thumbnailUrl\":\"https:\\\/\\\/www.fcbarcelonanoticias.com\\\/en\\\/wp-content\\\/uploads\\\/sites\\\/2\\\/2023\\\/06\\\/rafa-marquez-con-el-barca-atletic.jpeg\",\"datePublished\":\"2022-09-20T00:32:00+00:00\",\"author\":{\"@id\":\"https:\\\/\\\/www.fcbarcelonanoticias.com\\\/en\\\/#\\\/schema\\\/person\\\/c2cd9f6fa1af5c0d0eccd0fefa575c88\"},\"description\":\"Rafa M\u00e1rquez conversed with 'Sportive World' on his first two months like technician of the filial of the FC Barcelona. For the Mexican, further of the result...\",\"breadcrumb\":{\"@id\":\"https:\\\/\\\/www.fcbarcelonanoticias.com\\\/en\\\/fc-barcelona\\\/the-big-aim-of-rafa-marquez-with-the-barca-atletic_284538_102.html#breadcrumb\"},\"inLanguage\":\"en-US\",\"potentialAction\":[{\"@type\":\"ReadAction\",\"target\":[\"https:\\\/\\\/www.fcbarcelonanoticias.com\\\/en\\\/fc-barcelona\\\/the-big-aim-of-rafa-marquez-with-the-barca-atletic_284538_102.html\"]}]},{\"@type\":\"ImageObject\",\"inLanguage\":\"en-US\",\"@id\":\"https:\\\/\\\/www.fcbarcelonanoticias.com\\\/en\\\/fc-barcelona\\\/the-big-aim-of-rafa-marquez-with-the-barca-atletic_284538_102.html#primaryimage\",\"url\":\"https:\\\/\\\/www.fcbarcelonanoticias.com\\\/en\\\/wp-content\\\/uploads\\\/sites\\\/2\\\/2023\\\/06\\\/rafa-marquez-con-el-barca-atletic.jpeg\",\"contentUrl\":\"https:\\\/\\\/www.fcbarcelonanoticias.com\\\/en\\\/wp-content\\\/uploads\\\/sites\\\/2\\\/2023\\\/06\\\/rafa-marquez-con-el-barca-atletic.jpeg\",\"width\":1300,\"height\":728},{\"@type\":\"BreadcrumbList\",\"@id\":\"https:\\\/\\\/www.fcbarcelonanoticias.com\\\/en\\\/fc-barcelona\\\/the-big-aim-of-rafa-marquez-with-the-barca-atletic_284538_102.html#breadcrumb\",\"itemListElement\":[{\"@type\":\"ListItem\",\"position\":1,\"name\":\"Portada\",\"item\":\"https:\\\/\\\/www.fcbarcelonanoticias.com\\\/en\\\/\"},{\"@type\":\"ListItem\",\"position\":2,\"name\":\"Rafa M\u00e1rquez&#8217;s great goal with Bar\u00e7a Atl\u00e8tic\"}]},{\"@type\":\"WebSite\",\"@id\":\"https:\\\/\\\/www.fcbarcelonanoticias.com\\\/en\\\/#website\",\"url\":\"https:\\\/\\\/www.fcbarcelonanoticias.com\\\/en\\\/\",\"name\":\"EN - FC Barcelona Noticias\",\"description\":\"\",\"potentialAction\":[{\"@type\":\"SearchAction\",\"target\":{\"@type\":\"EntryPoint\",\"urlTemplate\":\"https:\\\/\\\/www.fcbarcelonanoticias.com\\\/en\\\/?s={search_term_string}\"},\"query-input\":{\"@type\":\"PropertyValueSpecification\",\"valueRequired\":true,\"valueName\":\"search_term_string\"}}],\"inLanguage\":\"en-US\"},{\"@type\":\"Person\",\"@id\":\"https:\\\/\\\/www.fcbarcelonanoticias.com\\\/en\\\/#\\\/schema\\\/person\\\/c2cd9f6fa1af5c0d0eccd0fefa575c88\",\"name\":\"Andr\u00e9s Quiroz\",\"image\":{\"@type\":\"ImageObject\",\"inLanguage\":\"en-US\",\"@id\":\"https:\\\/\\\/secure.gravatar.com\\\/avatar\\\/?s=96&d=mm&r=g\",\"url\":\"https:\\\/\\\/secure.gravatar.com\\\/avatar\\\/?s=96&d=mm&r=g\",\"contentUrl\":\"https:\\\/\\\/secure.gravatar.com\\\/avatar\\\/?s=96&d=mm&r=g\",\"caption\":\"Andr\u00e9s Quiroz\"},\"description\":\"Licenciado en Periodismo por la Universidad de los Andes. Me encargo de analizar y compartir los contenidos m\u00e1s destacados de la\u00a0actualidad del F\u00fatbol Club Barcelona, Mercado de Fichajes y F\u00fatbol Internacional en FCBN. La informaci\u00f3n es poder, pero tambi\u00e9n conocimiento.\",\"url\":\"https:\\\/\\\/www.fcbarcelonanoticias.com\\\/en\\\/fc-barcelona\\\/andres-quiroz_17_115.html\"}]}<\/script>\n<!-- \/ Yoast SEO plugin. -->","yoast_head_json":{"title":"The big aim of Rafa M\u00e1rquez with the Bar\u00e7a Atl\u00e8tic","description":"Rafa M\u00e1rquez conversed with 'Sportive World' on his first two months like technician of the filial of the FC Barcelona. For the Mexican, further of the result...","robots":{"index":"index","follow":"follow","max-snippet":"max-snippet:-1","max-image-preview":"max-image-preview:large","max-video-preview":"max-video-preview:-1"},"canonical":"https:\/\/www.fcbarcelonanoticias.com\/en\/fc-barcelona\/the-big-aim-of-rafa-marquez-with-the-barca-atletic_284538_102.html","og_locale":"en_US","og_type":"article","og_title":"The big aim of Rafa M\u00e1rquez with the Bar\u00e7a Atl\u00e8tic","og_description":"Rafa M\u00e1rquez conversed with 'Sportive World' on his first two months like technician of the filial of the FC Barcelona. For the Mexican, further of the result...","og_url":"https:\/\/www.fcbarcelonanoticias.com\/en\/fc-barcelona\/the-big-aim-of-rafa-marquez-with-the-barca-atletic_284538_102.html","og_site_name":"EN - FC Barcelona Noticias","article_published_time":"2022-09-20T00:32:00+00:00","og_image":[{"width":1300,"height":728,"url":"https:\/\/www.fcbarcelonanoticias.com\/en\/wp-content\/uploads\/sites\/2\/2023\/06\/rafa-marquez-con-el-barca-atletic.jpeg","type":"image\/jpeg"}],"author":"Andr\u00e9s Quiroz","twitter_card":"summary_large_image","twitter_misc":{"Written by":"Andr\u00e9s Quiroz","Est. reading time":"2 minutes"},"schema":{"@context":"https:\/\/schema.org","@graph":[{"@type":"Article","@id":"https:\/\/www.fcbarcelonanoticias.com\/en\/fc-barcelona\/the-big-aim-of-rafa-marquez-with-the-barca-atletic_284538_102.html#article","isPartOf":{"@id":"https:\/\/www.fcbarcelonanoticias.com\/en\/fc-barcelona\/the-big-aim-of-rafa-marquez-with-the-barca-atletic_284538_102.html"},"author":{"name":"Andr\u00e9s Quiroz","@id":"https:\/\/www.fcbarcelonanoticias.com\/en\/#\/schema\/person\/c2cd9f6fa1af5c0d0eccd0fefa575c88"},"headline":"Rafa M\u00e1rquez&#8217;s great goal with Bar\u00e7a Atl\u00e8tic","datePublished":"2022-09-20T00:32:00+00:00","mainEntityOfPage":{"@id":"https:\/\/www.fcbarcelonanoticias.com\/en\/fc-barcelona\/the-big-aim-of-rafa-marquez-with-the-barca-atletic_284538_102.html"},"wordCount":492,"image":{"@id":"https:\/\/www.fcbarcelonanoticias.com\/en\/fc-barcelona\/the-big-aim-of-rafa-marquez-with-the-barca-atletic_284538_102.html#primaryimage"},"thumbnailUrl":"https:\/\/www.fcbarcelonanoticias.com\/en\/wp-content\/uploads\/sites\/2\/2023\/06\/rafa-marquez-con-el-barca-atletic.jpeg","articleSection":["FC Barcelona"],"inLanguage":"en-US"},{"@type":"WebPage","@id":"https:\/\/www.fcbarcelonanoticias.com\/en\/fc-barcelona\/the-big-aim-of-rafa-marquez-with-the-barca-atletic_284538_102.html","url":"https:\/\/www.fcbarcelonanoticias.com\/en\/fc-barcelona\/the-big-aim-of-rafa-marquez-with-the-barca-atletic_284538_102.html","name":"The big aim of Rafa M\u00e1rquez with the Bar\u00e7a Atl\u00e8tic","isPartOf":{"@id":"https:\/\/www.fcbarcelonanoticias.com\/en\/#website"},"primaryImageOfPage":{"@id":"https:\/\/www.fcbarcelonanoticias.com\/en\/fc-barcelona\/the-big-aim-of-rafa-marquez-with-the-barca-atletic_284538_102.html#primaryimage"},"image":{"@id":"https:\/\/www.fcbarcelonanoticias.com\/en\/fc-barcelona\/the-big-aim-of-rafa-marquez-with-the-barca-atletic_284538_102.html#primaryimage"},"thumbnailUrl":"https:\/\/www.fcbarcelonanoticias.com\/en\/wp-content\/uploads\/sites\/2\/2023\/06\/rafa-marquez-con-el-barca-atletic.jpeg","datePublished":"2022-09-20T00:32:00+00:00","author":{"@id":"https:\/\/www.fcbarcelonanoticias.com\/en\/#\/schema\/person\/c2cd9f6fa1af5c0d0eccd0fefa575c88"},"description":"Rafa M\u00e1rquez conversed with 'Sportive World' on his first two months like technician of the filial of the FC Barcelona. For the Mexican, further of the result...","breadcrumb":{"@id":"https:\/\/www.fcbarcelonanoticias.com\/en\/fc-barcelona\/the-big-aim-of-rafa-marquez-with-the-barca-atletic_284538_102.html#breadcrumb"},"inLanguage":"en-US","potentialAction":[{"@type":"ReadAction","target":["https:\/\/www.fcbarcelonanoticias.com\/en\/fc-barcelona\/the-big-aim-of-rafa-marquez-with-the-barca-atletic_284538_102.html"]}]},{"@type":"ImageObject","inLanguage":"en-US","@id":"https:\/\/www.fcbarcelonanoticias.com\/en\/fc-barcelona\/the-big-aim-of-rafa-marquez-with-the-barca-atletic_284538_102.html#primaryimage","url":"https:\/\/www.fcbarcelonanoticias.com\/en\/wp-content\/uploads\/sites\/2\/2023\/06\/rafa-marquez-con-el-barca-atletic.jpeg","contentUrl":"https:\/\/www.fcbarcelonanoticias.com\/en\/wp-content\/uploads\/sites\/2\/2023\/06\/rafa-marquez-con-el-barca-atletic.jpeg","width":1300,"height":728},{"@type":"BreadcrumbList","@id":"https:\/\/www.fcbarcelonanoticias.com\/en\/fc-barcelona\/the-big-aim-of-rafa-marquez-with-the-barca-atletic_284538_102.html#breadcrumb","itemListElement":[{"@type":"ListItem","position":1,"name":"Portada","item":"https:\/\/www.fcbarcelonanoticias.com\/en\/"},{"@type":"ListItem","position":2,"name":"Rafa M\u00e1rquez&#8217;s great goal with Bar\u00e7a Atl\u00e8tic"}]},{"@type":"WebSite","@id":"https:\/\/www.fcbarcelonanoticias.com\/en\/#website","url":"https:\/\/www.fcbarcelonanoticias.com\/en\/","name":"EN - FC Barcelona Noticias","description":"","potentialAction":[{"@type":"SearchAction","target":{"@type":"EntryPoint","urlTemplate":"https:\/\/www.fcbarcelonanoticias.com\/en\/?s={search_term_string}"},"query-input":{"@type":"PropertyValueSpecification","valueRequired":true,"valueName":"search_term_string"}}],"inLanguage":"en-US"},{"@type":"Person","@id":"https:\/\/www.fcbarcelonanoticias.com\/en\/#\/schema\/person\/c2cd9f6fa1af5c0d0eccd0fefa575c88","name":"Andr\u00e9s Quiroz","image":{"@type":"ImageObject","inLanguage":"en-US","@id":"https:\/\/secure.gravatar.com\/avatar\/?s=96&d=mm&r=g","url":"https:\/\/secure.gravatar.com\/avatar\/?s=96&d=mm&r=g","contentUrl":"https:\/\/secure.gravatar.com\/avatar\/?s=96&d=mm&r=g","caption":"Andr\u00e9s Quiroz"},"description":"Licenciado en Periodismo por la Universidad de los Andes. Me encargo de analizar y compartir los contenidos m\u00e1s destacados de la\u00a0actualidad del F\u00fatbol Club Barcelona, Mercado de Fichajes y F\u00fatbol Internacional en FCBN. La informaci\u00f3n es poder, pero tambi\u00e9n conocimiento.","url":"https:\/\/www.fcbarcelonanoticias.com\/en\/fc-barcelona\/andres-quiroz_17_115.html"}]}},"_links":{"self":[{"href":"https:\/\/www.fcbarcelonanoticias.com\/en\/wp-json\/wp\/v2\/posts\/29879","targetHints":{"allow":["GET"]}}],"collection":[{"href":"https:\/\/www.fcbarcelonanoticias.com\/en\/wp-json\/wp\/v2\/posts"}],"about":[{"href":"https:\/\/www.fcbarcelonanoticias.com\/en\/wp-json\/wp\/v2\/types\/post"}],"author":[{"embeddable":true,"href":"https:\/\/www.fcbarcelonanoticias.com\/en\/wp-json\/wp\/v2\/users\/347"}],"replies":[{"embeddable":true,"href":"https:\/\/www.fcbarcelonanoticias.com\/en\/wp-json\/wp\/v2\/comments?post=29879"}],"version-history":[{"count":1,"href":"https:\/\/www.fcbarcelonanoticias.com\/en\/wp-json\/wp\/v2\/posts\/29879\/revisions"}],"predecessor-version":[{"id":108855,"href":"https:\/\/www.fcbarcelonanoticias.com\/en\/wp-json\/wp\/v2\/posts\/29879\/revisions\/108855"}],"wp:featuredmedia":[{"embeddable":true,"href":"https:\/\/www.fcbarcelonanoticias.com\/en\/wp-json\/wp\/v2\/media\/15796"}],"wp:attachment":[{"href":"https:\/\/www.fcbarcelonanoticias.com\/en\/wp-json\/wp\/v2\/media?parent=29879"}],"wp:term":[{"taxonomy":"category","embeddable":true,"href":"https:\/\/www.fcbarcelonanoticias.com\/en\/wp-json\/wp\/v2\/categories?post=29879"},{"taxonomy":"post_tag","embeddable":true,"href":"https:\/\/www.fcbarcelonanoticias.com\/en\/wp-json\/wp\/v2\/tags?post=29879"}],"curies":[{"name":"wp","href":"https:\/\/api.w.org\/{rel}","templated":true}]}}