{"id":29907,"date":"2016-10-26T12:41:00","date_gmt":"2016-10-26T10:41:00","guid":{"rendered":"https:\/\/weisetech.dev\/fc-barcelona-noticias\/en\/the-injury-of-mathieu-dangerous-between-3-and-4-weeks-was_193428_102\/"},"modified":"2026-04-16T10:01:49","modified_gmt":"2026-04-16T08:01:49","slug":"the-injury-of-mathieu-dangerous-between-3-and-4-weeks-was_193428_102","status":"publish","type":"post","link":"https:\/\/www.fcbarcelonanoticias.com\/en\/fc-barcelona\/the-injury-of-mathieu-dangerous-between-3-and-4-weeks-was_193428_102.html","title":{"rendered":"The injury of Mathieu, dangerous: Between 3 and 4 weeks was"},"content":{"rendered":"<h2 class=\"wp-block-heading\">The veteran French defender of the FC Barcelona, Jeremy Mathieu, will have to be between three and four weeks of drop with the Bar\u00e7a, in what it is an injury of importance when remaining  moment\u00e1neamente the Bar\u00e7a with so only two head offices<\/h2>  \r\n<div class=\"article-addons\">\r\n    <a href=\"https:\/\/www.fcbarcelonanoticias.com\/en\/calendar-fc-barcelona.html\"\r\n       target=\"_self\"\r\n       title=\"Calendar of FC Barcelona\"\r\n       class=\"blue-gredient-btn\">\r\n       \r\n        Calendar of FC Barcelona    <\/a>\r\n<\/div>   <p>The defence Frenchman of the FC Barcelona, <strong>Jeremy Mathieu<\/strong>, joined  forzadamente this past Tuesday to the dilated list of absences by injury that handles at present the Bar\u00e7a. In spite of that <strong>Rafinha Alc\u00e1ntara and Burn Turan already are smart<\/strong> to keep on being ranged by Luis Enrique, the drop of Mathieu is dangerous taking into account that <a href=\"https:\/\/www.fcbarcelonanoticias.com\/jugadores\/en-el-barca-no-descartan-que-pique-pueda-llegar-ante-el-city_193342_102.html\"><strong>Gerard Hammered, another of the four head offices of the staff, also is lesionado<\/strong><\/a>.<\/p> <p>The situation leaves to the Asturian technician with so only two head offices to play in front of the Granada CF the Saturday in the Camp Nou, although the most likely is that it summon also to <a href=\"https:\/\/www.fcbarcelonanoticias.com\/fc-barcelona\/marlon-a-la-espera-de-una-oportunidad-de-luis-enrique_192751_102.html\"><strong>Marlon Santos, promising Brazilian defender of the Bar\u00e7a B<\/strong><\/a> that already left very good feelings during the parties of pre-season that played with the picture of Luis Enrique.<\/p> <p>We remember that Jeremy Mathieu had to be substituted to the 53 minutes of game by Mart\u00ednez, when finding  already lesionado as it informed shortly after the Bar\u00e7a by means of an escueto communicated: <strong>&#8220;Mathieu has an injury in the s\u00f3leo of the right leg&#8221;<\/strong>, said .<\/p> <p>Waiting for that make him  more medical proofs, the newspaper &#8220;Sport&#8221; has advanced that<strong> the injury of Jeremy Mathieu is graver of what in a principle expected <\/strong>, when suffering a break of the s\u00f3leo of the right leg. In principle it will be of drop between three and four weeks, by what until it do not recover  Gerard Hammered Luis Enrique will not breathe relieved regarding the situation of the defensive saga.<\/p> <p>Mathieu joins  of this way to the lesionados <strong>Hammered, Cillessen and Jordi Alba<\/strong>, what in a short staff like which has the FC Barcelona translates  in malabarismos by part of Luis Enrique to do competitive alignments and, besides, give rest to his <a href=\"https:\/\/www.fcbarcelonanoticias.com\/jugadores-fcbarcelona.html\"><strong>important<\/strong><\/a> players.<\/p> ","protected":false},"excerpt":{"rendered":"<p>The veteran French defender of the FC Barcelona, Jeremy Mathieu, will have to be between three and four weeks of drop with the Bar\u00e7a, in what it is an injury of importance when remaining moment\u00e1neamente the Bar\u00e7a with so only two head offices The defence Frenchman of the FC Barcelona, Jeremy Mathieu, joined forzadamente this [&hellip;]<\/p>\n","protected":false},"author":366,"featured_media":29914,"comment_status":"closed","ping_status":"open","sticky":false,"template":"","format":"standard","meta":{"_acf_changed":false,"inline_featured_image":false,"_nextfly_llmd_date_locked":false,"footnotes":""},"categories":[111],"tags":[136,316,148],"class_list":["post-29907","post","type-post","status-publish","format-standard","has-post-thumbnail","hentry","category-fc-barcelona","tag-injured","tag-jeremy-mathieu","tag-luis-enrique"],"acf":[],"yoast_head":"<!-- This site is optimized with the Yoast SEO plugin v27.3 - https:\/\/yoast.com\/product\/yoast-seo-wordpress\/ -->\n<title>The injury of Mathieu, dangerous: Between 3 and 4 weeks was<\/title>\n<meta name=\"description\" content=\"The veteran French defender of the FC Barcelona, Jeremy Mathieu, will have to be between three and four weeks of drop with the Bar\u00e7a, in what it is one...\" \/>\n<meta name=\"robots\" content=\"index, follow, max-snippet:-1, max-image-preview:large, max-video-preview:-1\" \/>\n<link rel=\"canonical\" href=\"https:\/\/www.fcbarcelonanoticias.com\/en\/fc-barcelona\/the-injury-of-mathieu-dangerous-between-3-and-4-weeks-was_193428_102.html\" \/>\n<meta property=\"og:locale\" content=\"en_US\" \/>\n<meta property=\"og:type\" content=\"article\" \/>\n<meta property=\"og:title\" content=\"The injury of Mathieu, dangerous: Between 3 and 4 weeks was\" \/>\n<meta property=\"og:description\" content=\"The veteran French defender of the FC Barcelona, Jeremy Mathieu, will have to be between three and four weeks of drop with the Bar\u00e7a, in what it is one...\" \/>\n<meta property=\"og:url\" content=\"https:\/\/www.fcbarcelonanoticias.com\/en\/fc-barcelona\/the-injury-of-mathieu-dangerous-between-3-and-4-weeks-was_193428_102.html\" \/>\n<meta property=\"og:site_name\" content=\"EN - FC Barcelona Noticias\" \/>\n<meta property=\"article:published_time\" content=\"2016-10-26T10:41:00+00:00\" \/>\n<meta property=\"article:modified_time\" content=\"2026-04-16T08:01:49+00:00\" \/>\n<meta property=\"og:image\" content=\"https:\/\/www.fcbarcelonanoticias.com\/en\/wp-content\/uploads\/sites\/2\/2016\/10\/jeremy-mathieu-200735.png\" \/>\n\t<meta property=\"og:image:width\" content=\"1199\" \/>\n\t<meta property=\"og:image:height\" content=\"674\" \/>\n\t<meta property=\"og:image:type\" content=\"image\/png\" \/>\n<meta name=\"author\" content=\"Carlos Dom\u00ednguez\" \/>\n<meta name=\"twitter:card\" content=\"summary_large_image\" \/>\n<meta name=\"twitter:label1\" content=\"Written by\" \/>\n\t<meta name=\"twitter:data1\" content=\"Carlos Dom\u00ednguez\" \/>\n\t<meta name=\"twitter:label2\" content=\"Est. reading time\" \/>\n\t<meta name=\"twitter:data2\" content=\"2 minutes\" \/>\n<script type=\"application\/ld+json\" class=\"yoast-schema-graph\">{\"@context\":\"https:\\\/\\\/schema.org\",\"@graph\":[{\"@type\":\"Article\",\"@id\":\"https:\\\/\\\/www.fcbarcelonanoticias.com\\\/en\\\/fc-barcelona\\\/the-injury-of-mathieu-dangerous-between-3-and-4-weeks-was_193428_102.html#article\",\"isPartOf\":{\"@id\":\"https:\\\/\\\/www.fcbarcelonanoticias.com\\\/en\\\/fc-barcelona\\\/the-injury-of-mathieu-dangerous-between-3-and-4-weeks-was_193428_102.html\"},\"author\":{\"name\":\"Carlos Dom\u00ednguez\",\"@id\":\"https:\\\/\\\/www.fcbarcelonanoticias.com\\\/en\\\/#\\\/schema\\\/person\\\/888e29b17b79c70d1c617d8a7bc9b8c6\"},\"headline\":\"The injury of Mathieu, dangerous: Between 3 and 4 weeks was\",\"datePublished\":\"2016-10-26T10:41:00+00:00\",\"dateModified\":\"2026-04-16T08:01:49+00:00\",\"mainEntityOfPage\":{\"@id\":\"https:\\\/\\\/www.fcbarcelonanoticias.com\\\/en\\\/fc-barcelona\\\/the-injury-of-mathieu-dangerous-between-3-and-4-weeks-was_193428_102.html\"},\"wordCount\":360,\"image\":{\"@id\":\"https:\\\/\\\/www.fcbarcelonanoticias.com\\\/en\\\/fc-barcelona\\\/the-injury-of-mathieu-dangerous-between-3-and-4-weeks-was_193428_102.html#primaryimage\"},\"thumbnailUrl\":\"https:\\\/\\\/www.fcbarcelonanoticias.com\\\/en\\\/wp-content\\\/uploads\\\/sites\\\/2\\\/2016\\\/10\\\/jeremy-mathieu-200735.png\",\"keywords\":[\"injured\",\"Jeremy Mathieu\",\"Luis Enrique\"],\"articleSection\":[\"FC Barcelona\"],\"inLanguage\":\"en-US\"},{\"@type\":\"WebPage\",\"@id\":\"https:\\\/\\\/www.fcbarcelonanoticias.com\\\/en\\\/fc-barcelona\\\/the-injury-of-mathieu-dangerous-between-3-and-4-weeks-was_193428_102.html\",\"url\":\"https:\\\/\\\/www.fcbarcelonanoticias.com\\\/en\\\/fc-barcelona\\\/the-injury-of-mathieu-dangerous-between-3-and-4-weeks-was_193428_102.html\",\"name\":\"The injury of Mathieu, dangerous: Between 3 and 4 weeks was\",\"isPartOf\":{\"@id\":\"https:\\\/\\\/www.fcbarcelonanoticias.com\\\/en\\\/#website\"},\"primaryImageOfPage\":{\"@id\":\"https:\\\/\\\/www.fcbarcelonanoticias.com\\\/en\\\/fc-barcelona\\\/the-injury-of-mathieu-dangerous-between-3-and-4-weeks-was_193428_102.html#primaryimage\"},\"image\":{\"@id\":\"https:\\\/\\\/www.fcbarcelonanoticias.com\\\/en\\\/fc-barcelona\\\/the-injury-of-mathieu-dangerous-between-3-and-4-weeks-was_193428_102.html#primaryimage\"},\"thumbnailUrl\":\"https:\\\/\\\/www.fcbarcelonanoticias.com\\\/en\\\/wp-content\\\/uploads\\\/sites\\\/2\\\/2016\\\/10\\\/jeremy-mathieu-200735.png\",\"datePublished\":\"2016-10-26T10:41:00+00:00\",\"dateModified\":\"2026-04-16T08:01:49+00:00\",\"author\":{\"@id\":\"https:\\\/\\\/www.fcbarcelonanoticias.com\\\/en\\\/#\\\/schema\\\/person\\\/888e29b17b79c70d1c617d8a7bc9b8c6\"},\"description\":\"The veteran French defender of the FC Barcelona, Jeremy Mathieu, will have to be between three and four weeks of drop with the Bar\u00e7a, in what it is one...\",\"breadcrumb\":{\"@id\":\"https:\\\/\\\/www.fcbarcelonanoticias.com\\\/en\\\/fc-barcelona\\\/the-injury-of-mathieu-dangerous-between-3-and-4-weeks-was_193428_102.html#breadcrumb\"},\"inLanguage\":\"en-US\",\"potentialAction\":[{\"@type\":\"ReadAction\",\"target\":[\"https:\\\/\\\/www.fcbarcelonanoticias.com\\\/en\\\/fc-barcelona\\\/the-injury-of-mathieu-dangerous-between-3-and-4-weeks-was_193428_102.html\"]}]},{\"@type\":\"ImageObject\",\"inLanguage\":\"en-US\",\"@id\":\"https:\\\/\\\/www.fcbarcelonanoticias.com\\\/en\\\/fc-barcelona\\\/the-injury-of-mathieu-dangerous-between-3-and-4-weeks-was_193428_102.html#primaryimage\",\"url\":\"https:\\\/\\\/www.fcbarcelonanoticias.com\\\/en\\\/wp-content\\\/uploads\\\/sites\\\/2\\\/2016\\\/10\\\/jeremy-mathieu-200735.png\",\"contentUrl\":\"https:\\\/\\\/www.fcbarcelonanoticias.com\\\/en\\\/wp-content\\\/uploads\\\/sites\\\/2\\\/2016\\\/10\\\/jeremy-mathieu-200735.png\",\"width\":1199,\"height\":674},{\"@type\":\"BreadcrumbList\",\"@id\":\"https:\\\/\\\/www.fcbarcelonanoticias.com\\\/en\\\/fc-barcelona\\\/the-injury-of-mathieu-dangerous-between-3-and-4-weeks-was_193428_102.html#breadcrumb\",\"itemListElement\":[{\"@type\":\"ListItem\",\"position\":1,\"name\":\"Portada\",\"item\":\"https:\\\/\\\/www.fcbarcelonanoticias.com\\\/en\\\/\"},{\"@type\":\"ListItem\",\"position\":2,\"name\":\"The injury of Mathieu, dangerous: Between 3 and 4 weeks was\"}]},{\"@type\":\"WebSite\",\"@id\":\"https:\\\/\\\/www.fcbarcelonanoticias.com\\\/en\\\/#website\",\"url\":\"https:\\\/\\\/www.fcbarcelonanoticias.com\\\/en\\\/\",\"name\":\"EN - FC Barcelona Noticias\",\"description\":\"\",\"potentialAction\":[{\"@type\":\"SearchAction\",\"target\":{\"@type\":\"EntryPoint\",\"urlTemplate\":\"https:\\\/\\\/www.fcbarcelonanoticias.com\\\/en\\\/?s={search_term_string}\"},\"query-input\":{\"@type\":\"PropertyValueSpecification\",\"valueRequired\":true,\"valueName\":\"search_term_string\"}}],\"inLanguage\":\"en-US\"},{\"@type\":\"Person\",\"@id\":\"https:\\\/\\\/www.fcbarcelonanoticias.com\\\/en\\\/#\\\/schema\\\/person\\\/888e29b17b79c70d1c617d8a7bc9b8c6\",\"name\":\"Carlos Dom\u00ednguez\",\"image\":{\"@type\":\"ImageObject\",\"inLanguage\":\"en-US\",\"@id\":\"https:\\\/\\\/secure.gravatar.com\\\/avatar\\\/?s=96&d=mm&r=g\",\"url\":\"https:\\\/\\\/secure.gravatar.com\\\/avatar\\\/?s=96&d=mm&r=g\",\"contentUrl\":\"https:\\\/\\\/secure.gravatar.com\\\/avatar\\\/?s=96&d=mm&r=g\",\"caption\":\"Carlos Dom\u00ednguez\"},\"url\":\"https:\\\/\\\/www.fcbarcelonanoticias.com\\\/en\\\/carlos-dominguez_2_115.html\"}]}<\/script>\n<!-- \/ Yoast SEO plugin. -->","yoast_head_json":{"title":"The injury of Mathieu, dangerous: Between 3 and 4 weeks was","description":"The veteran French defender of the FC Barcelona, Jeremy Mathieu, will have to be between three and four weeks of drop with the Bar\u00e7a, in what it is one...","robots":{"index":"index","follow":"follow","max-snippet":"max-snippet:-1","max-image-preview":"max-image-preview:large","max-video-preview":"max-video-preview:-1"},"canonical":"https:\/\/www.fcbarcelonanoticias.com\/en\/fc-barcelona\/the-injury-of-mathieu-dangerous-between-3-and-4-weeks-was_193428_102.html","og_locale":"en_US","og_type":"article","og_title":"The injury of Mathieu, dangerous: Between 3 and 4 weeks was","og_description":"The veteran French defender of the FC Barcelona, Jeremy Mathieu, will have to be between three and four weeks of drop with the Bar\u00e7a, in what it is one...","og_url":"https:\/\/www.fcbarcelonanoticias.com\/en\/fc-barcelona\/the-injury-of-mathieu-dangerous-between-3-and-4-weeks-was_193428_102.html","og_site_name":"EN - FC Barcelona Noticias","article_published_time":"2016-10-26T10:41:00+00:00","article_modified_time":"2026-04-16T08:01:49+00:00","og_image":[{"width":1199,"height":674,"url":"https:\/\/www.fcbarcelonanoticias.com\/en\/wp-content\/uploads\/sites\/2\/2016\/10\/jeremy-mathieu-200735.png","type":"image\/png"}],"author":"Carlos Dom\u00ednguez","twitter_card":"summary_large_image","twitter_misc":{"Written by":"Carlos Dom\u00ednguez","Est. reading time":"2 minutes"},"schema":{"@context":"https:\/\/schema.org","@graph":[{"@type":"Article","@id":"https:\/\/www.fcbarcelonanoticias.com\/en\/fc-barcelona\/the-injury-of-mathieu-dangerous-between-3-and-4-weeks-was_193428_102.html#article","isPartOf":{"@id":"https:\/\/www.fcbarcelonanoticias.com\/en\/fc-barcelona\/the-injury-of-mathieu-dangerous-between-3-and-4-weeks-was_193428_102.html"},"author":{"name":"Carlos Dom\u00ednguez","@id":"https:\/\/www.fcbarcelonanoticias.com\/en\/#\/schema\/person\/888e29b17b79c70d1c617d8a7bc9b8c6"},"headline":"The injury of Mathieu, dangerous: Between 3 and 4 weeks was","datePublished":"2016-10-26T10:41:00+00:00","dateModified":"2026-04-16T08:01:49+00:00","mainEntityOfPage":{"@id":"https:\/\/www.fcbarcelonanoticias.com\/en\/fc-barcelona\/the-injury-of-mathieu-dangerous-between-3-and-4-weeks-was_193428_102.html"},"wordCount":360,"image":{"@id":"https:\/\/www.fcbarcelonanoticias.com\/en\/fc-barcelona\/the-injury-of-mathieu-dangerous-between-3-and-4-weeks-was_193428_102.html#primaryimage"},"thumbnailUrl":"https:\/\/www.fcbarcelonanoticias.com\/en\/wp-content\/uploads\/sites\/2\/2016\/10\/jeremy-mathieu-200735.png","keywords":["injured","Jeremy Mathieu","Luis Enrique"],"articleSection":["FC Barcelona"],"inLanguage":"en-US"},{"@type":"WebPage","@id":"https:\/\/www.fcbarcelonanoticias.com\/en\/fc-barcelona\/the-injury-of-mathieu-dangerous-between-3-and-4-weeks-was_193428_102.html","url":"https:\/\/www.fcbarcelonanoticias.com\/en\/fc-barcelona\/the-injury-of-mathieu-dangerous-between-3-and-4-weeks-was_193428_102.html","name":"The injury of Mathieu, dangerous: Between 3 and 4 weeks was","isPartOf":{"@id":"https:\/\/www.fcbarcelonanoticias.com\/en\/#website"},"primaryImageOfPage":{"@id":"https:\/\/www.fcbarcelonanoticias.com\/en\/fc-barcelona\/the-injury-of-mathieu-dangerous-between-3-and-4-weeks-was_193428_102.html#primaryimage"},"image":{"@id":"https:\/\/www.fcbarcelonanoticias.com\/en\/fc-barcelona\/the-injury-of-mathieu-dangerous-between-3-and-4-weeks-was_193428_102.html#primaryimage"},"thumbnailUrl":"https:\/\/www.fcbarcelonanoticias.com\/en\/wp-content\/uploads\/sites\/2\/2016\/10\/jeremy-mathieu-200735.png","datePublished":"2016-10-26T10:41:00+00:00","dateModified":"2026-04-16T08:01:49+00:00","author":{"@id":"https:\/\/www.fcbarcelonanoticias.com\/en\/#\/schema\/person\/888e29b17b79c70d1c617d8a7bc9b8c6"},"description":"The veteran French defender of the FC Barcelona, Jeremy Mathieu, will have to be between three and four weeks of drop with the Bar\u00e7a, in what it is one...","breadcrumb":{"@id":"https:\/\/www.fcbarcelonanoticias.com\/en\/fc-barcelona\/the-injury-of-mathieu-dangerous-between-3-and-4-weeks-was_193428_102.html#breadcrumb"},"inLanguage":"en-US","potentialAction":[{"@type":"ReadAction","target":["https:\/\/www.fcbarcelonanoticias.com\/en\/fc-barcelona\/the-injury-of-mathieu-dangerous-between-3-and-4-weeks-was_193428_102.html"]}]},{"@type":"ImageObject","inLanguage":"en-US","@id":"https:\/\/www.fcbarcelonanoticias.com\/en\/fc-barcelona\/the-injury-of-mathieu-dangerous-between-3-and-4-weeks-was_193428_102.html#primaryimage","url":"https:\/\/www.fcbarcelonanoticias.com\/en\/wp-content\/uploads\/sites\/2\/2016\/10\/jeremy-mathieu-200735.png","contentUrl":"https:\/\/www.fcbarcelonanoticias.com\/en\/wp-content\/uploads\/sites\/2\/2016\/10\/jeremy-mathieu-200735.png","width":1199,"height":674},{"@type":"BreadcrumbList","@id":"https:\/\/www.fcbarcelonanoticias.com\/en\/fc-barcelona\/the-injury-of-mathieu-dangerous-between-3-and-4-weeks-was_193428_102.html#breadcrumb","itemListElement":[{"@type":"ListItem","position":1,"name":"Portada","item":"https:\/\/www.fcbarcelonanoticias.com\/en\/"},{"@type":"ListItem","position":2,"name":"The injury of Mathieu, dangerous: Between 3 and 4 weeks was"}]},{"@type":"WebSite","@id":"https:\/\/www.fcbarcelonanoticias.com\/en\/#website","url":"https:\/\/www.fcbarcelonanoticias.com\/en\/","name":"EN - FC Barcelona Noticias","description":"","potentialAction":[{"@type":"SearchAction","target":{"@type":"EntryPoint","urlTemplate":"https:\/\/www.fcbarcelonanoticias.com\/en\/?s={search_term_string}"},"query-input":{"@type":"PropertyValueSpecification","valueRequired":true,"valueName":"search_term_string"}}],"inLanguage":"en-US"},{"@type":"Person","@id":"https:\/\/www.fcbarcelonanoticias.com\/en\/#\/schema\/person\/888e29b17b79c70d1c617d8a7bc9b8c6","name":"Carlos Dom\u00ednguez","image":{"@type":"ImageObject","inLanguage":"en-US","@id":"https:\/\/secure.gravatar.com\/avatar\/?s=96&d=mm&r=g","url":"https:\/\/secure.gravatar.com\/avatar\/?s=96&d=mm&r=g","contentUrl":"https:\/\/secure.gravatar.com\/avatar\/?s=96&d=mm&r=g","caption":"Carlos Dom\u00ednguez"},"url":"https:\/\/www.fcbarcelonanoticias.com\/en\/carlos-dominguez_2_115.html"}]}},"_links":{"self":[{"href":"https:\/\/www.fcbarcelonanoticias.com\/en\/wp-json\/wp\/v2\/posts\/29907","targetHints":{"allow":["GET"]}}],"collection":[{"href":"https:\/\/www.fcbarcelonanoticias.com\/en\/wp-json\/wp\/v2\/posts"}],"about":[{"href":"https:\/\/www.fcbarcelonanoticias.com\/en\/wp-json\/wp\/v2\/types\/post"}],"author":[{"embeddable":true,"href":"https:\/\/www.fcbarcelonanoticias.com\/en\/wp-json\/wp\/v2\/users\/366"}],"replies":[{"embeddable":true,"href":"https:\/\/www.fcbarcelonanoticias.com\/en\/wp-json\/wp\/v2\/comments?post=29907"}],"version-history":[{"count":4,"href":"https:\/\/www.fcbarcelonanoticias.com\/en\/wp-json\/wp\/v2\/posts\/29907\/revisions"}],"predecessor-version":[{"id":183894,"href":"https:\/\/www.fcbarcelonanoticias.com\/en\/wp-json\/wp\/v2\/posts\/29907\/revisions\/183894"}],"wp:featuredmedia":[{"embeddable":true,"href":"https:\/\/www.fcbarcelonanoticias.com\/en\/wp-json\/wp\/v2\/media\/29914"}],"wp:attachment":[{"href":"https:\/\/www.fcbarcelonanoticias.com\/en\/wp-json\/wp\/v2\/media?parent=29907"}],"wp:term":[{"taxonomy":"category","embeddable":true,"href":"https:\/\/www.fcbarcelonanoticias.com\/en\/wp-json\/wp\/v2\/categories?post=29907"},{"taxonomy":"post_tag","embeddable":true,"href":"https:\/\/www.fcbarcelonanoticias.com\/en\/wp-json\/wp\/v2\/tags?post=29907"}],"curies":[{"name":"wp","href":"https:\/\/api.w.org\/{rel}","templated":true}]}}