{"id":29946,"date":"2017-12-15T23:03:00","date_gmt":"2017-12-15T22:03:00","guid":{"rendered":"https:\/\/weisetech.dev\/fc-barcelona-noticias\/en\/the-impressive-training-of-ter-stegen-on-sand_207667_102\/"},"modified":"2017-12-16T02:30:00","modified_gmt":"2017-12-16T01:30:00","slug":"the-impressive-training-of-ter-stegen-on-sand_207667_102","status":"publish","type":"post","link":"https:\/\/www.fcbarcelonanoticias.com\/en\/fc-barcelona\/the-impressive-training-of-ter-stegen-on-sand_207667_102.html","title":{"rendered":"The impressive training of Ter Stegen on sand"},"content":{"rendered":"<h2 class=\"wp-block-heading\">It is more in shape that never, and it hammers  not to lose his shine on the terrain of game. Marc-Andr\u00e9 Ter Stegen is one of the keys of the big season of the Bar\u00e7a, and one of the reasons of his success is in the preparation in the trainings<\/h2>  \r\n<div class=\"article-addons\">\r\n    <a href=\"https:\/\/www.fcbarcelonanoticias.com\/en\/calendar-fc-barcelona.html\"\r\n       target=\"_self\"\r\n       title=\"Calendar of FC Barcelona\"\r\n       class=\"blue-gredient-btn\">\r\n       \r\n        Calendar of FC Barcelona    <\/a>\r\n<\/div>   <p>It was one of the big surprises of the training of the Thursday to the not to join to the rest of his mates, but the <a href=\"https:\/\/www.fcbarcelonanoticias.com\/calendario-fcbarcelona.html\"><strong>FC Barcelona<\/strong><\/a> had reserved a very special session for <strong>Marc-Andr\u00e9 Ter Stegen<\/strong>. The German made specific work with one of the preparadores Barcelona, leaving some spectacular images in the Sportive City.<\/p> <p><strong>Because to the guardameta of&nbsp;M\u00f6nchengladbach touched him exercise beside&nbsp;Jos\u00e9 Ram\u00f3n de la Fuente in a track of sand<\/strong> in the installations cul\u00e9s, centring in the preparation of strength and reflections by the complicated of his mission. If it already is spectacular see to the germano in the action of the parties, the exhibition of reflections in an atypical terrain does not remain  short.<\/p> <p>In the last months Ter Stegen has stepped forward in his preparation, and <strong>his effort in the trainings is translating  in results<\/strong> when it arrives the hour of the truth. It has showed in infinity of occasions that has a worthy technician of the best of the <a href=\"https:\/\/www.fcbarcelonanoticias.com\/en\/jugadores-fcbarcelona.html\"><strong>players<\/strong><\/a> of field, but besides, combines it with unemployed milagrosas with the hands. It is a safe.<\/p> <h2>Praises of Lia\u00f1o<\/h2> <p>Precisely, the one who has elogiado his growth has been a referent of LaLiga like <strong>Paco Lia\u00f1o<\/strong>, that to few days of the meeting against the Sportive has stood out the capacity of the cancerbero rival: &#8220;<strong><a href=\"https:\/\/www.fcbarcelonanoticias.com\/en\/fc-barcelona\/ter-stegen-es-el-mejor-portero-del-mundo-para-el-fc-barcelona_207664_102.html\">Ter Stegen is the best goalkeeper of the world for the Bar\u00e7a<\/a> because I do not know another that dominate so much the game with the feet<\/strong>. Now it gives a good exit of balloon and risks much less. <strong>Besides it has given a jump of quality in the stops, that are giving points<\/strong>&#8220;.<\/p> ","protected":false},"excerpt":{"rendered":"<p>It is more in shape that never, and it hammers not to lose his shine on the terrain of game. Marc-Andr\u00e9 Ter Stegen is one of the keys of the big season of the Bar\u00e7a, and one of the reasons of his success is in the preparation in the trainings It was one of the [&hellip;]<\/p>\n","protected":false},"author":376,"featured_media":0,"comment_status":"closed","ping_status":"open","sticky":false,"template":"","format":"standard","meta":{"_acf_changed":false,"inline_featured_image":false,"_nextfly_llmd_date_locked":false,"footnotes":""},"categories":[111],"tags":[],"class_list":["post-29946","post","type-post","status-publish","format-standard","hentry","category-fc-barcelona"],"acf":[],"yoast_head":"<!-- This site is optimized with the Yoast SEO plugin v27.3 - https:\/\/yoast.com\/product\/yoast-seo-wordpress\/ -->\n<title>The impressive training of Ter Stegen on sand<\/title>\n<meta name=\"description\" content=\"It is more in shape that never, and it hammers not to lose his shine on the terrain of game. Marc-Andr\u00e9 Ter Stegen is one of the keys of the...\" \/>\n<meta name=\"robots\" content=\"index, follow, max-snippet:-1, max-image-preview:large, max-video-preview:-1\" \/>\n<link rel=\"canonical\" href=\"https:\/\/www.fcbarcelonanoticias.com\/en\/fc-barcelona\/the-impressive-training-of-ter-stegen-on-sand_207667_102.html\" \/>\n<meta property=\"og:locale\" content=\"en_US\" \/>\n<meta property=\"og:type\" content=\"article\" \/>\n<meta property=\"og:title\" content=\"The impressive training of Ter Stegen on sand\" \/>\n<meta property=\"og:description\" content=\"It is more in shape that never, and it hammers not to lose his shine on the terrain of game. Marc-Andr\u00e9 Ter Stegen is one of the keys of the...\" \/>\n<meta property=\"og:url\" content=\"https:\/\/www.fcbarcelonanoticias.com\/en\/fc-barcelona\/the-impressive-training-of-ter-stegen-on-sand_207667_102.html\" \/>\n<meta property=\"og:site_name\" content=\"EN - FC Barcelona Noticias\" \/>\n<meta property=\"article:published_time\" content=\"2017-12-15T22:03:00+00:00\" \/>\n<meta property=\"article:modified_time\" content=\"2017-12-16T01:30:00+00:00\" \/>\n<meta name=\"author\" content=\"user_4032\" \/>\n<meta name=\"twitter:card\" content=\"summary_large_image\" \/>\n<meta name=\"twitter:label1\" content=\"Written by\" \/>\n\t<meta name=\"twitter:data1\" content=\"user_4032\" \/>\n\t<meta name=\"twitter:label2\" content=\"Est. reading time\" \/>\n\t<meta name=\"twitter:data2\" content=\"2 minutes\" \/>\n<script type=\"application\/ld+json\" class=\"yoast-schema-graph\">{\"@context\":\"https:\\\/\\\/schema.org\",\"@graph\":[{\"@type\":\"Article\",\"@id\":\"https:\\\/\\\/www.fcbarcelonanoticias.com\\\/en\\\/fc-barcelona\\\/the-impressive-training-of-ter-stegen-on-sand_207667_102.html#article\",\"isPartOf\":{\"@id\":\"https:\\\/\\\/www.fcbarcelonanoticias.com\\\/en\\\/fc-barcelona\\\/the-impressive-training-of-ter-stegen-on-sand_207667_102.html\"},\"author\":{\"name\":\"user_4032\",\"@id\":\"https:\\\/\\\/www.fcbarcelonanoticias.com\\\/en\\\/#\\\/schema\\\/person\\\/87b10dbddf72505d2eeba8aaa6c9ba14\"},\"headline\":\"The impressive training of Ter Stegen on sand\",\"datePublished\":\"2017-12-15T22:03:00+00:00\",\"dateModified\":\"2017-12-16T01:30:00+00:00\",\"mainEntityOfPage\":{\"@id\":\"https:\\\/\\\/www.fcbarcelonanoticias.com\\\/en\\\/fc-barcelona\\\/the-impressive-training-of-ter-stegen-on-sand_207667_102.html\"},\"wordCount\":346,\"articleSection\":[\"FC Barcelona\"],\"inLanguage\":\"en-US\"},{\"@type\":\"WebPage\",\"@id\":\"https:\\\/\\\/www.fcbarcelonanoticias.com\\\/en\\\/fc-barcelona\\\/the-impressive-training-of-ter-stegen-on-sand_207667_102.html\",\"url\":\"https:\\\/\\\/www.fcbarcelonanoticias.com\\\/en\\\/fc-barcelona\\\/the-impressive-training-of-ter-stegen-on-sand_207667_102.html\",\"name\":\"The impressive training of Ter Stegen on sand\",\"isPartOf\":{\"@id\":\"https:\\\/\\\/www.fcbarcelonanoticias.com\\\/en\\\/#website\"},\"datePublished\":\"2017-12-15T22:03:00+00:00\",\"dateModified\":\"2017-12-16T01:30:00+00:00\",\"author\":{\"@id\":\"https:\\\/\\\/www.fcbarcelonanoticias.com\\\/en\\\/#\\\/schema\\\/person\\\/87b10dbddf72505d2eeba8aaa6c9ba14\"},\"description\":\"It is more in shape that never, and it hammers not to lose his shine on the terrain of game. Marc-Andr\u00e9 Ter Stegen is one of the keys of the...\",\"breadcrumb\":{\"@id\":\"https:\\\/\\\/www.fcbarcelonanoticias.com\\\/en\\\/fc-barcelona\\\/the-impressive-training-of-ter-stegen-on-sand_207667_102.html#breadcrumb\"},\"inLanguage\":\"en-US\",\"potentialAction\":[{\"@type\":\"ReadAction\",\"target\":[\"https:\\\/\\\/www.fcbarcelonanoticias.com\\\/en\\\/fc-barcelona\\\/the-impressive-training-of-ter-stegen-on-sand_207667_102.html\"]}]},{\"@type\":\"BreadcrumbList\",\"@id\":\"https:\\\/\\\/www.fcbarcelonanoticias.com\\\/en\\\/fc-barcelona\\\/the-impressive-training-of-ter-stegen-on-sand_207667_102.html#breadcrumb\",\"itemListElement\":[{\"@type\":\"ListItem\",\"position\":1,\"name\":\"Portada\",\"item\":\"https:\\\/\\\/www.fcbarcelonanoticias.com\\\/en\\\/\"},{\"@type\":\"ListItem\",\"position\":2,\"name\":\"The impressive training of Ter Stegen on sand\"}]},{\"@type\":\"WebSite\",\"@id\":\"https:\\\/\\\/www.fcbarcelonanoticias.com\\\/en\\\/#website\",\"url\":\"https:\\\/\\\/www.fcbarcelonanoticias.com\\\/en\\\/\",\"name\":\"EN - FC Barcelona Noticias\",\"description\":\"\",\"potentialAction\":[{\"@type\":\"SearchAction\",\"target\":{\"@type\":\"EntryPoint\",\"urlTemplate\":\"https:\\\/\\\/www.fcbarcelonanoticias.com\\\/en\\\/?s={search_term_string}\"},\"query-input\":{\"@type\":\"PropertyValueSpecification\",\"valueRequired\":true,\"valueName\":\"search_term_string\"}}],\"inLanguage\":\"en-US\"},{\"@type\":\"Person\",\"@id\":\"https:\\\/\\\/www.fcbarcelonanoticias.com\\\/en\\\/#\\\/schema\\\/person\\\/87b10dbddf72505d2eeba8aaa6c9ba14\",\"name\":\"user_4032\",\"image\":{\"@type\":\"ImageObject\",\"inLanguage\":\"en-US\",\"@id\":\"https:\\\/\\\/secure.gravatar.com\\\/avatar\\\/?s=96&d=mm&r=g\",\"url\":\"https:\\\/\\\/secure.gravatar.com\\\/avatar\\\/?s=96&d=mm&r=g\",\"contentUrl\":\"https:\\\/\\\/secure.gravatar.com\\\/avatar\\\/?s=96&d=mm&r=g\",\"caption\":\"user_4032\"},\"url\":\"https:\\\/\\\/www.fcbarcelonanoticias.com\\\/en\\\/user_4032.html\"}]}<\/script>\n<!-- \/ Yoast SEO plugin. -->","yoast_head_json":{"title":"The impressive training of Ter Stegen on sand","description":"It is more in shape that never, and it hammers not to lose his shine on the terrain of game. Marc-Andr\u00e9 Ter Stegen is one of the keys of the...","robots":{"index":"index","follow":"follow","max-snippet":"max-snippet:-1","max-image-preview":"max-image-preview:large","max-video-preview":"max-video-preview:-1"},"canonical":"https:\/\/www.fcbarcelonanoticias.com\/en\/fc-barcelona\/the-impressive-training-of-ter-stegen-on-sand_207667_102.html","og_locale":"en_US","og_type":"article","og_title":"The impressive training of Ter Stegen on sand","og_description":"It is more in shape that never, and it hammers not to lose his shine on the terrain of game. Marc-Andr\u00e9 Ter Stegen is one of the keys of the...","og_url":"https:\/\/www.fcbarcelonanoticias.com\/en\/fc-barcelona\/the-impressive-training-of-ter-stegen-on-sand_207667_102.html","og_site_name":"EN - FC Barcelona Noticias","article_published_time":"2017-12-15T22:03:00+00:00","article_modified_time":"2017-12-16T01:30:00+00:00","author":"user_4032","twitter_card":"summary_large_image","twitter_misc":{"Written by":"user_4032","Est. reading time":"2 minutes"},"schema":{"@context":"https:\/\/schema.org","@graph":[{"@type":"Article","@id":"https:\/\/www.fcbarcelonanoticias.com\/en\/fc-barcelona\/the-impressive-training-of-ter-stegen-on-sand_207667_102.html#article","isPartOf":{"@id":"https:\/\/www.fcbarcelonanoticias.com\/en\/fc-barcelona\/the-impressive-training-of-ter-stegen-on-sand_207667_102.html"},"author":{"name":"user_4032","@id":"https:\/\/www.fcbarcelonanoticias.com\/en\/#\/schema\/person\/87b10dbddf72505d2eeba8aaa6c9ba14"},"headline":"The impressive training of Ter Stegen on sand","datePublished":"2017-12-15T22:03:00+00:00","dateModified":"2017-12-16T01:30:00+00:00","mainEntityOfPage":{"@id":"https:\/\/www.fcbarcelonanoticias.com\/en\/fc-barcelona\/the-impressive-training-of-ter-stegen-on-sand_207667_102.html"},"wordCount":346,"articleSection":["FC Barcelona"],"inLanguage":"en-US"},{"@type":"WebPage","@id":"https:\/\/www.fcbarcelonanoticias.com\/en\/fc-barcelona\/the-impressive-training-of-ter-stegen-on-sand_207667_102.html","url":"https:\/\/www.fcbarcelonanoticias.com\/en\/fc-barcelona\/the-impressive-training-of-ter-stegen-on-sand_207667_102.html","name":"The impressive training of Ter Stegen on sand","isPartOf":{"@id":"https:\/\/www.fcbarcelonanoticias.com\/en\/#website"},"datePublished":"2017-12-15T22:03:00+00:00","dateModified":"2017-12-16T01:30:00+00:00","author":{"@id":"https:\/\/www.fcbarcelonanoticias.com\/en\/#\/schema\/person\/87b10dbddf72505d2eeba8aaa6c9ba14"},"description":"It is more in shape that never, and it hammers not to lose his shine on the terrain of game. Marc-Andr\u00e9 Ter Stegen is one of the keys of the...","breadcrumb":{"@id":"https:\/\/www.fcbarcelonanoticias.com\/en\/fc-barcelona\/the-impressive-training-of-ter-stegen-on-sand_207667_102.html#breadcrumb"},"inLanguage":"en-US","potentialAction":[{"@type":"ReadAction","target":["https:\/\/www.fcbarcelonanoticias.com\/en\/fc-barcelona\/the-impressive-training-of-ter-stegen-on-sand_207667_102.html"]}]},{"@type":"BreadcrumbList","@id":"https:\/\/www.fcbarcelonanoticias.com\/en\/fc-barcelona\/the-impressive-training-of-ter-stegen-on-sand_207667_102.html#breadcrumb","itemListElement":[{"@type":"ListItem","position":1,"name":"Portada","item":"https:\/\/www.fcbarcelonanoticias.com\/en\/"},{"@type":"ListItem","position":2,"name":"The impressive training of Ter Stegen on sand"}]},{"@type":"WebSite","@id":"https:\/\/www.fcbarcelonanoticias.com\/en\/#website","url":"https:\/\/www.fcbarcelonanoticias.com\/en\/","name":"EN - FC Barcelona Noticias","description":"","potentialAction":[{"@type":"SearchAction","target":{"@type":"EntryPoint","urlTemplate":"https:\/\/www.fcbarcelonanoticias.com\/en\/?s={search_term_string}"},"query-input":{"@type":"PropertyValueSpecification","valueRequired":true,"valueName":"search_term_string"}}],"inLanguage":"en-US"},{"@type":"Person","@id":"https:\/\/www.fcbarcelonanoticias.com\/en\/#\/schema\/person\/87b10dbddf72505d2eeba8aaa6c9ba14","name":"user_4032","image":{"@type":"ImageObject","inLanguage":"en-US","@id":"https:\/\/secure.gravatar.com\/avatar\/?s=96&d=mm&r=g","url":"https:\/\/secure.gravatar.com\/avatar\/?s=96&d=mm&r=g","contentUrl":"https:\/\/secure.gravatar.com\/avatar\/?s=96&d=mm&r=g","caption":"user_4032"},"url":"https:\/\/www.fcbarcelonanoticias.com\/en\/user_4032.html"}]}},"_links":{"self":[{"href":"https:\/\/www.fcbarcelonanoticias.com\/en\/wp-json\/wp\/v2\/posts\/29946","targetHints":{"allow":["GET"]}}],"collection":[{"href":"https:\/\/www.fcbarcelonanoticias.com\/en\/wp-json\/wp\/v2\/posts"}],"about":[{"href":"https:\/\/www.fcbarcelonanoticias.com\/en\/wp-json\/wp\/v2\/types\/post"}],"author":[{"embeddable":true,"href":"https:\/\/www.fcbarcelonanoticias.com\/en\/wp-json\/wp\/v2\/users\/376"}],"replies":[{"embeddable":true,"href":"https:\/\/www.fcbarcelonanoticias.com\/en\/wp-json\/wp\/v2\/comments?post=29946"}],"version-history":[{"count":1,"href":"https:\/\/www.fcbarcelonanoticias.com\/en\/wp-json\/wp\/v2\/posts\/29946\/revisions"}],"predecessor-version":[{"id":30884,"href":"https:\/\/www.fcbarcelonanoticias.com\/en\/wp-json\/wp\/v2\/posts\/29946\/revisions\/30884"}],"wp:attachment":[{"href":"https:\/\/www.fcbarcelonanoticias.com\/en\/wp-json\/wp\/v2\/media?parent=29946"}],"wp:term":[{"taxonomy":"category","embeddable":true,"href":"https:\/\/www.fcbarcelonanoticias.com\/en\/wp-json\/wp\/v2\/categories?post=29946"},{"taxonomy":"post_tag","embeddable":true,"href":"https:\/\/www.fcbarcelonanoticias.com\/en\/wp-json\/wp\/v2\/tags?post=29946"}],"curies":[{"name":"wp","href":"https:\/\/api.w.org\/{rel}","templated":true}]}}