{"id":30107,"date":"2023-11-01T17:22:00","date_gmt":"2023-11-01T16:22:00","guid":{"rendered":"https:\/\/weisetech.dev\/fc-barcelona-noticias\/en\/the-calendar-of-barca-to-try-finish-the-2023-in-the-high_297664_102\/"},"modified":"2023-11-01T17:22:00","modified_gmt":"2023-11-01T16:22:00","slug":"the-calendar-of-barca-to-try-finish-the-2023-in-the-high_297664_102","status":"publish","type":"post","link":"https:\/\/www.fcbarcelonanoticias.com\/en\/fc-barcelona\/the-calendar-of-barca-to-try-finish-the-2023-in-the-high_297664_102.html","title":{"rendered":"Bar\u00e7a&#8217;s schedule to try to end 2023 on a high"},"content":{"rendered":"<h2 class=\"wp-block-heading\">Leaving backwards the injuries and the defeat in the Classical, the FC Barcelona will begin this Saturday two months of parties very important to be able to begin the 2024 confiante regarding litigating by all the titles that contests<\/h2>  \r\n<div class=\"article-addons\">\r\n    <a href=\"https:\/\/www.fcbarcelonanoticias.com\/en\/calendar-fc-barcelona.html\"\r\n       target=\"_self\"\r\n       title=\"Calendar of FC Barcelona\"\r\n       class=\"blue-gredient-btn\">\r\n       \r\n        Calendar of FC Barcelona    <\/a>\r\n<\/div>   <p>The FC Barcelona has lived the past weekend his first defeat of the season, highlighting besides that has arrived like venue and in front of the rival maximum in the first Classical of the course. <strong>This has left to the cul\u00e9s <a data-external=\"0\" data-intl-links-en=\"https:\/\/www.fcbarcelonanoticias.com\/en\/laliga\/like-this-it-is-laliga-the-athletic-hurga-in-the-wound-of-the-barca-and-him-steal-the-3a-square_297580_102.html\" data-intl-links-es=\"https:\/\/www.fcbarcelonanoticias.com\/laliga\/esta-laliga-atletico-hurga-en-herida-barca-roba-3a-plaza_297580_102.html\" href=\"https:\/\/www.fcbarcelonanoticias.com\/en\/laliga\/like-this-it-is-laliga-the-athletic-hurga-in-the-wound-of-the-barca-and-him-steal-the-3a-square_297580_102.html\" rel=\"follow\" target=\"_self\" title=\"As\u00ed est\u00e1 LaLiga: El Atl\u00e9tico 'hurga' en la herida del Bar\u00e7a y le 'roba' la 3\u00aa plaza\">to four points of the leadership of LaLiga<\/a> and with the need to do a bit of self-criticism in the changing room to avoid traced back like the one of the Real Madrid in Montju\u00efc. <\/strong><\/p>  <p>To leave this bitter moment backwards, the Bar\u00e7a has had the help of a calendar that has left him a complete week without party for the first time in long. Already it has arrived November for the ones of Xavi Hern\u00e1ndez and seems the just moment so that the Barcelona club can show that the project of the technician egarense follows the same of firm, <strong>having like first stop one always complicated visit to the Real Sociedad.<\/strong><\/p>  <h2>The Bar\u00e7a will give start to two key months for the second part of the course<\/h2>  <p>The Basque team is used to to do very good parties in Anoeta in front of the Bar\u00e7a and this Saturday to the 21:00 hours the staff cul\u00e9 will have to give the first step for a closing of year by all the big,<strong> concentrating mainly in LaLiga, but without forgetting that it has to seal his pass to the eighth of final of the Champions League.<\/strong> Precisely, three days afterwards the Bar\u00e7a will travel to Germany to visit to the Shakhtar and with his fourth victory in this phase of groups could leave all smart to be in the following round of the continental competition.<\/p>  <p>Explaining that for any one of the two parties already Xavi will have to recover to his last two lesionados, Frenkie of Jong and Pedri, <strong>the team has everything to do forget these last 30 minutes in front of the Madrid and close the 2023 the more near of the possible leadership in League, or if possible in him, as well as a perfect and calm way in Europe.<\/strong> After the Shakhtar will arrive the Alav\u00e9s home (12 November), a party that antoja as very favourable for the ones of Xavi and that will mark the start of the third stop of selections of the season, but the last by several months.<\/p>  <p>The Bar\u00e7a will return to the field the day 25 of this same month to visit in Vallecas to the Ray, an extremely complicated field for the cul\u00e9s and where the big are used to to have tropiezos, by what would be key to close November by League with a triumph in front of the Madrilenian. <strong>Three days later the Catalan team will complete the month receiving to the Port wine, a key party to define the leadership of the Group H of the Champions, if it was not already defined after the day 4. <\/strong><\/p>  <h2>The requirement in December will begin very high for the ones of Xavi<\/h2>  <p><strong>There in front of the lusos will begin to go up the intensity of the closing of the year if we take into account that the two first parties of December for the Bar\u00e7a will be in front of the Athletic of Madrid (day 3) and Girona (day 10), although both home. The two clubs, beside Bar\u00e7a and Madrid,<\/strong> are those that better have begun the course in the championship of First Division, by what take out these six points in his field would be to give a hit on the table in a moment that will be very near to complete the first turn.<\/p>  <p>With the visit to the Amberes to close the Champions the day 13, the ones of Xavi will have two consecutive parties in League that will demand the triumph if we take into account the key moment of the season and the rivals. <strong>On 17 December the Bar\u00e7a will visit to Valencia in Mestalla, a duel that further of the condition of visitor has to show superiority and three days afterwards will close the 2023 receiving to the Almer\u00eda,<\/strong> one of the duels that the Catalan club always has to win in 99.9% of the stages<\/p> ","protected":false},"excerpt":{"rendered":"<p>Leaving backwards the injuries and the defeat in the Classical, the FC Barcelona will begin this Saturday two months of parties very important to be able to begin the 2024 confiante regarding litigating by all the titles that contests The FC Barcelona has lived the past weekend his first defeat of the season, highlighting besides [&hellip;]<\/p>\n","protected":false},"author":345,"featured_media":17958,"comment_status":"closed","ping_status":"open","sticky":false,"template":"","format":"standard","meta":{"_acf_changed":false,"inline_featured_image":false,"_nextfly_llmd_date_locked":false,"footnotes":""},"categories":[111],"tags":[48],"class_list":["post-30107","post","type-post","status-publish","format-standard","has-post-thumbnail","hentry","category-fc-barcelona","tag-xavi-hernandez"],"acf":[],"yoast_head":"<!-- This site is optimized with the Yoast SEO plugin v27.3 - https:\/\/yoast.com\/product\/yoast-seo-wordpress\/ -->\n<title>Bar\u00e7a&#039;s schedule to try to end 2023 on a high<\/title>\n<meta name=\"description\" content=\"Leaving backwards the injuries and the defeat in the Classical, the FC Barcelona will begin this Saturday two months of parties very important to be able to begin the 2024 confiante regarding litigating by all the titles that contests\" \/>\n<meta name=\"robots\" content=\"index, follow, max-snippet:-1, max-image-preview:large, max-video-preview:-1\" \/>\n<link rel=\"canonical\" href=\"https:\/\/www.fcbarcelonanoticias.com\/en\/fc-barcelona\/the-calendar-of-barca-to-try-finish-the-2023-in-the-high_297664_102.html\" \/>\n<meta property=\"og:locale\" content=\"en_US\" \/>\n<meta property=\"og:type\" content=\"article\" \/>\n<meta property=\"og:title\" content=\"Bar\u00e7a&#039;s schedule to try to end 2023 on a high\" \/>\n<meta property=\"og:description\" content=\"Leaving backwards the injuries and the defeat in the Classical, the FC Barcelona will begin this Saturday two months of parties very important to be able to begin the 2024 confiante regarding litigating by all the titles that contests\" \/>\n<meta property=\"og:url\" content=\"https:\/\/www.fcbarcelonanoticias.com\/en\/fc-barcelona\/the-calendar-of-barca-to-try-finish-the-2023-in-the-high_297664_102.html\" \/>\n<meta property=\"og:site_name\" content=\"EN - FC Barcelona Noticias\" \/>\n<meta property=\"article:published_time\" content=\"2023-11-01T16:22:00+00:00\" \/>\n<meta property=\"og:image\" content=\"https:\/\/www.fcbarcelonanoticias.com\/en\/wp-content\/uploads\/sites\/2\/2023\/10\/jugadores-barca-gol.jpeg\" \/>\n\t<meta property=\"og:image:width\" content=\"1300\" \/>\n\t<meta property=\"og:image:height\" content=\"735\" \/>\n\t<meta property=\"og:image:type\" content=\"image\/jpeg\" \/>\n<meta name=\"author\" content=\"Carlos Montenegro\" \/>\n<meta name=\"twitter:card\" content=\"summary_large_image\" \/>\n<meta name=\"twitter:label1\" content=\"Written by\" \/>\n\t<meta name=\"twitter:data1\" content=\"Carlos Montenegro\" \/>\n\t<meta name=\"twitter:label2\" content=\"Est. reading time\" \/>\n\t<meta name=\"twitter:data2\" content=\"4 minutes\" \/>\n<script type=\"application\/ld+json\" class=\"yoast-schema-graph\">{\"@context\":\"https:\\\/\\\/schema.org\",\"@graph\":[{\"@type\":\"Article\",\"@id\":\"https:\\\/\\\/www.fcbarcelonanoticias.com\\\/en\\\/fc-barcelona\\\/the-calendar-of-barca-to-try-finish-the-2023-in-the-high_297664_102.html#article\",\"isPartOf\":{\"@id\":\"https:\\\/\\\/www.fcbarcelonanoticias.com\\\/en\\\/fc-barcelona\\\/the-calendar-of-barca-to-try-finish-the-2023-in-the-high_297664_102.html\"},\"author\":{\"name\":\"Carlos Montenegro\",\"@id\":\"https:\\\/\\\/www.fcbarcelonanoticias.com\\\/en\\\/#\\\/schema\\\/person\\\/aa1d038709c262cb247e240f6b39bbf5\"},\"headline\":\"Bar\u00e7a&#8217;s schedule to try to end 2023 on a high\",\"datePublished\":\"2023-11-01T16:22:00+00:00\",\"mainEntityOfPage\":{\"@id\":\"https:\\\/\\\/www.fcbarcelonanoticias.com\\\/en\\\/fc-barcelona\\\/the-calendar-of-barca-to-try-finish-the-2023-in-the-high_297664_102.html\"},\"wordCount\":747,\"image\":{\"@id\":\"https:\\\/\\\/www.fcbarcelonanoticias.com\\\/en\\\/fc-barcelona\\\/the-calendar-of-barca-to-try-finish-the-2023-in-the-high_297664_102.html#primaryimage\"},\"thumbnailUrl\":\"https:\\\/\\\/www.fcbarcelonanoticias.com\\\/en\\\/wp-content\\\/uploads\\\/sites\\\/2\\\/2023\\\/10\\\/jugadores-barca-gol.jpeg\",\"keywords\":[\"Xavi Hern\u00e1ndez\"],\"articleSection\":[\"FC Barcelona\"],\"inLanguage\":\"en-US\"},{\"@type\":\"WebPage\",\"@id\":\"https:\\\/\\\/www.fcbarcelonanoticias.com\\\/en\\\/fc-barcelona\\\/the-calendar-of-barca-to-try-finish-the-2023-in-the-high_297664_102.html\",\"url\":\"https:\\\/\\\/www.fcbarcelonanoticias.com\\\/en\\\/fc-barcelona\\\/the-calendar-of-barca-to-try-finish-the-2023-in-the-high_297664_102.html\",\"name\":\"Bar\u00e7a's schedule to try to end 2023 on a high\",\"isPartOf\":{\"@id\":\"https:\\\/\\\/www.fcbarcelonanoticias.com\\\/en\\\/#website\"},\"primaryImageOfPage\":{\"@id\":\"https:\\\/\\\/www.fcbarcelonanoticias.com\\\/en\\\/fc-barcelona\\\/the-calendar-of-barca-to-try-finish-the-2023-in-the-high_297664_102.html#primaryimage\"},\"image\":{\"@id\":\"https:\\\/\\\/www.fcbarcelonanoticias.com\\\/en\\\/fc-barcelona\\\/the-calendar-of-barca-to-try-finish-the-2023-in-the-high_297664_102.html#primaryimage\"},\"thumbnailUrl\":\"https:\\\/\\\/www.fcbarcelonanoticias.com\\\/en\\\/wp-content\\\/uploads\\\/sites\\\/2\\\/2023\\\/10\\\/jugadores-barca-gol.jpeg\",\"datePublished\":\"2023-11-01T16:22:00+00:00\",\"author\":{\"@id\":\"https:\\\/\\\/www.fcbarcelonanoticias.com\\\/en\\\/#\\\/schema\\\/person\\\/aa1d038709c262cb247e240f6b39bbf5\"},\"description\":\"Leaving backwards the injuries and the defeat in the Classical, the FC Barcelona will begin this Saturday two months of parties very important to be able to begin the 2024 confiante regarding litigating by all the titles that contests\",\"breadcrumb\":{\"@id\":\"https:\\\/\\\/www.fcbarcelonanoticias.com\\\/en\\\/fc-barcelona\\\/the-calendar-of-barca-to-try-finish-the-2023-in-the-high_297664_102.html#breadcrumb\"},\"inLanguage\":\"en-US\",\"potentialAction\":[{\"@type\":\"ReadAction\",\"target\":[\"https:\\\/\\\/www.fcbarcelonanoticias.com\\\/en\\\/fc-barcelona\\\/the-calendar-of-barca-to-try-finish-the-2023-in-the-high_297664_102.html\"]}]},{\"@type\":\"ImageObject\",\"inLanguage\":\"en-US\",\"@id\":\"https:\\\/\\\/www.fcbarcelonanoticias.com\\\/en\\\/fc-barcelona\\\/the-calendar-of-barca-to-try-finish-the-2023-in-the-high_297664_102.html#primaryimage\",\"url\":\"https:\\\/\\\/www.fcbarcelonanoticias.com\\\/en\\\/wp-content\\\/uploads\\\/sites\\\/2\\\/2023\\\/10\\\/jugadores-barca-gol.jpeg\",\"contentUrl\":\"https:\\\/\\\/www.fcbarcelonanoticias.com\\\/en\\\/wp-content\\\/uploads\\\/sites\\\/2\\\/2023\\\/10\\\/jugadores-barca-gol.jpeg\",\"width\":1300,\"height\":735},{\"@type\":\"BreadcrumbList\",\"@id\":\"https:\\\/\\\/www.fcbarcelonanoticias.com\\\/en\\\/fc-barcelona\\\/the-calendar-of-barca-to-try-finish-the-2023-in-the-high_297664_102.html#breadcrumb\",\"itemListElement\":[{\"@type\":\"ListItem\",\"position\":1,\"name\":\"Portada\",\"item\":\"https:\\\/\\\/www.fcbarcelonanoticias.com\\\/en\\\/\"},{\"@type\":\"ListItem\",\"position\":2,\"name\":\"Bar\u00e7a&#8217;s schedule to try to end 2023 on a high\"}]},{\"@type\":\"WebSite\",\"@id\":\"https:\\\/\\\/www.fcbarcelonanoticias.com\\\/en\\\/#website\",\"url\":\"https:\\\/\\\/www.fcbarcelonanoticias.com\\\/en\\\/\",\"name\":\"EN - FC Barcelona Noticias\",\"description\":\"\",\"potentialAction\":[{\"@type\":\"SearchAction\",\"target\":{\"@type\":\"EntryPoint\",\"urlTemplate\":\"https:\\\/\\\/www.fcbarcelonanoticias.com\\\/en\\\/?s={search_term_string}\"},\"query-input\":{\"@type\":\"PropertyValueSpecification\",\"valueRequired\":true,\"valueName\":\"search_term_string\"}}],\"inLanguage\":\"en-US\"},{\"@type\":\"Person\",\"@id\":\"https:\\\/\\\/www.fcbarcelonanoticias.com\\\/en\\\/#\\\/schema\\\/person\\\/aa1d038709c262cb247e240f6b39bbf5\",\"name\":\"Carlos Montenegro\",\"image\":{\"@type\":\"ImageObject\",\"inLanguage\":\"en-US\",\"@id\":\"https:\\\/\\\/secure.gravatar.com\\\/avatar\\\/?s=96&d=mm&r=g\",\"url\":\"https:\\\/\\\/secure.gravatar.com\\\/avatar\\\/?s=96&d=mm&r=g\",\"contentUrl\":\"https:\\\/\\\/secure.gravatar.com\\\/avatar\\\/?s=96&d=mm&r=g\",\"caption\":\"Carlos Montenegro\"},\"url\":\"https:\\\/\\\/www.fcbarcelonanoticias.com\\\/en\\\/carlos-montenegro_20_115.html\"}]}<\/script>\n<!-- \/ Yoast SEO plugin. -->","yoast_head_json":{"title":"Bar\u00e7a's schedule to try to end 2023 on a high","description":"Leaving backwards the injuries and the defeat in the Classical, the FC Barcelona will begin this Saturday two months of parties very important to be able to begin the 2024 confiante regarding litigating by all the titles that contests","robots":{"index":"index","follow":"follow","max-snippet":"max-snippet:-1","max-image-preview":"max-image-preview:large","max-video-preview":"max-video-preview:-1"},"canonical":"https:\/\/www.fcbarcelonanoticias.com\/en\/fc-barcelona\/the-calendar-of-barca-to-try-finish-the-2023-in-the-high_297664_102.html","og_locale":"en_US","og_type":"article","og_title":"Bar\u00e7a's schedule to try to end 2023 on a high","og_description":"Leaving backwards the injuries and the defeat in the Classical, the FC Barcelona will begin this Saturday two months of parties very important to be able to begin the 2024 confiante regarding litigating by all the titles that contests","og_url":"https:\/\/www.fcbarcelonanoticias.com\/en\/fc-barcelona\/the-calendar-of-barca-to-try-finish-the-2023-in-the-high_297664_102.html","og_site_name":"EN - FC Barcelona Noticias","article_published_time":"2023-11-01T16:22:00+00:00","og_image":[{"width":1300,"height":735,"url":"https:\/\/www.fcbarcelonanoticias.com\/en\/wp-content\/uploads\/sites\/2\/2023\/10\/jugadores-barca-gol.jpeg","type":"image\/jpeg"}],"author":"Carlos Montenegro","twitter_card":"summary_large_image","twitter_misc":{"Written by":"Carlos Montenegro","Est. reading time":"4 minutes"},"schema":{"@context":"https:\/\/schema.org","@graph":[{"@type":"Article","@id":"https:\/\/www.fcbarcelonanoticias.com\/en\/fc-barcelona\/the-calendar-of-barca-to-try-finish-the-2023-in-the-high_297664_102.html#article","isPartOf":{"@id":"https:\/\/www.fcbarcelonanoticias.com\/en\/fc-barcelona\/the-calendar-of-barca-to-try-finish-the-2023-in-the-high_297664_102.html"},"author":{"name":"Carlos Montenegro","@id":"https:\/\/www.fcbarcelonanoticias.com\/en\/#\/schema\/person\/aa1d038709c262cb247e240f6b39bbf5"},"headline":"Bar\u00e7a&#8217;s schedule to try to end 2023 on a high","datePublished":"2023-11-01T16:22:00+00:00","mainEntityOfPage":{"@id":"https:\/\/www.fcbarcelonanoticias.com\/en\/fc-barcelona\/the-calendar-of-barca-to-try-finish-the-2023-in-the-high_297664_102.html"},"wordCount":747,"image":{"@id":"https:\/\/www.fcbarcelonanoticias.com\/en\/fc-barcelona\/the-calendar-of-barca-to-try-finish-the-2023-in-the-high_297664_102.html#primaryimage"},"thumbnailUrl":"https:\/\/www.fcbarcelonanoticias.com\/en\/wp-content\/uploads\/sites\/2\/2023\/10\/jugadores-barca-gol.jpeg","keywords":["Xavi Hern\u00e1ndez"],"articleSection":["FC Barcelona"],"inLanguage":"en-US"},{"@type":"WebPage","@id":"https:\/\/www.fcbarcelonanoticias.com\/en\/fc-barcelona\/the-calendar-of-barca-to-try-finish-the-2023-in-the-high_297664_102.html","url":"https:\/\/www.fcbarcelonanoticias.com\/en\/fc-barcelona\/the-calendar-of-barca-to-try-finish-the-2023-in-the-high_297664_102.html","name":"Bar\u00e7a's schedule to try to end 2023 on a high","isPartOf":{"@id":"https:\/\/www.fcbarcelonanoticias.com\/en\/#website"},"primaryImageOfPage":{"@id":"https:\/\/www.fcbarcelonanoticias.com\/en\/fc-barcelona\/the-calendar-of-barca-to-try-finish-the-2023-in-the-high_297664_102.html#primaryimage"},"image":{"@id":"https:\/\/www.fcbarcelonanoticias.com\/en\/fc-barcelona\/the-calendar-of-barca-to-try-finish-the-2023-in-the-high_297664_102.html#primaryimage"},"thumbnailUrl":"https:\/\/www.fcbarcelonanoticias.com\/en\/wp-content\/uploads\/sites\/2\/2023\/10\/jugadores-barca-gol.jpeg","datePublished":"2023-11-01T16:22:00+00:00","author":{"@id":"https:\/\/www.fcbarcelonanoticias.com\/en\/#\/schema\/person\/aa1d038709c262cb247e240f6b39bbf5"},"description":"Leaving backwards the injuries and the defeat in the Classical, the FC Barcelona will begin this Saturday two months of parties very important to be able to begin the 2024 confiante regarding litigating by all the titles that contests","breadcrumb":{"@id":"https:\/\/www.fcbarcelonanoticias.com\/en\/fc-barcelona\/the-calendar-of-barca-to-try-finish-the-2023-in-the-high_297664_102.html#breadcrumb"},"inLanguage":"en-US","potentialAction":[{"@type":"ReadAction","target":["https:\/\/www.fcbarcelonanoticias.com\/en\/fc-barcelona\/the-calendar-of-barca-to-try-finish-the-2023-in-the-high_297664_102.html"]}]},{"@type":"ImageObject","inLanguage":"en-US","@id":"https:\/\/www.fcbarcelonanoticias.com\/en\/fc-barcelona\/the-calendar-of-barca-to-try-finish-the-2023-in-the-high_297664_102.html#primaryimage","url":"https:\/\/www.fcbarcelonanoticias.com\/en\/wp-content\/uploads\/sites\/2\/2023\/10\/jugadores-barca-gol.jpeg","contentUrl":"https:\/\/www.fcbarcelonanoticias.com\/en\/wp-content\/uploads\/sites\/2\/2023\/10\/jugadores-barca-gol.jpeg","width":1300,"height":735},{"@type":"BreadcrumbList","@id":"https:\/\/www.fcbarcelonanoticias.com\/en\/fc-barcelona\/the-calendar-of-barca-to-try-finish-the-2023-in-the-high_297664_102.html#breadcrumb","itemListElement":[{"@type":"ListItem","position":1,"name":"Portada","item":"https:\/\/www.fcbarcelonanoticias.com\/en\/"},{"@type":"ListItem","position":2,"name":"Bar\u00e7a&#8217;s schedule to try to end 2023 on a high"}]},{"@type":"WebSite","@id":"https:\/\/www.fcbarcelonanoticias.com\/en\/#website","url":"https:\/\/www.fcbarcelonanoticias.com\/en\/","name":"EN - FC Barcelona Noticias","description":"","potentialAction":[{"@type":"SearchAction","target":{"@type":"EntryPoint","urlTemplate":"https:\/\/www.fcbarcelonanoticias.com\/en\/?s={search_term_string}"},"query-input":{"@type":"PropertyValueSpecification","valueRequired":true,"valueName":"search_term_string"}}],"inLanguage":"en-US"},{"@type":"Person","@id":"https:\/\/www.fcbarcelonanoticias.com\/en\/#\/schema\/person\/aa1d038709c262cb247e240f6b39bbf5","name":"Carlos Montenegro","image":{"@type":"ImageObject","inLanguage":"en-US","@id":"https:\/\/secure.gravatar.com\/avatar\/?s=96&d=mm&r=g","url":"https:\/\/secure.gravatar.com\/avatar\/?s=96&d=mm&r=g","contentUrl":"https:\/\/secure.gravatar.com\/avatar\/?s=96&d=mm&r=g","caption":"Carlos Montenegro"},"url":"https:\/\/www.fcbarcelonanoticias.com\/en\/carlos-montenegro_20_115.html"}]}},"_links":{"self":[{"href":"https:\/\/www.fcbarcelonanoticias.com\/en\/wp-json\/wp\/v2\/posts\/30107","targetHints":{"allow":["GET"]}}],"collection":[{"href":"https:\/\/www.fcbarcelonanoticias.com\/en\/wp-json\/wp\/v2\/posts"}],"about":[{"href":"https:\/\/www.fcbarcelonanoticias.com\/en\/wp-json\/wp\/v2\/types\/post"}],"author":[{"embeddable":true,"href":"https:\/\/www.fcbarcelonanoticias.com\/en\/wp-json\/wp\/v2\/users\/345"}],"replies":[{"embeddable":true,"href":"https:\/\/www.fcbarcelonanoticias.com\/en\/wp-json\/wp\/v2\/comments?post=30107"}],"version-history":[{"count":1,"href":"https:\/\/www.fcbarcelonanoticias.com\/en\/wp-json\/wp\/v2\/posts\/30107\/revisions"}],"predecessor-version":[{"id":108977,"href":"https:\/\/www.fcbarcelonanoticias.com\/en\/wp-json\/wp\/v2\/posts\/30107\/revisions\/108977"}],"wp:featuredmedia":[{"embeddable":true,"href":"https:\/\/www.fcbarcelonanoticias.com\/en\/wp-json\/wp\/v2\/media\/17958"}],"wp:attachment":[{"href":"https:\/\/www.fcbarcelonanoticias.com\/en\/wp-json\/wp\/v2\/media?parent=30107"}],"wp:term":[{"taxonomy":"category","embeddable":true,"href":"https:\/\/www.fcbarcelonanoticias.com\/en\/wp-json\/wp\/v2\/categories?post=30107"},{"taxonomy":"post_tag","embeddable":true,"href":"https:\/\/www.fcbarcelonanoticias.com\/en\/wp-json\/wp\/v2\/tags?post=30107"}],"curies":[{"name":"wp","href":"https:\/\/api.w.org\/{rel}","templated":true}]}}