{"id":30200,"date":"2015-11-28T18:43:00","date_gmt":"2015-11-28T17:43:00","guid":{"rendered":"https:\/\/weisetech.dev\/fc-barcelona-noticias\/en\/the-camp-nou-there-would-be-coreado-benitez-remain-you-in-front-of-the-real_37565_102\/"},"modified":"2015-11-28T18:43:00","modified_gmt":"2015-11-28T17:43:00","slug":"the-camp-nou-there-would-be-coreado-benitez-remain-you-in-front-of-the-real_37565_102","status":"publish","type":"post","link":"https:\/\/www.fcbarcelonanoticias.com\/en\/fc-barcelona\/the-camp-nou-there-would-be-coreado-benitez-remain-you-in-front-of-the-real_37565_102.html","title":{"rendered":"The Camp Nou there would be coreado &#8220;Ben\u00edtez, remain you&#8221; in front of the Real"},"content":{"rendered":"\r\n<div class=\"article-addons\">\r\n    <a href=\"https:\/\/www.fcbarcelonanoticias.com\/en\/calendar-fc-barcelona.html\"\r\n       target=\"_self\"\r\n       title=\"Calendar of FC Barcelona\"\r\n       class=\"blue-gredient-btn\">\r\n       \r\n        Calendar of FC Barcelona    <\/a>\r\n<\/div>   <div class=\"separator\" style=\"clear: both; text-align: center;\"><a href=\"https:\/\/2.bp.blogspot.com\/en\/-znpHOF5TXVc\/Vlnp4qiIkcI\/AAAAAAAC_NM\/4HukmySIpPc\/s1600\/barca-once.jpg\" imageanchor=\"1\" style=\"margin-left: 1em; margin-right: 1em;\"><\/a><\/div> <br><b>The daily &#8220;ACE&#8221; has published in the last hours a relative information to the FC Barcelona-Real Sociedad, ensuring that a sector of the public of the Camp Nou core\u00f3 in the second half of the party the chant &#8220;Ben\u00edtez, remain you&#8221; in reference to the Real Madrid, that plays this Sunday<\/b><br><br><span style=\"font-size: large;\"><b><span style=\"color: #990000;\">Ticket<\/span><\/b> &#8211; <b><u><a href=\"http:\/\/www.viagogo.es\/en\/Entradas-Deportes\/Futbol\/La-Liga-Primera-Division\/FC-Barcelona-Entradas\/E-1278805?AffiliateID=1558&amp;PCID=AFFESIAFF1558A548FCBFC6-05\" rel=\"nofollow\" target=\"_blank\">Gone in FC Barcelona vs Villanovense &#8211; Glass<\/a><\/u><\/b><\/span><br><span style=\"font-size: large;\"><b><span style=\"color: #990000;\">The Classical<\/span><\/b> &#8211; <b><u><a href=\"http:\/\/www.viagogo.es\/en\/Entradas-Deportes\/Futbol\/La-Liga-Primera-Division\/FC-Barcelona-Entradas\/E-1073691?AffiliateID=1558&amp;PCID=AFFESIAFF1558A548FCBFC6-05\" rel=\"nofollow\" target=\"_blank\">Gone in \/ Ticket FC Barcelona vs Real Madrid<\/a><\/u><\/b><\/span><br><span style=\"font-size: large;\"><b><span style=\"color: #990000;\">Ticket<\/span><\/b> &#8211; <b><u><a href=\"http:\/\/www.viagogo.es\/en\/Entradas-Deportes\/Futbol\/La-Liga-Primera-Division\/FC-Barcelona-Entradas?AffiliateID=1558&amp;PCID=AFFESIAFF1558A548FCBFC6-05\" rel=\"nofollow\" target=\"_blank\">Gone in for all the parties of the FC Barcelona<\/a><\/u><\/b><\/span><br><br>As it has informed in the last hours the daily &#8220;ACE&#8221;, a sector of the Camp Nou there would be coreado during the course of the second part of the FC Barcelona-Real Sociedad<b> the chant &#8220;Ben\u00edtez, remain you&#8221; in reference to the eternal rival, the Real Madrid<\/b>, that this Sunday if it punctures against the Eibar in Ipur\u00faa could situate to eight or nine points of the FC Barcelona in the classification, an authentic humiliation in the first third of season.<br><br>The case is that the quoted half has put of relief the supposed ironic cry of part of the fans cul\u00e9, in <b>a situation that is not so grave like the one of the chants of a sector of Santiago Bernab\u00e9u against the FC Barcelona<\/b> during the Classical of the past Saturday 21 November.<br><br>And it is that <b>several tens of fans madridistas would have coreado &#8220;Bar\u00e7a, Bar\u00e7a, shit&#8221;<\/b> and another type of chants vejatorios to the FC Barcelona, in addition to the traditional &#8220;Bitch Bar\u00e7a, bitch Bar\u00e7a, ol\u00e9, ol\u00e9&#8221;. In any case, the true is that it is very difficult for the security of the stadiums identify to those who are used to to begin this type of chants, that do not do at all more than ensombrecer to the football and boost the violence and maximum rivalry between determinate teams.<br><br>The daily &#8220;ACE&#8221;, anyway, signals that <b>during the Athletic-Galatasaray the fans rojiblancos also would have coreado the &#8220;Ben\u00edtez, remain you&#8221;<\/b>, in a cry that apparently is  doing famous in determinate stadiums, given the complicated situation that crosses the Real Madrid this season, with a very unstable game and some of his maximum stars, as Cristiano Ronaldo, Karim Benzema, Kroos and Gareth Bleat, without being to the level that expects  of them.<br><br> ","protected":false},"excerpt":{"rendered":"<p>The daily &#8220;ACE&#8221; has published in the last hours a relative information to the FC Barcelona-Real Sociedad, ensuring that a sector of the public of the Camp Nou core\u00f3 in the second half of the party the chant &#8220;Ben\u00edtez, remain you&#8221; in reference to the Real Madrid, that plays this Sunday Ticket &#8211; Gone in [&hellip;]<\/p>\n","protected":false},"author":468,"featured_media":30201,"comment_status":"closed","ping_status":"open","sticky":false,"template":"","format":"standard","meta":{"_acf_changed":false,"inline_featured_image":false,"_nextfly_llmd_date_locked":false,"footnotes":""},"categories":[111],"tags":[258,72],"class_list":["post-30200","post","type-post","status-publish","format-standard","has-post-thumbnail","hentry","category-fc-barcelona","tag-rafa-benitez","tag-real-sociedad"],"acf":[],"yoast_head":"<!-- This site is optimized with the Yoast SEO plugin v27.3 - https:\/\/yoast.com\/product\/yoast-seo-wordpress\/ -->\n<title>The Camp Nou there would be coreado &quot;Ben\u00edtez, remain you&quot; in front of the Real<\/title>\n<meta name=\"description\" content=\"FCBarcelonaNoticias.com\" \/>\n<meta name=\"robots\" content=\"index, follow, max-snippet:-1, max-image-preview:large, max-video-preview:-1\" \/>\n<link rel=\"canonical\" href=\"https:\/\/www.fcbarcelonanoticias.com\/en\/fc-barcelona\/the-camp-nou-there-would-be-coreado-benitez-remain-you-in-front-of-the-real_37565_102.html\" \/>\n<meta property=\"og:locale\" content=\"en_US\" \/>\n<meta property=\"og:type\" content=\"article\" \/>\n<meta property=\"og:title\" content=\"The Camp Nou there would be coreado &quot;Ben\u00edtez, remain you&quot; in front of the Real\" \/>\n<meta property=\"og:description\" content=\"FCBarcelonaNoticias.com\" \/>\n<meta property=\"og:url\" content=\"https:\/\/www.fcbarcelonanoticias.com\/en\/fc-barcelona\/the-camp-nou-there-would-be-coreado-benitez-remain-you-in-front-of-the-real_37565_102.html\" \/>\n<meta property=\"og:site_name\" content=\"EN - FC Barcelona Noticias\" \/>\n<meta property=\"article:published_time\" content=\"2015-11-28T17:43:00+00:00\" \/>\n<meta property=\"og:image\" content=\"https:\/\/www.fcbarcelonanoticias.com\/en\/wp-content\/uploads\/sites\/2\/2015\/11\/barca-once-37577.jpeg\" \/>\n\t<meta property=\"og:image:width\" content=\"610\" \/>\n\t<meta property=\"og:image:height\" content=\"343\" \/>\n\t<meta property=\"og:image:type\" content=\"image\/jpeg\" \/>\n<meta name=\"author\" content=\"user_4124\" \/>\n<meta name=\"twitter:card\" content=\"summary_large_image\" \/>\n<meta name=\"twitter:label1\" content=\"Written by\" \/>\n\t<meta name=\"twitter:data1\" content=\"user_4124\" \/>\n\t<meta name=\"twitter:label2\" content=\"Est. reading time\" \/>\n\t<meta name=\"twitter:data2\" content=\"2 minutes\" \/>\n<script type=\"application\/ld+json\" class=\"yoast-schema-graph\">{\"@context\":\"https:\\\/\\\/schema.org\",\"@graph\":[{\"@type\":\"Article\",\"@id\":\"https:\\\/\\\/www.fcbarcelonanoticias.com\\\/en\\\/fc-barcelona\\\/the-camp-nou-there-would-be-coreado-benitez-remain-you-in-front-of-the-real_37565_102.html#article\",\"isPartOf\":{\"@id\":\"https:\\\/\\\/www.fcbarcelonanoticias.com\\\/en\\\/fc-barcelona\\\/the-camp-nou-there-would-be-coreado-benitez-remain-you-in-front-of-the-real_37565_102.html\"},\"author\":{\"name\":\"user_4124\",\"@id\":\"https:\\\/\\\/www.fcbarcelonanoticias.com\\\/en\\\/#\\\/schema\\\/person\\\/15ee2f54c96c350bfe0645e2cd9256a8\"},\"headline\":\"The Camp Nou there would be coreado &#8220;Ben\u00edtez, remain you&#8221; in front of the Real\",\"datePublished\":\"2015-11-28T17:43:00+00:00\",\"mainEntityOfPage\":{\"@id\":\"https:\\\/\\\/www.fcbarcelonanoticias.com\\\/en\\\/fc-barcelona\\\/the-camp-nou-there-would-be-coreado-benitez-remain-you-in-front-of-the-real_37565_102.html\"},\"wordCount\":402,\"image\":{\"@id\":\"https:\\\/\\\/www.fcbarcelonanoticias.com\\\/en\\\/fc-barcelona\\\/the-camp-nou-there-would-be-coreado-benitez-remain-you-in-front-of-the-real_37565_102.html#primaryimage\"},\"thumbnailUrl\":\"https:\\\/\\\/www.fcbarcelonanoticias.com\\\/en\\\/wp-content\\\/uploads\\\/sites\\\/2\\\/2015\\\/11\\\/barca-once-37577.jpeg\",\"keywords\":[\"Rafa Ben\u00edtez\",\"Real Sociedad\"],\"articleSection\":[\"FC Barcelona\"],\"inLanguage\":\"en-US\"},{\"@type\":\"WebPage\",\"@id\":\"https:\\\/\\\/www.fcbarcelonanoticias.com\\\/en\\\/fc-barcelona\\\/the-camp-nou-there-would-be-coreado-benitez-remain-you-in-front-of-the-real_37565_102.html\",\"url\":\"https:\\\/\\\/www.fcbarcelonanoticias.com\\\/en\\\/fc-barcelona\\\/the-camp-nou-there-would-be-coreado-benitez-remain-you-in-front-of-the-real_37565_102.html\",\"name\":\"The Camp Nou there would be coreado \\\"Ben\u00edtez, remain you\\\" in front of the Real\",\"isPartOf\":{\"@id\":\"https:\\\/\\\/www.fcbarcelonanoticias.com\\\/en\\\/#website\"},\"primaryImageOfPage\":{\"@id\":\"https:\\\/\\\/www.fcbarcelonanoticias.com\\\/en\\\/fc-barcelona\\\/the-camp-nou-there-would-be-coreado-benitez-remain-you-in-front-of-the-real_37565_102.html#primaryimage\"},\"image\":{\"@id\":\"https:\\\/\\\/www.fcbarcelonanoticias.com\\\/en\\\/fc-barcelona\\\/the-camp-nou-there-would-be-coreado-benitez-remain-you-in-front-of-the-real_37565_102.html#primaryimage\"},\"thumbnailUrl\":\"https:\\\/\\\/www.fcbarcelonanoticias.com\\\/en\\\/wp-content\\\/uploads\\\/sites\\\/2\\\/2015\\\/11\\\/barca-once-37577.jpeg\",\"datePublished\":\"2015-11-28T17:43:00+00:00\",\"author\":{\"@id\":\"https:\\\/\\\/www.fcbarcelonanoticias.com\\\/en\\\/#\\\/schema\\\/person\\\/15ee2f54c96c350bfe0645e2cd9256a8\"},\"description\":\"FCBarcelonaNoticias.com\",\"breadcrumb\":{\"@id\":\"https:\\\/\\\/www.fcbarcelonanoticias.com\\\/en\\\/fc-barcelona\\\/the-camp-nou-there-would-be-coreado-benitez-remain-you-in-front-of-the-real_37565_102.html#breadcrumb\"},\"inLanguage\":\"en-US\",\"potentialAction\":[{\"@type\":\"ReadAction\",\"target\":[\"https:\\\/\\\/www.fcbarcelonanoticias.com\\\/en\\\/fc-barcelona\\\/the-camp-nou-there-would-be-coreado-benitez-remain-you-in-front-of-the-real_37565_102.html\"]}]},{\"@type\":\"ImageObject\",\"inLanguage\":\"en-US\",\"@id\":\"https:\\\/\\\/www.fcbarcelonanoticias.com\\\/en\\\/fc-barcelona\\\/the-camp-nou-there-would-be-coreado-benitez-remain-you-in-front-of-the-real_37565_102.html#primaryimage\",\"url\":\"https:\\\/\\\/www.fcbarcelonanoticias.com\\\/en\\\/wp-content\\\/uploads\\\/sites\\\/2\\\/2015\\\/11\\\/barca-once-37577.jpeg\",\"contentUrl\":\"https:\\\/\\\/www.fcbarcelonanoticias.com\\\/en\\\/wp-content\\\/uploads\\\/sites\\\/2\\\/2015\\\/11\\\/barca-once-37577.jpeg\",\"width\":610,\"height\":343},{\"@type\":\"BreadcrumbList\",\"@id\":\"https:\\\/\\\/www.fcbarcelonanoticias.com\\\/en\\\/fc-barcelona\\\/the-camp-nou-there-would-be-coreado-benitez-remain-you-in-front-of-the-real_37565_102.html#breadcrumb\",\"itemListElement\":[{\"@type\":\"ListItem\",\"position\":1,\"name\":\"Portada\",\"item\":\"https:\\\/\\\/www.fcbarcelonanoticias.com\\\/en\\\/\"},{\"@type\":\"ListItem\",\"position\":2,\"name\":\"The Camp Nou there would be coreado &#8220;Ben\u00edtez, remain you&#8221; in front of the Real\"}]},{\"@type\":\"WebSite\",\"@id\":\"https:\\\/\\\/www.fcbarcelonanoticias.com\\\/en\\\/#website\",\"url\":\"https:\\\/\\\/www.fcbarcelonanoticias.com\\\/en\\\/\",\"name\":\"EN - FC Barcelona Noticias\",\"description\":\"\",\"potentialAction\":[{\"@type\":\"SearchAction\",\"target\":{\"@type\":\"EntryPoint\",\"urlTemplate\":\"https:\\\/\\\/www.fcbarcelonanoticias.com\\\/en\\\/?s={search_term_string}\"},\"query-input\":{\"@type\":\"PropertyValueSpecification\",\"valueRequired\":true,\"valueName\":\"search_term_string\"}}],\"inLanguage\":\"en-US\"},{\"@type\":\"Person\",\"@id\":\"https:\\\/\\\/www.fcbarcelonanoticias.com\\\/en\\\/#\\\/schema\\\/person\\\/15ee2f54c96c350bfe0645e2cd9256a8\",\"name\":\"user_4124\",\"image\":{\"@type\":\"ImageObject\",\"inLanguage\":\"en-US\",\"@id\":\"https:\\\/\\\/secure.gravatar.com\\\/avatar\\\/?s=96&d=mm&r=g\",\"url\":\"https:\\\/\\\/secure.gravatar.com\\\/avatar\\\/?s=96&d=mm&r=g\",\"contentUrl\":\"https:\\\/\\\/secure.gravatar.com\\\/avatar\\\/?s=96&d=mm&r=g\",\"caption\":\"user_4124\"},\"url\":\"https:\\\/\\\/www.fcbarcelonanoticias.com\\\/en\\\/user_4124.html\"}]}<\/script>\n<!-- \/ Yoast SEO plugin. -->","yoast_head_json":{"title":"The Camp Nou there would be coreado \"Ben\u00edtez, remain you\" in front of the Real","description":"FCBarcelonaNoticias.com","robots":{"index":"index","follow":"follow","max-snippet":"max-snippet:-1","max-image-preview":"max-image-preview:large","max-video-preview":"max-video-preview:-1"},"canonical":"https:\/\/www.fcbarcelonanoticias.com\/en\/fc-barcelona\/the-camp-nou-there-would-be-coreado-benitez-remain-you-in-front-of-the-real_37565_102.html","og_locale":"en_US","og_type":"article","og_title":"The Camp Nou there would be coreado \"Ben\u00edtez, remain you\" in front of the Real","og_description":"FCBarcelonaNoticias.com","og_url":"https:\/\/www.fcbarcelonanoticias.com\/en\/fc-barcelona\/the-camp-nou-there-would-be-coreado-benitez-remain-you-in-front-of-the-real_37565_102.html","og_site_name":"EN - FC Barcelona Noticias","article_published_time":"2015-11-28T17:43:00+00:00","og_image":[{"width":610,"height":343,"url":"https:\/\/www.fcbarcelonanoticias.com\/en\/wp-content\/uploads\/sites\/2\/2015\/11\/barca-once-37577.jpeg","type":"image\/jpeg"}],"author":"user_4124","twitter_card":"summary_large_image","twitter_misc":{"Written by":"user_4124","Est. reading time":"2 minutes"},"schema":{"@context":"https:\/\/schema.org","@graph":[{"@type":"Article","@id":"https:\/\/www.fcbarcelonanoticias.com\/en\/fc-barcelona\/the-camp-nou-there-would-be-coreado-benitez-remain-you-in-front-of-the-real_37565_102.html#article","isPartOf":{"@id":"https:\/\/www.fcbarcelonanoticias.com\/en\/fc-barcelona\/the-camp-nou-there-would-be-coreado-benitez-remain-you-in-front-of-the-real_37565_102.html"},"author":{"name":"user_4124","@id":"https:\/\/www.fcbarcelonanoticias.com\/en\/#\/schema\/person\/15ee2f54c96c350bfe0645e2cd9256a8"},"headline":"The Camp Nou there would be coreado &#8220;Ben\u00edtez, remain you&#8221; in front of the Real","datePublished":"2015-11-28T17:43:00+00:00","mainEntityOfPage":{"@id":"https:\/\/www.fcbarcelonanoticias.com\/en\/fc-barcelona\/the-camp-nou-there-would-be-coreado-benitez-remain-you-in-front-of-the-real_37565_102.html"},"wordCount":402,"image":{"@id":"https:\/\/www.fcbarcelonanoticias.com\/en\/fc-barcelona\/the-camp-nou-there-would-be-coreado-benitez-remain-you-in-front-of-the-real_37565_102.html#primaryimage"},"thumbnailUrl":"https:\/\/www.fcbarcelonanoticias.com\/en\/wp-content\/uploads\/sites\/2\/2015\/11\/barca-once-37577.jpeg","keywords":["Rafa Ben\u00edtez","Real Sociedad"],"articleSection":["FC Barcelona"],"inLanguage":"en-US"},{"@type":"WebPage","@id":"https:\/\/www.fcbarcelonanoticias.com\/en\/fc-barcelona\/the-camp-nou-there-would-be-coreado-benitez-remain-you-in-front-of-the-real_37565_102.html","url":"https:\/\/www.fcbarcelonanoticias.com\/en\/fc-barcelona\/the-camp-nou-there-would-be-coreado-benitez-remain-you-in-front-of-the-real_37565_102.html","name":"The Camp Nou there would be coreado \"Ben\u00edtez, remain you\" in front of the Real","isPartOf":{"@id":"https:\/\/www.fcbarcelonanoticias.com\/en\/#website"},"primaryImageOfPage":{"@id":"https:\/\/www.fcbarcelonanoticias.com\/en\/fc-barcelona\/the-camp-nou-there-would-be-coreado-benitez-remain-you-in-front-of-the-real_37565_102.html#primaryimage"},"image":{"@id":"https:\/\/www.fcbarcelonanoticias.com\/en\/fc-barcelona\/the-camp-nou-there-would-be-coreado-benitez-remain-you-in-front-of-the-real_37565_102.html#primaryimage"},"thumbnailUrl":"https:\/\/www.fcbarcelonanoticias.com\/en\/wp-content\/uploads\/sites\/2\/2015\/11\/barca-once-37577.jpeg","datePublished":"2015-11-28T17:43:00+00:00","author":{"@id":"https:\/\/www.fcbarcelonanoticias.com\/en\/#\/schema\/person\/15ee2f54c96c350bfe0645e2cd9256a8"},"description":"FCBarcelonaNoticias.com","breadcrumb":{"@id":"https:\/\/www.fcbarcelonanoticias.com\/en\/fc-barcelona\/the-camp-nou-there-would-be-coreado-benitez-remain-you-in-front-of-the-real_37565_102.html#breadcrumb"},"inLanguage":"en-US","potentialAction":[{"@type":"ReadAction","target":["https:\/\/www.fcbarcelonanoticias.com\/en\/fc-barcelona\/the-camp-nou-there-would-be-coreado-benitez-remain-you-in-front-of-the-real_37565_102.html"]}]},{"@type":"ImageObject","inLanguage":"en-US","@id":"https:\/\/www.fcbarcelonanoticias.com\/en\/fc-barcelona\/the-camp-nou-there-would-be-coreado-benitez-remain-you-in-front-of-the-real_37565_102.html#primaryimage","url":"https:\/\/www.fcbarcelonanoticias.com\/en\/wp-content\/uploads\/sites\/2\/2015\/11\/barca-once-37577.jpeg","contentUrl":"https:\/\/www.fcbarcelonanoticias.com\/en\/wp-content\/uploads\/sites\/2\/2015\/11\/barca-once-37577.jpeg","width":610,"height":343},{"@type":"BreadcrumbList","@id":"https:\/\/www.fcbarcelonanoticias.com\/en\/fc-barcelona\/the-camp-nou-there-would-be-coreado-benitez-remain-you-in-front-of-the-real_37565_102.html#breadcrumb","itemListElement":[{"@type":"ListItem","position":1,"name":"Portada","item":"https:\/\/www.fcbarcelonanoticias.com\/en\/"},{"@type":"ListItem","position":2,"name":"The Camp Nou there would be coreado &#8220;Ben\u00edtez, remain you&#8221; in front of the Real"}]},{"@type":"WebSite","@id":"https:\/\/www.fcbarcelonanoticias.com\/en\/#website","url":"https:\/\/www.fcbarcelonanoticias.com\/en\/","name":"EN - FC Barcelona Noticias","description":"","potentialAction":[{"@type":"SearchAction","target":{"@type":"EntryPoint","urlTemplate":"https:\/\/www.fcbarcelonanoticias.com\/en\/?s={search_term_string}"},"query-input":{"@type":"PropertyValueSpecification","valueRequired":true,"valueName":"search_term_string"}}],"inLanguage":"en-US"},{"@type":"Person","@id":"https:\/\/www.fcbarcelonanoticias.com\/en\/#\/schema\/person\/15ee2f54c96c350bfe0645e2cd9256a8","name":"user_4124","image":{"@type":"ImageObject","inLanguage":"en-US","@id":"https:\/\/secure.gravatar.com\/avatar\/?s=96&d=mm&r=g","url":"https:\/\/secure.gravatar.com\/avatar\/?s=96&d=mm&r=g","contentUrl":"https:\/\/secure.gravatar.com\/avatar\/?s=96&d=mm&r=g","caption":"user_4124"},"url":"https:\/\/www.fcbarcelonanoticias.com\/en\/user_4124.html"}]}},"_links":{"self":[{"href":"https:\/\/www.fcbarcelonanoticias.com\/en\/wp-json\/wp\/v2\/posts\/30200","targetHints":{"allow":["GET"]}}],"collection":[{"href":"https:\/\/www.fcbarcelonanoticias.com\/en\/wp-json\/wp\/v2\/posts"}],"about":[{"href":"https:\/\/www.fcbarcelonanoticias.com\/en\/wp-json\/wp\/v2\/types\/post"}],"author":[{"embeddable":true,"href":"https:\/\/www.fcbarcelonanoticias.com\/en\/wp-json\/wp\/v2\/users\/468"}],"replies":[{"embeddable":true,"href":"https:\/\/www.fcbarcelonanoticias.com\/en\/wp-json\/wp\/v2\/comments?post=30200"}],"version-history":[{"count":1,"href":"https:\/\/www.fcbarcelonanoticias.com\/en\/wp-json\/wp\/v2\/posts\/30200\/revisions"}],"predecessor-version":[{"id":109254,"href":"https:\/\/www.fcbarcelonanoticias.com\/en\/wp-json\/wp\/v2\/posts\/30200\/revisions\/109254"}],"wp:featuredmedia":[{"embeddable":true,"href":"https:\/\/www.fcbarcelonanoticias.com\/en\/wp-json\/wp\/v2\/media\/30201"}],"wp:attachment":[{"href":"https:\/\/www.fcbarcelonanoticias.com\/en\/wp-json\/wp\/v2\/media?parent=30200"}],"wp:term":[{"taxonomy":"category","embeddable":true,"href":"https:\/\/www.fcbarcelonanoticias.com\/en\/wp-json\/wp\/v2\/categories?post=30200"},{"taxonomy":"post_tag","embeddable":true,"href":"https:\/\/www.fcbarcelonanoticias.com\/en\/wp-json\/wp\/v2\/tags?post=30200"}],"curies":[{"name":"wp","href":"https:\/\/api.w.org\/{rel}","templated":true}]}}