{"id":30202,"date":"2023-01-22T19:05:00","date_gmt":"2023-01-22T18:05:00","guid":{"rendered":"https:\/\/weisetech.dev\/fc-barcelona-noticias\/en\/the-celebration-of-the-supercopa-of-the-barca-before-the-party-in-front-of-the-getafe_288885_102\/"},"modified":"2023-01-22T19:15:00","modified_gmt":"2023-01-22T18:15:00","slug":"the-celebration-of-the-supercopa-of-the-barca-before-the-party-in-front-of-the-getafe_288885_102","status":"publish","type":"post","link":"https:\/\/www.fcbarcelonanoticias.com\/en\/fc-barcelona\/the-celebration-of-the-supercopa-of-the-barca-before-the-party-in-front-of-the-getafe_288885_102.html","title":{"rendered":"The &#8216;celebration&#8217; of the Bar\u00e7a Super Cup before the game against Getafe"},"content":{"rendered":"<h2 class=\"wp-block-heading\">Bar\u00e7a has offered its latest conquest to the cul\u00e9 fans minutes before the league match against Getafe. The festivities have been in charge of Sergio Busquets, who has presented the trophy<\/h2>  \r\n<div class=\"article-addons\">\r\n    <a href=\"https:\/\/www.fcbarcelonanoticias.com\/en\/calendar-fc-barcelona.html\"\r\n       target=\"_self\"\r\n       title=\"Calendar of FC Barcelona\"\r\n       class=\"blue-gredient-btn\">\r\n       \r\n        Calendar of FC Barcelona    <\/a>\r\n<\/div>   <p>After the last conquest in Riad in front of the Real Madrid, that has been the first title for the<a data-external=\"0\" data-intl-links-en=\"https:\/\/www.fcbarcelonanoticias.com\/en\/supercopa-of-spain\/supercampeones-the-barca-humiliates-to-the-madrid-and-goes-back-to-the-peak-0-3_288653_102.html\" data-intl-links-es=\"https:\/\/www.fcbarcelonanoticias.com\/supercopa-de-espana\/supercampeones-barca-humilla-madrid-vuelve-cima-1-3_288653_102.html\" href=\"https:\/\/www.fcbarcelonanoticias.com\/en\/supercopa-of-spain\/supercampeones-the-barca-humiliates-to-the-madrid-and-goes-back-to-the-peak-0-3_288653_102.html\" rel=\"follow\" target=\"_self\" title=\"\u00a1SUPERCAMPEONES! El Bar\u00e7a humilla al Madrid y vuelve a la cima (1-3)\"> FC Barcelona<\/a> from the season 2020\/21 and the first since Xavi Hern\u00e1ndez have taken the reins of the Barcelona bench, <strong>the players, with Sergio Busquets in command, have jumped to the field to offer the trophy to the fans<\/strong>, that already had been sedienta of glory during more than 600 days in the last seasons.<\/p>  <p>It treats of the trophy number 14 that conquers the Catalan team in this competition, attained in addition to a conclusive way in front of a Real Madrid surpassed especially in the centre of the field, where <strong>the connection between Pedri Gonz\u00e1lez and Pablo Mart\u00edn P\u00e1ez Gavira &#8216;Gavi&#8217; were the key of a duel in which the Barcelona finished for imposing <\/strong> with a conclusive 1-3 to win a new tournament in Arab floor.<\/p>  <p>Likewise, it is the first Supercopa of Spain attained by the FC Barcelona since this tournament adopted the format of &#8216;final four&#8217;, cumpliedo besides with the wish of the organisers in the host nation to have an edition of the Classical,<strong> a party that definitely has paralysed Riad when being headquarters of a crash that forms part of the record of a marked rivalry of more than a century<\/strong>, in the dispute of a title.<\/p>  <p>Of this way, <strong>the present fans in the Spotify Camp Nou have lived an insuperable experience in the previous of crash in front of the Getafe<\/strong> in the day 17 of LaLiga, that continues being the big aim of the cul\u00e9s in the season after the conquest of the Supercopa, that has given an important envi\u00f3n an\u00edmico to the staff of face to the next challenges to face during the rest of the course 2022\/23.<\/p>  <h4>The pending challenges of the Bar\u00e7a<\/h4>  <p>Until the moment, <strong>the Barcelona has showed a good version from the start of the year<\/strong>, although Xavi Hern\u00e1ndez has insisted in that they still have to correct some details. The cul\u00e9s follow contesting several competitions like the Glass of Rey and in February will be measuring in international instances in front of the Manchester United in the playoffs of the Europe League in one of the most attractive parties of this phase.<\/p> ","protected":false},"excerpt":{"rendered":"<p>Bar\u00e7a has offered its latest conquest to the cul\u00e9 fans minutes before the league match against Getafe. The festivities have been in charge of Sergio Busquets, who has presented the trophy After the last conquest in Riad in front of the Real Madrid, that has been the first title for the FC Barcelona from the [&hellip;]<\/p>\n","protected":false},"author":363,"featured_media":30203,"comment_status":"closed","ping_status":"open","sticky":false,"template":"","format":"standard","meta":{"_acf_changed":false,"inline_featured_image":false,"_nextfly_llmd_date_locked":false,"footnotes":""},"categories":[111],"tags":[96,166],"class_list":["post-30202","post","type-post","status-publish","format-standard","has-post-thumbnail","hentry","category-fc-barcelona","tag-getafe-cf","tag-sergio-busquets"],"acf":[],"yoast_head":"<!-- This site is optimized with the Yoast SEO plugin v27.3 - https:\/\/yoast.com\/product\/yoast-seo-wordpress\/ -->\n<title>The &#039;celebration&#039; of the Supercopa of the Bar\u00e7a before the party in front of the Getafe<\/title>\n<meta name=\"description\" content=\"The Bar\u00e7a has offered his last conquest to the fans cul\u00e9 minutes before the split suspender belt in front of the Getafe. The celebrations have been to charge of Sergio Busquets, the one who has presented the trophy\" \/>\n<meta name=\"robots\" content=\"index, follow, max-snippet:-1, max-image-preview:large, max-video-preview:-1\" \/>\n<link rel=\"canonical\" href=\"https:\/\/www.fcbarcelonanoticias.com\/en\/fc-barcelona\/the-celebration-of-the-supercopa-of-the-barca-before-the-party-in-front-of-the-getafe_288885_102.html\" \/>\n<meta property=\"og:locale\" content=\"en_US\" \/>\n<meta property=\"og:type\" content=\"article\" \/>\n<meta property=\"og:title\" content=\"The &#039;celebration&#039; of the Supercopa of the Bar\u00e7a before the party in front of the Getafe\" \/>\n<meta property=\"og:description\" content=\"The Bar\u00e7a has offered his last conquest to the fans cul\u00e9 minutes before the split suspender belt in front of the Getafe. The celebrations have been to charge of Sergio Busquets, the one who has presented the trophy\" \/>\n<meta property=\"og:url\" content=\"https:\/\/www.fcbarcelonanoticias.com\/en\/fc-barcelona\/the-celebration-of-the-supercopa-of-the-barca-before-the-party-in-front-of-the-getafe_288885_102.html\" \/>\n<meta property=\"og:site_name\" content=\"EN - FC Barcelona Noticias\" \/>\n<meta property=\"article:published_time\" content=\"2023-01-22T18:05:00+00:00\" \/>\n<meta property=\"article:modified_time\" content=\"2023-01-22T18:15:00+00:00\" \/>\n<meta property=\"og:image\" content=\"https:\/\/www.fcbarcelonanoticias.com\/en\/wp-content\/uploads\/sites\/2\/2023\/01\/fc-barcelona-v-getafe-cf-laliga-santander-1.jpeg\" \/>\n\t<meta property=\"og:image:width\" content=\"1200\" \/>\n\t<meta property=\"og:image:height\" content=\"695\" \/>\n\t<meta property=\"og:image:type\" content=\"image\/jpeg\" \/>\n<meta name=\"author\" content=\"Claudio Betancourt\" \/>\n<meta name=\"twitter:card\" content=\"summary_large_image\" \/>\n<meta name=\"twitter:label1\" content=\"Written by\" \/>\n\t<meta name=\"twitter:data1\" content=\"Claudio Betancourt\" \/>\n\t<meta name=\"twitter:label2\" content=\"Est. reading time\" \/>\n\t<meta name=\"twitter:data2\" content=\"2 minutes\" \/>\n<script type=\"application\/ld+json\" class=\"yoast-schema-graph\">{\"@context\":\"https:\\\/\\\/schema.org\",\"@graph\":[{\"@type\":\"Article\",\"@id\":\"https:\\\/\\\/www.fcbarcelonanoticias.com\\\/en\\\/fc-barcelona\\\/the-celebration-of-the-supercopa-of-the-barca-before-the-party-in-front-of-the-getafe_288885_102.html#article\",\"isPartOf\":{\"@id\":\"https:\\\/\\\/www.fcbarcelonanoticias.com\\\/en\\\/fc-barcelona\\\/the-celebration-of-the-supercopa-of-the-barca-before-the-party-in-front-of-the-getafe_288885_102.html\"},\"author\":{\"name\":\"Claudio Betancourt\",\"@id\":\"https:\\\/\\\/www.fcbarcelonanoticias.com\\\/en\\\/#\\\/schema\\\/person\\\/76c77917e39f918eb1604c571055386e\"},\"headline\":\"The &#8216;celebration&#8217; of the Bar\u00e7a Super Cup before the game against Getafe\",\"datePublished\":\"2023-01-22T18:05:00+00:00\",\"dateModified\":\"2023-01-22T18:15:00+00:00\",\"mainEntityOfPage\":{\"@id\":\"https:\\\/\\\/www.fcbarcelonanoticias.com\\\/en\\\/fc-barcelona\\\/the-celebration-of-the-supercopa-of-the-barca-before-the-party-in-front-of-the-getafe_288885_102.html\"},\"wordCount\":427,\"image\":{\"@id\":\"https:\\\/\\\/www.fcbarcelonanoticias.com\\\/en\\\/fc-barcelona\\\/the-celebration-of-the-supercopa-of-the-barca-before-the-party-in-front-of-the-getafe_288885_102.html#primaryimage\"},\"thumbnailUrl\":\"https:\\\/\\\/www.fcbarcelonanoticias.com\\\/en\\\/wp-content\\\/uploads\\\/sites\\\/2\\\/2023\\\/01\\\/fc-barcelona-v-getafe-cf-laliga-santander-1.jpeg\",\"keywords\":[\"Getafe CF\",\"Sergio Busquets\"],\"articleSection\":[\"FC Barcelona\"],\"inLanguage\":\"en-US\"},{\"@type\":\"WebPage\",\"@id\":\"https:\\\/\\\/www.fcbarcelonanoticias.com\\\/en\\\/fc-barcelona\\\/the-celebration-of-the-supercopa-of-the-barca-before-the-party-in-front-of-the-getafe_288885_102.html\",\"url\":\"https:\\\/\\\/www.fcbarcelonanoticias.com\\\/en\\\/fc-barcelona\\\/the-celebration-of-the-supercopa-of-the-barca-before-the-party-in-front-of-the-getafe_288885_102.html\",\"name\":\"The 'celebration' of the Supercopa of the Bar\u00e7a before the party in front of the Getafe\",\"isPartOf\":{\"@id\":\"https:\\\/\\\/www.fcbarcelonanoticias.com\\\/en\\\/#website\"},\"primaryImageOfPage\":{\"@id\":\"https:\\\/\\\/www.fcbarcelonanoticias.com\\\/en\\\/fc-barcelona\\\/the-celebration-of-the-supercopa-of-the-barca-before-the-party-in-front-of-the-getafe_288885_102.html#primaryimage\"},\"image\":{\"@id\":\"https:\\\/\\\/www.fcbarcelonanoticias.com\\\/en\\\/fc-barcelona\\\/the-celebration-of-the-supercopa-of-the-barca-before-the-party-in-front-of-the-getafe_288885_102.html#primaryimage\"},\"thumbnailUrl\":\"https:\\\/\\\/www.fcbarcelonanoticias.com\\\/en\\\/wp-content\\\/uploads\\\/sites\\\/2\\\/2023\\\/01\\\/fc-barcelona-v-getafe-cf-laliga-santander-1.jpeg\",\"datePublished\":\"2023-01-22T18:05:00+00:00\",\"dateModified\":\"2023-01-22T18:15:00+00:00\",\"author\":{\"@id\":\"https:\\\/\\\/www.fcbarcelonanoticias.com\\\/en\\\/#\\\/schema\\\/person\\\/76c77917e39f918eb1604c571055386e\"},\"description\":\"The Bar\u00e7a has offered his last conquest to the fans cul\u00e9 minutes before the split suspender belt in front of the Getafe. The celebrations have been to charge of Sergio Busquets, the one who has presented the trophy\",\"breadcrumb\":{\"@id\":\"https:\\\/\\\/www.fcbarcelonanoticias.com\\\/en\\\/fc-barcelona\\\/the-celebration-of-the-supercopa-of-the-barca-before-the-party-in-front-of-the-getafe_288885_102.html#breadcrumb\"},\"inLanguage\":\"en-US\",\"potentialAction\":[{\"@type\":\"ReadAction\",\"target\":[\"https:\\\/\\\/www.fcbarcelonanoticias.com\\\/en\\\/fc-barcelona\\\/the-celebration-of-the-supercopa-of-the-barca-before-the-party-in-front-of-the-getafe_288885_102.html\"]}]},{\"@type\":\"ImageObject\",\"inLanguage\":\"en-US\",\"@id\":\"https:\\\/\\\/www.fcbarcelonanoticias.com\\\/en\\\/fc-barcelona\\\/the-celebration-of-the-supercopa-of-the-barca-before-the-party-in-front-of-the-getafe_288885_102.html#primaryimage\",\"url\":\"https:\\\/\\\/www.fcbarcelonanoticias.com\\\/en\\\/wp-content\\\/uploads\\\/sites\\\/2\\\/2023\\\/01\\\/fc-barcelona-v-getafe-cf-laliga-santander-1.jpeg\",\"contentUrl\":\"https:\\\/\\\/www.fcbarcelonanoticias.com\\\/en\\\/wp-content\\\/uploads\\\/sites\\\/2\\\/2023\\\/01\\\/fc-barcelona-v-getafe-cf-laliga-santander-1.jpeg\",\"width\":1200,\"height\":695},{\"@type\":\"BreadcrumbList\",\"@id\":\"https:\\\/\\\/www.fcbarcelonanoticias.com\\\/en\\\/fc-barcelona\\\/the-celebration-of-the-supercopa-of-the-barca-before-the-party-in-front-of-the-getafe_288885_102.html#breadcrumb\",\"itemListElement\":[{\"@type\":\"ListItem\",\"position\":1,\"name\":\"Portada\",\"item\":\"https:\\\/\\\/www.fcbarcelonanoticias.com\\\/en\\\/\"},{\"@type\":\"ListItem\",\"position\":2,\"name\":\"The &#8216;celebration&#8217; of the Bar\u00e7a Super Cup before the game against Getafe\"}]},{\"@type\":\"WebSite\",\"@id\":\"https:\\\/\\\/www.fcbarcelonanoticias.com\\\/en\\\/#website\",\"url\":\"https:\\\/\\\/www.fcbarcelonanoticias.com\\\/en\\\/\",\"name\":\"EN - FC Barcelona Noticias\",\"description\":\"\",\"potentialAction\":[{\"@type\":\"SearchAction\",\"target\":{\"@type\":\"EntryPoint\",\"urlTemplate\":\"https:\\\/\\\/www.fcbarcelonanoticias.com\\\/en\\\/?s={search_term_string}\"},\"query-input\":{\"@type\":\"PropertyValueSpecification\",\"valueRequired\":true,\"valueName\":\"search_term_string\"}}],\"inLanguage\":\"en-US\"},{\"@type\":\"Person\",\"@id\":\"https:\\\/\\\/www.fcbarcelonanoticias.com\\\/en\\\/#\\\/schema\\\/person\\\/76c77917e39f918eb1604c571055386e\",\"name\":\"Claudio Betancourt\",\"image\":{\"@type\":\"ImageObject\",\"inLanguage\":\"en-US\",\"@id\":\"https:\\\/\\\/secure.gravatar.com\\\/avatar\\\/?s=96&d=mm&r=g\",\"url\":\"https:\\\/\\\/secure.gravatar.com\\\/avatar\\\/?s=96&d=mm&r=g\",\"contentUrl\":\"https:\\\/\\\/secure.gravatar.com\\\/avatar\\\/?s=96&d=mm&r=g\",\"caption\":\"Claudio Betancourt\"},\"url\":\"https:\\\/\\\/www.fcbarcelonanoticias.com\\\/en\\\/claudio-betancourt_14_115.html\"}]}<\/script>\n<!-- \/ Yoast SEO plugin. -->","yoast_head_json":{"title":"The 'celebration' of the Supercopa of the Bar\u00e7a before the party in front of the Getafe","description":"The Bar\u00e7a has offered his last conquest to the fans cul\u00e9 minutes before the split suspender belt in front of the Getafe. The celebrations have been to charge of Sergio Busquets, the one who has presented the trophy","robots":{"index":"index","follow":"follow","max-snippet":"max-snippet:-1","max-image-preview":"max-image-preview:large","max-video-preview":"max-video-preview:-1"},"canonical":"https:\/\/www.fcbarcelonanoticias.com\/en\/fc-barcelona\/the-celebration-of-the-supercopa-of-the-barca-before-the-party-in-front-of-the-getafe_288885_102.html","og_locale":"en_US","og_type":"article","og_title":"The 'celebration' of the Supercopa of the Bar\u00e7a before the party in front of the Getafe","og_description":"The Bar\u00e7a has offered his last conquest to the fans cul\u00e9 minutes before the split suspender belt in front of the Getafe. The celebrations have been to charge of Sergio Busquets, the one who has presented the trophy","og_url":"https:\/\/www.fcbarcelonanoticias.com\/en\/fc-barcelona\/the-celebration-of-the-supercopa-of-the-barca-before-the-party-in-front-of-the-getafe_288885_102.html","og_site_name":"EN - FC Barcelona Noticias","article_published_time":"2023-01-22T18:05:00+00:00","article_modified_time":"2023-01-22T18:15:00+00:00","og_image":[{"width":1200,"height":695,"url":"https:\/\/www.fcbarcelonanoticias.com\/en\/wp-content\/uploads\/sites\/2\/2023\/01\/fc-barcelona-v-getafe-cf-laliga-santander-1.jpeg","type":"image\/jpeg"}],"author":"Claudio Betancourt","twitter_card":"summary_large_image","twitter_misc":{"Written by":"Claudio Betancourt","Est. reading time":"2 minutes"},"schema":{"@context":"https:\/\/schema.org","@graph":[{"@type":"Article","@id":"https:\/\/www.fcbarcelonanoticias.com\/en\/fc-barcelona\/the-celebration-of-the-supercopa-of-the-barca-before-the-party-in-front-of-the-getafe_288885_102.html#article","isPartOf":{"@id":"https:\/\/www.fcbarcelonanoticias.com\/en\/fc-barcelona\/the-celebration-of-the-supercopa-of-the-barca-before-the-party-in-front-of-the-getafe_288885_102.html"},"author":{"name":"Claudio Betancourt","@id":"https:\/\/www.fcbarcelonanoticias.com\/en\/#\/schema\/person\/76c77917e39f918eb1604c571055386e"},"headline":"The &#8216;celebration&#8217; of the Bar\u00e7a Super Cup before the game against Getafe","datePublished":"2023-01-22T18:05:00+00:00","dateModified":"2023-01-22T18:15:00+00:00","mainEntityOfPage":{"@id":"https:\/\/www.fcbarcelonanoticias.com\/en\/fc-barcelona\/the-celebration-of-the-supercopa-of-the-barca-before-the-party-in-front-of-the-getafe_288885_102.html"},"wordCount":427,"image":{"@id":"https:\/\/www.fcbarcelonanoticias.com\/en\/fc-barcelona\/the-celebration-of-the-supercopa-of-the-barca-before-the-party-in-front-of-the-getafe_288885_102.html#primaryimage"},"thumbnailUrl":"https:\/\/www.fcbarcelonanoticias.com\/en\/wp-content\/uploads\/sites\/2\/2023\/01\/fc-barcelona-v-getafe-cf-laliga-santander-1.jpeg","keywords":["Getafe CF","Sergio Busquets"],"articleSection":["FC Barcelona"],"inLanguage":"en-US"},{"@type":"WebPage","@id":"https:\/\/www.fcbarcelonanoticias.com\/en\/fc-barcelona\/the-celebration-of-the-supercopa-of-the-barca-before-the-party-in-front-of-the-getafe_288885_102.html","url":"https:\/\/www.fcbarcelonanoticias.com\/en\/fc-barcelona\/the-celebration-of-the-supercopa-of-the-barca-before-the-party-in-front-of-the-getafe_288885_102.html","name":"The 'celebration' of the Supercopa of the Bar\u00e7a before the party in front of the Getafe","isPartOf":{"@id":"https:\/\/www.fcbarcelonanoticias.com\/en\/#website"},"primaryImageOfPage":{"@id":"https:\/\/www.fcbarcelonanoticias.com\/en\/fc-barcelona\/the-celebration-of-the-supercopa-of-the-barca-before-the-party-in-front-of-the-getafe_288885_102.html#primaryimage"},"image":{"@id":"https:\/\/www.fcbarcelonanoticias.com\/en\/fc-barcelona\/the-celebration-of-the-supercopa-of-the-barca-before-the-party-in-front-of-the-getafe_288885_102.html#primaryimage"},"thumbnailUrl":"https:\/\/www.fcbarcelonanoticias.com\/en\/wp-content\/uploads\/sites\/2\/2023\/01\/fc-barcelona-v-getafe-cf-laliga-santander-1.jpeg","datePublished":"2023-01-22T18:05:00+00:00","dateModified":"2023-01-22T18:15:00+00:00","author":{"@id":"https:\/\/www.fcbarcelonanoticias.com\/en\/#\/schema\/person\/76c77917e39f918eb1604c571055386e"},"description":"The Bar\u00e7a has offered his last conquest to the fans cul\u00e9 minutes before the split suspender belt in front of the Getafe. The celebrations have been to charge of Sergio Busquets, the one who has presented the trophy","breadcrumb":{"@id":"https:\/\/www.fcbarcelonanoticias.com\/en\/fc-barcelona\/the-celebration-of-the-supercopa-of-the-barca-before-the-party-in-front-of-the-getafe_288885_102.html#breadcrumb"},"inLanguage":"en-US","potentialAction":[{"@type":"ReadAction","target":["https:\/\/www.fcbarcelonanoticias.com\/en\/fc-barcelona\/the-celebration-of-the-supercopa-of-the-barca-before-the-party-in-front-of-the-getafe_288885_102.html"]}]},{"@type":"ImageObject","inLanguage":"en-US","@id":"https:\/\/www.fcbarcelonanoticias.com\/en\/fc-barcelona\/the-celebration-of-the-supercopa-of-the-barca-before-the-party-in-front-of-the-getafe_288885_102.html#primaryimage","url":"https:\/\/www.fcbarcelonanoticias.com\/en\/wp-content\/uploads\/sites\/2\/2023\/01\/fc-barcelona-v-getafe-cf-laliga-santander-1.jpeg","contentUrl":"https:\/\/www.fcbarcelonanoticias.com\/en\/wp-content\/uploads\/sites\/2\/2023\/01\/fc-barcelona-v-getafe-cf-laliga-santander-1.jpeg","width":1200,"height":695},{"@type":"BreadcrumbList","@id":"https:\/\/www.fcbarcelonanoticias.com\/en\/fc-barcelona\/the-celebration-of-the-supercopa-of-the-barca-before-the-party-in-front-of-the-getafe_288885_102.html#breadcrumb","itemListElement":[{"@type":"ListItem","position":1,"name":"Portada","item":"https:\/\/www.fcbarcelonanoticias.com\/en\/"},{"@type":"ListItem","position":2,"name":"The &#8216;celebration&#8217; of the Bar\u00e7a Super Cup before the game against Getafe"}]},{"@type":"WebSite","@id":"https:\/\/www.fcbarcelonanoticias.com\/en\/#website","url":"https:\/\/www.fcbarcelonanoticias.com\/en\/","name":"EN - FC Barcelona Noticias","description":"","potentialAction":[{"@type":"SearchAction","target":{"@type":"EntryPoint","urlTemplate":"https:\/\/www.fcbarcelonanoticias.com\/en\/?s={search_term_string}"},"query-input":{"@type":"PropertyValueSpecification","valueRequired":true,"valueName":"search_term_string"}}],"inLanguage":"en-US"},{"@type":"Person","@id":"https:\/\/www.fcbarcelonanoticias.com\/en\/#\/schema\/person\/76c77917e39f918eb1604c571055386e","name":"Claudio Betancourt","image":{"@type":"ImageObject","inLanguage":"en-US","@id":"https:\/\/secure.gravatar.com\/avatar\/?s=96&d=mm&r=g","url":"https:\/\/secure.gravatar.com\/avatar\/?s=96&d=mm&r=g","contentUrl":"https:\/\/secure.gravatar.com\/avatar\/?s=96&d=mm&r=g","caption":"Claudio Betancourt"},"url":"https:\/\/www.fcbarcelonanoticias.com\/en\/claudio-betancourt_14_115.html"}]}},"_links":{"self":[{"href":"https:\/\/www.fcbarcelonanoticias.com\/en\/wp-json\/wp\/v2\/posts\/30202","targetHints":{"allow":["GET"]}}],"collection":[{"href":"https:\/\/www.fcbarcelonanoticias.com\/en\/wp-json\/wp\/v2\/posts"}],"about":[{"href":"https:\/\/www.fcbarcelonanoticias.com\/en\/wp-json\/wp\/v2\/types\/post"}],"author":[{"embeddable":true,"href":"https:\/\/www.fcbarcelonanoticias.com\/en\/wp-json\/wp\/v2\/users\/363"}],"replies":[{"embeddable":true,"href":"https:\/\/www.fcbarcelonanoticias.com\/en\/wp-json\/wp\/v2\/comments?post=30202"}],"version-history":[{"count":1,"href":"https:\/\/www.fcbarcelonanoticias.com\/en\/wp-json\/wp\/v2\/posts\/30202\/revisions"}],"predecessor-version":[{"id":109269,"href":"https:\/\/www.fcbarcelonanoticias.com\/en\/wp-json\/wp\/v2\/posts\/30202\/revisions\/109269"}],"wp:featuredmedia":[{"embeddable":true,"href":"https:\/\/www.fcbarcelonanoticias.com\/en\/wp-json\/wp\/v2\/media\/30203"}],"wp:attachment":[{"href":"https:\/\/www.fcbarcelonanoticias.com\/en\/wp-json\/wp\/v2\/media?parent=30202"}],"wp:term":[{"taxonomy":"category","embeddable":true,"href":"https:\/\/www.fcbarcelonanoticias.com\/en\/wp-json\/wp\/v2\/categories?post=30202"},{"taxonomy":"post_tag","embeddable":true,"href":"https:\/\/www.fcbarcelonanoticias.com\/en\/wp-json\/wp\/v2\/tags?post=30202"}],"curies":[{"name":"wp","href":"https:\/\/api.w.org\/{rel}","templated":true}]}}