{"id":30372,"date":"2022-09-19T23:49:00","date_gmt":"2022-09-19T21:49:00","guid":{"rendered":"https:\/\/weisetech.dev\/fc-barcelona-noticias\/en\/the-clause-surprise-of-the-barca-with-his-players-yielded_284535_102\/"},"modified":"2022-09-19T23:49:00","modified_gmt":"2022-09-19T21:49:00","slug":"the-clause-surprise-of-the-barca-with-his-players-yielded_284535_102","status":"publish","type":"post","link":"https:\/\/www.fcbarcelonanoticias.com\/en\/fc-barcelona\/the-clause-surprise-of-the-barca-with-his-players-yielded_284535_102.html","title":{"rendered":"Bar\u00e7a&#8217;s surprise clause with its players on loan"},"content":{"rendered":"<h2 class=\"wp-block-heading\">As reported by the newspaper &#8216;SPORT&#8217;, FC Barcelona has included an important clause in the contracts of the players it has loaned for this season. Nico Gonz\u00e1lez is the most important case<\/h2>  \r\n<div class=\"article-addons\">\r\n    <a href=\"https:\/\/www.fcbarcelonanoticias.com\/en\/calendar-fc-barcelona.html\"\r\n       target=\"_self\"\r\n       title=\"Calendar of FC Barcelona\"\r\n       class=\"blue-gredient-btn\">\r\n       \r\n        Calendar of FC Barcelona    <\/a>\r\n<\/div>   <p><strong>The <a data-external=\"0\" data-intl-links-en=\"https:\/\/www.fcbarcelonanoticias.com\/en\/fc-barcelona\" data-intl-links-es=\"https:\/\/www.fcbarcelonanoticias.com\/fc-barcelona\" href=\"https:\/\/www.fcbarcelonanoticias.com\/en\/football-soccer\/fc-barcelona.html\" rel=\"follow\" target=\"_self\" title=\"FC Barcelona\">FC Barcelona<\/a> has taken a &#8216;famous&#8217; measure that implemented the Real Madrid does a few years<\/strong> to avoid that his players yielded play against the team. As they have informed &#8216;Catalonia R\u00e0dio&#8217; or &#8216;SPORT&#8217;, the club chaired by Joan Laporta has taken letters in the subject and has included a compensation in case that some players to loan have the opportunity to play a party against the ones of Xavi Hern\u00e1ndez.<\/p>  <p>In this sense, the Bar\u00e7a would have included the clause of the fear in the agreements of the footballers that have left in loan to add minutes in this season. The before quoted sources <strong>have done upsetting in the particular case of Nico Gonz\u00e1lez, the one who left this course with destination to Valencia.<\/strong> The cul\u00e9s want to avoid that juege and thus the picture &#8216;ch\u00e9&#8217; would have to pay true mount economic if Gennaro Gattuso includes it in his plans for the party.<\/p>  <p>It is worth it to remember that it can not forbid that a player see minutes against the club to the that belongs him his index card (being yielded), by what does a few years implemented said strategy to subtract possibilities. <strong> desconoce If, for example, \u00c1lex Hill has it in his agreement with the Elche<\/strong>, but is deductible that yes because it did not see minutes this weekend against the blaugrana in the Spotify Camp Nou.<\/p>  <p>In any case, it is necessary to remember that for this season there are <strong>seven footballers that are out of the club in quality of loan.<\/strong> In addition to the mentioned cases of Alex Hill and Nico Gonz\u00e1lez, are Antoine Griezmann (yielded from the course happened in the Athletic of Madrid), Francisco Trinc\u00e3or in the Sporting of Portugal, Sergi\u00f1o Dest in the rows of the AC Milan, Cl\u00e9ment Lenglet in the Tottenham, Ez Abde in the Osasuna and, finally, Samuel Umtiti in the Lecce Italian.<\/p>  <h3>A formula that popularised the Real Madrid<\/h3>  <p>The clause of the fear, that <strong>the Real Madrid implemented after the big performance of Morientes (yielded in the ACE Monaco) that cost a European elimination<\/strong>, also was very famous with the cases of Ra\u00fal of Tom\u00e1s in the Ray Vallecano (in his first stage) or with Marcos Asensio and Lucas V\u00e1zquez in the Espanyol, Borja Mayoral (Raise), Pedro Le\u00f3n (Getafe) and a sinf\u00edn of cases for the White House.<\/p> ","protected":false},"excerpt":{"rendered":"<p>As reported by the newspaper &#8216;SPORT&#8217;, FC Barcelona has included an important clause in the contracts of the players it has loaned for this season. Nico Gonz\u00e1lez is the most important case The FC Barcelona has taken a &#8216;famous&#8217; measure that implemented the Real Madrid does a few years to avoid that his players yielded [&hellip;]<\/p>\n","protected":false},"author":377,"featured_media":377,"comment_status":"closed","ping_status":"open","sticky":false,"template":"","format":"standard","meta":{"_acf_changed":false,"inline_featured_image":false,"_nextfly_llmd_date_locked":false,"footnotes":""},"categories":[111],"tags":[292,80],"class_list":["post-30372","post","type-post","status-publish","format-standard","has-post-thumbnail","hentry","category-fc-barcelona","tag-nico-gonzalez","tag-valencia-cf"],"acf":[],"yoast_head":"<!-- This site is optimized with the Yoast SEO plugin v27.3 - https:\/\/yoast.com\/product\/yoast-seo-wordpress\/ -->\n<title>The clause surprise of the Bar\u00e7a with his players yielded<\/title>\n<meta name=\"description\" content=\"As it has informed the newspaper &#039;SPORT&#039;, the FC Barcelona has included an important clause in the agreements of the players that has yielded for the present you...\" \/>\n<meta name=\"robots\" content=\"index, follow, max-snippet:-1, max-image-preview:large, max-video-preview:-1\" \/>\n<link rel=\"canonical\" href=\"https:\/\/www.fcbarcelonanoticias.com\/en\/fc-barcelona\/the-clause-surprise-of-the-barca-with-his-players-yielded_284535_102.html\" \/>\n<meta property=\"og:locale\" content=\"en_US\" \/>\n<meta property=\"og:type\" content=\"article\" \/>\n<meta property=\"og:title\" content=\"The clause surprise of the Bar\u00e7a with his players yielded\" \/>\n<meta property=\"og:description\" content=\"As it has informed the newspaper &#039;SPORT&#039;, the FC Barcelona has included an important clause in the agreements of the players that has yielded for the present you...\" \/>\n<meta property=\"og:url\" content=\"https:\/\/www.fcbarcelonanoticias.com\/en\/fc-barcelona\/the-clause-surprise-of-the-barca-with-his-players-yielded_284535_102.html\" \/>\n<meta property=\"og:site_name\" content=\"EN - FC Barcelona Noticias\" \/>\n<meta property=\"article:published_time\" content=\"2022-09-19T21:49:00+00:00\" \/>\n<meta property=\"og:image\" content=\"https:\/\/www.fcbarcelonanoticias.com\/en\/wp-content\/uploads\/sites\/2\/2022\/10\/joan-laporta-presidente-del-fc-barcelona.jpeg\" \/>\n\t<meta property=\"og:image:width\" content=\"1200\" \/>\n\t<meta property=\"og:image:height\" content=\"675\" \/>\n\t<meta property=\"og:image:type\" content=\"image\/jpeg\" \/>\n<meta name=\"author\" content=\"user_4033\" \/>\n<meta name=\"twitter:card\" content=\"summary_large_image\" \/>\n<meta name=\"twitter:label1\" content=\"Written by\" \/>\n\t<meta name=\"twitter:data1\" content=\"user_4033\" \/>\n\t<meta name=\"twitter:label2\" content=\"Est. reading time\" \/>\n\t<meta name=\"twitter:data2\" content=\"2 minutes\" \/>\n<script type=\"application\/ld+json\" class=\"yoast-schema-graph\">{\"@context\":\"https:\\\/\\\/schema.org\",\"@graph\":[{\"@type\":\"Article\",\"@id\":\"https:\\\/\\\/www.fcbarcelonanoticias.com\\\/en\\\/fc-barcelona\\\/the-clause-surprise-of-the-barca-with-his-players-yielded_284535_102.html#article\",\"isPartOf\":{\"@id\":\"https:\\\/\\\/www.fcbarcelonanoticias.com\\\/en\\\/fc-barcelona\\\/the-clause-surprise-of-the-barca-with-his-players-yielded_284535_102.html\"},\"author\":{\"name\":\"user_4033\",\"@id\":\"https:\\\/\\\/www.fcbarcelonanoticias.com\\\/en\\\/#\\\/schema\\\/person\\\/ef17c1dea904b5d4464ec95dd322e667\"},\"headline\":\"Bar\u00e7a&#8217;s surprise clause with its players on loan\",\"datePublished\":\"2022-09-19T21:49:00+00:00\",\"mainEntityOfPage\":{\"@id\":\"https:\\\/\\\/www.fcbarcelonanoticias.com\\\/en\\\/fc-barcelona\\\/the-clause-surprise-of-the-barca-with-his-players-yielded_284535_102.html\"},\"wordCount\":451,\"image\":{\"@id\":\"https:\\\/\\\/www.fcbarcelonanoticias.com\\\/en\\\/fc-barcelona\\\/the-clause-surprise-of-the-barca-with-his-players-yielded_284535_102.html#primaryimage\"},\"thumbnailUrl\":\"https:\\\/\\\/www.fcbarcelonanoticias.com\\\/en\\\/wp-content\\\/uploads\\\/sites\\\/2\\\/2022\\\/10\\\/joan-laporta-presidente-del-fc-barcelona.jpeg\",\"keywords\":[\"Nico Gonz\u00e1lez\",\"Valencia CF\"],\"articleSection\":[\"FC Barcelona\"],\"inLanguage\":\"en-US\"},{\"@type\":\"WebPage\",\"@id\":\"https:\\\/\\\/www.fcbarcelonanoticias.com\\\/en\\\/fc-barcelona\\\/the-clause-surprise-of-the-barca-with-his-players-yielded_284535_102.html\",\"url\":\"https:\\\/\\\/www.fcbarcelonanoticias.com\\\/en\\\/fc-barcelona\\\/the-clause-surprise-of-the-barca-with-his-players-yielded_284535_102.html\",\"name\":\"The clause surprise of the Bar\u00e7a with his players yielded\",\"isPartOf\":{\"@id\":\"https:\\\/\\\/www.fcbarcelonanoticias.com\\\/en\\\/#website\"},\"primaryImageOfPage\":{\"@id\":\"https:\\\/\\\/www.fcbarcelonanoticias.com\\\/en\\\/fc-barcelona\\\/the-clause-surprise-of-the-barca-with-his-players-yielded_284535_102.html#primaryimage\"},\"image\":{\"@id\":\"https:\\\/\\\/www.fcbarcelonanoticias.com\\\/en\\\/fc-barcelona\\\/the-clause-surprise-of-the-barca-with-his-players-yielded_284535_102.html#primaryimage\"},\"thumbnailUrl\":\"https:\\\/\\\/www.fcbarcelonanoticias.com\\\/en\\\/wp-content\\\/uploads\\\/sites\\\/2\\\/2022\\\/10\\\/joan-laporta-presidente-del-fc-barcelona.jpeg\",\"datePublished\":\"2022-09-19T21:49:00+00:00\",\"author\":{\"@id\":\"https:\\\/\\\/www.fcbarcelonanoticias.com\\\/en\\\/#\\\/schema\\\/person\\\/ef17c1dea904b5d4464ec95dd322e667\"},\"description\":\"As it has informed the newspaper 'SPORT', the FC Barcelona has included an important clause in the agreements of the players that has yielded for the present you...\",\"breadcrumb\":{\"@id\":\"https:\\\/\\\/www.fcbarcelonanoticias.com\\\/en\\\/fc-barcelona\\\/the-clause-surprise-of-the-barca-with-his-players-yielded_284535_102.html#breadcrumb\"},\"inLanguage\":\"en-US\",\"potentialAction\":[{\"@type\":\"ReadAction\",\"target\":[\"https:\\\/\\\/www.fcbarcelonanoticias.com\\\/en\\\/fc-barcelona\\\/the-clause-surprise-of-the-barca-with-his-players-yielded_284535_102.html\"]}]},{\"@type\":\"ImageObject\",\"inLanguage\":\"en-US\",\"@id\":\"https:\\\/\\\/www.fcbarcelonanoticias.com\\\/en\\\/fc-barcelona\\\/the-clause-surprise-of-the-barca-with-his-players-yielded_284535_102.html#primaryimage\",\"url\":\"https:\\\/\\\/www.fcbarcelonanoticias.com\\\/en\\\/wp-content\\\/uploads\\\/sites\\\/2\\\/2022\\\/10\\\/joan-laporta-presidente-del-fc-barcelona.jpeg\",\"contentUrl\":\"https:\\\/\\\/www.fcbarcelonanoticias.com\\\/en\\\/wp-content\\\/uploads\\\/sites\\\/2\\\/2022\\\/10\\\/joan-laporta-presidente-del-fc-barcelona.jpeg\",\"width\":1200,\"height\":675},{\"@type\":\"BreadcrumbList\",\"@id\":\"https:\\\/\\\/www.fcbarcelonanoticias.com\\\/en\\\/fc-barcelona\\\/the-clause-surprise-of-the-barca-with-his-players-yielded_284535_102.html#breadcrumb\",\"itemListElement\":[{\"@type\":\"ListItem\",\"position\":1,\"name\":\"Portada\",\"item\":\"https:\\\/\\\/www.fcbarcelonanoticias.com\\\/en\\\/\"},{\"@type\":\"ListItem\",\"position\":2,\"name\":\"Bar\u00e7a&#8217;s surprise clause with its players on loan\"}]},{\"@type\":\"WebSite\",\"@id\":\"https:\\\/\\\/www.fcbarcelonanoticias.com\\\/en\\\/#website\",\"url\":\"https:\\\/\\\/www.fcbarcelonanoticias.com\\\/en\\\/\",\"name\":\"EN - FC Barcelona Noticias\",\"description\":\"\",\"potentialAction\":[{\"@type\":\"SearchAction\",\"target\":{\"@type\":\"EntryPoint\",\"urlTemplate\":\"https:\\\/\\\/www.fcbarcelonanoticias.com\\\/en\\\/?s={search_term_string}\"},\"query-input\":{\"@type\":\"PropertyValueSpecification\",\"valueRequired\":true,\"valueName\":\"search_term_string\"}}],\"inLanguage\":\"en-US\"},{\"@type\":\"Person\",\"@id\":\"https:\\\/\\\/www.fcbarcelonanoticias.com\\\/en\\\/#\\\/schema\\\/person\\\/ef17c1dea904b5d4464ec95dd322e667\",\"name\":\"user_4033\",\"image\":{\"@type\":\"ImageObject\",\"inLanguage\":\"en-US\",\"@id\":\"https:\\\/\\\/secure.gravatar.com\\\/avatar\\\/?s=96&d=mm&r=g\",\"url\":\"https:\\\/\\\/secure.gravatar.com\\\/avatar\\\/?s=96&d=mm&r=g\",\"contentUrl\":\"https:\\\/\\\/secure.gravatar.com\\\/avatar\\\/?s=96&d=mm&r=g\",\"caption\":\"user_4033\"},\"url\":\"https:\\\/\\\/www.fcbarcelonanoticias.com\\\/en\\\/user_4033.html\"}]}<\/script>\n<!-- \/ Yoast SEO plugin. -->","yoast_head_json":{"title":"The clause surprise of the Bar\u00e7a with his players yielded","description":"As it has informed the newspaper 'SPORT', the FC Barcelona has included an important clause in the agreements of the players that has yielded for the present you...","robots":{"index":"index","follow":"follow","max-snippet":"max-snippet:-1","max-image-preview":"max-image-preview:large","max-video-preview":"max-video-preview:-1"},"canonical":"https:\/\/www.fcbarcelonanoticias.com\/en\/fc-barcelona\/the-clause-surprise-of-the-barca-with-his-players-yielded_284535_102.html","og_locale":"en_US","og_type":"article","og_title":"The clause surprise of the Bar\u00e7a with his players yielded","og_description":"As it has informed the newspaper 'SPORT', the FC Barcelona has included an important clause in the agreements of the players that has yielded for the present you...","og_url":"https:\/\/www.fcbarcelonanoticias.com\/en\/fc-barcelona\/the-clause-surprise-of-the-barca-with-his-players-yielded_284535_102.html","og_site_name":"EN - FC Barcelona Noticias","article_published_time":"2022-09-19T21:49:00+00:00","og_image":[{"width":1200,"height":675,"url":"https:\/\/www.fcbarcelonanoticias.com\/en\/wp-content\/uploads\/sites\/2\/2022\/10\/joan-laporta-presidente-del-fc-barcelona.jpeg","type":"image\/jpeg"}],"author":"user_4033","twitter_card":"summary_large_image","twitter_misc":{"Written by":"user_4033","Est. reading time":"2 minutes"},"schema":{"@context":"https:\/\/schema.org","@graph":[{"@type":"Article","@id":"https:\/\/www.fcbarcelonanoticias.com\/en\/fc-barcelona\/the-clause-surprise-of-the-barca-with-his-players-yielded_284535_102.html#article","isPartOf":{"@id":"https:\/\/www.fcbarcelonanoticias.com\/en\/fc-barcelona\/the-clause-surprise-of-the-barca-with-his-players-yielded_284535_102.html"},"author":{"name":"user_4033","@id":"https:\/\/www.fcbarcelonanoticias.com\/en\/#\/schema\/person\/ef17c1dea904b5d4464ec95dd322e667"},"headline":"Bar\u00e7a&#8217;s surprise clause with its players on loan","datePublished":"2022-09-19T21:49:00+00:00","mainEntityOfPage":{"@id":"https:\/\/www.fcbarcelonanoticias.com\/en\/fc-barcelona\/the-clause-surprise-of-the-barca-with-his-players-yielded_284535_102.html"},"wordCount":451,"image":{"@id":"https:\/\/www.fcbarcelonanoticias.com\/en\/fc-barcelona\/the-clause-surprise-of-the-barca-with-his-players-yielded_284535_102.html#primaryimage"},"thumbnailUrl":"https:\/\/www.fcbarcelonanoticias.com\/en\/wp-content\/uploads\/sites\/2\/2022\/10\/joan-laporta-presidente-del-fc-barcelona.jpeg","keywords":["Nico Gonz\u00e1lez","Valencia CF"],"articleSection":["FC Barcelona"],"inLanguage":"en-US"},{"@type":"WebPage","@id":"https:\/\/www.fcbarcelonanoticias.com\/en\/fc-barcelona\/the-clause-surprise-of-the-barca-with-his-players-yielded_284535_102.html","url":"https:\/\/www.fcbarcelonanoticias.com\/en\/fc-barcelona\/the-clause-surprise-of-the-barca-with-his-players-yielded_284535_102.html","name":"The clause surprise of the Bar\u00e7a with his players yielded","isPartOf":{"@id":"https:\/\/www.fcbarcelonanoticias.com\/en\/#website"},"primaryImageOfPage":{"@id":"https:\/\/www.fcbarcelonanoticias.com\/en\/fc-barcelona\/the-clause-surprise-of-the-barca-with-his-players-yielded_284535_102.html#primaryimage"},"image":{"@id":"https:\/\/www.fcbarcelonanoticias.com\/en\/fc-barcelona\/the-clause-surprise-of-the-barca-with-his-players-yielded_284535_102.html#primaryimage"},"thumbnailUrl":"https:\/\/www.fcbarcelonanoticias.com\/en\/wp-content\/uploads\/sites\/2\/2022\/10\/joan-laporta-presidente-del-fc-barcelona.jpeg","datePublished":"2022-09-19T21:49:00+00:00","author":{"@id":"https:\/\/www.fcbarcelonanoticias.com\/en\/#\/schema\/person\/ef17c1dea904b5d4464ec95dd322e667"},"description":"As it has informed the newspaper 'SPORT', the FC Barcelona has included an important clause in the agreements of the players that has yielded for the present you...","breadcrumb":{"@id":"https:\/\/www.fcbarcelonanoticias.com\/en\/fc-barcelona\/the-clause-surprise-of-the-barca-with-his-players-yielded_284535_102.html#breadcrumb"},"inLanguage":"en-US","potentialAction":[{"@type":"ReadAction","target":["https:\/\/www.fcbarcelonanoticias.com\/en\/fc-barcelona\/the-clause-surprise-of-the-barca-with-his-players-yielded_284535_102.html"]}]},{"@type":"ImageObject","inLanguage":"en-US","@id":"https:\/\/www.fcbarcelonanoticias.com\/en\/fc-barcelona\/the-clause-surprise-of-the-barca-with-his-players-yielded_284535_102.html#primaryimage","url":"https:\/\/www.fcbarcelonanoticias.com\/en\/wp-content\/uploads\/sites\/2\/2022\/10\/joan-laporta-presidente-del-fc-barcelona.jpeg","contentUrl":"https:\/\/www.fcbarcelonanoticias.com\/en\/wp-content\/uploads\/sites\/2\/2022\/10\/joan-laporta-presidente-del-fc-barcelona.jpeg","width":1200,"height":675},{"@type":"BreadcrumbList","@id":"https:\/\/www.fcbarcelonanoticias.com\/en\/fc-barcelona\/the-clause-surprise-of-the-barca-with-his-players-yielded_284535_102.html#breadcrumb","itemListElement":[{"@type":"ListItem","position":1,"name":"Portada","item":"https:\/\/www.fcbarcelonanoticias.com\/en\/"},{"@type":"ListItem","position":2,"name":"Bar\u00e7a&#8217;s surprise clause with its players on loan"}]},{"@type":"WebSite","@id":"https:\/\/www.fcbarcelonanoticias.com\/en\/#website","url":"https:\/\/www.fcbarcelonanoticias.com\/en\/","name":"EN - FC Barcelona Noticias","description":"","potentialAction":[{"@type":"SearchAction","target":{"@type":"EntryPoint","urlTemplate":"https:\/\/www.fcbarcelonanoticias.com\/en\/?s={search_term_string}"},"query-input":{"@type":"PropertyValueSpecification","valueRequired":true,"valueName":"search_term_string"}}],"inLanguage":"en-US"},{"@type":"Person","@id":"https:\/\/www.fcbarcelonanoticias.com\/en\/#\/schema\/person\/ef17c1dea904b5d4464ec95dd322e667","name":"user_4033","image":{"@type":"ImageObject","inLanguage":"en-US","@id":"https:\/\/secure.gravatar.com\/avatar\/?s=96&d=mm&r=g","url":"https:\/\/secure.gravatar.com\/avatar\/?s=96&d=mm&r=g","contentUrl":"https:\/\/secure.gravatar.com\/avatar\/?s=96&d=mm&r=g","caption":"user_4033"},"url":"https:\/\/www.fcbarcelonanoticias.com\/en\/user_4033.html"}]}},"_links":{"self":[{"href":"https:\/\/www.fcbarcelonanoticias.com\/en\/wp-json\/wp\/v2\/posts\/30372","targetHints":{"allow":["GET"]}}],"collection":[{"href":"https:\/\/www.fcbarcelonanoticias.com\/en\/wp-json\/wp\/v2\/posts"}],"about":[{"href":"https:\/\/www.fcbarcelonanoticias.com\/en\/wp-json\/wp\/v2\/types\/post"}],"author":[{"embeddable":true,"href":"https:\/\/www.fcbarcelonanoticias.com\/en\/wp-json\/wp\/v2\/users\/377"}],"replies":[{"embeddable":true,"href":"https:\/\/www.fcbarcelonanoticias.com\/en\/wp-json\/wp\/v2\/comments?post=30372"}],"version-history":[{"count":1,"href":"https:\/\/www.fcbarcelonanoticias.com\/en\/wp-json\/wp\/v2\/posts\/30372\/revisions"}],"predecessor-version":[{"id":30374,"href":"https:\/\/www.fcbarcelonanoticias.com\/en\/wp-json\/wp\/v2\/posts\/30372\/revisions\/30374"}],"wp:featuredmedia":[{"embeddable":true,"href":"https:\/\/www.fcbarcelonanoticias.com\/en\/wp-json\/wp\/v2\/media\/377"}],"wp:attachment":[{"href":"https:\/\/www.fcbarcelonanoticias.com\/en\/wp-json\/wp\/v2\/media?parent=30372"}],"wp:term":[{"taxonomy":"category","embeddable":true,"href":"https:\/\/www.fcbarcelonanoticias.com\/en\/wp-json\/wp\/v2\/categories?post=30372"},{"taxonomy":"post_tag","embeddable":true,"href":"https:\/\/www.fcbarcelonanoticias.com\/en\/wp-json\/wp\/v2\/tags?post=30372"}],"curies":[{"name":"wp","href":"https:\/\/api.w.org\/{rel}","templated":true}]}}