{"id":30574,"date":"2017-12-06T18:01:00","date_gmt":"2017-12-06T17:01:00","guid":{"rendered":"https:\/\/weisetech.dev\/fc-barcelona-noticias\/en\/the-data-that-put-to-alcacer-by-in-front-of-luis-suarez_207351_102\/"},"modified":"2026-04-16T09:42:15","modified_gmt":"2026-04-16T07:42:15","slug":"the-data-that-put-to-alcacer-by-in-front-of-luis-suarez_207351_102","status":"publish","type":"post","link":"https:\/\/www.fcbarcelonanoticias.com\/en\/fc-barcelona\/the-data-that-put-to-alcacer-by-in-front-of-luis-suarez_207351_102.html","title":{"rendered":"The data that put to Alc\u00e1cer by in front of Luis Su\u00e1rez"},"content":{"rendered":"<h2 class=\"wp-block-heading\">The Uruguayan forward of the FC Barcelona, Luis Su\u00e1rez, does not finish to start this season 2017-18 and so only has achieved to mark 6 goals in all the competitions. Paco Alc\u00e1cer\u00a0carries 5 targets having played a third of the minutes of Su\u00e1rez<\/h2>  \r\n<div class=\"article-addons\">\r\n    <a href=\"https:\/\/www.fcbarcelonanoticias.com\/en\/calendar-fc-barcelona.html\"\r\n       target=\"_self\"\r\n       title=\"Calendar of FC Barcelona\"\r\n       class=\"blue-gredient-btn\">\r\n       \r\n        Calendar of FC Barcelona    <\/a>\r\n<\/div>   <p>To these heights, is not any secret that <a href=\"https:\/\/www.fcbarcelonanoticias.com\/fc-barcelona\/luis-suarez-sigue-con-su-sequia-en-la-champions-league_207321_102.html\"><strong>Luis Su\u00e1rez is not fine of face to the rival goal<\/strong><\/a> since it gave beginning the season 2017-18. The charr\u00faa is not comfortable in the new system of game of Ernesto Valverde and, after having surpassed <strong>some continued physical problems in the knee<\/strong>, the fault of confidence does mella in his discharge goleador.<\/p> <p>So much it is so<strong> so only it has marked in what it goes of season 6 goals<\/strong>, only one more than<strong> Paco Alc\u00e1cer<\/strong>, that having played a third of the minutes of Su\u00e1rez already has achieved to transform <a href=\"https:\/\/www.fcbarcelonanoticias.com\/champions-league\/paco-alcacer-vuelve-a-mojar-y-se-estrena-en-la-champions-league_207318_102.html\"><strong>5 targets and win the affection of the fans cul\u00e9<\/strong><\/a> with his contributions from the bench.<\/p> <p>True is that <strong>Luis Su\u00e1rez contributes other a lot of things apart from goals<\/strong>, but the reality is that it is not playing like the two last campaigns, and the &#8216;run-run&#8217; every time is more evident in a Camp Nou that  impacienta with each error or bad definition of the player sudamericano.<\/p> <p><strong>By behind it comes Alc\u00e1cer asking minutes<\/strong>, and are not few those who think that the Valencian would have to have more leadership of face to the next parties to the orders <strong>of Ernesto Valverde<\/strong>, and not playing only split against rivals of little entity.<\/p> <p>Of course, <strong>this does not want to say that Alc\u00e1cer go to remove him the titularity to Luis Su\u00e1rez<\/strong>, but is possible that of face to the next weeks, if the situation continues the same, Valverde opt for delivering better the minutes between the two arietes, being able to besides range them together in the same eleven with Leo Messi completing the trident. <strong>And it is that the statistics speak by himself alone:<\/strong><\/p> <h2> <a href=\"https:\/\/www.fcbarcelonanoticias.com\/en\/tags\/luis-suarez.html\">Luis Su\u00e1rez<\/a> vs Alc\u00e1cer, in data<\/h2> <ul> <li>Minutes played:&nbsp;Su\u00e1rez (1686) \/ Alc\u00e1cer (558)<\/li> <li>Parties played: Su\u00e1rez (19) \/ Alc\u00e1cer (10)<\/li> <li>Goals: Su\u00e1rez (6) \/ Alc\u00e1cer (5)<\/li> <li>Assistances: Su\u00e1rez (2) \/ Alc\u00e1cer (1)<\/li> <li>Ratio Of goals by minutes played: Su\u00e1rez (281) \/ Alc\u00e1cer (111)<\/li> <li>Shots: Su\u00e1rez (70) \/ Alc\u00e1cer (22)<\/li> <li>Shots to goal: Su\u00e1rez (28) \/ Alc\u00e1cer (9)<\/li> <\/ul> ","protected":false},"excerpt":{"rendered":"<p>The Uruguayan forward of the FC Barcelona, Luis Su\u00e1rez, does not finish to start this season 2017-18 and so only has achieved to mark 6 goals in all the competitions. Paco Alc\u00e1cer\u00a0carries 5 targets having played a third of the minutes of Su\u00e1rez To these heights, is not any secret that Luis Su\u00e1rez is not [&hellip;]<\/p>\n","protected":false},"author":366,"featured_media":30579,"comment_status":"closed","ping_status":"open","sticky":false,"template":"","format":"standard","meta":{"_acf_changed":false,"inline_featured_image":false,"_nextfly_llmd_date_locked":false,"footnotes":""},"categories":[111],"tags":[135,179,157],"class_list":["post-30574","post","type-post","status-publish","format-standard","has-post-thumbnail","hentry","category-fc-barcelona","tag-luis-suarez","tag-paco-alcacer","tag-statistics"],"acf":[],"yoast_head":"<!-- This site is optimized with the Yoast SEO plugin v27.3 - https:\/\/yoast.com\/product\/yoast-seo-wordpress\/ -->\n<title>The data that put to Alc\u00e1cer by in front of Luis Su\u00e1rez<\/title>\n<meta name=\"description\" content=\"The Uruguayan forward of the FC Barcelona, Luis Su\u00e1rez, does not finish to start this season 2017-18 and so only has achieved to mark 6 goals in all...\" \/>\n<meta name=\"robots\" content=\"index, follow, max-snippet:-1, max-image-preview:large, max-video-preview:-1\" \/>\n<link rel=\"canonical\" href=\"https:\/\/www.fcbarcelonanoticias.com\/en\/fc-barcelona\/the-data-that-put-to-alcacer-by-in-front-of-luis-suarez_207351_102.html\" \/>\n<meta property=\"og:locale\" content=\"en_US\" \/>\n<meta property=\"og:type\" content=\"article\" \/>\n<meta property=\"og:title\" content=\"The data that put to Alc\u00e1cer by in front of Luis Su\u00e1rez\" \/>\n<meta property=\"og:description\" content=\"The Uruguayan forward of the FC Barcelona, Luis Su\u00e1rez, does not finish to start this season 2017-18 and so only has achieved to mark 6 goals in all...\" \/>\n<meta property=\"og:url\" content=\"https:\/\/www.fcbarcelonanoticias.com\/en\/fc-barcelona\/the-data-that-put-to-alcacer-by-in-front-of-luis-suarez_207351_102.html\" \/>\n<meta property=\"og:site_name\" content=\"EN - FC Barcelona Noticias\" \/>\n<meta property=\"article:published_time\" content=\"2017-12-06T17:01:00+00:00\" \/>\n<meta property=\"article:modified_time\" content=\"2026-04-16T07:42:15+00:00\" \/>\n<meta property=\"og:image\" content=\"https:\/\/www.fcbarcelonanoticias.com\/en\/wp-content\/uploads\/sites\/2\/2017\/12\/alcacer-236622-2.jpeg\" \/>\n\t<meta property=\"og:image:width\" content=\"760\" \/>\n\t<meta property=\"og:image:height\" content=\"428\" \/>\n\t<meta property=\"og:image:type\" content=\"image\/jpeg\" \/>\n<meta name=\"author\" content=\"Carlos Dom\u00ednguez\" \/>\n<meta name=\"twitter:card\" content=\"summary_large_image\" \/>\n<meta name=\"twitter:label1\" content=\"Written by\" \/>\n\t<meta name=\"twitter:data1\" content=\"Carlos Dom\u00ednguez\" \/>\n\t<meta name=\"twitter:label2\" content=\"Est. reading time\" \/>\n\t<meta name=\"twitter:data2\" content=\"2 minutes\" \/>\n<script type=\"application\/ld+json\" class=\"yoast-schema-graph\">{\"@context\":\"https:\\\/\\\/schema.org\",\"@graph\":[{\"@type\":\"Article\",\"@id\":\"https:\\\/\\\/www.fcbarcelonanoticias.com\\\/en\\\/fc-barcelona\\\/the-data-that-put-to-alcacer-by-in-front-of-luis-suarez_207351_102.html#article\",\"isPartOf\":{\"@id\":\"https:\\\/\\\/www.fcbarcelonanoticias.com\\\/en\\\/fc-barcelona\\\/the-data-that-put-to-alcacer-by-in-front-of-luis-suarez_207351_102.html\"},\"author\":{\"name\":\"Carlos Dom\u00ednguez\",\"@id\":\"https:\\\/\\\/www.fcbarcelonanoticias.com\\\/en\\\/#\\\/schema\\\/person\\\/888e29b17b79c70d1c617d8a7bc9b8c6\"},\"headline\":\"The data that put to Alc\u00e1cer by in front of Luis Su\u00e1rez\",\"datePublished\":\"2017-12-06T17:01:00+00:00\",\"dateModified\":\"2026-04-16T07:42:15+00:00\",\"mainEntityOfPage\":{\"@id\":\"https:\\\/\\\/www.fcbarcelonanoticias.com\\\/en\\\/fc-barcelona\\\/the-data-that-put-to-alcacer-by-in-front-of-luis-suarez_207351_102.html\"},\"wordCount\":404,\"image\":{\"@id\":\"https:\\\/\\\/www.fcbarcelonanoticias.com\\\/en\\\/fc-barcelona\\\/the-data-that-put-to-alcacer-by-in-front-of-luis-suarez_207351_102.html#primaryimage\"},\"thumbnailUrl\":\"https:\\\/\\\/www.fcbarcelonanoticias.com\\\/en\\\/wp-content\\\/uploads\\\/sites\\\/2\\\/2017\\\/12\\\/alcacer-236622-2.jpeg\",\"keywords\":[\"Luis Su\u00e1rez\",\"Paco Alc\u00e1cer\",\"Statistics\"],\"articleSection\":[\"FC Barcelona\"],\"inLanguage\":\"en-US\"},{\"@type\":\"WebPage\",\"@id\":\"https:\\\/\\\/www.fcbarcelonanoticias.com\\\/en\\\/fc-barcelona\\\/the-data-that-put-to-alcacer-by-in-front-of-luis-suarez_207351_102.html\",\"url\":\"https:\\\/\\\/www.fcbarcelonanoticias.com\\\/en\\\/fc-barcelona\\\/the-data-that-put-to-alcacer-by-in-front-of-luis-suarez_207351_102.html\",\"name\":\"The data that put to Alc\u00e1cer by in front of Luis Su\u00e1rez\",\"isPartOf\":{\"@id\":\"https:\\\/\\\/www.fcbarcelonanoticias.com\\\/en\\\/#website\"},\"primaryImageOfPage\":{\"@id\":\"https:\\\/\\\/www.fcbarcelonanoticias.com\\\/en\\\/fc-barcelona\\\/the-data-that-put-to-alcacer-by-in-front-of-luis-suarez_207351_102.html#primaryimage\"},\"image\":{\"@id\":\"https:\\\/\\\/www.fcbarcelonanoticias.com\\\/en\\\/fc-barcelona\\\/the-data-that-put-to-alcacer-by-in-front-of-luis-suarez_207351_102.html#primaryimage\"},\"thumbnailUrl\":\"https:\\\/\\\/www.fcbarcelonanoticias.com\\\/en\\\/wp-content\\\/uploads\\\/sites\\\/2\\\/2017\\\/12\\\/alcacer-236622-2.jpeg\",\"datePublished\":\"2017-12-06T17:01:00+00:00\",\"dateModified\":\"2026-04-16T07:42:15+00:00\",\"author\":{\"@id\":\"https:\\\/\\\/www.fcbarcelonanoticias.com\\\/en\\\/#\\\/schema\\\/person\\\/888e29b17b79c70d1c617d8a7bc9b8c6\"},\"description\":\"The Uruguayan forward of the FC Barcelona, Luis Su\u00e1rez, does not finish to start this season 2017-18 and so only has achieved to mark 6 goals in all...\",\"breadcrumb\":{\"@id\":\"https:\\\/\\\/www.fcbarcelonanoticias.com\\\/en\\\/fc-barcelona\\\/the-data-that-put-to-alcacer-by-in-front-of-luis-suarez_207351_102.html#breadcrumb\"},\"inLanguage\":\"en-US\",\"potentialAction\":[{\"@type\":\"ReadAction\",\"target\":[\"https:\\\/\\\/www.fcbarcelonanoticias.com\\\/en\\\/fc-barcelona\\\/the-data-that-put-to-alcacer-by-in-front-of-luis-suarez_207351_102.html\"]}]},{\"@type\":\"ImageObject\",\"inLanguage\":\"en-US\",\"@id\":\"https:\\\/\\\/www.fcbarcelonanoticias.com\\\/en\\\/fc-barcelona\\\/the-data-that-put-to-alcacer-by-in-front-of-luis-suarez_207351_102.html#primaryimage\",\"url\":\"https:\\\/\\\/www.fcbarcelonanoticias.com\\\/en\\\/wp-content\\\/uploads\\\/sites\\\/2\\\/2017\\\/12\\\/alcacer-236622-2.jpeg\",\"contentUrl\":\"https:\\\/\\\/www.fcbarcelonanoticias.com\\\/en\\\/wp-content\\\/uploads\\\/sites\\\/2\\\/2017\\\/12\\\/alcacer-236622-2.jpeg\",\"width\":760,\"height\":428},{\"@type\":\"BreadcrumbList\",\"@id\":\"https:\\\/\\\/www.fcbarcelonanoticias.com\\\/en\\\/fc-barcelona\\\/the-data-that-put-to-alcacer-by-in-front-of-luis-suarez_207351_102.html#breadcrumb\",\"itemListElement\":[{\"@type\":\"ListItem\",\"position\":1,\"name\":\"Portada\",\"item\":\"https:\\\/\\\/www.fcbarcelonanoticias.com\\\/en\\\/\"},{\"@type\":\"ListItem\",\"position\":2,\"name\":\"The data that put to Alc\u00e1cer by in front of Luis Su\u00e1rez\"}]},{\"@type\":\"WebSite\",\"@id\":\"https:\\\/\\\/www.fcbarcelonanoticias.com\\\/en\\\/#website\",\"url\":\"https:\\\/\\\/www.fcbarcelonanoticias.com\\\/en\\\/\",\"name\":\"EN - FC Barcelona Noticias\",\"description\":\"\",\"potentialAction\":[{\"@type\":\"SearchAction\",\"target\":{\"@type\":\"EntryPoint\",\"urlTemplate\":\"https:\\\/\\\/www.fcbarcelonanoticias.com\\\/en\\\/?s={search_term_string}\"},\"query-input\":{\"@type\":\"PropertyValueSpecification\",\"valueRequired\":true,\"valueName\":\"search_term_string\"}}],\"inLanguage\":\"en-US\"},{\"@type\":\"Person\",\"@id\":\"https:\\\/\\\/www.fcbarcelonanoticias.com\\\/en\\\/#\\\/schema\\\/person\\\/888e29b17b79c70d1c617d8a7bc9b8c6\",\"name\":\"Carlos Dom\u00ednguez\",\"image\":{\"@type\":\"ImageObject\",\"inLanguage\":\"en-US\",\"@id\":\"https:\\\/\\\/secure.gravatar.com\\\/avatar\\\/?s=96&d=mm&r=g\",\"url\":\"https:\\\/\\\/secure.gravatar.com\\\/avatar\\\/?s=96&d=mm&r=g\",\"contentUrl\":\"https:\\\/\\\/secure.gravatar.com\\\/avatar\\\/?s=96&d=mm&r=g\",\"caption\":\"Carlos Dom\u00ednguez\"},\"url\":\"https:\\\/\\\/www.fcbarcelonanoticias.com\\\/en\\\/carlos-dominguez_2_115.html\"}]}<\/script>\n<!-- \/ Yoast SEO plugin. -->","yoast_head_json":{"title":"The data that put to Alc\u00e1cer by in front of Luis Su\u00e1rez","description":"The Uruguayan forward of the FC Barcelona, Luis Su\u00e1rez, does not finish to start this season 2017-18 and so only has achieved to mark 6 goals in all...","robots":{"index":"index","follow":"follow","max-snippet":"max-snippet:-1","max-image-preview":"max-image-preview:large","max-video-preview":"max-video-preview:-1"},"canonical":"https:\/\/www.fcbarcelonanoticias.com\/en\/fc-barcelona\/the-data-that-put-to-alcacer-by-in-front-of-luis-suarez_207351_102.html","og_locale":"en_US","og_type":"article","og_title":"The data that put to Alc\u00e1cer by in front of Luis Su\u00e1rez","og_description":"The Uruguayan forward of the FC Barcelona, Luis Su\u00e1rez, does not finish to start this season 2017-18 and so only has achieved to mark 6 goals in all...","og_url":"https:\/\/www.fcbarcelonanoticias.com\/en\/fc-barcelona\/the-data-that-put-to-alcacer-by-in-front-of-luis-suarez_207351_102.html","og_site_name":"EN - FC Barcelona Noticias","article_published_time":"2017-12-06T17:01:00+00:00","article_modified_time":"2026-04-16T07:42:15+00:00","og_image":[{"width":760,"height":428,"url":"https:\/\/www.fcbarcelonanoticias.com\/en\/wp-content\/uploads\/sites\/2\/2017\/12\/alcacer-236622-2.jpeg","type":"image\/jpeg"}],"author":"Carlos Dom\u00ednguez","twitter_card":"summary_large_image","twitter_misc":{"Written by":"Carlos Dom\u00ednguez","Est. reading time":"2 minutes"},"schema":{"@context":"https:\/\/schema.org","@graph":[{"@type":"Article","@id":"https:\/\/www.fcbarcelonanoticias.com\/en\/fc-barcelona\/the-data-that-put-to-alcacer-by-in-front-of-luis-suarez_207351_102.html#article","isPartOf":{"@id":"https:\/\/www.fcbarcelonanoticias.com\/en\/fc-barcelona\/the-data-that-put-to-alcacer-by-in-front-of-luis-suarez_207351_102.html"},"author":{"name":"Carlos Dom\u00ednguez","@id":"https:\/\/www.fcbarcelonanoticias.com\/en\/#\/schema\/person\/888e29b17b79c70d1c617d8a7bc9b8c6"},"headline":"The data that put to Alc\u00e1cer by in front of Luis Su\u00e1rez","datePublished":"2017-12-06T17:01:00+00:00","dateModified":"2026-04-16T07:42:15+00:00","mainEntityOfPage":{"@id":"https:\/\/www.fcbarcelonanoticias.com\/en\/fc-barcelona\/the-data-that-put-to-alcacer-by-in-front-of-luis-suarez_207351_102.html"},"wordCount":404,"image":{"@id":"https:\/\/www.fcbarcelonanoticias.com\/en\/fc-barcelona\/the-data-that-put-to-alcacer-by-in-front-of-luis-suarez_207351_102.html#primaryimage"},"thumbnailUrl":"https:\/\/www.fcbarcelonanoticias.com\/en\/wp-content\/uploads\/sites\/2\/2017\/12\/alcacer-236622-2.jpeg","keywords":["Luis Su\u00e1rez","Paco Alc\u00e1cer","Statistics"],"articleSection":["FC Barcelona"],"inLanguage":"en-US"},{"@type":"WebPage","@id":"https:\/\/www.fcbarcelonanoticias.com\/en\/fc-barcelona\/the-data-that-put-to-alcacer-by-in-front-of-luis-suarez_207351_102.html","url":"https:\/\/www.fcbarcelonanoticias.com\/en\/fc-barcelona\/the-data-that-put-to-alcacer-by-in-front-of-luis-suarez_207351_102.html","name":"The data that put to Alc\u00e1cer by in front of Luis Su\u00e1rez","isPartOf":{"@id":"https:\/\/www.fcbarcelonanoticias.com\/en\/#website"},"primaryImageOfPage":{"@id":"https:\/\/www.fcbarcelonanoticias.com\/en\/fc-barcelona\/the-data-that-put-to-alcacer-by-in-front-of-luis-suarez_207351_102.html#primaryimage"},"image":{"@id":"https:\/\/www.fcbarcelonanoticias.com\/en\/fc-barcelona\/the-data-that-put-to-alcacer-by-in-front-of-luis-suarez_207351_102.html#primaryimage"},"thumbnailUrl":"https:\/\/www.fcbarcelonanoticias.com\/en\/wp-content\/uploads\/sites\/2\/2017\/12\/alcacer-236622-2.jpeg","datePublished":"2017-12-06T17:01:00+00:00","dateModified":"2026-04-16T07:42:15+00:00","author":{"@id":"https:\/\/www.fcbarcelonanoticias.com\/en\/#\/schema\/person\/888e29b17b79c70d1c617d8a7bc9b8c6"},"description":"The Uruguayan forward of the FC Barcelona, Luis Su\u00e1rez, does not finish to start this season 2017-18 and so only has achieved to mark 6 goals in all...","breadcrumb":{"@id":"https:\/\/www.fcbarcelonanoticias.com\/en\/fc-barcelona\/the-data-that-put-to-alcacer-by-in-front-of-luis-suarez_207351_102.html#breadcrumb"},"inLanguage":"en-US","potentialAction":[{"@type":"ReadAction","target":["https:\/\/www.fcbarcelonanoticias.com\/en\/fc-barcelona\/the-data-that-put-to-alcacer-by-in-front-of-luis-suarez_207351_102.html"]}]},{"@type":"ImageObject","inLanguage":"en-US","@id":"https:\/\/www.fcbarcelonanoticias.com\/en\/fc-barcelona\/the-data-that-put-to-alcacer-by-in-front-of-luis-suarez_207351_102.html#primaryimage","url":"https:\/\/www.fcbarcelonanoticias.com\/en\/wp-content\/uploads\/sites\/2\/2017\/12\/alcacer-236622-2.jpeg","contentUrl":"https:\/\/www.fcbarcelonanoticias.com\/en\/wp-content\/uploads\/sites\/2\/2017\/12\/alcacer-236622-2.jpeg","width":760,"height":428},{"@type":"BreadcrumbList","@id":"https:\/\/www.fcbarcelonanoticias.com\/en\/fc-barcelona\/the-data-that-put-to-alcacer-by-in-front-of-luis-suarez_207351_102.html#breadcrumb","itemListElement":[{"@type":"ListItem","position":1,"name":"Portada","item":"https:\/\/www.fcbarcelonanoticias.com\/en\/"},{"@type":"ListItem","position":2,"name":"The data that put to Alc\u00e1cer by in front of Luis Su\u00e1rez"}]},{"@type":"WebSite","@id":"https:\/\/www.fcbarcelonanoticias.com\/en\/#website","url":"https:\/\/www.fcbarcelonanoticias.com\/en\/","name":"EN - FC Barcelona Noticias","description":"","potentialAction":[{"@type":"SearchAction","target":{"@type":"EntryPoint","urlTemplate":"https:\/\/www.fcbarcelonanoticias.com\/en\/?s={search_term_string}"},"query-input":{"@type":"PropertyValueSpecification","valueRequired":true,"valueName":"search_term_string"}}],"inLanguage":"en-US"},{"@type":"Person","@id":"https:\/\/www.fcbarcelonanoticias.com\/en\/#\/schema\/person\/888e29b17b79c70d1c617d8a7bc9b8c6","name":"Carlos Dom\u00ednguez","image":{"@type":"ImageObject","inLanguage":"en-US","@id":"https:\/\/secure.gravatar.com\/avatar\/?s=96&d=mm&r=g","url":"https:\/\/secure.gravatar.com\/avatar\/?s=96&d=mm&r=g","contentUrl":"https:\/\/secure.gravatar.com\/avatar\/?s=96&d=mm&r=g","caption":"Carlos Dom\u00ednguez"},"url":"https:\/\/www.fcbarcelonanoticias.com\/en\/carlos-dominguez_2_115.html"}]}},"_links":{"self":[{"href":"https:\/\/www.fcbarcelonanoticias.com\/en\/wp-json\/wp\/v2\/posts\/30574","targetHints":{"allow":["GET"]}}],"collection":[{"href":"https:\/\/www.fcbarcelonanoticias.com\/en\/wp-json\/wp\/v2\/posts"}],"about":[{"href":"https:\/\/www.fcbarcelonanoticias.com\/en\/wp-json\/wp\/v2\/types\/post"}],"author":[{"embeddable":true,"href":"https:\/\/www.fcbarcelonanoticias.com\/en\/wp-json\/wp\/v2\/users\/366"}],"replies":[{"embeddable":true,"href":"https:\/\/www.fcbarcelonanoticias.com\/en\/wp-json\/wp\/v2\/comments?post=30574"}],"version-history":[{"count":3,"href":"https:\/\/www.fcbarcelonanoticias.com\/en\/wp-json\/wp\/v2\/posts\/30574\/revisions"}],"predecessor-version":[{"id":178793,"href":"https:\/\/www.fcbarcelonanoticias.com\/en\/wp-json\/wp\/v2\/posts\/30574\/revisions\/178793"}],"wp:featuredmedia":[{"embeddable":true,"href":"https:\/\/www.fcbarcelonanoticias.com\/en\/wp-json\/wp\/v2\/media\/30579"}],"wp:attachment":[{"href":"https:\/\/www.fcbarcelonanoticias.com\/en\/wp-json\/wp\/v2\/media?parent=30574"}],"wp:term":[{"taxonomy":"category","embeddable":true,"href":"https:\/\/www.fcbarcelonanoticias.com\/en\/wp-json\/wp\/v2\/categories?post=30574"},{"taxonomy":"post_tag","embeddable":true,"href":"https:\/\/www.fcbarcelonanoticias.com\/en\/wp-json\/wp\/v2\/tags?post=30574"}],"curies":[{"name":"wp","href":"https:\/\/api.w.org\/{rel}","templated":true}]}}