{"id":30630,"date":"2024-04-19T12:01:00","date_gmt":"2024-04-19T10:01:00","guid":{"rendered":"https:\/\/weisetech.dev\/fc-barcelona-noticias\/en\/the-date-barca-are-planning-for-the-return-to-the-new-camp-nou_302759_102\/"},"modified":"2024-04-20T03:31:00","modified_gmt":"2024-04-20T01:31:00","slug":"the-date-barca-are-planning-for-the-return-to-the-new-camp-nou_302759_102","status":"publish","type":"post","link":"https:\/\/www.fcbarcelonanoticias.com\/en\/fc-barcelona\/the-date-barca-are-planning-for-the-return-to-the-new-camp-nou_302759_102.html","title":{"rendered":"The date Bar\u00e7a are planning for the return to the new Camp Nou"},"content":{"rendered":"<h2 class=\"wp-block-heading\">Bar\u00e7a are clear that they want to be at the Camp Nou again this year, so they have already defined the date on which the players and fans will be able to be at the Estadi Bar\u00e7a again<\/h2>  \r\n<div class=\"article-addons\">\r\n    <a href=\"https:\/\/www.fcbarcelonanoticias.com\/en\/calendar-fc-barcelona.html\"\r\n       target=\"_self\"\r\n       title=\"Calendar of FC Barcelona\"\r\n       class=\"blue-gredient-btn\">\r\n       \r\n        Calendar of FC Barcelona    <\/a>\r\n<\/div>   <p>Since they began the works, in the summer of 2023, <a data-external=\"0\" data-intl-links-en=\"https:\/\/www.fcbarcelonanoticias.com\/en\/champions-league\/fcbarcelona-fans-showed-their-total-faith-in-the-team-in-despite-the-elimination-in-champions-league_302706_102.html\" data-intl-links-es=\"https:\/\/www.fcbarcelonanoticias.com\/champions-league\/aficion-fc-barcelona-demostro-su-fe-total-en-equipo-pese-eliminacion-en-champions_302706_102.html\" href=\"https:\/\/www.fcbarcelonanoticias.com\/en\/champions-league\/fcbarcelona-fans-showed-their-total-faith-in-the-team-in-despite-the-elimination-in-champions-league_302706_102.html\" rel=\"follow\" target=\"_self\" title=\"La afici\u00f3n del FC Barcelona demostr\u00f3 su fe total en el equipo pese a la eliminaci\u00f3n&nbsp;en&nbsp;Champions\">the FC Barcelona<\/a> had put his date of return <a data-external=\"0\" data-intl-links-en=\"https:\/\/www.fcbarcelonanoticias.com\/en\/transfers\/sales-of-players-new-camp-nou-the-leaf-of-route-of-the-barca-to-improve-his-economy_302647_102.html\" data-intl-links-es=\"https:\/\/www.fcbarcelonanoticias.com\/fichajes\/ventas-jugadores-nuevo-camp-nou-hoja-ruta-barca-mejorar-su-economia_302647_102.html\" href=\"https:\/\/www.fcbarcelonanoticias.com\/en\/transfers\/sales-of-players-new-camp-nou-the-leaf-of-route-of-the-barca-to-improve-his-economy_302647_102.html\" rel=\"follow\" target=\"_self\" title=\"Ventas de jugadores, el nuevo Spotify Camp Nou... La hoja de ruta del Bar\u00e7a para mejorar su econom\u00eda\">to the Spotify Camp Nou<\/a> in 29 November 2024, when they fulfil 125 years of the foundation of the club. <strong>That was the main idea regarding leaving the Estadi Ol\u00edmpic Llu\u00eds Compannys and go back home, although it seems that finally the anniversary will not be able to be celebrated to 100% in the Estadi.<\/strong><\/p>  <p>And it is that to weigh that the works advance to good rhythm and the president Joan Laporta already has said publicly in several occasions that, except setback of greater strength, during this year 2024 the Bar\u00e7a will go back to his house, &#8216;Sportive World&#8217; <strong>has informed that already there is a marked date in red in the calendar, and is not this next 29 November. It treats of the Sunday 15 December, moment in which the Barcelona entity would return to the Camp Nou.<\/strong><\/p>  <h2>The Bar\u00e7a expects to have all smart, although a bit later<\/h2>  <p>The information aims that finally in the dispatches has decided no apurar these two weeks more the works and the forecast is to ask him to the League that the first find suspender belt in the Camp Nou contest the quoted 15 December. <strong>It would be one of the last parties of the championship before the stop by the parties navide\u00f1as and would have to have 60% of the total capacity, that is foreseen in 105.000 seats, by what would have available some 63.000 squares.<\/strong><\/p>  <h2>The works lengthen and the prices still do not define<\/h2>  <p>For this, the Bar\u00e7a has obtained the permission of the City council of Barcelona to lengthen the schedule of the works from the past 6 April. <strong>Now, the works in the stadium prolong of Monday to Friday from the 8.00h of the morning until the 00.00 of the night, whereas the Saturdays the schedule is of 10.00h to 00.00h.<\/strong> Already regarding prices, still is not clear how will change, and if they will do it, the prices of the abonos for the partners, at least until 2026, when it finish the current stage of the president Laporta.<\/p> ","protected":false},"excerpt":{"rendered":"<p>Bar\u00e7a are clear that they want to be at the Camp Nou again this year, so they have already defined the date on which the players and fans will be able to be at the Estadi Bar\u00e7a again Since they began the works, in the summer of 2023, the FC Barcelona had put his date [&hellip;]<\/p>\n","protected":false},"author":345,"featured_media":4622,"comment_status":"closed","ping_status":"open","sticky":false,"template":"","format":"standard","meta":{"_acf_changed":false,"inline_featured_image":false,"_nextfly_llmd_date_locked":false,"footnotes":""},"categories":[111],"tags":[82,158],"class_list":["post-30630","post","type-post","status-publish","format-standard","has-post-thumbnail","hentry","category-fc-barcelona","tag-camp-nou","tag-joan-laporta"],"acf":[],"yoast_head":"<!-- This site is optimized with the Yoast SEO plugin v27.3 - https:\/\/yoast.com\/product\/yoast-seo-wordpress\/ -->\n<title>The date Bar\u00e7a are planning for the return to the new Camp Nou<\/title>\n<meta name=\"description\" content=\"Bar\u00e7a are clear that they want to be at the Camp Nou again this year, so they have already defined the date on which the players and fans will be able to be at the Estadi Bar\u00e7a again\" \/>\n<meta name=\"robots\" content=\"index, follow, max-snippet:-1, max-image-preview:large, max-video-preview:-1\" \/>\n<link rel=\"canonical\" href=\"https:\/\/www.fcbarcelonanoticias.com\/en\/fc-barcelona\/the-date-barca-are-planning-for-the-return-to-the-new-camp-nou_302759_102.html\" \/>\n<meta property=\"og:locale\" content=\"en_US\" \/>\n<meta property=\"og:type\" content=\"article\" \/>\n<meta property=\"og:title\" content=\"The date Bar\u00e7a are planning for the return to the new Camp Nou\" \/>\n<meta property=\"og:description\" content=\"Bar\u00e7a are clear that they want to be at the Camp Nou again this year, so they have already defined the date on which the players and fans will be able to be at the Estadi Bar\u00e7a again\" \/>\n<meta property=\"og:url\" content=\"https:\/\/www.fcbarcelonanoticias.com\/en\/fc-barcelona\/the-date-barca-are-planning-for-the-return-to-the-new-camp-nou_302759_102.html\" \/>\n<meta property=\"og:site_name\" content=\"EN - FC Barcelona Noticias\" \/>\n<meta property=\"article:published_time\" content=\"2024-04-19T10:01:00+00:00\" \/>\n<meta property=\"article:modified_time\" content=\"2024-04-20T01:31:00+00:00\" \/>\n<meta property=\"og:image\" content=\"https:\/\/www.fcbarcelonanoticias.com\/en\/wp-content\/uploads\/sites\/2\/2024\/06\/spotify-camp-nou.jpeg\" \/>\n\t<meta property=\"og:image:width\" content=\"1300\" \/>\n\t<meta property=\"og:image:height\" content=\"731\" \/>\n\t<meta property=\"og:image:type\" content=\"image\/jpeg\" \/>\n<meta name=\"author\" content=\"Carlos Montenegro\" \/>\n<meta name=\"twitter:card\" content=\"summary_large_image\" \/>\n<meta name=\"twitter:label1\" content=\"Written by\" \/>\n\t<meta name=\"twitter:data1\" content=\"Carlos Montenegro\" \/>\n\t<meta name=\"twitter:label2\" content=\"Est. reading time\" \/>\n\t<meta name=\"twitter:data2\" content=\"2 minutes\" \/>\n<script type=\"application\/ld+json\" class=\"yoast-schema-graph\">{\"@context\":\"https:\\\/\\\/schema.org\",\"@graph\":[{\"@type\":\"Article\",\"@id\":\"https:\\\/\\\/www.fcbarcelonanoticias.com\\\/en\\\/fc-barcelona\\\/the-date-barca-are-planning-for-the-return-to-the-new-camp-nou_302759_102.html#article\",\"isPartOf\":{\"@id\":\"https:\\\/\\\/www.fcbarcelonanoticias.com\\\/en\\\/fc-barcelona\\\/the-date-barca-are-planning-for-the-return-to-the-new-camp-nou_302759_102.html\"},\"author\":{\"name\":\"Carlos Montenegro\",\"@id\":\"https:\\\/\\\/www.fcbarcelonanoticias.com\\\/en\\\/#\\\/schema\\\/person\\\/aa1d038709c262cb247e240f6b39bbf5\"},\"headline\":\"The date Bar\u00e7a are planning for the return to the new Camp Nou\",\"datePublished\":\"2024-04-19T10:01:00+00:00\",\"dateModified\":\"2024-04-20T01:31:00+00:00\",\"mainEntityOfPage\":{\"@id\":\"https:\\\/\\\/www.fcbarcelonanoticias.com\\\/en\\\/fc-barcelona\\\/the-date-barca-are-planning-for-the-return-to-the-new-camp-nou_302759_102.html\"},\"wordCount\":407,\"image\":{\"@id\":\"https:\\\/\\\/www.fcbarcelonanoticias.com\\\/en\\\/fc-barcelona\\\/the-date-barca-are-planning-for-the-return-to-the-new-camp-nou_302759_102.html#primaryimage\"},\"thumbnailUrl\":\"https:\\\/\\\/www.fcbarcelonanoticias.com\\\/en\\\/wp-content\\\/uploads\\\/sites\\\/2\\\/2024\\\/06\\\/spotify-camp-nou.jpeg\",\"keywords\":[\"Camp Nou\",\"Joan Laporta\"],\"articleSection\":[\"FC Barcelona\"],\"inLanguage\":\"en-US\"},{\"@type\":\"WebPage\",\"@id\":\"https:\\\/\\\/www.fcbarcelonanoticias.com\\\/en\\\/fc-barcelona\\\/the-date-barca-are-planning-for-the-return-to-the-new-camp-nou_302759_102.html\",\"url\":\"https:\\\/\\\/www.fcbarcelonanoticias.com\\\/en\\\/fc-barcelona\\\/the-date-barca-are-planning-for-the-return-to-the-new-camp-nou_302759_102.html\",\"name\":\"The date Bar\u00e7a are planning for the return to the new Camp Nou\",\"isPartOf\":{\"@id\":\"https:\\\/\\\/www.fcbarcelonanoticias.com\\\/en\\\/#website\"},\"primaryImageOfPage\":{\"@id\":\"https:\\\/\\\/www.fcbarcelonanoticias.com\\\/en\\\/fc-barcelona\\\/the-date-barca-are-planning-for-the-return-to-the-new-camp-nou_302759_102.html#primaryimage\"},\"image\":{\"@id\":\"https:\\\/\\\/www.fcbarcelonanoticias.com\\\/en\\\/fc-barcelona\\\/the-date-barca-are-planning-for-the-return-to-the-new-camp-nou_302759_102.html#primaryimage\"},\"thumbnailUrl\":\"https:\\\/\\\/www.fcbarcelonanoticias.com\\\/en\\\/wp-content\\\/uploads\\\/sites\\\/2\\\/2024\\\/06\\\/spotify-camp-nou.jpeg\",\"datePublished\":\"2024-04-19T10:01:00+00:00\",\"dateModified\":\"2024-04-20T01:31:00+00:00\",\"author\":{\"@id\":\"https:\\\/\\\/www.fcbarcelonanoticias.com\\\/en\\\/#\\\/schema\\\/person\\\/aa1d038709c262cb247e240f6b39bbf5\"},\"description\":\"Bar\u00e7a are clear that they want to be at the Camp Nou again this year, so they have already defined the date on which the players and fans will be able to be at the Estadi Bar\u00e7a again\",\"breadcrumb\":{\"@id\":\"https:\\\/\\\/www.fcbarcelonanoticias.com\\\/en\\\/fc-barcelona\\\/the-date-barca-are-planning-for-the-return-to-the-new-camp-nou_302759_102.html#breadcrumb\"},\"inLanguage\":\"en-US\",\"potentialAction\":[{\"@type\":\"ReadAction\",\"target\":[\"https:\\\/\\\/www.fcbarcelonanoticias.com\\\/en\\\/fc-barcelona\\\/the-date-barca-are-planning-for-the-return-to-the-new-camp-nou_302759_102.html\"]}]},{\"@type\":\"ImageObject\",\"inLanguage\":\"en-US\",\"@id\":\"https:\\\/\\\/www.fcbarcelonanoticias.com\\\/en\\\/fc-barcelona\\\/the-date-barca-are-planning-for-the-return-to-the-new-camp-nou_302759_102.html#primaryimage\",\"url\":\"https:\\\/\\\/www.fcbarcelonanoticias.com\\\/en\\\/wp-content\\\/uploads\\\/sites\\\/2\\\/2024\\\/06\\\/spotify-camp-nou.jpeg\",\"contentUrl\":\"https:\\\/\\\/www.fcbarcelonanoticias.com\\\/en\\\/wp-content\\\/uploads\\\/sites\\\/2\\\/2024\\\/06\\\/spotify-camp-nou.jpeg\",\"width\":1300,\"height\":731},{\"@type\":\"BreadcrumbList\",\"@id\":\"https:\\\/\\\/www.fcbarcelonanoticias.com\\\/en\\\/fc-barcelona\\\/the-date-barca-are-planning-for-the-return-to-the-new-camp-nou_302759_102.html#breadcrumb\",\"itemListElement\":[{\"@type\":\"ListItem\",\"position\":1,\"name\":\"Portada\",\"item\":\"https:\\\/\\\/www.fcbarcelonanoticias.com\\\/en\\\/\"},{\"@type\":\"ListItem\",\"position\":2,\"name\":\"The date Bar\u00e7a are planning for the return to the new Camp Nou\"}]},{\"@type\":\"WebSite\",\"@id\":\"https:\\\/\\\/www.fcbarcelonanoticias.com\\\/en\\\/#website\",\"url\":\"https:\\\/\\\/www.fcbarcelonanoticias.com\\\/en\\\/\",\"name\":\"EN - FC Barcelona Noticias\",\"description\":\"\",\"potentialAction\":[{\"@type\":\"SearchAction\",\"target\":{\"@type\":\"EntryPoint\",\"urlTemplate\":\"https:\\\/\\\/www.fcbarcelonanoticias.com\\\/en\\\/?s={search_term_string}\"},\"query-input\":{\"@type\":\"PropertyValueSpecification\",\"valueRequired\":true,\"valueName\":\"search_term_string\"}}],\"inLanguage\":\"en-US\"},{\"@type\":\"Person\",\"@id\":\"https:\\\/\\\/www.fcbarcelonanoticias.com\\\/en\\\/#\\\/schema\\\/person\\\/aa1d038709c262cb247e240f6b39bbf5\",\"name\":\"Carlos Montenegro\",\"image\":{\"@type\":\"ImageObject\",\"inLanguage\":\"en-US\",\"@id\":\"https:\\\/\\\/secure.gravatar.com\\\/avatar\\\/?s=96&d=mm&r=g\",\"url\":\"https:\\\/\\\/secure.gravatar.com\\\/avatar\\\/?s=96&d=mm&r=g\",\"contentUrl\":\"https:\\\/\\\/secure.gravatar.com\\\/avatar\\\/?s=96&d=mm&r=g\",\"caption\":\"Carlos Montenegro\"},\"url\":\"https:\\\/\\\/www.fcbarcelonanoticias.com\\\/en\\\/carlos-montenegro_20_115.html\"}]}<\/script>\n<!-- \/ Yoast SEO plugin. -->","yoast_head_json":{"title":"The date Bar\u00e7a are planning for the return to the new Camp Nou","description":"Bar\u00e7a are clear that they want to be at the Camp Nou again this year, so they have already defined the date on which the players and fans will be able to be at the Estadi Bar\u00e7a again","robots":{"index":"index","follow":"follow","max-snippet":"max-snippet:-1","max-image-preview":"max-image-preview:large","max-video-preview":"max-video-preview:-1"},"canonical":"https:\/\/www.fcbarcelonanoticias.com\/en\/fc-barcelona\/the-date-barca-are-planning-for-the-return-to-the-new-camp-nou_302759_102.html","og_locale":"en_US","og_type":"article","og_title":"The date Bar\u00e7a are planning for the return to the new Camp Nou","og_description":"Bar\u00e7a are clear that they want to be at the Camp Nou again this year, so they have already defined the date on which the players and fans will be able to be at the Estadi Bar\u00e7a again","og_url":"https:\/\/www.fcbarcelonanoticias.com\/en\/fc-barcelona\/the-date-barca-are-planning-for-the-return-to-the-new-camp-nou_302759_102.html","og_site_name":"EN - FC Barcelona Noticias","article_published_time":"2024-04-19T10:01:00+00:00","article_modified_time":"2024-04-20T01:31:00+00:00","og_image":[{"width":1300,"height":731,"url":"https:\/\/www.fcbarcelonanoticias.com\/en\/wp-content\/uploads\/sites\/2\/2024\/06\/spotify-camp-nou.jpeg","type":"image\/jpeg"}],"author":"Carlos Montenegro","twitter_card":"summary_large_image","twitter_misc":{"Written by":"Carlos Montenegro","Est. reading time":"2 minutes"},"schema":{"@context":"https:\/\/schema.org","@graph":[{"@type":"Article","@id":"https:\/\/www.fcbarcelonanoticias.com\/en\/fc-barcelona\/the-date-barca-are-planning-for-the-return-to-the-new-camp-nou_302759_102.html#article","isPartOf":{"@id":"https:\/\/www.fcbarcelonanoticias.com\/en\/fc-barcelona\/the-date-barca-are-planning-for-the-return-to-the-new-camp-nou_302759_102.html"},"author":{"name":"Carlos Montenegro","@id":"https:\/\/www.fcbarcelonanoticias.com\/en\/#\/schema\/person\/aa1d038709c262cb247e240f6b39bbf5"},"headline":"The date Bar\u00e7a are planning for the return to the new Camp Nou","datePublished":"2024-04-19T10:01:00+00:00","dateModified":"2024-04-20T01:31:00+00:00","mainEntityOfPage":{"@id":"https:\/\/www.fcbarcelonanoticias.com\/en\/fc-barcelona\/the-date-barca-are-planning-for-the-return-to-the-new-camp-nou_302759_102.html"},"wordCount":407,"image":{"@id":"https:\/\/www.fcbarcelonanoticias.com\/en\/fc-barcelona\/the-date-barca-are-planning-for-the-return-to-the-new-camp-nou_302759_102.html#primaryimage"},"thumbnailUrl":"https:\/\/www.fcbarcelonanoticias.com\/en\/wp-content\/uploads\/sites\/2\/2024\/06\/spotify-camp-nou.jpeg","keywords":["Camp Nou","Joan Laporta"],"articleSection":["FC Barcelona"],"inLanguage":"en-US"},{"@type":"WebPage","@id":"https:\/\/www.fcbarcelonanoticias.com\/en\/fc-barcelona\/the-date-barca-are-planning-for-the-return-to-the-new-camp-nou_302759_102.html","url":"https:\/\/www.fcbarcelonanoticias.com\/en\/fc-barcelona\/the-date-barca-are-planning-for-the-return-to-the-new-camp-nou_302759_102.html","name":"The date Bar\u00e7a are planning for the return to the new Camp Nou","isPartOf":{"@id":"https:\/\/www.fcbarcelonanoticias.com\/en\/#website"},"primaryImageOfPage":{"@id":"https:\/\/www.fcbarcelonanoticias.com\/en\/fc-barcelona\/the-date-barca-are-planning-for-the-return-to-the-new-camp-nou_302759_102.html#primaryimage"},"image":{"@id":"https:\/\/www.fcbarcelonanoticias.com\/en\/fc-barcelona\/the-date-barca-are-planning-for-the-return-to-the-new-camp-nou_302759_102.html#primaryimage"},"thumbnailUrl":"https:\/\/www.fcbarcelonanoticias.com\/en\/wp-content\/uploads\/sites\/2\/2024\/06\/spotify-camp-nou.jpeg","datePublished":"2024-04-19T10:01:00+00:00","dateModified":"2024-04-20T01:31:00+00:00","author":{"@id":"https:\/\/www.fcbarcelonanoticias.com\/en\/#\/schema\/person\/aa1d038709c262cb247e240f6b39bbf5"},"description":"Bar\u00e7a are clear that they want to be at the Camp Nou again this year, so they have already defined the date on which the players and fans will be able to be at the Estadi Bar\u00e7a again","breadcrumb":{"@id":"https:\/\/www.fcbarcelonanoticias.com\/en\/fc-barcelona\/the-date-barca-are-planning-for-the-return-to-the-new-camp-nou_302759_102.html#breadcrumb"},"inLanguage":"en-US","potentialAction":[{"@type":"ReadAction","target":["https:\/\/www.fcbarcelonanoticias.com\/en\/fc-barcelona\/the-date-barca-are-planning-for-the-return-to-the-new-camp-nou_302759_102.html"]}]},{"@type":"ImageObject","inLanguage":"en-US","@id":"https:\/\/www.fcbarcelonanoticias.com\/en\/fc-barcelona\/the-date-barca-are-planning-for-the-return-to-the-new-camp-nou_302759_102.html#primaryimage","url":"https:\/\/www.fcbarcelonanoticias.com\/en\/wp-content\/uploads\/sites\/2\/2024\/06\/spotify-camp-nou.jpeg","contentUrl":"https:\/\/www.fcbarcelonanoticias.com\/en\/wp-content\/uploads\/sites\/2\/2024\/06\/spotify-camp-nou.jpeg","width":1300,"height":731},{"@type":"BreadcrumbList","@id":"https:\/\/www.fcbarcelonanoticias.com\/en\/fc-barcelona\/the-date-barca-are-planning-for-the-return-to-the-new-camp-nou_302759_102.html#breadcrumb","itemListElement":[{"@type":"ListItem","position":1,"name":"Portada","item":"https:\/\/www.fcbarcelonanoticias.com\/en\/"},{"@type":"ListItem","position":2,"name":"The date Bar\u00e7a are planning for the return to the new Camp Nou"}]},{"@type":"WebSite","@id":"https:\/\/www.fcbarcelonanoticias.com\/en\/#website","url":"https:\/\/www.fcbarcelonanoticias.com\/en\/","name":"EN - FC Barcelona Noticias","description":"","potentialAction":[{"@type":"SearchAction","target":{"@type":"EntryPoint","urlTemplate":"https:\/\/www.fcbarcelonanoticias.com\/en\/?s={search_term_string}"},"query-input":{"@type":"PropertyValueSpecification","valueRequired":true,"valueName":"search_term_string"}}],"inLanguage":"en-US"},{"@type":"Person","@id":"https:\/\/www.fcbarcelonanoticias.com\/en\/#\/schema\/person\/aa1d038709c262cb247e240f6b39bbf5","name":"Carlos Montenegro","image":{"@type":"ImageObject","inLanguage":"en-US","@id":"https:\/\/secure.gravatar.com\/avatar\/?s=96&d=mm&r=g","url":"https:\/\/secure.gravatar.com\/avatar\/?s=96&d=mm&r=g","contentUrl":"https:\/\/secure.gravatar.com\/avatar\/?s=96&d=mm&r=g","caption":"Carlos Montenegro"},"url":"https:\/\/www.fcbarcelonanoticias.com\/en\/carlos-montenegro_20_115.html"}]}},"_links":{"self":[{"href":"https:\/\/www.fcbarcelonanoticias.com\/en\/wp-json\/wp\/v2\/posts\/30630","targetHints":{"allow":["GET"]}}],"collection":[{"href":"https:\/\/www.fcbarcelonanoticias.com\/en\/wp-json\/wp\/v2\/posts"}],"about":[{"href":"https:\/\/www.fcbarcelonanoticias.com\/en\/wp-json\/wp\/v2\/types\/post"}],"author":[{"embeddable":true,"href":"https:\/\/www.fcbarcelonanoticias.com\/en\/wp-json\/wp\/v2\/users\/345"}],"replies":[{"embeddable":true,"href":"https:\/\/www.fcbarcelonanoticias.com\/en\/wp-json\/wp\/v2\/comments?post=30630"}],"version-history":[{"count":1,"href":"https:\/\/www.fcbarcelonanoticias.com\/en\/wp-json\/wp\/v2\/posts\/30630\/revisions"}],"predecessor-version":[{"id":30631,"href":"https:\/\/www.fcbarcelonanoticias.com\/en\/wp-json\/wp\/v2\/posts\/30630\/revisions\/30631"}],"wp:featuredmedia":[{"embeddable":true,"href":"https:\/\/www.fcbarcelonanoticias.com\/en\/wp-json\/wp\/v2\/media\/4622"}],"wp:attachment":[{"href":"https:\/\/www.fcbarcelonanoticias.com\/en\/wp-json\/wp\/v2\/media?parent=30630"}],"wp:term":[{"taxonomy":"category","embeddable":true,"href":"https:\/\/www.fcbarcelonanoticias.com\/en\/wp-json\/wp\/v2\/categories?post=30630"},{"taxonomy":"post_tag","embeddable":true,"href":"https:\/\/www.fcbarcelonanoticias.com\/en\/wp-json\/wp\/v2\/tags?post=30630"}],"curies":[{"name":"wp","href":"https:\/\/api.w.org\/{rel}","templated":true}]}}